{"id":136041,"date":"2016-01-18T16:40:29","date_gmt":"2016-01-18T19:40:29","guid":{"rendered":"http:\/\/www.quersaberpolitica.com.br\/?p=136041"},"modified":"2016-01-18T15:07:38","modified_gmt":"2016-01-18T18:07:38","slug":"estado-convoca-mais-1-015-professores-aprovados-na-selecao-reda","status":"publish","type":"post","link":"https:\/\/blogdofarnesio.com.br\/?p=136041","title":{"rendered":"ESTADO CONVOCA MAIS 1.015 PROFESSORES APROVADOS NA SELE\u00c7\u00c3O REDA"},"content":{"rendered":"<p style=\"text-align: justify\"><a href=\"http:\/\/www.quersaberpolitica.com.br\/2016\/wp-content\/uploads\/2014\/10\/professor1.jpg\"><img loading=\"lazy\" decoding=\"async\" class=\" wp-image-103207 aligncenter\" src=\"http:\/\/www.quersaberpolitica.com.br\/2016\/wp-content\/uploads\/2014\/10\/professor1.jpg\" alt=\"professor\" width=\"400\" height=\"395\" \/><\/a><\/p>\n<p style=\"text-align: justify\">A Secretaria da Educa\u00e7\u00e3o do Estado convoca mais 1.015 professores aprovados no Processo Seletivo Simplificado pelo Regime Especial de Direito Administrativo (Reda) em que ir\u00e3o atuar na Educa\u00e7\u00e3o B\u00e1sica. At\u00e9 agora, 3.891 professores assinaram a convoca\u00e7\u00e3o do Estado. A a\u00e7\u00e3o faz parte do programa Educar para Transformar que visa melhorar a educa\u00e7\u00e3o p\u00fablica na Bahia.<\/p>\n<p style=\"text-align: justify\"><strong><a href=\"http:\/\/educadores.educacao.ba.gov.br\/sites\/default\/files\/private\/midiateca\/documentos\/2016\/edital-de-convocacao-educacao-basica-capital-e-interior-reda-2015-15012016.pdf\" target=\"_blank\">&gt;&gt; Confira a lista<\/a><\/strong><\/p>\n<p style=\"text-align: justify\">O secret\u00e1rio da Educa\u00e7\u00e3o do Estado da Bahia, Osvaldo Barreto, destaca que a contrata\u00e7\u00e3o dos professores Reda vai trazer v\u00e1rios benef\u00edcios para os estudantes e para os professores. \u201cCom os professores, que passaram por uma sele\u00e7\u00e3o, estamos garantindo a segunda meta do programa Educar para Transformar, que busca garantir que todas as crian\u00e7as e jovens tenham desempenho adequado \u00e0s suas s\u00e9ries e sucesso na trajet\u00f3ria escolar\u201d, afirmou Osvaldo Barreto.<\/p>\n<p>O secret\u00e1rio ressaltou que, al\u00e9m disso, com o processo seletivo, \u201cos professores ir\u00e3o fazer parte do sistema integrado de recursos humanos do Estado, tendo vantagens como o pagamento previsto em tabela publicada pela Secretaria da Fazenda do Estado, ao plano de sa\u00fade Planserv e ter\u00e3o direito ao 13\u00ba sal\u00e1rio e f\u00e9rias ap\u00f3s um ano de trabalho\u201d, afirmou.<\/p>\n<p>A partir da convoca\u00e7\u00e3o, o professor tem um prazo de dez dias para assumir, caso n\u00e3o o fa\u00e7a, abrir\u00e1 o precedente para a convoca\u00e7\u00e3o de outros aprovados, de acordo com o n\u00famero de vagas que foram disponibilizadas. Do total de 6.145 vagas para esta sele\u00e7\u00e3o Reda, 4.616 s\u00e3o para a Educa\u00e7\u00e3o B\u00e1sica, 1.282 para a Educa\u00e7\u00e3o Profissional e 247 para a Educa\u00e7\u00e3o Ind\u00edgena. Vale destacar, que 30% das vagas foram reservadas aos candidatos negros e 5% \u00e0s pessoas com defici\u00eancia.<\/p>\n<p style=\"text-align: justify\"><em>Ascom<\/em><\/p>\n","protected":false},"excerpt":{"rendered":"<p>A Secretaria da Educa\u00e7\u00e3o do Estado convoca mais 1.015 professores aprovados no Processo Seletivo Simplificado pelo Regime Especial de Direito Administrativo (Reda) em que ir\u00e3o atuar na Educa\u00e7\u00e3o B\u00e1sica. At\u00e9 agora, 3.891 professores assinaram a convoca\u00e7\u00e3o do Estado. A a\u00e7\u00e3o faz parte do programa Educar para Transformar que visa melhorar a educa\u00e7\u00e3o p\u00fablica na Bahia. &gt;&gt; Confira a lista O secret\u00e1rio da Educa\u00e7\u00e3o do Estado da Bahia, Osvaldo Barreto, destaca que a contrata\u00e7\u00e3o dos professores Reda vai trazer v\u00e1rios benef\u00edcios para os estudantes e para os professores. \u201cCom os professores, que passaram por uma sele\u00e7\u00e3o, estamos garantindo a segunda meta do programa Educar para Transformar, que busca garantir que todas as crian\u00e7as e jovens tenham desempenho adequado \u00e0s suas s\u00e9ries&hellip; <\/p>\n","protected":false},"author":7,"featured_media":0,"comment_status":"open","ping_status":"open","sticky":false,"template":"","format":"standard","meta":{"_acf_changed":false,"footnotes":""},"categories":[44,6],"tags":[],"class_list":["post-136041","post","type-post","status-publish","format-standard","hentry","category-administracao","category-educacao"],"acf":[],"yoast_head":"<!-- This site is optimized with the Yoast SEO plugin v27.4 - https:\/\/yoast.com\/product\/yoast-seo-wordpress\/ -->\n<title>ESTADO CONVOCA MAIS 1.015 PROFESSORES APROVADOS NA SELE\u00c7\u00c3O REDA - Blog do Farn\u00e9sio<\/title>\n<meta name=\"robots\" content=\"index, follow, max-snippet:-1, max-image-preview:large, max-video-preview:-1\" \/>\n<link rel=\"canonical\" href=\"https:\/\/blogdofarnesio.com.br\/?p=136041\" \/>\n<meta property=\"og:locale\" content=\"pt_BR\" \/>\n<meta property=\"og:type\" content=\"article\" \/>\n<meta property=\"og:title\" content=\"ESTADO CONVOCA MAIS 1.015 PROFESSORES APROVADOS NA SELE\u00c7\u00c3O REDA - Blog do Farn\u00e9sio\" \/>\n<meta property=\"og:description\" content=\"A Secretaria da Educa\u00e7\u00e3o do Estado convoca mais 1.015 professores aprovados no Processo Seletivo Simplificado pelo Regime Especial de Direito Administrativo (Reda) em que ir\u00e3o atuar na Educa\u00e7\u00e3o B\u00e1sica. At\u00e9 agora, 3.891 professores assinaram a convoca\u00e7\u00e3o do Estado. A a\u00e7\u00e3o faz parte do programa Educar para Transformar que visa melhorar a educa\u00e7\u00e3o p\u00fablica na Bahia. &gt;&gt; Confira a lista O secret\u00e1rio da Educa\u00e7\u00e3o do Estado da Bahia, Osvaldo Barreto, destaca que a contrata\u00e7\u00e3o dos professores Reda vai trazer v\u00e1rios benef\u00edcios para os estudantes e para os professores. \u201cCom os professores, que passaram por uma sele\u00e7\u00e3o, estamos garantindo a segunda meta do programa Educar para Transformar, que busca garantir que todas as crian\u00e7as e jovens tenham desempenho adequado \u00e0s suas s\u00e9ries&hellip;\" \/>\n<meta property=\"og:url\" content=\"https:\/\/blogdofarnesio.com.br\/?p=136041\" \/>\n<meta property=\"og:site_name\" content=\"Blog do Farn\u00e9sio\" \/>\n<meta property=\"article:publisher\" content=\"https:\/\/www.facebook.com\/BlogQuerSaberPolitica\/\" \/>\n<meta property=\"article:published_time\" content=\"2016-01-18T19:40:29+00:00\" \/>\n<meta property=\"og:image\" content=\"http:\/\/www.quersaberpolitica.com.br\/2016\/wp-content\/uploads\/2014\/10\/professor1.jpg\" \/>\n<meta name=\"twitter:card\" content=\"summary_large_image\" \/>\n<meta name=\"twitter:label1\" content=\"Escrito por\" \/>\n\t<meta name=\"twitter:data1\" content=\"\" \/>\n\t<meta name=\"twitter:label2\" content=\"Est. tempo de leitura\" \/>\n\t<meta name=\"twitter:data2\" content=\"1 minuto\" \/>\n<script type=\"application\/ld+json\" class=\"yoast-schema-graph\">{\"@context\":\"https:\\\/\\\/schema.org\",\"@graph\":[{\"@type\":\"Article\",\"@id\":\"https:\\\/\\\/blogdofarnesio.com.br\\\/?p=136041#article\",\"isPartOf\":{\"@id\":\"https:\\\/\\\/blogdofarnesio.com.br\\\/?p=136041\"},\"author\":{\"name\":\"\",\"@id\":\"\"},\"headline\":\"ESTADO CONVOCA MAIS 1.015 PROFESSORES APROVADOS NA SELE\u00c7\u00c3O REDA\",\"datePublished\":\"2016-01-18T19:40:29+00:00\",\"mainEntityOfPage\":{\"@id\":\"https:\\\/\\\/blogdofarnesio.com.br\\\/?p=136041\"},\"wordCount\":305,\"commentCount\":0,\"publisher\":{\"@id\":\"https:\\\/\\\/blogdofarnesio.com.br\\\/#organization\"},\"image\":{\"@id\":\"https:\\\/\\\/blogdofarnesio.com.br\\\/?p=136041#primaryimage\"},\"thumbnailUrl\":\"http:\\\/\\\/www.quersaberpolitica.com.br\\\/2016\\\/wp-content\\\/uploads\\\/2014\\\/10\\\/professor1.jpg\",\"articleSection\":[\"Administra\u00e7\u00e3o\",\"Educa\u00e7\u00e3o\"],\"inLanguage\":\"pt-BR\",\"potentialAction\":[{\"@type\":\"CommentAction\",\"name\":\"Comment\",\"target\":[\"https:\\\/\\\/blogdofarnesio.com.br\\\/?p=136041#respond\"]}]},{\"@type\":\"WebPage\",\"@id\":\"https:\\\/\\\/blogdofarnesio.com.br\\\/?p=136041\",\"url\":\"https:\\\/\\\/blogdofarnesio.com.br\\\/?p=136041\",\"name\":\"ESTADO CONVOCA MAIS 1.015 PROFESSORES APROVADOS NA SELE\u00c7\u00c3O REDA - Blog do Farn\u00e9sio\",\"isPartOf\":{\"@id\":\"https:\\\/\\\/blogdofarnesio.com.br\\\/#website\"},\"primaryImageOfPage\":{\"@id\":\"https:\\\/\\\/blogdofarnesio.com.br\\\/?p=136041#primaryimage\"},\"image\":{\"@id\":\"https:\\\/\\\/blogdofarnesio.com.br\\\/?p=136041#primaryimage\"},\"thumbnailUrl\":\"http:\\\/\\\/www.quersaberpolitica.com.br\\\/2016\\\/wp-content\\\/uploads\\\/2014\\\/10\\\/professor1.jpg\",\"datePublished\":\"2016-01-18T19:40:29+00:00\",\"breadcrumb\":{\"@id\":\"https:\\\/\\\/blogdofarnesio.com.br\\\/?p=136041#breadcrumb\"},\"inLanguage\":\"pt-BR\",\"potentialAction\":[{\"@type\":\"ReadAction\",\"target\":[\"https:\\\/\\\/blogdofarnesio.com.br\\\/?p=136041\"]}]},{\"@type\":\"ImageObject\",\"inLanguage\":\"pt-BR\",\"@id\":\"https:\\\/\\\/blogdofarnesio.com.br\\\/?p=136041#primaryimage\",\"url\":\"http:\\\/\\\/www.quersaberpolitica.com.br\\\/2016\\\/wp-content\\\/uploads\\\/2014\\\/10\\\/professor1.jpg\",\"contentUrl\":\"http:\\\/\\\/www.quersaberpolitica.com.br\\\/2016\\\/wp-content\\\/uploads\\\/2014\\\/10\\\/professor1.jpg\"},{\"@type\":\"BreadcrumbList\",\"@id\":\"https:\\\/\\\/blogdofarnesio.com.br\\\/?p=136041#breadcrumb\",\"itemListElement\":[{\"@type\":\"ListItem\",\"position\":1,\"name\":\"In\u00edcio\",\"item\":\"https:\\\/\\\/blogdofarnesio.com.br\\\/\"},{\"@type\":\"ListItem\",\"position\":2,\"name\":\"ESTADO CONVOCA MAIS 1.015 PROFESSORES APROVADOS NA SELE\u00c7\u00c3O REDA\"}]},{\"@type\":\"WebSite\",\"@id\":\"https:\\\/\\\/blogdofarnesio.com.br\\\/#website\",\"url\":\"https:\\\/\\\/blogdofarnesio.com.br\\\/\",\"name\":\"Blog do Farn\u00e9sio\",\"description\":\"Quer Saber Pol\u00edtica?\",\"publisher\":{\"@id\":\"https:\\\/\\\/blogdofarnesio.com.br\\\/#organization\"},\"potentialAction\":[{\"@type\":\"SearchAction\",\"target\":{\"@type\":\"EntryPoint\",\"urlTemplate\":\"https:\\\/\\\/blogdofarnesio.com.br\\\/?s={search_term_string}\"},\"query-input\":{\"@type\":\"PropertyValueSpecification\",\"valueRequired\":true,\"valueName\":\"search_term_string\"}}],\"inLanguage\":\"pt-BR\"},{\"@type\":\"Organization\",\"@id\":\"https:\\\/\\\/blogdofarnesio.com.br\\\/#organization\",\"name\":\"Blog do Farn\u00e9sio\",\"url\":\"https:\\\/\\\/blogdofarnesio.com.br\\\/\",\"logo\":{\"@type\":\"ImageObject\",\"inLanguage\":\"pt-BR\",\"@id\":\"https:\\\/\\\/blogdofarnesio.com.br\\\/#\\\/schema\\\/logo\\\/image\\\/\",\"url\":\"https:\\\/\\\/blogdofarnesio.com.br\\\/wp-content\\\/uploads\\\/2026\\\/03\\\/cropped-logo_new-1.png\",\"contentUrl\":\"https:\\\/\\\/blogdofarnesio.com.br\\\/wp-content\\\/uploads\\\/2026\\\/03\\\/cropped-logo_new-1.png\",\"width\":881,\"height\":685,\"caption\":\"Blog do Farn\u00e9sio\"},\"image\":{\"@id\":\"https:\\\/\\\/blogdofarnesio.com.br\\\/#\\\/schema\\\/logo\\\/image\\\/\"},\"sameAs\":[\"https:\\\/\\\/www.facebook.com\\\/BlogQuerSaberPolitica\\\/\"]},{\"@type\":\"Person\",\"@id\":\"\",\"url\":\"https:\\\/\\\/blogdofarnesio.com.br\\\/?author=7\"}]}<\/script>\n<!-- \/ Yoast SEO plugin. -->","yoast_head_json":{"title":"ESTADO CONVOCA MAIS 1.015 PROFESSORES APROVADOS NA SELE\u00c7\u00c3O REDA - Blog do Farn\u00e9sio","robots":{"index":"index","follow":"follow","max-snippet":"max-snippet:-1","max-image-preview":"max-image-preview:large","max-video-preview":"max-video-preview:-1"},"canonical":"https:\/\/blogdofarnesio.com.br\/?p=136041","og_locale":"pt_BR","og_type":"article","og_title":"ESTADO CONVOCA MAIS 1.015 PROFESSORES APROVADOS NA SELE\u00c7\u00c3O REDA - Blog do Farn\u00e9sio","og_description":"A Secretaria da Educa\u00e7\u00e3o do Estado convoca mais 1.015 professores aprovados no Processo Seletivo Simplificado pelo Regime Especial de Direito Administrativo (Reda) em que ir\u00e3o atuar na Educa\u00e7\u00e3o B\u00e1sica. At\u00e9 agora, 3.891 professores assinaram a convoca\u00e7\u00e3o do Estado. A a\u00e7\u00e3o faz parte do programa Educar para Transformar que visa melhorar a educa\u00e7\u00e3o p\u00fablica na Bahia. &gt;&gt; Confira a lista O secret\u00e1rio da Educa\u00e7\u00e3o do Estado da Bahia, Osvaldo Barreto, destaca que a contrata\u00e7\u00e3o dos professores Reda vai trazer v\u00e1rios benef\u00edcios para os estudantes e para os professores. \u201cCom os professores, que passaram por uma sele\u00e7\u00e3o, estamos garantindo a segunda meta do programa Educar para Transformar, que busca garantir que todas as crian\u00e7as e jovens tenham desempenho adequado \u00e0s suas s\u00e9ries&hellip;","og_url":"https:\/\/blogdofarnesio.com.br\/?p=136041","og_site_name":"Blog do Farn\u00e9sio","article_publisher":"https:\/\/www.facebook.com\/BlogQuerSaberPolitica\/","article_published_time":"2016-01-18T19:40:29+00:00","og_image":[{"url":"http:\/\/www.quersaberpolitica.com.br\/2016\/wp-content\/uploads\/2014\/10\/professor1.jpg","type":"","width":"","height":""}],"twitter_card":"summary_large_image","twitter_misc":{"Escrito por":"","Est. tempo de leitura":"1 minuto"},"schema":{"@context":"https:\/\/schema.org","@graph":[{"@type":"Article","@id":"https:\/\/blogdofarnesio.com.br\/?p=136041#article","isPartOf":{"@id":"https:\/\/blogdofarnesio.com.br\/?p=136041"},"author":{"name":"","@id":""},"headline":"ESTADO CONVOCA MAIS 1.015 PROFESSORES APROVADOS NA SELE\u00c7\u00c3O REDA","datePublished":"2016-01-18T19:40:29+00:00","mainEntityOfPage":{"@id":"https:\/\/blogdofarnesio.com.br\/?p=136041"},"wordCount":305,"commentCount":0,"publisher":{"@id":"https:\/\/blogdofarnesio.com.br\/#organization"},"image":{"@id":"https:\/\/blogdofarnesio.com.br\/?p=136041#primaryimage"},"thumbnailUrl":"http:\/\/www.quersaberpolitica.com.br\/2016\/wp-content\/uploads\/2014\/10\/professor1.jpg","articleSection":["Administra\u00e7\u00e3o","Educa\u00e7\u00e3o"],"inLanguage":"pt-BR","potentialAction":[{"@type":"CommentAction","name":"Comment","target":["https:\/\/blogdofarnesio.com.br\/?p=136041#respond"]}]},{"@type":"WebPage","@id":"https:\/\/blogdofarnesio.com.br\/?p=136041","url":"https:\/\/blogdofarnesio.com.br\/?p=136041","name":"ESTADO CONVOCA MAIS 1.015 PROFESSORES APROVADOS NA SELE\u00c7\u00c3O REDA - Blog do Farn\u00e9sio","isPartOf":{"@id":"https:\/\/blogdofarnesio.com.br\/#website"},"primaryImageOfPage":{"@id":"https:\/\/blogdofarnesio.com.br\/?p=136041#primaryimage"},"image":{"@id":"https:\/\/blogdofarnesio.com.br\/?p=136041#primaryimage"},"thumbnailUrl":"http:\/\/www.quersaberpolitica.com.br\/2016\/wp-content\/uploads\/2014\/10\/professor1.jpg","datePublished":"2016-01-18T19:40:29+00:00","breadcrumb":{"@id":"https:\/\/blogdofarnesio.com.br\/?p=136041#breadcrumb"},"inLanguage":"pt-BR","potentialAction":[{"@type":"ReadAction","target":["https:\/\/blogdofarnesio.com.br\/?p=136041"]}]},{"@type":"ImageObject","inLanguage":"pt-BR","@id":"https:\/\/blogdofarnesio.com.br\/?p=136041#primaryimage","url":"http:\/\/www.quersaberpolitica.com.br\/2016\/wp-content\/uploads\/2014\/10\/professor1.jpg","contentUrl":"http:\/\/www.quersaberpolitica.com.br\/2016\/wp-content\/uploads\/2014\/10\/professor1.jpg"},{"@type":"BreadcrumbList","@id":"https:\/\/blogdofarnesio.com.br\/?p=136041#breadcrumb","itemListElement":[{"@type":"ListItem","position":1,"name":"In\u00edcio","item":"https:\/\/blogdofarnesio.com.br\/"},{"@type":"ListItem","position":2,"name":"ESTADO CONVOCA MAIS 1.015 PROFESSORES APROVADOS NA SELE\u00c7\u00c3O REDA"}]},{"@type":"WebSite","@id":"https:\/\/blogdofarnesio.com.br\/#website","url":"https:\/\/blogdofarnesio.com.br\/","name":"Blog do Farn\u00e9sio","description":"Quer Saber Pol\u00edtica?","publisher":{"@id":"https:\/\/blogdofarnesio.com.br\/#organization"},"potentialAction":[{"@type":"SearchAction","target":{"@type":"EntryPoint","urlTemplate":"https:\/\/blogdofarnesio.com.br\/?s={search_term_string}"},"query-input":{"@type":"PropertyValueSpecification","valueRequired":true,"valueName":"search_term_string"}}],"inLanguage":"pt-BR"},{"@type":"Organization","@id":"https:\/\/blogdofarnesio.com.br\/#organization","name":"Blog do Farn\u00e9sio","url":"https:\/\/blogdofarnesio.com.br\/","logo":{"@type":"ImageObject","inLanguage":"pt-BR","@id":"https:\/\/blogdofarnesio.com.br\/#\/schema\/logo\/image\/","url":"https:\/\/blogdofarnesio.com.br\/wp-content\/uploads\/2026\/03\/cropped-logo_new-1.png","contentUrl":"https:\/\/blogdofarnesio.com.br\/wp-content\/uploads\/2026\/03\/cropped-logo_new-1.png","width":881,"height":685,"caption":"Blog do Farn\u00e9sio"},"image":{"@id":"https:\/\/blogdofarnesio.com.br\/#\/schema\/logo\/image\/"},"sameAs":["https:\/\/www.facebook.com\/BlogQuerSaberPolitica\/"]},{"@type":"Person","@id":"","url":"https:\/\/blogdofarnesio.com.br\/?author=7"}]}},"_links":{"self":[{"href":"https:\/\/blogdofarnesio.com.br\/index.php?rest_route=\/wp\/v2\/posts\/136041","targetHints":{"allow":["GET"]}}],"collection":[{"href":"https:\/\/blogdofarnesio.com.br\/index.php?rest_route=\/wp\/v2\/posts"}],"about":[{"href":"https:\/\/blogdofarnesio.com.br\/index.php?rest_route=\/wp\/v2\/types\/post"}],"author":[{"embeddable":true,"href":"https:\/\/blogdofarnesio.com.br\/index.php?rest_route=\/wp\/v2\/users\/7"}],"replies":[{"embeddable":true,"href":"https:\/\/blogdofarnesio.com.br\/index.php?rest_route=%2Fwp%2Fv2%2Fcomments&post=136041"}],"version-history":[{"count":0,"href":"https:\/\/blogdofarnesio.com.br\/index.php?rest_route=\/wp\/v2\/posts\/136041\/revisions"}],"wp:attachment":[{"href":"https:\/\/blogdofarnesio.com.br\/index.php?rest_route=%2Fwp%2Fv2%2Fmedia&parent=136041"}],"wp:term":[{"taxonomy":"category","embeddable":true,"href":"https:\/\/blogdofarnesio.com.br\/index.php?rest_route=%2Fwp%2Fv2%2Fcategories&post=136041"},{"taxonomy":"post_tag","embeddable":true,"href":"https:\/\/blogdofarnesio.com.br\/index.php?rest_route=%2Fwp%2Fv2%2Ftags&post=136041"}],"curies":[{"name":"wp","href":"https:\/\/api.w.org\/{rel}","templated":true}]}}