{"id":136039,"date":"2016-01-18T17:00:08","date_gmt":"2016-01-18T20:00:08","guid":{"rendered":"http:\/\/www.quersaberpolitica.com.br\/?p=136039"},"modified":"2016-01-18T15:02:52","modified_gmt":"2016-01-18T18:02:52","slug":"comandante-geral-da-pm-apresentara-plano-de-seguranca-do-carnaval-de-juazeiro-evento-teve-horario-e-local-alterados","status":"publish","type":"post","link":"https:\/\/blogdofarnesio.com.br\/?p=136039","title":{"rendered":"COMANDANTE-GERAL DA PM APRESENTAR\u00c1 PLANO DE SEGURAN\u00c7A DO CARNAVAL DE JUAZEIRO EVENTO TEVE HOR\u00c1RIO E LOCAL ALTERADOS"},"content":{"rendered":"<p style=\"text-align: justify\"><a href=\"http:\/\/www.quersaberpolitica.com.br\/2016\/wp-content\/uploads\/2015\/01\/blogqsp.policias.carnaval.jpg\"><img loading=\"lazy\" decoding=\"async\" class=\" wp-image-114767 aligncenter\" src=\"http:\/\/www.quersaberpolitica.com.br\/2016\/wp-content\/uploads\/2015\/01\/blogqsp.policias.carnaval-300x135.jpg\" alt=\"blogqsp.policias.carnaval\" width=\"400\" height=\"181\" srcset=\"https:\/\/blogdofarnesio.com.br\/wp-content\/uploads\/2015\/01\/blogqsp.policias.carnaval-300x135.jpg 300w, https:\/\/blogdofarnesio.com.br\/wp-content\/uploads\/2015\/01\/blogqsp.policias.carnaval.jpg 448w\" sizes=\"auto, (max-width: 400px) 100vw, 400px\" \/><\/a><\/p>\n<p style=\"text-align: justify\">A Coordena\u00e7\u00e3o do Carnaval de Juazeiro e a Policia Militar convidam a imprensa para a reuni\u00e3o de planejamento entres os \u00f3rg\u00e3os de seguran\u00e7a que ir\u00e3o atuar na festa. O evento, que acontecer\u00e1 nesta ter\u00e7a-feira, 19, teve hor\u00e1rio e local alterados, passando para as 10 horas da manh\u00e3 no Grande Hotel de Juazeiro.<\/p>\n<p style=\"text-align: justify\">Na oportunidade ser\u00e1 apresentado o Plano de Seguran\u00e7a do Carnaval de Juazeiro 2016 com presen\u00e7a do Comandante-Geral da PM\/Bahia, Cel. Anselmo Brand\u00e3o.<\/p>\n<p><em>Ascom\/PMJ<\/em><\/p>\n","protected":false},"excerpt":{"rendered":"<p>A Coordena\u00e7\u00e3o do Carnaval de Juazeiro e a Policia Militar convidam a imprensa para a reuni\u00e3o de planejamento entres os \u00f3rg\u00e3os de seguran\u00e7a que ir\u00e3o atuar na festa. O evento, que acontecer\u00e1 nesta ter\u00e7a-feira, 19, teve hor\u00e1rio e local alterados, passando para as 10 horas da manh\u00e3 no Grande Hotel de Juazeiro. Na oportunidade ser\u00e1 apresentado o Plano de Seguran\u00e7a do Carnaval de Juazeiro 2016 com presen\u00e7a do Comandante-Geral da PM\/Bahia, Cel. Anselmo Brand\u00e3o. Ascom\/PMJ<\/p>\n","protected":false},"author":7,"featured_media":0,"comment_status":"open","ping_status":"open","sticky":false,"template":"","format":"standard","meta":{"_acf_changed":false,"footnotes":""},"categories":[9],"tags":[],"class_list":["post-136039","post","type-post","status-publish","format-standard","hentry","category-policia"],"acf":[],"yoast_head":"<!-- This site is optimized with the Yoast SEO plugin v27.4 - https:\/\/yoast.com\/product\/yoast-seo-wordpress\/ -->\n<title>COMANDANTE-GERAL DA PM APRESENTAR\u00c1 PLANO DE SEGURAN\u00c7A DO CARNAVAL DE JUAZEIRO EVENTO TEVE HOR\u00c1RIO E LOCAL ALTERADOS - Blog do Farn\u00e9sio<\/title>\n<meta name=\"robots\" content=\"index, follow, max-snippet:-1, max-image-preview:large, max-video-preview:-1\" \/>\n<link rel=\"canonical\" href=\"https:\/\/blogdofarnesio.com.br\/?p=136039\" \/>\n<meta property=\"og:locale\" content=\"pt_BR\" \/>\n<meta property=\"og:type\" content=\"article\" \/>\n<meta property=\"og:title\" content=\"COMANDANTE-GERAL DA PM APRESENTAR\u00c1 PLANO DE SEGURAN\u00c7A DO CARNAVAL DE JUAZEIRO EVENTO TEVE HOR\u00c1RIO E LOCAL ALTERADOS - Blog do Farn\u00e9sio\" \/>\n<meta property=\"og:description\" content=\"A Coordena\u00e7\u00e3o do Carnaval de Juazeiro e a Policia Militar convidam a imprensa para a reuni\u00e3o de planejamento entres os \u00f3rg\u00e3os de seguran\u00e7a que ir\u00e3o atuar na festa. O evento, que acontecer\u00e1 nesta ter\u00e7a-feira, 19, teve hor\u00e1rio e local alterados, passando para as 10 horas da manh\u00e3 no Grande Hotel de Juazeiro. Na oportunidade ser\u00e1 apresentado o Plano de Seguran\u00e7a do Carnaval de Juazeiro 2016 com presen\u00e7a do Comandante-Geral da PM\/Bahia, Cel. Anselmo Brand\u00e3o. Ascom\/PMJ\" \/>\n<meta property=\"og:url\" content=\"https:\/\/blogdofarnesio.com.br\/?p=136039\" \/>\n<meta property=\"og:site_name\" content=\"Blog do Farn\u00e9sio\" \/>\n<meta property=\"article:publisher\" content=\"https:\/\/www.facebook.com\/BlogQuerSaberPolitica\/\" \/>\n<meta property=\"article:published_time\" content=\"2016-01-18T20:00:08+00:00\" \/>\n<meta property=\"og:image\" content=\"http:\/\/www.quersaberpolitica.com.br\/2016\/wp-content\/uploads\/2015\/01\/blogqsp.policias.carnaval-300x135.jpg\" \/>\n<meta name=\"twitter:card\" content=\"summary_large_image\" \/>\n<meta name=\"twitter:label1\" content=\"Escrito por\" \/>\n\t<meta name=\"twitter:data1\" content=\"\" \/>\n<script type=\"application\/ld+json\" class=\"yoast-schema-graph\">{\"@context\":\"https:\\\/\\\/schema.org\",\"@graph\":[{\"@type\":\"Article\",\"@id\":\"https:\\\/\\\/blogdofarnesio.com.br\\\/?p=136039#article\",\"isPartOf\":{\"@id\":\"https:\\\/\\\/blogdofarnesio.com.br\\\/?p=136039\"},\"author\":{\"name\":\"\",\"@id\":\"\"},\"headline\":\"COMANDANTE-GERAL DA PM APRESENTAR\u00c1 PLANO DE SEGURAN\u00c7A DO CARNAVAL DE JUAZEIRO EVENTO TEVE HOR\u00c1RIO E LOCAL ALTERADOS\",\"datePublished\":\"2016-01-18T20:00:08+00:00\",\"mainEntityOfPage\":{\"@id\":\"https:\\\/\\\/blogdofarnesio.com.br\\\/?p=136039\"},\"wordCount\":103,\"commentCount\":1,\"publisher\":{\"@id\":\"https:\\\/\\\/blogdofarnesio.com.br\\\/#organization\"},\"image\":{\"@id\":\"https:\\\/\\\/blogdofarnesio.com.br\\\/?p=136039#primaryimage\"},\"thumbnailUrl\":\"http:\\\/\\\/www.quersaberpolitica.com.br\\\/2016\\\/wp-content\\\/uploads\\\/2015\\\/01\\\/blogqsp.policias.carnaval-300x135.jpg\",\"articleSection\":[\"Pol\u00edcia\"],\"inLanguage\":\"pt-BR\",\"potentialAction\":[{\"@type\":\"CommentAction\",\"name\":\"Comment\",\"target\":[\"https:\\\/\\\/blogdofarnesio.com.br\\\/?p=136039#respond\"]}]},{\"@type\":\"WebPage\",\"@id\":\"https:\\\/\\\/blogdofarnesio.com.br\\\/?p=136039\",\"url\":\"https:\\\/\\\/blogdofarnesio.com.br\\\/?p=136039\",\"name\":\"COMANDANTE-GERAL DA PM APRESENTAR\u00c1 PLANO DE SEGURAN\u00c7A DO CARNAVAL DE JUAZEIRO EVENTO TEVE HOR\u00c1RIO E LOCAL ALTERADOS - Blog do Farn\u00e9sio\",\"isPartOf\":{\"@id\":\"https:\\\/\\\/blogdofarnesio.com.br\\\/#website\"},\"primaryImageOfPage\":{\"@id\":\"https:\\\/\\\/blogdofarnesio.com.br\\\/?p=136039#primaryimage\"},\"image\":{\"@id\":\"https:\\\/\\\/blogdofarnesio.com.br\\\/?p=136039#primaryimage\"},\"thumbnailUrl\":\"http:\\\/\\\/www.quersaberpolitica.com.br\\\/2016\\\/wp-content\\\/uploads\\\/2015\\\/01\\\/blogqsp.policias.carnaval-300x135.jpg\",\"datePublished\":\"2016-01-18T20:00:08+00:00\",\"breadcrumb\":{\"@id\":\"https:\\\/\\\/blogdofarnesio.com.br\\\/?p=136039#breadcrumb\"},\"inLanguage\":\"pt-BR\",\"potentialAction\":[{\"@type\":\"ReadAction\",\"target\":[\"https:\\\/\\\/blogdofarnesio.com.br\\\/?p=136039\"]}]},{\"@type\":\"ImageObject\",\"inLanguage\":\"pt-BR\",\"@id\":\"https:\\\/\\\/blogdofarnesio.com.br\\\/?p=136039#primaryimage\",\"url\":\"http:\\\/\\\/www.quersaberpolitica.com.br\\\/2016\\\/wp-content\\\/uploads\\\/2015\\\/01\\\/blogqsp.policias.carnaval-300x135.jpg\",\"contentUrl\":\"http:\\\/\\\/www.quersaberpolitica.com.br\\\/2016\\\/wp-content\\\/uploads\\\/2015\\\/01\\\/blogqsp.policias.carnaval-300x135.jpg\"},{\"@type\":\"BreadcrumbList\",\"@id\":\"https:\\\/\\\/blogdofarnesio.com.br\\\/?p=136039#breadcrumb\",\"itemListElement\":[{\"@type\":\"ListItem\",\"position\":1,\"name\":\"In\u00edcio\",\"item\":\"https:\\\/\\\/blogdofarnesio.com.br\\\/\"},{\"@type\":\"ListItem\",\"position\":2,\"name\":\"COMANDANTE-GERAL DA PM APRESENTAR\u00c1 PLANO DE SEGURAN\u00c7A DO CARNAVAL DE JUAZEIRO EVENTO TEVE HOR\u00c1RIO E LOCAL ALTERADOS\"}]},{\"@type\":\"WebSite\",\"@id\":\"https:\\\/\\\/blogdofarnesio.com.br\\\/#website\",\"url\":\"https:\\\/\\\/blogdofarnesio.com.br\\\/\",\"name\":\"Blog do Farn\u00e9sio\",\"description\":\"Quer Saber Pol\u00edtica?\",\"publisher\":{\"@id\":\"https:\\\/\\\/blogdofarnesio.com.br\\\/#organization\"},\"potentialAction\":[{\"@type\":\"SearchAction\",\"target\":{\"@type\":\"EntryPoint\",\"urlTemplate\":\"https:\\\/\\\/blogdofarnesio.com.br\\\/?s={search_term_string}\"},\"query-input\":{\"@type\":\"PropertyValueSpecification\",\"valueRequired\":true,\"valueName\":\"search_term_string\"}}],\"inLanguage\":\"pt-BR\"},{\"@type\":\"Organization\",\"@id\":\"https:\\\/\\\/blogdofarnesio.com.br\\\/#organization\",\"name\":\"Blog do Farn\u00e9sio\",\"url\":\"https:\\\/\\\/blogdofarnesio.com.br\\\/\",\"logo\":{\"@type\":\"ImageObject\",\"inLanguage\":\"pt-BR\",\"@id\":\"https:\\\/\\\/blogdofarnesio.com.br\\\/#\\\/schema\\\/logo\\\/image\\\/\",\"url\":\"https:\\\/\\\/blogdofarnesio.com.br\\\/wp-content\\\/uploads\\\/2026\\\/03\\\/cropped-logo_new-1.png\",\"contentUrl\":\"https:\\\/\\\/blogdofarnesio.com.br\\\/wp-content\\\/uploads\\\/2026\\\/03\\\/cropped-logo_new-1.png\",\"width\":881,\"height\":685,\"caption\":\"Blog do Farn\u00e9sio\"},\"image\":{\"@id\":\"https:\\\/\\\/blogdofarnesio.com.br\\\/#\\\/schema\\\/logo\\\/image\\\/\"},\"sameAs\":[\"https:\\\/\\\/www.facebook.com\\\/BlogQuerSaberPolitica\\\/\"]},{\"@type\":\"Person\",\"@id\":\"\",\"url\":\"https:\\\/\\\/blogdofarnesio.com.br\\\/?author=7\"}]}<\/script>\n<!-- \/ Yoast SEO plugin. -->","yoast_head_json":{"title":"COMANDANTE-GERAL DA PM APRESENTAR\u00c1 PLANO DE SEGURAN\u00c7A DO CARNAVAL DE JUAZEIRO EVENTO TEVE HOR\u00c1RIO E LOCAL ALTERADOS - Blog do Farn\u00e9sio","robots":{"index":"index","follow":"follow","max-snippet":"max-snippet:-1","max-image-preview":"max-image-preview:large","max-video-preview":"max-video-preview:-1"},"canonical":"https:\/\/blogdofarnesio.com.br\/?p=136039","og_locale":"pt_BR","og_type":"article","og_title":"COMANDANTE-GERAL DA PM APRESENTAR\u00c1 PLANO DE SEGURAN\u00c7A DO CARNAVAL DE JUAZEIRO EVENTO TEVE HOR\u00c1RIO E LOCAL ALTERADOS - Blog do Farn\u00e9sio","og_description":"A Coordena\u00e7\u00e3o do Carnaval de Juazeiro e a Policia Militar convidam a imprensa para a reuni\u00e3o de planejamento entres os \u00f3rg\u00e3os de seguran\u00e7a que ir\u00e3o atuar na festa. O evento, que acontecer\u00e1 nesta ter\u00e7a-feira, 19, teve hor\u00e1rio e local alterados, passando para as 10 horas da manh\u00e3 no Grande Hotel de Juazeiro. Na oportunidade ser\u00e1 apresentado o Plano de Seguran\u00e7a do Carnaval de Juazeiro 2016 com presen\u00e7a do Comandante-Geral da PM\/Bahia, Cel. Anselmo Brand\u00e3o. Ascom\/PMJ","og_url":"https:\/\/blogdofarnesio.com.br\/?p=136039","og_site_name":"Blog do Farn\u00e9sio","article_publisher":"https:\/\/www.facebook.com\/BlogQuerSaberPolitica\/","article_published_time":"2016-01-18T20:00:08+00:00","og_image":[{"url":"http:\/\/www.quersaberpolitica.com.br\/2016\/wp-content\/uploads\/2015\/01\/blogqsp.policias.carnaval-300x135.jpg","type":"","width":"","height":""}],"twitter_card":"summary_large_image","twitter_misc":{"Escrito por":""},"schema":{"@context":"https:\/\/schema.org","@graph":[{"@type":"Article","@id":"https:\/\/blogdofarnesio.com.br\/?p=136039#article","isPartOf":{"@id":"https:\/\/blogdofarnesio.com.br\/?p=136039"},"author":{"name":"","@id":""},"headline":"COMANDANTE-GERAL DA PM APRESENTAR\u00c1 PLANO DE SEGURAN\u00c7A DO CARNAVAL DE JUAZEIRO EVENTO TEVE HOR\u00c1RIO E LOCAL ALTERADOS","datePublished":"2016-01-18T20:00:08+00:00","mainEntityOfPage":{"@id":"https:\/\/blogdofarnesio.com.br\/?p=136039"},"wordCount":103,"commentCount":1,"publisher":{"@id":"https:\/\/blogdofarnesio.com.br\/#organization"},"image":{"@id":"https:\/\/blogdofarnesio.com.br\/?p=136039#primaryimage"},"thumbnailUrl":"http:\/\/www.quersaberpolitica.com.br\/2016\/wp-content\/uploads\/2015\/01\/blogqsp.policias.carnaval-300x135.jpg","articleSection":["Pol\u00edcia"],"inLanguage":"pt-BR","potentialAction":[{"@type":"CommentAction","name":"Comment","target":["https:\/\/blogdofarnesio.com.br\/?p=136039#respond"]}]},{"@type":"WebPage","@id":"https:\/\/blogdofarnesio.com.br\/?p=136039","url":"https:\/\/blogdofarnesio.com.br\/?p=136039","name":"COMANDANTE-GERAL DA PM APRESENTAR\u00c1 PLANO DE SEGURAN\u00c7A DO CARNAVAL DE JUAZEIRO EVENTO TEVE HOR\u00c1RIO E LOCAL ALTERADOS - Blog do Farn\u00e9sio","isPartOf":{"@id":"https:\/\/blogdofarnesio.com.br\/#website"},"primaryImageOfPage":{"@id":"https:\/\/blogdofarnesio.com.br\/?p=136039#primaryimage"},"image":{"@id":"https:\/\/blogdofarnesio.com.br\/?p=136039#primaryimage"},"thumbnailUrl":"http:\/\/www.quersaberpolitica.com.br\/2016\/wp-content\/uploads\/2015\/01\/blogqsp.policias.carnaval-300x135.jpg","datePublished":"2016-01-18T20:00:08+00:00","breadcrumb":{"@id":"https:\/\/blogdofarnesio.com.br\/?p=136039#breadcrumb"},"inLanguage":"pt-BR","potentialAction":[{"@type":"ReadAction","target":["https:\/\/blogdofarnesio.com.br\/?p=136039"]}]},{"@type":"ImageObject","inLanguage":"pt-BR","@id":"https:\/\/blogdofarnesio.com.br\/?p=136039#primaryimage","url":"http:\/\/www.quersaberpolitica.com.br\/2016\/wp-content\/uploads\/2015\/01\/blogqsp.policias.carnaval-300x135.jpg","contentUrl":"http:\/\/www.quersaberpolitica.com.br\/2016\/wp-content\/uploads\/2015\/01\/blogqsp.policias.carnaval-300x135.jpg"},{"@type":"BreadcrumbList","@id":"https:\/\/blogdofarnesio.com.br\/?p=136039#breadcrumb","itemListElement":[{"@type":"ListItem","position":1,"name":"In\u00edcio","item":"https:\/\/blogdofarnesio.com.br\/"},{"@type":"ListItem","position":2,"name":"COMANDANTE-GERAL DA PM APRESENTAR\u00c1 PLANO DE SEGURAN\u00c7A DO CARNAVAL DE JUAZEIRO EVENTO TEVE HOR\u00c1RIO E LOCAL ALTERADOS"}]},{"@type":"WebSite","@id":"https:\/\/blogdofarnesio.com.br\/#website","url":"https:\/\/blogdofarnesio.com.br\/","name":"Blog do Farn\u00e9sio","description":"Quer Saber Pol\u00edtica?","publisher":{"@id":"https:\/\/blogdofarnesio.com.br\/#organization"},"potentialAction":[{"@type":"SearchAction","target":{"@type":"EntryPoint","urlTemplate":"https:\/\/blogdofarnesio.com.br\/?s={search_term_string}"},"query-input":{"@type":"PropertyValueSpecification","valueRequired":true,"valueName":"search_term_string"}}],"inLanguage":"pt-BR"},{"@type":"Organization","@id":"https:\/\/blogdofarnesio.com.br\/#organization","name":"Blog do Farn\u00e9sio","url":"https:\/\/blogdofarnesio.com.br\/","logo":{"@type":"ImageObject","inLanguage":"pt-BR","@id":"https:\/\/blogdofarnesio.com.br\/#\/schema\/logo\/image\/","url":"https:\/\/blogdofarnesio.com.br\/wp-content\/uploads\/2026\/03\/cropped-logo_new-1.png","contentUrl":"https:\/\/blogdofarnesio.com.br\/wp-content\/uploads\/2026\/03\/cropped-logo_new-1.png","width":881,"height":685,"caption":"Blog do Farn\u00e9sio"},"image":{"@id":"https:\/\/blogdofarnesio.com.br\/#\/schema\/logo\/image\/"},"sameAs":["https:\/\/www.facebook.com\/BlogQuerSaberPolitica\/"]},{"@type":"Person","@id":"","url":"https:\/\/blogdofarnesio.com.br\/?author=7"}]}},"_links":{"self":[{"href":"https:\/\/blogdofarnesio.com.br\/index.php?rest_route=\/wp\/v2\/posts\/136039","targetHints":{"allow":["GET"]}}],"collection":[{"href":"https:\/\/blogdofarnesio.com.br\/index.php?rest_route=\/wp\/v2\/posts"}],"about":[{"href":"https:\/\/blogdofarnesio.com.br\/index.php?rest_route=\/wp\/v2\/types\/post"}],"author":[{"embeddable":true,"href":"https:\/\/blogdofarnesio.com.br\/index.php?rest_route=\/wp\/v2\/users\/7"}],"replies":[{"embeddable":true,"href":"https:\/\/blogdofarnesio.com.br\/index.php?rest_route=%2Fwp%2Fv2%2Fcomments&post=136039"}],"version-history":[{"count":0,"href":"https:\/\/blogdofarnesio.com.br\/index.php?rest_route=\/wp\/v2\/posts\/136039\/revisions"}],"wp:attachment":[{"href":"https:\/\/blogdofarnesio.com.br\/index.php?rest_route=%2Fwp%2Fv2%2Fmedia&parent=136039"}],"wp:term":[{"taxonomy":"category","embeddable":true,"href":"https:\/\/blogdofarnesio.com.br\/index.php?rest_route=%2Fwp%2Fv2%2Fcategories&post=136039"},{"taxonomy":"post_tag","embeddable":true,"href":"https:\/\/blogdofarnesio.com.br\/index.php?rest_route=%2Fwp%2Fv2%2Ftags&post=136039"}],"curies":[{"name":"wp","href":"https:\/\/api.w.org\/{rel}","templated":true}]}}