{"id":135923,"date":"2016-01-15T12:30:10","date_gmt":"2016-01-15T15:30:10","guid":{"rendered":"http:\/\/www.quersaberpolitica.com.br\/?p=135923"},"modified":"2016-01-15T08:13:52","modified_gmt":"2016-01-15T11:13:52","slug":"piso-salarial-dos-professores-tera-reajuste-de-1136","status":"publish","type":"post","link":"https:\/\/blogdofarnesio.com.br\/?p=135923","title":{"rendered":"PISO SALARIAL DOS PROFESSORES TER\u00c1 REAJUSTE DE 11,36%"},"content":{"rendered":"<div class=\"row change_font\">\n<div class=\"col-md-12 font_a\" style=\"text-align: justify\"><\/div>\n<div class=\"col-md-12 font_a\" style=\"text-align: justify\"><\/div>\n<div class=\"col-md-12 font_a\" style=\"text-align: justify\"><a href=\"http:\/\/www.quersaberpolitica.com.br\/2016\/wp-content\/uploads\/2016\/01\/blogqsp-Mercadante-MEC.jpg\"><img loading=\"lazy\" decoding=\"async\" class=\" wp-image-135924 aligncenter\" src=\"http:\/\/www.quersaberpolitica.com.br\/2016\/wp-content\/uploads\/2016\/01\/blogqsp-Mercadante-MEC-300x192.jpg\" alt=\"blogqsp-Mercadante MEC\" width=\"400\" height=\"256\" srcset=\"https:\/\/blogdofarnesio.com.br\/wp-content\/uploads\/2016\/01\/blogqsp-Mercadante-MEC-300x192.jpg 300w, https:\/\/blogdofarnesio.com.br\/wp-content\/uploads\/2016\/01\/blogqsp-Mercadante-MEC.jpg 448w\" sizes=\"auto, (max-width: 400px) 100vw, 400px\" \/><\/a><\/div>\n<div class=\"col-md-12 font_a\" style=\"text-align: justify\">O piso salarial dos professores ter\u00e1 reajuste de 11,36%, anunciou ontem\u00a0(14) o ministro da Educa\u00e7\u00e3o, Aloizio Mercadante. Com isso, o valor passa de R$ R$ 1.917,78, em 2015, para R$ 2.135,64, em 2016. O \u00edndice representa um aumento real de 0,69%, considerando a infla\u00e7\u00e3o oficial de 10,67%.<\/p>\n<p style=\"text-align: justify\">Ontem (14), o Minist\u00e9rio da Educa\u00e7\u00e3o (MEC) recebeu dos estados e munic\u00edpios\u00a0pedido de adiamento\u00a0do reajuste para agosto e que o \u00edndice fosse 7,41%. Ao anunciar o valor hoje, Mercadante ressaltou que a pasta apenas cumpre a lei vigente.<\/p>\n<p style=\"text-align: justify\">\u201cMuitos estados e munic\u00edpios t\u00eam uma situa\u00e7\u00e3o mais sens\u00edvel, o que a gente pede \u00e9 que haja disposi\u00e7\u00e3o de di\u00e1logo, de busca de negocia\u00e7\u00e3o entre sindicatos e governos, para que seja pactuado \u2013\u00a0 onde n\u00e3o h\u00e1 condi\u00e7\u00f5es \u2013, com transpar\u00eancia, uma pol\u00edtica de pagamento do piso que seja compat\u00edvel [com a situa\u00e7\u00e3o local]\u201d, disse Mercadante.<\/p>\n<p style=\"text-align: justify\">Pela lei, o piso vale a partir de janeiro, mas o ministro destacou que isso pode ser negociado entre trabalhadores e governos.<\/p>\n<p style=\"text-align: justify\"><strong>Lei do Piso<\/strong><\/p>\n<p style=\"text-align: justify\">O piso salarial dos docentes \u00e9 reajustado anualmente, seguindo a Lei 11.738\/2008, a Lei do Piso, que vincula o aumento \u00e0 varia\u00e7\u00e3o ocorrida no valor anual m\u00ednimo por aluno definido no Fundo de Manuten\u00e7\u00e3o e Desenvolvimento da Educa\u00e7\u00e3o B\u00e1sica e de Valoriza\u00e7\u00e3o dos Profissionais da Educa\u00e7\u00e3o (Fundeb).<\/p>\n<p style=\"text-align: justify\">Desde de 2009, com o in\u00edcio da vig\u00eancia da lei, at\u00e9 2015, segundo Mercadante, o piso dos docentes teve aumento real, ou seja, acima da infla\u00e7\u00e3o no per\u00edodo, de 46,05%. Mercadante disse que o percentual de aumento foi um dos maiores entre todas as categorias, p\u00fablicas ou privadas, mas reconheceu que h\u00e1 uma desvaloriza\u00e7\u00e3o hist\u00f3rica dos sal\u00e1rios dos professores.<\/p>\n<p style=\"text-align: justify\">\u201cHerdamos uma situa\u00e7\u00e3o de sal\u00e1rios muito baixo dos professores. Apesar desse crescimento, ainda \u00e9 um sal\u00e1rio pouco atrativo\u201d.<\/p>\n<p style=\"text-align: justify\">O piso \u00e9 pago a profissionais em in\u00edcio de carreira, com forma\u00e7\u00e3o de n\u00edvel m\u00e9dio e carga hor\u00e1ria de 40 horas semanais. Pela lei, os demais n\u00edveis da carreira n\u00e3o recebem necessariamente o mesmo aumento. Isso \u00e9 negociado em cada ente federativo.<\/p>\n<p style=\"text-align: justify\">Em um contexto de crise, estados e munic\u00edpios alegam dificuldade em pagar o valor definido pela lei.\u00a0 Ontem, os estados pediram que o MEC complementasse o valor aos governos em situa\u00e7\u00e3o mais delicada, o que tamb\u00e9m est\u00e1 previsto em lei. Mercadante disse que a complementa\u00e7\u00e3o pode ser negociada, desde que haja uma proposta consensual entre estados e munic\u00edpios. Quando receber a proposta, a pasta avaliar\u00e1 a viabilidade, segundo o ministro.<\/p>\n<p style=\"text-align: justify\"><strong>Hist\u00f3rico<\/strong><\/p>\n<p style=\"text-align: justify\">Em 2009, quando a Lei do Piso entrou em vigor, o pagamento m\u00ednimo para professores passou de R$ 950 para R$ 1.024,67, em 2010, e chegou a R$ 1.187,14 em 2011. No ano seguinte, o piso passou a ser R$ 1.451. Em 2013, subiu para R$ 1.567 e, em 2014, foi reajustado para R$ 1.697. Em 2015, o valor era R$ R$ 1.917,78. Na s\u00e9rie hist\u00f3rica, o maior reajuste do piso foi registrado em 2012, com 22,22%.<\/p>\n<p style=\"text-align: justify\">Apesar dos aumentos, atualmente, os professores recebem cerca de 60% do sal\u00e1rio das demais carreiras com escolaridade equivalente. A melhora do sal\u00e1rio dos professores faz parte do Plano Nacional de Educa\u00e7\u00e3o (PNE), lei que prev\u00ea metas para a melhoria da educa\u00e7\u00e3o at\u00e9 2024. At\u00e9 2020, os docentes ter\u00e3o que ter rendimento equiparado ao dos demais profissionais com escolaridade equivalente. (ABr)<\/p>\n<\/div>\n<\/div>\n<p><!--more--><\/p>\n<p>&nbsp;<\/p>\n","protected":false},"excerpt":{"rendered":"<p>O piso salarial dos professores ter\u00e1 reajuste de 11,36%, anunciou ontem\u00a0(14) o ministro da Educa\u00e7\u00e3o, Aloizio Mercadante. Com isso, o valor passa de R$ R$ 1.917,78, em 2015, para R$ 2.135,64, em 2016. O \u00edndice representa um aumento real de 0,69%, considerando a infla\u00e7\u00e3o oficial de 10,67%. Ontem (14), o Minist\u00e9rio da Educa\u00e7\u00e3o (MEC) recebeu dos estados e munic\u00edpios\u00a0pedido de adiamento\u00a0do reajuste para agosto e que o \u00edndice fosse 7,41%. Ao anunciar o valor hoje, Mercadante ressaltou que a pasta apenas cumpre a lei vigente. \u201cMuitos estados e munic\u00edpios t\u00eam uma situa\u00e7\u00e3o mais sens\u00edvel, o que a gente pede \u00e9 que haja disposi\u00e7\u00e3o de di\u00e1logo, de busca de negocia\u00e7\u00e3o entre sindicatos e governos, para que seja pactuado \u2013\u00a0 onde n\u00e3o&hellip; <\/p>\n","protected":false},"author":7,"featured_media":0,"comment_status":"open","ping_status":"open","sticky":false,"template":"","format":"standard","meta":{"_acf_changed":false,"footnotes":""},"categories":[6],"tags":[],"class_list":["post-135923","post","type-post","status-publish","format-standard","hentry","category-educacao"],"acf":[],"yoast_head":"<!-- This site is optimized with the Yoast SEO plugin v27.4 - https:\/\/yoast.com\/product\/yoast-seo-wordpress\/ -->\n<title>PISO SALARIAL DOS PROFESSORES TER\u00c1 REAJUSTE DE 11,36% - Blog do Farn\u00e9sio<\/title>\n<meta name=\"robots\" content=\"index, follow, max-snippet:-1, max-image-preview:large, max-video-preview:-1\" \/>\n<link rel=\"canonical\" href=\"https:\/\/blogdofarnesio.com.br\/?p=135923\" \/>\n<meta property=\"og:locale\" content=\"pt_BR\" \/>\n<meta property=\"og:type\" content=\"article\" \/>\n<meta property=\"og:title\" content=\"PISO SALARIAL DOS PROFESSORES TER\u00c1 REAJUSTE DE 11,36% - Blog do Farn\u00e9sio\" \/>\n<meta property=\"og:description\" content=\"O piso salarial dos professores ter\u00e1 reajuste de 11,36%, anunciou ontem\u00a0(14) o ministro da Educa\u00e7\u00e3o, Aloizio Mercadante. Com isso, o valor passa de R$ R$ 1.917,78, em 2015, para R$ 2.135,64, em 2016. O \u00edndice representa um aumento real de 0,69%, considerando a infla\u00e7\u00e3o oficial de 10,67%. Ontem (14), o Minist\u00e9rio da Educa\u00e7\u00e3o (MEC) recebeu dos estados e munic\u00edpios\u00a0pedido de adiamento\u00a0do reajuste para agosto e que o \u00edndice fosse 7,41%. Ao anunciar o valor hoje, Mercadante ressaltou que a pasta apenas cumpre a lei vigente. \u201cMuitos estados e munic\u00edpios t\u00eam uma situa\u00e7\u00e3o mais sens\u00edvel, o que a gente pede \u00e9 que haja disposi\u00e7\u00e3o de di\u00e1logo, de busca de negocia\u00e7\u00e3o entre sindicatos e governos, para que seja pactuado \u2013\u00a0 onde n\u00e3o&hellip;\" \/>\n<meta property=\"og:url\" content=\"https:\/\/blogdofarnesio.com.br\/?p=135923\" \/>\n<meta property=\"og:site_name\" content=\"Blog do Farn\u00e9sio\" \/>\n<meta property=\"article:publisher\" content=\"https:\/\/www.facebook.com\/BlogQuerSaberPolitica\/\" \/>\n<meta property=\"article:published_time\" content=\"2016-01-15T15:30:10+00:00\" \/>\n<meta property=\"og:image\" content=\"http:\/\/www.quersaberpolitica.com.br\/2016\/wp-content\/uploads\/2016\/01\/blogqsp-Mercadante-MEC-300x192.jpg\" \/>\n<meta name=\"twitter:card\" content=\"summary_large_image\" \/>\n<meta name=\"twitter:label1\" content=\"Escrito por\" \/>\n\t<meta name=\"twitter:data1\" content=\"\" \/>\n\t<meta name=\"twitter:label2\" content=\"Est. tempo de leitura\" \/>\n\t<meta name=\"twitter:data2\" content=\"3 minutos\" \/>\n<script type=\"application\/ld+json\" class=\"yoast-schema-graph\">{\"@context\":\"https:\\\/\\\/schema.org\",\"@graph\":[{\"@type\":\"Article\",\"@id\":\"https:\\\/\\\/blogdofarnesio.com.br\\\/?p=135923#article\",\"isPartOf\":{\"@id\":\"https:\\\/\\\/blogdofarnesio.com.br\\\/?p=135923\"},\"author\":{\"name\":\"\",\"@id\":\"\"},\"headline\":\"PISO SALARIAL DOS PROFESSORES TER\u00c1 REAJUSTE DE 11,36%\",\"datePublished\":\"2016-01-15T15:30:10+00:00\",\"mainEntityOfPage\":{\"@id\":\"https:\\\/\\\/blogdofarnesio.com.br\\\/?p=135923\"},\"wordCount\":566,\"commentCount\":0,\"publisher\":{\"@id\":\"https:\\\/\\\/blogdofarnesio.com.br\\\/#organization\"},\"image\":{\"@id\":\"https:\\\/\\\/blogdofarnesio.com.br\\\/?p=135923#primaryimage\"},\"thumbnailUrl\":\"http:\\\/\\\/www.quersaberpolitica.com.br\\\/2016\\\/wp-content\\\/uploads\\\/2016\\\/01\\\/blogqsp-Mercadante-MEC-300x192.jpg\",\"articleSection\":[\"Educa\u00e7\u00e3o\"],\"inLanguage\":\"pt-BR\",\"potentialAction\":[{\"@type\":\"CommentAction\",\"name\":\"Comment\",\"target\":[\"https:\\\/\\\/blogdofarnesio.com.br\\\/?p=135923#respond\"]}]},{\"@type\":\"WebPage\",\"@id\":\"https:\\\/\\\/blogdofarnesio.com.br\\\/?p=135923\",\"url\":\"https:\\\/\\\/blogdofarnesio.com.br\\\/?p=135923\",\"name\":\"PISO SALARIAL DOS PROFESSORES TER\u00c1 REAJUSTE DE 11,36% - Blog do Farn\u00e9sio\",\"isPartOf\":{\"@id\":\"https:\\\/\\\/blogdofarnesio.com.br\\\/#website\"},\"primaryImageOfPage\":{\"@id\":\"https:\\\/\\\/blogdofarnesio.com.br\\\/?p=135923#primaryimage\"},\"image\":{\"@id\":\"https:\\\/\\\/blogdofarnesio.com.br\\\/?p=135923#primaryimage\"},\"thumbnailUrl\":\"http:\\\/\\\/www.quersaberpolitica.com.br\\\/2016\\\/wp-content\\\/uploads\\\/2016\\\/01\\\/blogqsp-Mercadante-MEC-300x192.jpg\",\"datePublished\":\"2016-01-15T15:30:10+00:00\",\"breadcrumb\":{\"@id\":\"https:\\\/\\\/blogdofarnesio.com.br\\\/?p=135923#breadcrumb\"},\"inLanguage\":\"pt-BR\",\"potentialAction\":[{\"@type\":\"ReadAction\",\"target\":[\"https:\\\/\\\/blogdofarnesio.com.br\\\/?p=135923\"]}]},{\"@type\":\"ImageObject\",\"inLanguage\":\"pt-BR\",\"@id\":\"https:\\\/\\\/blogdofarnesio.com.br\\\/?p=135923#primaryimage\",\"url\":\"http:\\\/\\\/www.quersaberpolitica.com.br\\\/2016\\\/wp-content\\\/uploads\\\/2016\\\/01\\\/blogqsp-Mercadante-MEC-300x192.jpg\",\"contentUrl\":\"http:\\\/\\\/www.quersaberpolitica.com.br\\\/2016\\\/wp-content\\\/uploads\\\/2016\\\/01\\\/blogqsp-Mercadante-MEC-300x192.jpg\"},{\"@type\":\"BreadcrumbList\",\"@id\":\"https:\\\/\\\/blogdofarnesio.com.br\\\/?p=135923#breadcrumb\",\"itemListElement\":[{\"@type\":\"ListItem\",\"position\":1,\"name\":\"In\u00edcio\",\"item\":\"https:\\\/\\\/blogdofarnesio.com.br\\\/\"},{\"@type\":\"ListItem\",\"position\":2,\"name\":\"PISO SALARIAL DOS PROFESSORES TER\u00c1 REAJUSTE DE 11,36%\"}]},{\"@type\":\"WebSite\",\"@id\":\"https:\\\/\\\/blogdofarnesio.com.br\\\/#website\",\"url\":\"https:\\\/\\\/blogdofarnesio.com.br\\\/\",\"name\":\"Blog do Farn\u00e9sio\",\"description\":\"Quer Saber Pol\u00edtica?\",\"publisher\":{\"@id\":\"https:\\\/\\\/blogdofarnesio.com.br\\\/#organization\"},\"potentialAction\":[{\"@type\":\"SearchAction\",\"target\":{\"@type\":\"EntryPoint\",\"urlTemplate\":\"https:\\\/\\\/blogdofarnesio.com.br\\\/?s={search_term_string}\"},\"query-input\":{\"@type\":\"PropertyValueSpecification\",\"valueRequired\":true,\"valueName\":\"search_term_string\"}}],\"inLanguage\":\"pt-BR\"},{\"@type\":\"Organization\",\"@id\":\"https:\\\/\\\/blogdofarnesio.com.br\\\/#organization\",\"name\":\"Blog do Farn\u00e9sio\",\"url\":\"https:\\\/\\\/blogdofarnesio.com.br\\\/\",\"logo\":{\"@type\":\"ImageObject\",\"inLanguage\":\"pt-BR\",\"@id\":\"https:\\\/\\\/blogdofarnesio.com.br\\\/#\\\/schema\\\/logo\\\/image\\\/\",\"url\":\"https:\\\/\\\/blogdofarnesio.com.br\\\/wp-content\\\/uploads\\\/2026\\\/03\\\/cropped-logo_new-1.png\",\"contentUrl\":\"https:\\\/\\\/blogdofarnesio.com.br\\\/wp-content\\\/uploads\\\/2026\\\/03\\\/cropped-logo_new-1.png\",\"width\":881,\"height\":685,\"caption\":\"Blog do Farn\u00e9sio\"},\"image\":{\"@id\":\"https:\\\/\\\/blogdofarnesio.com.br\\\/#\\\/schema\\\/logo\\\/image\\\/\"},\"sameAs\":[\"https:\\\/\\\/www.facebook.com\\\/BlogQuerSaberPolitica\\\/\"]},{\"@type\":\"Person\",\"@id\":\"\",\"url\":\"https:\\\/\\\/blogdofarnesio.com.br\\\/?author=7\"}]}<\/script>\n<!-- \/ Yoast SEO plugin. -->","yoast_head_json":{"title":"PISO SALARIAL DOS PROFESSORES TER\u00c1 REAJUSTE DE 11,36% - Blog do Farn\u00e9sio","robots":{"index":"index","follow":"follow","max-snippet":"max-snippet:-1","max-image-preview":"max-image-preview:large","max-video-preview":"max-video-preview:-1"},"canonical":"https:\/\/blogdofarnesio.com.br\/?p=135923","og_locale":"pt_BR","og_type":"article","og_title":"PISO SALARIAL DOS PROFESSORES TER\u00c1 REAJUSTE DE 11,36% - Blog do Farn\u00e9sio","og_description":"O piso salarial dos professores ter\u00e1 reajuste de 11,36%, anunciou ontem\u00a0(14) o ministro da Educa\u00e7\u00e3o, Aloizio Mercadante. Com isso, o valor passa de R$ R$ 1.917,78, em 2015, para R$ 2.135,64, em 2016. O \u00edndice representa um aumento real de 0,69%, considerando a infla\u00e7\u00e3o oficial de 10,67%. Ontem (14), o Minist\u00e9rio da Educa\u00e7\u00e3o (MEC) recebeu dos estados e munic\u00edpios\u00a0pedido de adiamento\u00a0do reajuste para agosto e que o \u00edndice fosse 7,41%. Ao anunciar o valor hoje, Mercadante ressaltou que a pasta apenas cumpre a lei vigente. \u201cMuitos estados e munic\u00edpios t\u00eam uma situa\u00e7\u00e3o mais sens\u00edvel, o que a gente pede \u00e9 que haja disposi\u00e7\u00e3o de di\u00e1logo, de busca de negocia\u00e7\u00e3o entre sindicatos e governos, para que seja pactuado \u2013\u00a0 onde n\u00e3o&hellip;","og_url":"https:\/\/blogdofarnesio.com.br\/?p=135923","og_site_name":"Blog do Farn\u00e9sio","article_publisher":"https:\/\/www.facebook.com\/BlogQuerSaberPolitica\/","article_published_time":"2016-01-15T15:30:10+00:00","og_image":[{"url":"http:\/\/www.quersaberpolitica.com.br\/2016\/wp-content\/uploads\/2016\/01\/blogqsp-Mercadante-MEC-300x192.jpg","type":"","width":"","height":""}],"twitter_card":"summary_large_image","twitter_misc":{"Escrito por":"","Est. tempo de leitura":"3 minutos"},"schema":{"@context":"https:\/\/schema.org","@graph":[{"@type":"Article","@id":"https:\/\/blogdofarnesio.com.br\/?p=135923#article","isPartOf":{"@id":"https:\/\/blogdofarnesio.com.br\/?p=135923"},"author":{"name":"","@id":""},"headline":"PISO SALARIAL DOS PROFESSORES TER\u00c1 REAJUSTE DE 11,36%","datePublished":"2016-01-15T15:30:10+00:00","mainEntityOfPage":{"@id":"https:\/\/blogdofarnesio.com.br\/?p=135923"},"wordCount":566,"commentCount":0,"publisher":{"@id":"https:\/\/blogdofarnesio.com.br\/#organization"},"image":{"@id":"https:\/\/blogdofarnesio.com.br\/?p=135923#primaryimage"},"thumbnailUrl":"http:\/\/www.quersaberpolitica.com.br\/2016\/wp-content\/uploads\/2016\/01\/blogqsp-Mercadante-MEC-300x192.jpg","articleSection":["Educa\u00e7\u00e3o"],"inLanguage":"pt-BR","potentialAction":[{"@type":"CommentAction","name":"Comment","target":["https:\/\/blogdofarnesio.com.br\/?p=135923#respond"]}]},{"@type":"WebPage","@id":"https:\/\/blogdofarnesio.com.br\/?p=135923","url":"https:\/\/blogdofarnesio.com.br\/?p=135923","name":"PISO SALARIAL DOS PROFESSORES TER\u00c1 REAJUSTE DE 11,36% - Blog do Farn\u00e9sio","isPartOf":{"@id":"https:\/\/blogdofarnesio.com.br\/#website"},"primaryImageOfPage":{"@id":"https:\/\/blogdofarnesio.com.br\/?p=135923#primaryimage"},"image":{"@id":"https:\/\/blogdofarnesio.com.br\/?p=135923#primaryimage"},"thumbnailUrl":"http:\/\/www.quersaberpolitica.com.br\/2016\/wp-content\/uploads\/2016\/01\/blogqsp-Mercadante-MEC-300x192.jpg","datePublished":"2016-01-15T15:30:10+00:00","breadcrumb":{"@id":"https:\/\/blogdofarnesio.com.br\/?p=135923#breadcrumb"},"inLanguage":"pt-BR","potentialAction":[{"@type":"ReadAction","target":["https:\/\/blogdofarnesio.com.br\/?p=135923"]}]},{"@type":"ImageObject","inLanguage":"pt-BR","@id":"https:\/\/blogdofarnesio.com.br\/?p=135923#primaryimage","url":"http:\/\/www.quersaberpolitica.com.br\/2016\/wp-content\/uploads\/2016\/01\/blogqsp-Mercadante-MEC-300x192.jpg","contentUrl":"http:\/\/www.quersaberpolitica.com.br\/2016\/wp-content\/uploads\/2016\/01\/blogqsp-Mercadante-MEC-300x192.jpg"},{"@type":"BreadcrumbList","@id":"https:\/\/blogdofarnesio.com.br\/?p=135923#breadcrumb","itemListElement":[{"@type":"ListItem","position":1,"name":"In\u00edcio","item":"https:\/\/blogdofarnesio.com.br\/"},{"@type":"ListItem","position":2,"name":"PISO SALARIAL DOS PROFESSORES TER\u00c1 REAJUSTE DE 11,36%"}]},{"@type":"WebSite","@id":"https:\/\/blogdofarnesio.com.br\/#website","url":"https:\/\/blogdofarnesio.com.br\/","name":"Blog do Farn\u00e9sio","description":"Quer Saber Pol\u00edtica?","publisher":{"@id":"https:\/\/blogdofarnesio.com.br\/#organization"},"potentialAction":[{"@type":"SearchAction","target":{"@type":"EntryPoint","urlTemplate":"https:\/\/blogdofarnesio.com.br\/?s={search_term_string}"},"query-input":{"@type":"PropertyValueSpecification","valueRequired":true,"valueName":"search_term_string"}}],"inLanguage":"pt-BR"},{"@type":"Organization","@id":"https:\/\/blogdofarnesio.com.br\/#organization","name":"Blog do Farn\u00e9sio","url":"https:\/\/blogdofarnesio.com.br\/","logo":{"@type":"ImageObject","inLanguage":"pt-BR","@id":"https:\/\/blogdofarnesio.com.br\/#\/schema\/logo\/image\/","url":"https:\/\/blogdofarnesio.com.br\/wp-content\/uploads\/2026\/03\/cropped-logo_new-1.png","contentUrl":"https:\/\/blogdofarnesio.com.br\/wp-content\/uploads\/2026\/03\/cropped-logo_new-1.png","width":881,"height":685,"caption":"Blog do Farn\u00e9sio"},"image":{"@id":"https:\/\/blogdofarnesio.com.br\/#\/schema\/logo\/image\/"},"sameAs":["https:\/\/www.facebook.com\/BlogQuerSaberPolitica\/"]},{"@type":"Person","@id":"","url":"https:\/\/blogdofarnesio.com.br\/?author=7"}]}},"_links":{"self":[{"href":"https:\/\/blogdofarnesio.com.br\/index.php?rest_route=\/wp\/v2\/posts\/135923","targetHints":{"allow":["GET"]}}],"collection":[{"href":"https:\/\/blogdofarnesio.com.br\/index.php?rest_route=\/wp\/v2\/posts"}],"about":[{"href":"https:\/\/blogdofarnesio.com.br\/index.php?rest_route=\/wp\/v2\/types\/post"}],"author":[{"embeddable":true,"href":"https:\/\/blogdofarnesio.com.br\/index.php?rest_route=\/wp\/v2\/users\/7"}],"replies":[{"embeddable":true,"href":"https:\/\/blogdofarnesio.com.br\/index.php?rest_route=%2Fwp%2Fv2%2Fcomments&post=135923"}],"version-history":[{"count":0,"href":"https:\/\/blogdofarnesio.com.br\/index.php?rest_route=\/wp\/v2\/posts\/135923\/revisions"}],"wp:attachment":[{"href":"https:\/\/blogdofarnesio.com.br\/index.php?rest_route=%2Fwp%2Fv2%2Fmedia&parent=135923"}],"wp:term":[{"taxonomy":"category","embeddable":true,"href":"https:\/\/blogdofarnesio.com.br\/index.php?rest_route=%2Fwp%2Fv2%2Fcategories&post=135923"},{"taxonomy":"post_tag","embeddable":true,"href":"https:\/\/blogdofarnesio.com.br\/index.php?rest_route=%2Fwp%2Fv2%2Ftags&post=135923"}],"curies":[{"name":"wp","href":"https:\/\/api.w.org\/{rel}","templated":true}]}}