{"id":13592,"date":"2012-05-02T17:00:10","date_gmt":"2012-05-02T17:00:10","guid":{"rendered":"http:\/\/www.quersaberpolitica.com.br?p=13592"},"modified":"2012-05-02T13:44:13","modified_gmt":"2012-05-02T13:44:13","slug":"comerciantes-do-centro-de-comercializacao-do-c3-participam-de-reuniao-com-prefeito-lossio","status":"publish","type":"post","link":"https:\/\/blogdofarnesio.com.br\/?p=13592","title":{"rendered":"Comerciantes do Centro de Comercializa\u00e7\u00e3o do C3 participam de reuni\u00e3o com prefeito Lossio"},"content":{"rendered":"<p>&nbsp;<\/p>\n<p style=\"text-align: justify;\"><span style=\"font-size: medium;\"><strong>Comerciantes do Centro de Comercializa&ccedil;&atilde;o do C3 participam de reuni&atilde;o com prefeito Julio Lossio<\/strong><\/span><\/p>\n<p style=\"text-align: justify;\"><span style=\"font-size: medium;\"><a rel=\"lightbox\" href=\"http:\/\/www.quersaberpolitica.com.br\/2016\/wp-content\/uploads\/2012\/12\/blogqspc3.jpg\"><img loading=\"lazy\" decoding=\"async\" style=\"float: left; margin-top: 5px; margin-bottom: 5px; margin-left: 10px; margin-right: 10px;\" src=\"http:\/\/www.quersaberpolitica.com.br\/2016\/wp-content\/uploads\/2012\/12\/blogqspc3.jpg\" alt=\"\" width=\"200\" height=\"150\" \/><\/a><a style=\"font-family: arial, helvetica, sans-serif;\" rel=\"lightbox\" href=\"http:\/\/www.quersaberpolitica.com.br\/2016\/wp-content\/uploads\/2012\/12\/blogqspceapec3_foto_farnesio_silva(7).jpg\"><img loading=\"lazy\" decoding=\"async\" style=\"float: right; margin-top: 5px; margin-bottom: 5px; margin-left: 10px; margin-right: 10px;\" src=\"http:\/\/www.quersaberpolitica.com.br\/2016\/wp-content\/uploads\/2012\/12\/blogqspceapec3_foto_farnesio_silva(7).jpg\" alt=\"\" width=\"200\" height=\"150\" \/><\/a><span style=\"font-size: small;\">Com o intuito de viabilizar o in&iacute;cio das atividades dos comerciantes no Centro de Comercializa&ccedil;&atilde;o dos Produtores do Projeto de Irriga&ccedil;&atilde;o Senador Nilo Coelho Maria Tereza e do Per&iacute;metro Irrigado Bebedouro, localizado no C3, o prefeito Julio Lossio reuniu-se na manh&atilde; de ontem (01) com os permission&aacute;rios que ocupar&atilde;o os boxes.<\/span><\/span><\/p>\n<p style=\"text-align: justify;\"><span style=\"font-size: small;\">A reuni&atilde;o foi uma das primeiras a&ccedil;&otilde;es que alinhar&aacute; o funcionamento do Centro de Comercializa&ccedil;&atilde;o que dever&aacute; ser entregue em breve, beneficiando milhares de pessoas do per&iacute;metro C3 e entorno. O espa&ccedil;o, onde funcionar&atilde;o dois galp&otilde;es, um deles coberto e divido em boxes, recebeu investimento de recursos pr&oacute;prios do munic&iacute;pio e do Governo Estadual.<\/span><\/p>\n<p style=\"text-align: justify;\"><span style=\"font-size: small;\">O Centro vai movimentar a economia local, al&eacute;m de gerar renda externa, atrav&eacute;s de outros setores, como por exemplo, caminhoneiros e comerciantes informais do ramo de alimenta&ccedil;&atilde;o. &#8220;O momento &eacute; de extrema import&acirc;ncia para essa regi&atilde;o que agora contar&aacute; com um espa&ccedil;o para comercializar seus produtos. &Eacute; mais uma forma de seguir no caminho da valoriza&ccedil;&atilde;o da agricultura, dispondo de mecanismos que facilitem esse acesso como ser&aacute; o Centro de Comercializa&ccedil;&atilde;o do C3&#8221;, afirmou o prefeito Julio Lossio sobre a &aacute;rea destinada &agrave; comercializa&ccedil;&atilde;o de frutas produzidas nos per&iacute;metros irrigados do Vale do S&atilde;o Francisco que representa ainda uma nova fronteira econ&ocirc;mica para regi&atilde;o.<\/span><\/p>\n<p style=\"text-align: justify;\">&nbsp;<\/p>\n<p style=\"text-align: justify;\">Com informa&ccedil;&otilde;es da Secom\/PMP<\/p>\n<p>&nbsp;<\/p>\n","protected":false},"excerpt":{"rendered":"<p>&nbsp; Comerciantes do Centro de Comercializa&ccedil;&atilde;o do C3 participam de reuni&atilde;o com prefeito Julio Lossio Com o intuito de viabilizar o in&iacute;cio das atividades dos comerciantes no Centro de Comercializa&ccedil;&atilde;o dos Produtores do Projeto de Irriga&ccedil;&atilde;o Senador Nilo Coelho Maria Tereza e do Per&iacute;metro Irrigado Bebedouro, localizado no C3, o prefeito Julio Lossio reuniu-se na manh&atilde; de ontem (01) com os permission&aacute;rios que ocupar&atilde;o os boxes. A reuni&atilde;o foi uma das primeiras a&ccedil;&otilde;es que alinhar&aacute; o funcionamento do Centro de Comercializa&ccedil;&atilde;o que dever&aacute; ser entregue em breve, beneficiando milhares de pessoas do per&iacute;metro C3 e entorno. O espa&ccedil;o, onde funcionar&atilde;o dois galp&otilde;es, um deles coberto e divido em boxes, recebeu investimento de recursos pr&oacute;prios do munic&iacute;pio e do Governo Estadual.&hellip; <\/p>\n","protected":false},"author":0,"featured_media":0,"comment_status":"open","ping_status":"open","sticky":false,"template":"","format":"standard","meta":{"_acf_changed":false,"footnotes":""},"categories":[13],"tags":[],"class_list":["post-13592","post","type-post","status-publish","format-standard","hentry","category-fruticultura"],"acf":[],"yoast_head":"<!-- This site is optimized with the Yoast SEO plugin v27.4 - https:\/\/yoast.com\/product\/yoast-seo-wordpress\/ -->\n<title>Comerciantes do Centro de Comercializa\u00e7\u00e3o do C3 participam de reuni\u00e3o com prefeito Lossio - Blog do Farn\u00e9sio<\/title>\n<meta name=\"robots\" content=\"index, follow, max-snippet:-1, max-image-preview:large, max-video-preview:-1\" \/>\n<link rel=\"canonical\" href=\"https:\/\/blogdofarnesio.com.br\/?p=13592\" \/>\n<meta property=\"og:locale\" content=\"pt_BR\" \/>\n<meta property=\"og:type\" content=\"article\" \/>\n<meta property=\"og:title\" content=\"Comerciantes do Centro de Comercializa\u00e7\u00e3o do C3 participam de reuni\u00e3o com prefeito Lossio - Blog do Farn\u00e9sio\" \/>\n<meta property=\"og:description\" content=\"&nbsp; Comerciantes do Centro de Comercializa&ccedil;&atilde;o do C3 participam de reuni&atilde;o com prefeito Julio Lossio Com o intuito de viabilizar o in&iacute;cio das atividades dos comerciantes no Centro de Comercializa&ccedil;&atilde;o dos Produtores do Projeto de Irriga&ccedil;&atilde;o Senador Nilo Coelho Maria Tereza e do Per&iacute;metro Irrigado Bebedouro, localizado no C3, o prefeito Julio Lossio reuniu-se na manh&atilde; de ontem (01) com os permission&aacute;rios que ocupar&atilde;o os boxes. A reuni&atilde;o foi uma das primeiras a&ccedil;&otilde;es que alinhar&aacute; o funcionamento do Centro de Comercializa&ccedil;&atilde;o que dever&aacute; ser entregue em breve, beneficiando milhares de pessoas do per&iacute;metro C3 e entorno. O espa&ccedil;o, onde funcionar&atilde;o dois galp&otilde;es, um deles coberto e divido em boxes, recebeu investimento de recursos pr&oacute;prios do munic&iacute;pio e do Governo Estadual.&hellip;\" \/>\n<meta property=\"og:url\" content=\"https:\/\/blogdofarnesio.com.br\/?p=13592\" \/>\n<meta property=\"og:site_name\" content=\"Blog do Farn\u00e9sio\" \/>\n<meta property=\"article:publisher\" content=\"https:\/\/www.facebook.com\/BlogQuerSaberPolitica\/\" \/>\n<meta property=\"article:published_time\" content=\"2012-05-02T17:00:10+00:00\" \/>\n<meta property=\"og:image\" content=\"http:\/\/www.quersaberpolitica.com.br\/2016\/wp-content\/uploads\/2012\/12\/blogqspc3.jpg\" \/>\n<meta name=\"twitter:card\" content=\"summary_large_image\" \/>\n<meta name=\"twitter:label1\" content=\"Est. tempo de leitura\" \/>\n\t<meta name=\"twitter:data1\" content=\"2 minutos\" \/>\n<script type=\"application\/ld+json\" class=\"yoast-schema-graph\">{\"@context\":\"https:\\\/\\\/schema.org\",\"@graph\":[{\"@type\":\"Article\",\"@id\":\"https:\\\/\\\/blogdofarnesio.com.br\\\/?p=13592#article\",\"isPartOf\":{\"@id\":\"https:\\\/\\\/blogdofarnesio.com.br\\\/?p=13592\"},\"author\":{\"name\":\"\",\"@id\":\"\"},\"headline\":\"Comerciantes do Centro de Comercializa\u00e7\u00e3o do C3 participam de reuni\u00e3o com prefeito Lossio\",\"datePublished\":\"2012-05-02T17:00:10+00:00\",\"mainEntityOfPage\":{\"@id\":\"https:\\\/\\\/blogdofarnesio.com.br\\\/?p=13592\"},\"wordCount\":323,\"commentCount\":0,\"publisher\":{\"@id\":\"https:\\\/\\\/blogdofarnesio.com.br\\\/#organization\"},\"image\":{\"@id\":\"https:\\\/\\\/blogdofarnesio.com.br\\\/?p=13592#primaryimage\"},\"thumbnailUrl\":\"http:\\\/\\\/www.quersaberpolitica.com.br\\\/2016\\\/wp-content\\\/uploads\\\/2012\\\/12\\\/blogqspc3.jpg\",\"articleSection\":[\"Fruticultura\"],\"inLanguage\":\"pt-BR\",\"potentialAction\":[{\"@type\":\"CommentAction\",\"name\":\"Comment\",\"target\":[\"https:\\\/\\\/blogdofarnesio.com.br\\\/?p=13592#respond\"]}]},{\"@type\":\"WebPage\",\"@id\":\"https:\\\/\\\/blogdofarnesio.com.br\\\/?p=13592\",\"url\":\"https:\\\/\\\/blogdofarnesio.com.br\\\/?p=13592\",\"name\":\"Comerciantes do Centro de Comercializa\u00e7\u00e3o do C3 participam de reuni\u00e3o com prefeito Lossio - Blog do Farn\u00e9sio\",\"isPartOf\":{\"@id\":\"https:\\\/\\\/blogdofarnesio.com.br\\\/#website\"},\"primaryImageOfPage\":{\"@id\":\"https:\\\/\\\/blogdofarnesio.com.br\\\/?p=13592#primaryimage\"},\"image\":{\"@id\":\"https:\\\/\\\/blogdofarnesio.com.br\\\/?p=13592#primaryimage\"},\"thumbnailUrl\":\"http:\\\/\\\/www.quersaberpolitica.com.br\\\/2016\\\/wp-content\\\/uploads\\\/2012\\\/12\\\/blogqspc3.jpg\",\"datePublished\":\"2012-05-02T17:00:10+00:00\",\"breadcrumb\":{\"@id\":\"https:\\\/\\\/blogdofarnesio.com.br\\\/?p=13592#breadcrumb\"},\"inLanguage\":\"pt-BR\",\"potentialAction\":[{\"@type\":\"ReadAction\",\"target\":[\"https:\\\/\\\/blogdofarnesio.com.br\\\/?p=13592\"]}]},{\"@type\":\"ImageObject\",\"inLanguage\":\"pt-BR\",\"@id\":\"https:\\\/\\\/blogdofarnesio.com.br\\\/?p=13592#primaryimage\",\"url\":\"http:\\\/\\\/www.quersaberpolitica.com.br\\\/2016\\\/wp-content\\\/uploads\\\/2012\\\/12\\\/blogqspc3.jpg\",\"contentUrl\":\"http:\\\/\\\/www.quersaberpolitica.com.br\\\/2016\\\/wp-content\\\/uploads\\\/2012\\\/12\\\/blogqspc3.jpg\"},{\"@type\":\"BreadcrumbList\",\"@id\":\"https:\\\/\\\/blogdofarnesio.com.br\\\/?p=13592#breadcrumb\",\"itemListElement\":[{\"@type\":\"ListItem\",\"position\":1,\"name\":\"In\u00edcio\",\"item\":\"https:\\\/\\\/blogdofarnesio.com.br\\\/\"},{\"@type\":\"ListItem\",\"position\":2,\"name\":\"Comerciantes do Centro de Comercializa\u00e7\u00e3o do C3 participam de reuni\u00e3o com prefeito Lossio\"}]},{\"@type\":\"WebSite\",\"@id\":\"https:\\\/\\\/blogdofarnesio.com.br\\\/#website\",\"url\":\"https:\\\/\\\/blogdofarnesio.com.br\\\/\",\"name\":\"Blog do Farn\u00e9sio\",\"description\":\"Quer Saber Pol\u00edtica?\",\"publisher\":{\"@id\":\"https:\\\/\\\/blogdofarnesio.com.br\\\/#organization\"},\"potentialAction\":[{\"@type\":\"SearchAction\",\"target\":{\"@type\":\"EntryPoint\",\"urlTemplate\":\"https:\\\/\\\/blogdofarnesio.com.br\\\/?s={search_term_string}\"},\"query-input\":{\"@type\":\"PropertyValueSpecification\",\"valueRequired\":true,\"valueName\":\"search_term_string\"}}],\"inLanguage\":\"pt-BR\"},{\"@type\":\"Organization\",\"@id\":\"https:\\\/\\\/blogdofarnesio.com.br\\\/#organization\",\"name\":\"Blog do Farn\u00e9sio\",\"url\":\"https:\\\/\\\/blogdofarnesio.com.br\\\/\",\"logo\":{\"@type\":\"ImageObject\",\"inLanguage\":\"pt-BR\",\"@id\":\"https:\\\/\\\/blogdofarnesio.com.br\\\/#\\\/schema\\\/logo\\\/image\\\/\",\"url\":\"https:\\\/\\\/blogdofarnesio.com.br\\\/wp-content\\\/uploads\\\/2026\\\/03\\\/cropped-logo_new-1.png\",\"contentUrl\":\"https:\\\/\\\/blogdofarnesio.com.br\\\/wp-content\\\/uploads\\\/2026\\\/03\\\/cropped-logo_new-1.png\",\"width\":881,\"height\":685,\"caption\":\"Blog do Farn\u00e9sio\"},\"image\":{\"@id\":\"https:\\\/\\\/blogdofarnesio.com.br\\\/#\\\/schema\\\/logo\\\/image\\\/\"},\"sameAs\":[\"https:\\\/\\\/www.facebook.com\\\/BlogQuerSaberPolitica\\\/\"]}]}<\/script>\n<!-- \/ Yoast SEO plugin. -->","yoast_head_json":{"title":"Comerciantes do Centro de Comercializa\u00e7\u00e3o do C3 participam de reuni\u00e3o com prefeito Lossio - Blog do Farn\u00e9sio","robots":{"index":"index","follow":"follow","max-snippet":"max-snippet:-1","max-image-preview":"max-image-preview:large","max-video-preview":"max-video-preview:-1"},"canonical":"https:\/\/blogdofarnesio.com.br\/?p=13592","og_locale":"pt_BR","og_type":"article","og_title":"Comerciantes do Centro de Comercializa\u00e7\u00e3o do C3 participam de reuni\u00e3o com prefeito Lossio - Blog do Farn\u00e9sio","og_description":"&nbsp; Comerciantes do Centro de Comercializa&ccedil;&atilde;o do C3 participam de reuni&atilde;o com prefeito Julio Lossio Com o intuito de viabilizar o in&iacute;cio das atividades dos comerciantes no Centro de Comercializa&ccedil;&atilde;o dos Produtores do Projeto de Irriga&ccedil;&atilde;o Senador Nilo Coelho Maria Tereza e do Per&iacute;metro Irrigado Bebedouro, localizado no C3, o prefeito Julio Lossio reuniu-se na manh&atilde; de ontem (01) com os permission&aacute;rios que ocupar&atilde;o os boxes. A reuni&atilde;o foi uma das primeiras a&ccedil;&otilde;es que alinhar&aacute; o funcionamento do Centro de Comercializa&ccedil;&atilde;o que dever&aacute; ser entregue em breve, beneficiando milhares de pessoas do per&iacute;metro C3 e entorno. O espa&ccedil;o, onde funcionar&atilde;o dois galp&otilde;es, um deles coberto e divido em boxes, recebeu investimento de recursos pr&oacute;prios do munic&iacute;pio e do Governo Estadual.&hellip;","og_url":"https:\/\/blogdofarnesio.com.br\/?p=13592","og_site_name":"Blog do Farn\u00e9sio","article_publisher":"https:\/\/www.facebook.com\/BlogQuerSaberPolitica\/","article_published_time":"2012-05-02T17:00:10+00:00","og_image":[{"url":"http:\/\/www.quersaberpolitica.com.br\/2016\/wp-content\/uploads\/2012\/12\/blogqspc3.jpg","type":"","width":"","height":""}],"twitter_card":"summary_large_image","twitter_misc":{"Est. tempo de leitura":"2 minutos"},"schema":{"@context":"https:\/\/schema.org","@graph":[{"@type":"Article","@id":"https:\/\/blogdofarnesio.com.br\/?p=13592#article","isPartOf":{"@id":"https:\/\/blogdofarnesio.com.br\/?p=13592"},"author":{"name":"","@id":""},"headline":"Comerciantes do Centro de Comercializa\u00e7\u00e3o do C3 participam de reuni\u00e3o com prefeito Lossio","datePublished":"2012-05-02T17:00:10+00:00","mainEntityOfPage":{"@id":"https:\/\/blogdofarnesio.com.br\/?p=13592"},"wordCount":323,"commentCount":0,"publisher":{"@id":"https:\/\/blogdofarnesio.com.br\/#organization"},"image":{"@id":"https:\/\/blogdofarnesio.com.br\/?p=13592#primaryimage"},"thumbnailUrl":"http:\/\/www.quersaberpolitica.com.br\/2016\/wp-content\/uploads\/2012\/12\/blogqspc3.jpg","articleSection":["Fruticultura"],"inLanguage":"pt-BR","potentialAction":[{"@type":"CommentAction","name":"Comment","target":["https:\/\/blogdofarnesio.com.br\/?p=13592#respond"]}]},{"@type":"WebPage","@id":"https:\/\/blogdofarnesio.com.br\/?p=13592","url":"https:\/\/blogdofarnesio.com.br\/?p=13592","name":"Comerciantes do Centro de Comercializa\u00e7\u00e3o do C3 participam de reuni\u00e3o com prefeito Lossio - Blog do Farn\u00e9sio","isPartOf":{"@id":"https:\/\/blogdofarnesio.com.br\/#website"},"primaryImageOfPage":{"@id":"https:\/\/blogdofarnesio.com.br\/?p=13592#primaryimage"},"image":{"@id":"https:\/\/blogdofarnesio.com.br\/?p=13592#primaryimage"},"thumbnailUrl":"http:\/\/www.quersaberpolitica.com.br\/2016\/wp-content\/uploads\/2012\/12\/blogqspc3.jpg","datePublished":"2012-05-02T17:00:10+00:00","breadcrumb":{"@id":"https:\/\/blogdofarnesio.com.br\/?p=13592#breadcrumb"},"inLanguage":"pt-BR","potentialAction":[{"@type":"ReadAction","target":["https:\/\/blogdofarnesio.com.br\/?p=13592"]}]},{"@type":"ImageObject","inLanguage":"pt-BR","@id":"https:\/\/blogdofarnesio.com.br\/?p=13592#primaryimage","url":"http:\/\/www.quersaberpolitica.com.br\/2016\/wp-content\/uploads\/2012\/12\/blogqspc3.jpg","contentUrl":"http:\/\/www.quersaberpolitica.com.br\/2016\/wp-content\/uploads\/2012\/12\/blogqspc3.jpg"},{"@type":"BreadcrumbList","@id":"https:\/\/blogdofarnesio.com.br\/?p=13592#breadcrumb","itemListElement":[{"@type":"ListItem","position":1,"name":"In\u00edcio","item":"https:\/\/blogdofarnesio.com.br\/"},{"@type":"ListItem","position":2,"name":"Comerciantes do Centro de Comercializa\u00e7\u00e3o do C3 participam de reuni\u00e3o com prefeito Lossio"}]},{"@type":"WebSite","@id":"https:\/\/blogdofarnesio.com.br\/#website","url":"https:\/\/blogdofarnesio.com.br\/","name":"Blog do Farn\u00e9sio","description":"Quer Saber Pol\u00edtica?","publisher":{"@id":"https:\/\/blogdofarnesio.com.br\/#organization"},"potentialAction":[{"@type":"SearchAction","target":{"@type":"EntryPoint","urlTemplate":"https:\/\/blogdofarnesio.com.br\/?s={search_term_string}"},"query-input":{"@type":"PropertyValueSpecification","valueRequired":true,"valueName":"search_term_string"}}],"inLanguage":"pt-BR"},{"@type":"Organization","@id":"https:\/\/blogdofarnesio.com.br\/#organization","name":"Blog do Farn\u00e9sio","url":"https:\/\/blogdofarnesio.com.br\/","logo":{"@type":"ImageObject","inLanguage":"pt-BR","@id":"https:\/\/blogdofarnesio.com.br\/#\/schema\/logo\/image\/","url":"https:\/\/blogdofarnesio.com.br\/wp-content\/uploads\/2026\/03\/cropped-logo_new-1.png","contentUrl":"https:\/\/blogdofarnesio.com.br\/wp-content\/uploads\/2026\/03\/cropped-logo_new-1.png","width":881,"height":685,"caption":"Blog do Farn\u00e9sio"},"image":{"@id":"https:\/\/blogdofarnesio.com.br\/#\/schema\/logo\/image\/"},"sameAs":["https:\/\/www.facebook.com\/BlogQuerSaberPolitica\/"]}]}},"_links":{"self":[{"href":"https:\/\/blogdofarnesio.com.br\/index.php?rest_route=\/wp\/v2\/posts\/13592","targetHints":{"allow":["GET"]}}],"collection":[{"href":"https:\/\/blogdofarnesio.com.br\/index.php?rest_route=\/wp\/v2\/posts"}],"about":[{"href":"https:\/\/blogdofarnesio.com.br\/index.php?rest_route=\/wp\/v2\/types\/post"}],"replies":[{"embeddable":true,"href":"https:\/\/blogdofarnesio.com.br\/index.php?rest_route=%2Fwp%2Fv2%2Fcomments&post=13592"}],"version-history":[{"count":0,"href":"https:\/\/blogdofarnesio.com.br\/index.php?rest_route=\/wp\/v2\/posts\/13592\/revisions"}],"wp:attachment":[{"href":"https:\/\/blogdofarnesio.com.br\/index.php?rest_route=%2Fwp%2Fv2%2Fmedia&parent=13592"}],"wp:term":[{"taxonomy":"category","embeddable":true,"href":"https:\/\/blogdofarnesio.com.br\/index.php?rest_route=%2Fwp%2Fv2%2Fcategories&post=13592"},{"taxonomy":"post_tag","embeddable":true,"href":"https:\/\/blogdofarnesio.com.br\/index.php?rest_route=%2Fwp%2Fv2%2Ftags&post=13592"}],"curies":[{"name":"wp","href":"https:\/\/api.w.org\/{rel}","templated":true}]}}