{"id":135919,"date":"2016-01-15T10:20:26","date_gmt":"2016-01-15T13:20:26","guid":{"rendered":"http:\/\/www.quersaberpolitica.com.br\/?p=135919"},"modified":"2016-01-15T08:01:32","modified_gmt":"2016-01-15T11:01:32","slug":"corpo-de-adolescente-de-15-anos-e-encontrado-no-rio-sao-francisco","status":"publish","type":"post","link":"https:\/\/blogdofarnesio.com.br\/2016\/01\/corpo-de-adolescente-de-15-anos-e-encontrado-no-rio-sao-francisco\/","title":{"rendered":"CORPO DE ADOLESCENTE DE 15 ANOS \u00c9 ENCONTRADO NO RIO S\u00c3O FRANCISCO"},"content":{"rendered":"<figure id=\"attachment_30207\" aria-describedby=\"caption-attachment-30207\" style=\"width: 350px\" class=\"wp-caption aligncenter\"><a href=\"http:\/\/www.quersaberpolitica.com.br\/2016\/wp-content\/uploads\/2013\/03\/blogqspcorpo2.jpg\"><img loading=\"lazy\" decoding=\"async\" class=\" wp-image-30207\" src=\"http:\/\/www.quersaberpolitica.com.br\/2016\/wp-content\/uploads\/2013\/03\/blogqspcorpo2-300x224.jpg\" alt=\"Ilustrativa\" width=\"350\" height=\"261\" \/><\/a><figcaption id=\"caption-attachment-30207\" class=\"wp-caption-text\">Ilustrativa<\/figcaption><\/figure>\n<p style=\"text-align: justify\">O corpo de um adolescente, de 15 anos, foi localizado por volta das 17h no Rio S\u00e3o Francisco na quinta-feira (14). O garoto conhecido como Jakson\u00a0tomava banho nas proximidades da Ilha do Fogo, que fica entre\u00a0Petrolina\u00a0e Juazeiro, na Bahia, quando se afogou.<\/p>\n<p style=\"text-align: justify\">De acordo com o Corpo de Bombeiros, um mergulhador foi encaminhado para localizar a v\u00edtima. O corpo foi encaminhado para o Instituto de Medicina Legal (IML) e somente nesta sexta-feira (15) ser\u00e1 realizada a necr\u00f3psia para confirmar a causa da morte.<\/p>\n","protected":false},"excerpt":{"rendered":"<p>O corpo de um adolescente, de 15 anos, foi localizado por volta das 17h no Rio S\u00e3o Francisco na quinta-feira (14). O garoto conhecido como Jakson\u00a0tomava banho nas proximidades da Ilha do Fogo, que fica entre\u00a0Petrolina\u00a0e Juazeiro, na Bahia, quando se afogou. De acordo com o Corpo de Bombeiros, um mergulhador foi encaminhado para localizar a v\u00edtima. O corpo foi encaminhado para o Instituto de Medicina Legal (IML) e somente nesta sexta-feira (15) ser\u00e1 realizada a necr\u00f3psia para confirmar a causa da morte.<\/p>\n","protected":false},"author":7,"featured_media":0,"comment_status":"open","ping_status":"open","sticky":false,"template":"","format":"standard","meta":{"_acf_changed":false,"footnotes":""},"categories":[9],"tags":[],"class_list":["post-135919","post","type-post","status-publish","format-standard","hentry","category-policia"],"acf":[],"yoast_head":"<!-- This site is optimized with the Yoast SEO plugin v27.5 - https:\/\/yoast.com\/product\/yoast-seo-wordpress\/ -->\n<title>CORPO DE ADOLESCENTE DE 15 ANOS \u00c9 ENCONTRADO NO RIO S\u00c3O FRANCISCO - Blog do Farn\u00e9sio<\/title>\n<meta name=\"robots\" content=\"index, follow, max-snippet:-1, max-image-preview:large, max-video-preview:-1\" \/>\n<link rel=\"canonical\" href=\"https:\/\/blogdofarnesio.com.br\/2016\/01\/corpo-de-adolescente-de-15-anos-e-encontrado-no-rio-sao-francisco\/\" \/>\n<meta property=\"og:locale\" content=\"pt_BR\" \/>\n<meta property=\"og:type\" content=\"article\" \/>\n<meta property=\"og:title\" content=\"CORPO DE ADOLESCENTE DE 15 ANOS \u00c9 ENCONTRADO NO RIO S\u00c3O FRANCISCO - Blog do Farn\u00e9sio\" \/>\n<meta property=\"og:description\" content=\"O corpo de um adolescente, de 15 anos, foi localizado por volta das 17h no Rio S\u00e3o Francisco na quinta-feira (14). O garoto conhecido como Jakson\u00a0tomava banho nas proximidades da Ilha do Fogo, que fica entre\u00a0Petrolina\u00a0e Juazeiro, na Bahia, quando se afogou. De acordo com o Corpo de Bombeiros, um mergulhador foi encaminhado para localizar a v\u00edtima. O corpo foi encaminhado para o Instituto de Medicina Legal (IML) e somente nesta sexta-feira (15) ser\u00e1 realizada a necr\u00f3psia para confirmar a causa da morte.\" \/>\n<meta property=\"og:url\" content=\"https:\/\/blogdofarnesio.com.br\/2016\/01\/corpo-de-adolescente-de-15-anos-e-encontrado-no-rio-sao-francisco\/\" \/>\n<meta property=\"og:site_name\" content=\"Blog do Farn\u00e9sio\" \/>\n<meta property=\"article:publisher\" content=\"https:\/\/www.facebook.com\/BlogQuerSaberPolitica\/\" \/>\n<meta property=\"article:published_time\" content=\"2016-01-15T13:20:26+00:00\" \/>\n<meta property=\"og:image\" content=\"http:\/\/www.quersaberpolitica.com.br\/2016\/wp-content\/uploads\/2013\/03\/blogqspcorpo2-300x224.jpg\" \/>\n<meta name=\"twitter:card\" content=\"summary_large_image\" \/>\n<meta name=\"twitter:label1\" content=\"Escrito por\" \/>\n\t<meta name=\"twitter:data1\" content=\"\" \/>\n<script type=\"application\/ld+json\" class=\"yoast-schema-graph\">{\"@context\":\"https:\\\/\\\/schema.org\",\"@graph\":[{\"@type\":\"Article\",\"@id\":\"https:\\\/\\\/blogdofarnesio.com.br\\\/2016\\\/01\\\/corpo-de-adolescente-de-15-anos-e-encontrado-no-rio-sao-francisco\\\/#article\",\"isPartOf\":{\"@id\":\"https:\\\/\\\/blogdofarnesio.com.br\\\/2016\\\/01\\\/corpo-de-adolescente-de-15-anos-e-encontrado-no-rio-sao-francisco\\\/\"},\"author\":{\"name\":\"\",\"@id\":\"\"},\"headline\":\"CORPO DE ADOLESCENTE DE 15 ANOS \u00c9 ENCONTRADO NO RIO S\u00c3O FRANCISCO\",\"datePublished\":\"2016-01-15T13:20:26+00:00\",\"mainEntityOfPage\":{\"@id\":\"https:\\\/\\\/blogdofarnesio.com.br\\\/2016\\\/01\\\/corpo-de-adolescente-de-15-anos-e-encontrado-no-rio-sao-francisco\\\/\"},\"wordCount\":105,\"commentCount\":0,\"publisher\":{\"@id\":\"https:\\\/\\\/blogdofarnesio.com.br\\\/#organization\"},\"image\":{\"@id\":\"https:\\\/\\\/blogdofarnesio.com.br\\\/2016\\\/01\\\/corpo-de-adolescente-de-15-anos-e-encontrado-no-rio-sao-francisco\\\/#primaryimage\"},\"thumbnailUrl\":\"http:\\\/\\\/www.quersaberpolitica.com.br\\\/2016\\\/wp-content\\\/uploads\\\/2013\\\/03\\\/blogqspcorpo2-300x224.jpg\",\"articleSection\":[\"Pol\u00edcia\"],\"inLanguage\":\"pt-BR\",\"potentialAction\":[{\"@type\":\"CommentAction\",\"name\":\"Comment\",\"target\":[\"https:\\\/\\\/blogdofarnesio.com.br\\\/2016\\\/01\\\/corpo-de-adolescente-de-15-anos-e-encontrado-no-rio-sao-francisco\\\/#respond\"]}]},{\"@type\":\"WebPage\",\"@id\":\"https:\\\/\\\/blogdofarnesio.com.br\\\/2016\\\/01\\\/corpo-de-adolescente-de-15-anos-e-encontrado-no-rio-sao-francisco\\\/\",\"url\":\"https:\\\/\\\/blogdofarnesio.com.br\\\/2016\\\/01\\\/corpo-de-adolescente-de-15-anos-e-encontrado-no-rio-sao-francisco\\\/\",\"name\":\"CORPO DE ADOLESCENTE DE 15 ANOS \u00c9 ENCONTRADO NO RIO S\u00c3O FRANCISCO - Blog do Farn\u00e9sio\",\"isPartOf\":{\"@id\":\"https:\\\/\\\/blogdofarnesio.com.br\\\/#website\"},\"primaryImageOfPage\":{\"@id\":\"https:\\\/\\\/blogdofarnesio.com.br\\\/2016\\\/01\\\/corpo-de-adolescente-de-15-anos-e-encontrado-no-rio-sao-francisco\\\/#primaryimage\"},\"image\":{\"@id\":\"https:\\\/\\\/blogdofarnesio.com.br\\\/2016\\\/01\\\/corpo-de-adolescente-de-15-anos-e-encontrado-no-rio-sao-francisco\\\/#primaryimage\"},\"thumbnailUrl\":\"http:\\\/\\\/www.quersaberpolitica.com.br\\\/2016\\\/wp-content\\\/uploads\\\/2013\\\/03\\\/blogqspcorpo2-300x224.jpg\",\"datePublished\":\"2016-01-15T13:20:26+00:00\",\"breadcrumb\":{\"@id\":\"https:\\\/\\\/blogdofarnesio.com.br\\\/2016\\\/01\\\/corpo-de-adolescente-de-15-anos-e-encontrado-no-rio-sao-francisco\\\/#breadcrumb\"},\"inLanguage\":\"pt-BR\",\"potentialAction\":[{\"@type\":\"ReadAction\",\"target\":[\"https:\\\/\\\/blogdofarnesio.com.br\\\/2016\\\/01\\\/corpo-de-adolescente-de-15-anos-e-encontrado-no-rio-sao-francisco\\\/\"]}]},{\"@type\":\"ImageObject\",\"inLanguage\":\"pt-BR\",\"@id\":\"https:\\\/\\\/blogdofarnesio.com.br\\\/2016\\\/01\\\/corpo-de-adolescente-de-15-anos-e-encontrado-no-rio-sao-francisco\\\/#primaryimage\",\"url\":\"http:\\\/\\\/www.quersaberpolitica.com.br\\\/2016\\\/wp-content\\\/uploads\\\/2013\\\/03\\\/blogqspcorpo2-300x224.jpg\",\"contentUrl\":\"http:\\\/\\\/www.quersaberpolitica.com.br\\\/2016\\\/wp-content\\\/uploads\\\/2013\\\/03\\\/blogqspcorpo2-300x224.jpg\"},{\"@type\":\"BreadcrumbList\",\"@id\":\"https:\\\/\\\/blogdofarnesio.com.br\\\/2016\\\/01\\\/corpo-de-adolescente-de-15-anos-e-encontrado-no-rio-sao-francisco\\\/#breadcrumb\",\"itemListElement\":[{\"@type\":\"ListItem\",\"position\":1,\"name\":\"In\u00edcio\",\"item\":\"https:\\\/\\\/blogdofarnesio.com.br\\\/\"},{\"@type\":\"ListItem\",\"position\":2,\"name\":\"CORPO DE ADOLESCENTE DE 15 ANOS \u00c9 ENCONTRADO NO RIO S\u00c3O FRANCISCO\"}]},{\"@type\":\"WebSite\",\"@id\":\"https:\\\/\\\/blogdofarnesio.com.br\\\/#website\",\"url\":\"https:\\\/\\\/blogdofarnesio.com.br\\\/\",\"name\":\"Blog do Farn\u00e9sio\",\"description\":\"Quer Saber Pol\u00edtica?\",\"publisher\":{\"@id\":\"https:\\\/\\\/blogdofarnesio.com.br\\\/#organization\"},\"potentialAction\":[{\"@type\":\"SearchAction\",\"target\":{\"@type\":\"EntryPoint\",\"urlTemplate\":\"https:\\\/\\\/blogdofarnesio.com.br\\\/?s={search_term_string}\"},\"query-input\":{\"@type\":\"PropertyValueSpecification\",\"valueRequired\":true,\"valueName\":\"search_term_string\"}}],\"inLanguage\":\"pt-BR\"},{\"@type\":\"Organization\",\"@id\":\"https:\\\/\\\/blogdofarnesio.com.br\\\/#organization\",\"name\":\"Blog do Farn\u00e9sio\",\"url\":\"https:\\\/\\\/blogdofarnesio.com.br\\\/\",\"logo\":{\"@type\":\"ImageObject\",\"inLanguage\":\"pt-BR\",\"@id\":\"https:\\\/\\\/blogdofarnesio.com.br\\\/#\\\/schema\\\/logo\\\/image\\\/\",\"url\":\"https:\\\/\\\/blogdofarnesio.com.br\\\/wp-content\\\/uploads\\\/2026\\\/03\\\/cropped-logo_new-1.png\",\"contentUrl\":\"https:\\\/\\\/blogdofarnesio.com.br\\\/wp-content\\\/uploads\\\/2026\\\/03\\\/cropped-logo_new-1.png\",\"width\":881,\"height\":685,\"caption\":\"Blog do Farn\u00e9sio\"},\"image\":{\"@id\":\"https:\\\/\\\/blogdofarnesio.com.br\\\/#\\\/schema\\\/logo\\\/image\\\/\"},\"sameAs\":[\"https:\\\/\\\/www.facebook.com\\\/BlogQuerSaberPolitica\\\/\"]},{\"@type\":\"Person\",\"@id\":\"\",\"url\":\"https:\\\/\\\/blogdofarnesio.com.br\\\/author\\\/\"}]}<\/script>\n<!-- \/ Yoast SEO plugin. -->","yoast_head_json":{"title":"CORPO DE ADOLESCENTE DE 15 ANOS \u00c9 ENCONTRADO NO RIO S\u00c3O FRANCISCO - Blog do Farn\u00e9sio","robots":{"index":"index","follow":"follow","max-snippet":"max-snippet:-1","max-image-preview":"max-image-preview:large","max-video-preview":"max-video-preview:-1"},"canonical":"https:\/\/blogdofarnesio.com.br\/2016\/01\/corpo-de-adolescente-de-15-anos-e-encontrado-no-rio-sao-francisco\/","og_locale":"pt_BR","og_type":"article","og_title":"CORPO DE ADOLESCENTE DE 15 ANOS \u00c9 ENCONTRADO NO RIO S\u00c3O FRANCISCO - Blog do Farn\u00e9sio","og_description":"O corpo de um adolescente, de 15 anos, foi localizado por volta das 17h no Rio S\u00e3o Francisco na quinta-feira (14). O garoto conhecido como Jakson\u00a0tomava banho nas proximidades da Ilha do Fogo, que fica entre\u00a0Petrolina\u00a0e Juazeiro, na Bahia, quando se afogou. De acordo com o Corpo de Bombeiros, um mergulhador foi encaminhado para localizar a v\u00edtima. O corpo foi encaminhado para o Instituto de Medicina Legal (IML) e somente nesta sexta-feira (15) ser\u00e1 realizada a necr\u00f3psia para confirmar a causa da morte.","og_url":"https:\/\/blogdofarnesio.com.br\/2016\/01\/corpo-de-adolescente-de-15-anos-e-encontrado-no-rio-sao-francisco\/","og_site_name":"Blog do Farn\u00e9sio","article_publisher":"https:\/\/www.facebook.com\/BlogQuerSaberPolitica\/","article_published_time":"2016-01-15T13:20:26+00:00","og_image":[{"url":"http:\/\/www.quersaberpolitica.com.br\/2016\/wp-content\/uploads\/2013\/03\/blogqspcorpo2-300x224.jpg","type":"","width":"","height":""}],"twitter_card":"summary_large_image","twitter_misc":{"Escrito por":""},"schema":{"@context":"https:\/\/schema.org","@graph":[{"@type":"Article","@id":"https:\/\/blogdofarnesio.com.br\/2016\/01\/corpo-de-adolescente-de-15-anos-e-encontrado-no-rio-sao-francisco\/#article","isPartOf":{"@id":"https:\/\/blogdofarnesio.com.br\/2016\/01\/corpo-de-adolescente-de-15-anos-e-encontrado-no-rio-sao-francisco\/"},"author":{"name":"","@id":""},"headline":"CORPO DE ADOLESCENTE DE 15 ANOS \u00c9 ENCONTRADO NO RIO S\u00c3O FRANCISCO","datePublished":"2016-01-15T13:20:26+00:00","mainEntityOfPage":{"@id":"https:\/\/blogdofarnesio.com.br\/2016\/01\/corpo-de-adolescente-de-15-anos-e-encontrado-no-rio-sao-francisco\/"},"wordCount":105,"commentCount":0,"publisher":{"@id":"https:\/\/blogdofarnesio.com.br\/#organization"},"image":{"@id":"https:\/\/blogdofarnesio.com.br\/2016\/01\/corpo-de-adolescente-de-15-anos-e-encontrado-no-rio-sao-francisco\/#primaryimage"},"thumbnailUrl":"http:\/\/www.quersaberpolitica.com.br\/2016\/wp-content\/uploads\/2013\/03\/blogqspcorpo2-300x224.jpg","articleSection":["Pol\u00edcia"],"inLanguage":"pt-BR","potentialAction":[{"@type":"CommentAction","name":"Comment","target":["https:\/\/blogdofarnesio.com.br\/2016\/01\/corpo-de-adolescente-de-15-anos-e-encontrado-no-rio-sao-francisco\/#respond"]}]},{"@type":"WebPage","@id":"https:\/\/blogdofarnesio.com.br\/2016\/01\/corpo-de-adolescente-de-15-anos-e-encontrado-no-rio-sao-francisco\/","url":"https:\/\/blogdofarnesio.com.br\/2016\/01\/corpo-de-adolescente-de-15-anos-e-encontrado-no-rio-sao-francisco\/","name":"CORPO DE ADOLESCENTE DE 15 ANOS \u00c9 ENCONTRADO NO RIO S\u00c3O FRANCISCO - Blog do Farn\u00e9sio","isPartOf":{"@id":"https:\/\/blogdofarnesio.com.br\/#website"},"primaryImageOfPage":{"@id":"https:\/\/blogdofarnesio.com.br\/2016\/01\/corpo-de-adolescente-de-15-anos-e-encontrado-no-rio-sao-francisco\/#primaryimage"},"image":{"@id":"https:\/\/blogdofarnesio.com.br\/2016\/01\/corpo-de-adolescente-de-15-anos-e-encontrado-no-rio-sao-francisco\/#primaryimage"},"thumbnailUrl":"http:\/\/www.quersaberpolitica.com.br\/2016\/wp-content\/uploads\/2013\/03\/blogqspcorpo2-300x224.jpg","datePublished":"2016-01-15T13:20:26+00:00","breadcrumb":{"@id":"https:\/\/blogdofarnesio.com.br\/2016\/01\/corpo-de-adolescente-de-15-anos-e-encontrado-no-rio-sao-francisco\/#breadcrumb"},"inLanguage":"pt-BR","potentialAction":[{"@type":"ReadAction","target":["https:\/\/blogdofarnesio.com.br\/2016\/01\/corpo-de-adolescente-de-15-anos-e-encontrado-no-rio-sao-francisco\/"]}]},{"@type":"ImageObject","inLanguage":"pt-BR","@id":"https:\/\/blogdofarnesio.com.br\/2016\/01\/corpo-de-adolescente-de-15-anos-e-encontrado-no-rio-sao-francisco\/#primaryimage","url":"http:\/\/www.quersaberpolitica.com.br\/2016\/wp-content\/uploads\/2013\/03\/blogqspcorpo2-300x224.jpg","contentUrl":"http:\/\/www.quersaberpolitica.com.br\/2016\/wp-content\/uploads\/2013\/03\/blogqspcorpo2-300x224.jpg"},{"@type":"BreadcrumbList","@id":"https:\/\/blogdofarnesio.com.br\/2016\/01\/corpo-de-adolescente-de-15-anos-e-encontrado-no-rio-sao-francisco\/#breadcrumb","itemListElement":[{"@type":"ListItem","position":1,"name":"In\u00edcio","item":"https:\/\/blogdofarnesio.com.br\/"},{"@type":"ListItem","position":2,"name":"CORPO DE ADOLESCENTE DE 15 ANOS \u00c9 ENCONTRADO NO RIO S\u00c3O FRANCISCO"}]},{"@type":"WebSite","@id":"https:\/\/blogdofarnesio.com.br\/#website","url":"https:\/\/blogdofarnesio.com.br\/","name":"Blog do Farn\u00e9sio","description":"Quer Saber Pol\u00edtica?","publisher":{"@id":"https:\/\/blogdofarnesio.com.br\/#organization"},"potentialAction":[{"@type":"SearchAction","target":{"@type":"EntryPoint","urlTemplate":"https:\/\/blogdofarnesio.com.br\/?s={search_term_string}"},"query-input":{"@type":"PropertyValueSpecification","valueRequired":true,"valueName":"search_term_string"}}],"inLanguage":"pt-BR"},{"@type":"Organization","@id":"https:\/\/blogdofarnesio.com.br\/#organization","name":"Blog do Farn\u00e9sio","url":"https:\/\/blogdofarnesio.com.br\/","logo":{"@type":"ImageObject","inLanguage":"pt-BR","@id":"https:\/\/blogdofarnesio.com.br\/#\/schema\/logo\/image\/","url":"https:\/\/blogdofarnesio.com.br\/wp-content\/uploads\/2026\/03\/cropped-logo_new-1.png","contentUrl":"https:\/\/blogdofarnesio.com.br\/wp-content\/uploads\/2026\/03\/cropped-logo_new-1.png","width":881,"height":685,"caption":"Blog do Farn\u00e9sio"},"image":{"@id":"https:\/\/blogdofarnesio.com.br\/#\/schema\/logo\/image\/"},"sameAs":["https:\/\/www.facebook.com\/BlogQuerSaberPolitica\/"]},{"@type":"Person","@id":"","url":"https:\/\/blogdofarnesio.com.br\/author\/"}]}},"_links":{"self":[{"href":"https:\/\/blogdofarnesio.com.br\/wp-json\/wp\/v2\/posts\/135919","targetHints":{"allow":["GET"]}}],"collection":[{"href":"https:\/\/blogdofarnesio.com.br\/wp-json\/wp\/v2\/posts"}],"about":[{"href":"https:\/\/blogdofarnesio.com.br\/wp-json\/wp\/v2\/types\/post"}],"author":[{"embeddable":true,"href":"https:\/\/blogdofarnesio.com.br\/wp-json\/wp\/v2\/users\/7"}],"replies":[{"embeddable":true,"href":"https:\/\/blogdofarnesio.com.br\/wp-json\/wp\/v2\/comments?post=135919"}],"version-history":[{"count":0,"href":"https:\/\/blogdofarnesio.com.br\/wp-json\/wp\/v2\/posts\/135919\/revisions"}],"wp:attachment":[{"href":"https:\/\/blogdofarnesio.com.br\/wp-json\/wp\/v2\/media?parent=135919"}],"wp:term":[{"taxonomy":"category","embeddable":true,"href":"https:\/\/blogdofarnesio.com.br\/wp-json\/wp\/v2\/categories?post=135919"},{"taxonomy":"post_tag","embeddable":true,"href":"https:\/\/blogdofarnesio.com.br\/wp-json\/wp\/v2\/tags?post=135919"}],"curies":[{"name":"wp","href":"https:\/\/api.w.org\/{rel}","templated":true}]}}