{"id":13564,"date":"2012-05-01T21:00:10","date_gmt":"2012-05-01T21:00:10","guid":{"rendered":"http:\/\/www.quersaberpolitica.com.br?p=13564"},"modified":"-0001-11-30T00:00:00","modified_gmt":"-0001-11-30T03:00:00","slug":"i-mostra-de-convivencia-com-o-semiarido-na-uneb","status":"publish","type":"post","link":"https:\/\/blogdofarnesio.com.br\/?p=13564","title":{"rendered":"I Mostra de Conviv\u00eancia com o Semi\u00e1rido na UNEB"},"content":{"rendered":"<p><a style=\"text-align: justify; font-size: medium;\" rel=\"lightbox\" href=\"http:\/\/www.quersaberpolitica.com.br\/2016\/wp-content\/uploads\/2012\/12\/blogfarnesiouneb.jpg\"><img loading=\"lazy\" decoding=\"async\" style=\"float: right; margin-top: 5px; margin-bottom: 5px; margin-left: 10px; margin-right: 10px;\" src=\"http:\/\/www.quersaberpolitica.com.br\/2016\/wp-content\/uploads\/2012\/12\/blogfarnesiouneb.jpg\" alt=\"\" width=\"200\" height=\"125\" \/><\/a><span style=\"text-align: justify; font-size: medium;\">Fotografias, exposi&ccedil;&atilde;o de pain&eacute;is e banners, comidas t&iacute;picas para degusta&ccedil;&atilde;o e venda de artesanatos s&atilde;o algumas das atra&ccedil;&otilde;es da &#8220;I Mostra de novas possibilidades para a Conviv&ecirc;ncia com o Semi&aacute;rido&#8221;, realizada pelos p&oacute;s-graduandos do curso de Especializa&ccedil;&atilde;o em Educa&ccedil;&atilde;o Contextualizada para a Conviv&ecirc;ncia com o Semi&aacute;rido Brasileiro. O evento acontece nessa sexta-feira (04), a partir das 16h, no Canto de Tudo, no Departamento de Ci&ecirc;ncias Humanas (DCH), da Universidade do Estado da Bahia (UNEB), em Juazeiro-BA.<\/span><br style=\"text-align: justify; font-size: medium;\" \/><br style=\"text-align: justify; font-size: medium;\" \/><span style=\"text-align: justify; font-size: medium;\">Essa mostra &eacute; resultado de visitas que foram feitas ao Instituto Regional da Pequena Agropecu&aacute;ria Apropriada (IRPAA), Empraba Semi&aacute;rido, Projeto Canudos e a Cooperativa Agropecu&aacute;ria Familiar de Canudos, Uau&aacute; e Cura&ccedil;a (COOPERCUC), onde os estudantes conheceram novas tecnologias e diversas formas de utilizar o que o Semi&aacute;rido tem a oferecer.<\/span><br style=\"text-align: justify; font-size: medium;\" \/><br style=\"text-align: justify; font-size: medium;\" \/><span style=\"text-align: justify; font-size: medium;\">Uma regi&atilde;o que apesar de sofrer com grandes per&iacute;odos de estiagem, proporciona aos moradores dessa &aacute;rea, diversas possibilidades de economia. O IRPAA, a Embrapa, o Projeto Canudos e a COOPERCUC, v&ecirc;m desenvolvendo pesquisas e m&eacute;todos para melhorar a Conviv&ecirc;ncia com o Semi&aacute;rido, ajudando na economia familiar da popula&ccedil;&atilde;o e principalmente das fam&iacute;lias que dependem da agricultura.<\/span><br style=\"text-align: justify; font-size: medium;\" \/><br style=\"text-align: justify; font-size: medium;\" \/><span style=\"text-align: justify; font-size: medium;\">&#8220;&Eacute; importante constatar de perto essas experi&ecirc;ncias que est&atilde;o sendo desenvolvidas e perceber que elas s&atilde;o poss&iacute;veis e ajudam na agricultura familiar, garantindo qualidade alimentar, gera&ccedil;&atilde;o de renda e fortalecimento da economia&#8221;, relata a p&oacute;s-graduanda do curso de Especializa&ccedil;&atilde;o, Rute Ferreira que tamb&eacute;m participar&aacute; da exposi&ccedil;&atilde;o.<\/span><br style=\"text-align: justify; font-size: medium;\" \/><br style=\"text-align: justify; font-size: medium;\" \/><span style=\"text-align: justify; font-size: medium;\">A &#8220;I Mostra de novas possibilidades para a Conviv&ecirc;ncia com o Semi&aacute;rido&#8221; &eacute; um evento gratuito e aberto ao p&uacute;blico em geral.<\/span><br style=\"text-align: justify; font-size: medium;\" \/><\/p>\n","protected":false},"excerpt":{"rendered":"<p>Fotografias, exposi&ccedil;&atilde;o de pain&eacute;is e banners, comidas t&iacute;picas para degusta&ccedil;&atilde;o e venda de artesanatos s&atilde;o algumas das atra&ccedil;&otilde;es da &#8220;I Mostra de novas possibilidades para a Conviv&ecirc;ncia com o Semi&aacute;rido&#8221;, realizada pelos p&oacute;s-graduandos do curso de Especializa&ccedil;&atilde;o em Educa&ccedil;&atilde;o Contextualizada para a Conviv&ecirc;ncia com o Semi&aacute;rido Brasileiro. O evento acontece nessa sexta-feira (04), a partir das 16h, no Canto de Tudo, no Departamento de Ci&ecirc;ncias Humanas (DCH), da Universidade do Estado da Bahia (UNEB), em Juazeiro-BA.Essa mostra &eacute; resultado de visitas que foram feitas ao Instituto Regional da Pequena Agropecu&aacute;ria Apropriada (IRPAA), Empraba Semi&aacute;rido, Projeto Canudos e a Cooperativa Agropecu&aacute;ria Familiar de Canudos, Uau&aacute; e Cura&ccedil;a (COOPERCUC), onde os estudantes conheceram novas tecnologias e diversas formas de utilizar o que&hellip; <\/p>\n","protected":false},"author":0,"featured_media":0,"comment_status":"open","ping_status":"open","sticky":false,"template":"","format":"standard","meta":{"_acf_changed":false,"footnotes":""},"categories":[5],"tags":[],"class_list":["post-13564","post","type-post","status-publish","format-standard","hentry","category-seguranca"],"acf":[],"yoast_head":"<!-- This site is optimized with the Yoast SEO plugin v27.4 - https:\/\/yoast.com\/product\/yoast-seo-wordpress\/ -->\n<title>I Mostra de Conviv\u00eancia com o Semi\u00e1rido na UNEB  - Blog do Farn\u00e9sio<\/title>\n<meta name=\"robots\" content=\"index, follow, max-snippet:-1, max-image-preview:large, max-video-preview:-1\" \/>\n<link rel=\"canonical\" href=\"https:\/\/blogdofarnesio.com.br\/?p=13564\" \/>\n<meta property=\"og:locale\" content=\"pt_BR\" \/>\n<meta property=\"og:type\" content=\"article\" \/>\n<meta property=\"og:title\" content=\"I Mostra de Conviv\u00eancia com o Semi\u00e1rido na UNEB  - Blog do Farn\u00e9sio\" \/>\n<meta property=\"og:description\" content=\"Fotografias, exposi&ccedil;&atilde;o de pain&eacute;is e banners, comidas t&iacute;picas para degusta&ccedil;&atilde;o e venda de artesanatos s&atilde;o algumas das atra&ccedil;&otilde;es da &#8220;I Mostra de novas possibilidades para a Conviv&ecirc;ncia com o Semi&aacute;rido&#8221;, realizada pelos p&oacute;s-graduandos do curso de Especializa&ccedil;&atilde;o em Educa&ccedil;&atilde;o Contextualizada para a Conviv&ecirc;ncia com o Semi&aacute;rido Brasileiro. O evento acontece nessa sexta-feira (04), a partir das 16h, no Canto de Tudo, no Departamento de Ci&ecirc;ncias Humanas (DCH), da Universidade do Estado da Bahia (UNEB), em Juazeiro-BA.Essa mostra &eacute; resultado de visitas que foram feitas ao Instituto Regional da Pequena Agropecu&aacute;ria Apropriada (IRPAA), Empraba Semi&aacute;rido, Projeto Canudos e a Cooperativa Agropecu&aacute;ria Familiar de Canudos, Uau&aacute; e Cura&ccedil;a (COOPERCUC), onde os estudantes conheceram novas tecnologias e diversas formas de utilizar o que&hellip;\" \/>\n<meta property=\"og:url\" content=\"https:\/\/blogdofarnesio.com.br\/?p=13564\" \/>\n<meta property=\"og:site_name\" content=\"Blog do Farn\u00e9sio\" \/>\n<meta property=\"article:publisher\" content=\"https:\/\/www.facebook.com\/BlogQuerSaberPolitica\/\" \/>\n<meta property=\"article:published_time\" content=\"2012-05-01T21:00:10+00:00\" \/>\n<meta property=\"og:image\" content=\"http:\/\/www.quersaberpolitica.com.br\/2016\/wp-content\/uploads\/2012\/12\/blogfarnesiouneb.jpg\" \/>\n<meta name=\"twitter:card\" content=\"summary_large_image\" \/>\n<meta name=\"twitter:label1\" content=\"Est. tempo de leitura\" \/>\n\t<meta name=\"twitter:data1\" content=\"2 minutos\" \/>\n<script type=\"application\/ld+json\" class=\"yoast-schema-graph\">{\"@context\":\"https:\\\/\\\/schema.org\",\"@graph\":[{\"@type\":\"Article\",\"@id\":\"https:\\\/\\\/blogdofarnesio.com.br\\\/?p=13564#article\",\"isPartOf\":{\"@id\":\"https:\\\/\\\/blogdofarnesio.com.br\\\/?p=13564\"},\"author\":{\"name\":\"\",\"@id\":\"\"},\"headline\":\"I Mostra de Conviv\u00eancia com o Semi\u00e1rido na UNEB\",\"datePublished\":\"2012-05-01T21:00:10+00:00\",\"mainEntityOfPage\":{\"@id\":\"https:\\\/\\\/blogdofarnesio.com.br\\\/?p=13564\"},\"wordCount\":350,\"commentCount\":0,\"publisher\":{\"@id\":\"https:\\\/\\\/blogdofarnesio.com.br\\\/#organization\"},\"image\":{\"@id\":\"https:\\\/\\\/blogdofarnesio.com.br\\\/?p=13564#primaryimage\"},\"thumbnailUrl\":\"http:\\\/\\\/www.quersaberpolitica.com.br\\\/2016\\\/wp-content\\\/uploads\\\/2012\\\/12\\\/blogfarnesiouneb.jpg\",\"articleSection\":[\"Seguran\u00e7a\"],\"inLanguage\":\"pt-BR\",\"potentialAction\":[{\"@type\":\"CommentAction\",\"name\":\"Comment\",\"target\":[\"https:\\\/\\\/blogdofarnesio.com.br\\\/?p=13564#respond\"]}]},{\"@type\":\"WebPage\",\"@id\":\"https:\\\/\\\/blogdofarnesio.com.br\\\/?p=13564\",\"url\":\"https:\\\/\\\/blogdofarnesio.com.br\\\/?p=13564\",\"name\":\"I Mostra de Conviv\u00eancia com o Semi\u00e1rido na UNEB - Blog do Farn\u00e9sio\",\"isPartOf\":{\"@id\":\"https:\\\/\\\/blogdofarnesio.com.br\\\/#website\"},\"primaryImageOfPage\":{\"@id\":\"https:\\\/\\\/blogdofarnesio.com.br\\\/?p=13564#primaryimage\"},\"image\":{\"@id\":\"https:\\\/\\\/blogdofarnesio.com.br\\\/?p=13564#primaryimage\"},\"thumbnailUrl\":\"http:\\\/\\\/www.quersaberpolitica.com.br\\\/2016\\\/wp-content\\\/uploads\\\/2012\\\/12\\\/blogfarnesiouneb.jpg\",\"datePublished\":\"2012-05-01T21:00:10+00:00\",\"breadcrumb\":{\"@id\":\"https:\\\/\\\/blogdofarnesio.com.br\\\/?p=13564#breadcrumb\"},\"inLanguage\":\"pt-BR\",\"potentialAction\":[{\"@type\":\"ReadAction\",\"target\":[\"https:\\\/\\\/blogdofarnesio.com.br\\\/?p=13564\"]}]},{\"@type\":\"ImageObject\",\"inLanguage\":\"pt-BR\",\"@id\":\"https:\\\/\\\/blogdofarnesio.com.br\\\/?p=13564#primaryimage\",\"url\":\"http:\\\/\\\/www.quersaberpolitica.com.br\\\/2016\\\/wp-content\\\/uploads\\\/2012\\\/12\\\/blogfarnesiouneb.jpg\",\"contentUrl\":\"http:\\\/\\\/www.quersaberpolitica.com.br\\\/2016\\\/wp-content\\\/uploads\\\/2012\\\/12\\\/blogfarnesiouneb.jpg\"},{\"@type\":\"BreadcrumbList\",\"@id\":\"https:\\\/\\\/blogdofarnesio.com.br\\\/?p=13564#breadcrumb\",\"itemListElement\":[{\"@type\":\"ListItem\",\"position\":1,\"name\":\"In\u00edcio\",\"item\":\"https:\\\/\\\/blogdofarnesio.com.br\\\/\"},{\"@type\":\"ListItem\",\"position\":2,\"name\":\"I Mostra de Conviv\u00eancia com o Semi\u00e1rido na UNEB\"}]},{\"@type\":\"WebSite\",\"@id\":\"https:\\\/\\\/blogdofarnesio.com.br\\\/#website\",\"url\":\"https:\\\/\\\/blogdofarnesio.com.br\\\/\",\"name\":\"Blog do Farn\u00e9sio\",\"description\":\"Quer Saber Pol\u00edtica?\",\"publisher\":{\"@id\":\"https:\\\/\\\/blogdofarnesio.com.br\\\/#organization\"},\"potentialAction\":[{\"@type\":\"SearchAction\",\"target\":{\"@type\":\"EntryPoint\",\"urlTemplate\":\"https:\\\/\\\/blogdofarnesio.com.br\\\/?s={search_term_string}\"},\"query-input\":{\"@type\":\"PropertyValueSpecification\",\"valueRequired\":true,\"valueName\":\"search_term_string\"}}],\"inLanguage\":\"pt-BR\"},{\"@type\":\"Organization\",\"@id\":\"https:\\\/\\\/blogdofarnesio.com.br\\\/#organization\",\"name\":\"Blog do Farn\u00e9sio\",\"url\":\"https:\\\/\\\/blogdofarnesio.com.br\\\/\",\"logo\":{\"@type\":\"ImageObject\",\"inLanguage\":\"pt-BR\",\"@id\":\"https:\\\/\\\/blogdofarnesio.com.br\\\/#\\\/schema\\\/logo\\\/image\\\/\",\"url\":\"https:\\\/\\\/blogdofarnesio.com.br\\\/wp-content\\\/uploads\\\/2026\\\/03\\\/cropped-logo_new-1.png\",\"contentUrl\":\"https:\\\/\\\/blogdofarnesio.com.br\\\/wp-content\\\/uploads\\\/2026\\\/03\\\/cropped-logo_new-1.png\",\"width\":881,\"height\":685,\"caption\":\"Blog do Farn\u00e9sio\"},\"image\":{\"@id\":\"https:\\\/\\\/blogdofarnesio.com.br\\\/#\\\/schema\\\/logo\\\/image\\\/\"},\"sameAs\":[\"https:\\\/\\\/www.facebook.com\\\/BlogQuerSaberPolitica\\\/\"]}]}<\/script>\n<!-- \/ Yoast SEO plugin. -->","yoast_head_json":{"title":"I Mostra de Conviv\u00eancia com o Semi\u00e1rido na UNEB  - Blog do Farn\u00e9sio","robots":{"index":"index","follow":"follow","max-snippet":"max-snippet:-1","max-image-preview":"max-image-preview:large","max-video-preview":"max-video-preview:-1"},"canonical":"https:\/\/blogdofarnesio.com.br\/?p=13564","og_locale":"pt_BR","og_type":"article","og_title":"I Mostra de Conviv\u00eancia com o Semi\u00e1rido na UNEB  - Blog do Farn\u00e9sio","og_description":"Fotografias, exposi&ccedil;&atilde;o de pain&eacute;is e banners, comidas t&iacute;picas para degusta&ccedil;&atilde;o e venda de artesanatos s&atilde;o algumas das atra&ccedil;&otilde;es da &#8220;I Mostra de novas possibilidades para a Conviv&ecirc;ncia com o Semi&aacute;rido&#8221;, realizada pelos p&oacute;s-graduandos do curso de Especializa&ccedil;&atilde;o em Educa&ccedil;&atilde;o Contextualizada para a Conviv&ecirc;ncia com o Semi&aacute;rido Brasileiro. O evento acontece nessa sexta-feira (04), a partir das 16h, no Canto de Tudo, no Departamento de Ci&ecirc;ncias Humanas (DCH), da Universidade do Estado da Bahia (UNEB), em Juazeiro-BA.Essa mostra &eacute; resultado de visitas que foram feitas ao Instituto Regional da Pequena Agropecu&aacute;ria Apropriada (IRPAA), Empraba Semi&aacute;rido, Projeto Canudos e a Cooperativa Agropecu&aacute;ria Familiar de Canudos, Uau&aacute; e Cura&ccedil;a (COOPERCUC), onde os estudantes conheceram novas tecnologias e diversas formas de utilizar o que&hellip;","og_url":"https:\/\/blogdofarnesio.com.br\/?p=13564","og_site_name":"Blog do Farn\u00e9sio","article_publisher":"https:\/\/www.facebook.com\/BlogQuerSaberPolitica\/","article_published_time":"2012-05-01T21:00:10+00:00","og_image":[{"url":"http:\/\/www.quersaberpolitica.com.br\/2016\/wp-content\/uploads\/2012\/12\/blogfarnesiouneb.jpg","type":"","width":"","height":""}],"twitter_card":"summary_large_image","twitter_misc":{"Est. tempo de leitura":"2 minutos"},"schema":{"@context":"https:\/\/schema.org","@graph":[{"@type":"Article","@id":"https:\/\/blogdofarnesio.com.br\/?p=13564#article","isPartOf":{"@id":"https:\/\/blogdofarnesio.com.br\/?p=13564"},"author":{"name":"","@id":""},"headline":"I Mostra de Conviv\u00eancia com o Semi\u00e1rido na UNEB","datePublished":"2012-05-01T21:00:10+00:00","mainEntityOfPage":{"@id":"https:\/\/blogdofarnesio.com.br\/?p=13564"},"wordCount":350,"commentCount":0,"publisher":{"@id":"https:\/\/blogdofarnesio.com.br\/#organization"},"image":{"@id":"https:\/\/blogdofarnesio.com.br\/?p=13564#primaryimage"},"thumbnailUrl":"http:\/\/www.quersaberpolitica.com.br\/2016\/wp-content\/uploads\/2012\/12\/blogfarnesiouneb.jpg","articleSection":["Seguran\u00e7a"],"inLanguage":"pt-BR","potentialAction":[{"@type":"CommentAction","name":"Comment","target":["https:\/\/blogdofarnesio.com.br\/?p=13564#respond"]}]},{"@type":"WebPage","@id":"https:\/\/blogdofarnesio.com.br\/?p=13564","url":"https:\/\/blogdofarnesio.com.br\/?p=13564","name":"I Mostra de Conviv\u00eancia com o Semi\u00e1rido na UNEB - Blog do Farn\u00e9sio","isPartOf":{"@id":"https:\/\/blogdofarnesio.com.br\/#website"},"primaryImageOfPage":{"@id":"https:\/\/blogdofarnesio.com.br\/?p=13564#primaryimage"},"image":{"@id":"https:\/\/blogdofarnesio.com.br\/?p=13564#primaryimage"},"thumbnailUrl":"http:\/\/www.quersaberpolitica.com.br\/2016\/wp-content\/uploads\/2012\/12\/blogfarnesiouneb.jpg","datePublished":"2012-05-01T21:00:10+00:00","breadcrumb":{"@id":"https:\/\/blogdofarnesio.com.br\/?p=13564#breadcrumb"},"inLanguage":"pt-BR","potentialAction":[{"@type":"ReadAction","target":["https:\/\/blogdofarnesio.com.br\/?p=13564"]}]},{"@type":"ImageObject","inLanguage":"pt-BR","@id":"https:\/\/blogdofarnesio.com.br\/?p=13564#primaryimage","url":"http:\/\/www.quersaberpolitica.com.br\/2016\/wp-content\/uploads\/2012\/12\/blogfarnesiouneb.jpg","contentUrl":"http:\/\/www.quersaberpolitica.com.br\/2016\/wp-content\/uploads\/2012\/12\/blogfarnesiouneb.jpg"},{"@type":"BreadcrumbList","@id":"https:\/\/blogdofarnesio.com.br\/?p=13564#breadcrumb","itemListElement":[{"@type":"ListItem","position":1,"name":"In\u00edcio","item":"https:\/\/blogdofarnesio.com.br\/"},{"@type":"ListItem","position":2,"name":"I Mostra de Conviv\u00eancia com o Semi\u00e1rido na UNEB"}]},{"@type":"WebSite","@id":"https:\/\/blogdofarnesio.com.br\/#website","url":"https:\/\/blogdofarnesio.com.br\/","name":"Blog do Farn\u00e9sio","description":"Quer Saber Pol\u00edtica?","publisher":{"@id":"https:\/\/blogdofarnesio.com.br\/#organization"},"potentialAction":[{"@type":"SearchAction","target":{"@type":"EntryPoint","urlTemplate":"https:\/\/blogdofarnesio.com.br\/?s={search_term_string}"},"query-input":{"@type":"PropertyValueSpecification","valueRequired":true,"valueName":"search_term_string"}}],"inLanguage":"pt-BR"},{"@type":"Organization","@id":"https:\/\/blogdofarnesio.com.br\/#organization","name":"Blog do Farn\u00e9sio","url":"https:\/\/blogdofarnesio.com.br\/","logo":{"@type":"ImageObject","inLanguage":"pt-BR","@id":"https:\/\/blogdofarnesio.com.br\/#\/schema\/logo\/image\/","url":"https:\/\/blogdofarnesio.com.br\/wp-content\/uploads\/2026\/03\/cropped-logo_new-1.png","contentUrl":"https:\/\/blogdofarnesio.com.br\/wp-content\/uploads\/2026\/03\/cropped-logo_new-1.png","width":881,"height":685,"caption":"Blog do Farn\u00e9sio"},"image":{"@id":"https:\/\/blogdofarnesio.com.br\/#\/schema\/logo\/image\/"},"sameAs":["https:\/\/www.facebook.com\/BlogQuerSaberPolitica\/"]}]}},"_links":{"self":[{"href":"https:\/\/blogdofarnesio.com.br\/index.php?rest_route=\/wp\/v2\/posts\/13564","targetHints":{"allow":["GET"]}}],"collection":[{"href":"https:\/\/blogdofarnesio.com.br\/index.php?rest_route=\/wp\/v2\/posts"}],"about":[{"href":"https:\/\/blogdofarnesio.com.br\/index.php?rest_route=\/wp\/v2\/types\/post"}],"replies":[{"embeddable":true,"href":"https:\/\/blogdofarnesio.com.br\/index.php?rest_route=%2Fwp%2Fv2%2Fcomments&post=13564"}],"version-history":[{"count":0,"href":"https:\/\/blogdofarnesio.com.br\/index.php?rest_route=\/wp\/v2\/posts\/13564\/revisions"}],"wp:attachment":[{"href":"https:\/\/blogdofarnesio.com.br\/index.php?rest_route=%2Fwp%2Fv2%2Fmedia&parent=13564"}],"wp:term":[{"taxonomy":"category","embeddable":true,"href":"https:\/\/blogdofarnesio.com.br\/index.php?rest_route=%2Fwp%2Fv2%2Fcategories&post=13564"},{"taxonomy":"post_tag","embeddable":true,"href":"https:\/\/blogdofarnesio.com.br\/index.php?rest_route=%2Fwp%2Fv2%2Ftags&post=13564"}],"curies":[{"name":"wp","href":"https:\/\/api.w.org\/{rel}","templated":true}]}}