{"id":135425,"date":"2016-01-05T10:20:35","date_gmt":"2016-01-05T13:20:35","guid":{"rendered":"http:\/\/www.quersaberpolitica.com.br\/?p=135425"},"modified":"2016-01-05T07:53:23","modified_gmt":"2016-01-05T10:53:23","slug":"suspeito-de-roubar-bode-e-preso-no-bairro-kidezinho-em-juazeiro","status":"publish","type":"post","link":"https:\/\/blogdofarnesio.com.br\/?p=135425","title":{"rendered":"SUSPEITO DE ROUBAR BODE \u00c9 PRESO NO BAIRRO KIDEZINHO, EM JUAZEIRO"},"content":{"rendered":"<p style=\"text-align: justify\"><a href=\"http:\/\/www.quersaberpolitica.com.br\/2016\/wp-content\/uploads\/2016\/01\/blogqsp-suspeitoderoubarbode.jpg\"><img loading=\"lazy\" decoding=\"async\" class=\" size-medium wp-image-135426 aligncenter\" src=\"http:\/\/www.quersaberpolitica.com.br\/2016\/wp-content\/uploads\/2016\/01\/blogqsp-suspeitoderoubarbode-300x300.jpg\" alt=\"blogqsp-suspeitoderoubarbode\" width=\"300\" height=\"300\" srcset=\"https:\/\/blogdofarnesio.com.br\/wp-content\/uploads\/2016\/01\/blogqsp-suspeitoderoubarbode-300x300.jpg 300w, https:\/\/blogdofarnesio.com.br\/wp-content\/uploads\/2016\/01\/blogqsp-suspeitoderoubarbode-150x150.jpg 150w, https:\/\/blogdofarnesio.com.br\/wp-content\/uploads\/2016\/01\/blogqsp-suspeitoderoubarbode.jpg 336w\" sizes=\"auto, (max-width: 300px) 100vw, 300px\" \/><\/a><\/p>\n<p style=\"text-align: justify\">Foi preso na tarde de ontem (04), \u00a0Willian Souza Nunes, sob suspeita de roubar 15 cabe\u00e7as de bode. Com ele,\u00a0tamb\u00e9m foi encontrado um veiculo Ford Focus prata placa JSU\u00a00520 S\u00e3o Paulo ap\u00f3s consulta no infoseg, verificou-se que o ve\u00edculo tinha restri\u00e7\u00e3o de furto roubo e a placa original \u00e9 JSZ 1538 Salvador.<\/p>\n<p style=\"text-align: justify\">Segundo informa\u00e7\u00f5es da pol\u00edcia, William estava abatendo os animais h\u00e1 30 ou 40 km de Petrolina e\u00a0estava guardando os animais numa ro\u00e7a no bairro Kidezinho em Juazeiro.<\/p>\n<p style=\"text-align: justify\"><em>Com informa\u00e7\u00f5es Grupo Vale em Foco<\/em><\/p>\n<div id=\"shr_canvas2\" class=\"shareaholic-canvas shareaholic-ui shareaholic-resolved-canvas ng-scope\"><\/div>\n<div id=\"jp-relatedposts\" class=\"jp-relatedposts\"><\/div>\n","protected":false},"excerpt":{"rendered":"<p>Foi preso na tarde de ontem (04), \u00a0Willian Souza Nunes, sob suspeita de roubar 15 cabe\u00e7as de bode. Com ele,\u00a0tamb\u00e9m foi encontrado um veiculo Ford Focus prata placa JSU\u00a00520 S\u00e3o Paulo ap\u00f3s consulta no infoseg, verificou-se que o ve\u00edculo tinha restri\u00e7\u00e3o de furto roubo e a placa original \u00e9 JSZ 1538 Salvador. Segundo informa\u00e7\u00f5es da pol\u00edcia, William estava abatendo os animais h\u00e1 30 ou 40 km de Petrolina e\u00a0estava guardando os animais numa ro\u00e7a no bairro Kidezinho em Juazeiro. Com informa\u00e7\u00f5es Grupo Vale em Foco<\/p>\n","protected":false},"author":7,"featured_media":0,"comment_status":"open","ping_status":"open","sticky":false,"template":"","format":"standard","meta":{"_acf_changed":false,"footnotes":""},"categories":[44],"tags":[],"class_list":["post-135425","post","type-post","status-publish","format-standard","hentry","category-administracao"],"acf":[],"yoast_head":"<!-- This site is optimized with the Yoast SEO plugin v27.4 - https:\/\/yoast.com\/product\/yoast-seo-wordpress\/ -->\n<title>SUSPEITO DE ROUBAR BODE \u00c9 PRESO NO BAIRRO KIDEZINHO, EM JUAZEIRO - Blog do Farn\u00e9sio<\/title>\n<meta name=\"robots\" content=\"index, follow, max-snippet:-1, max-image-preview:large, max-video-preview:-1\" \/>\n<link rel=\"canonical\" href=\"https:\/\/blogdofarnesio.com.br\/?p=135425\" \/>\n<meta property=\"og:locale\" content=\"pt_BR\" \/>\n<meta property=\"og:type\" content=\"article\" \/>\n<meta property=\"og:title\" content=\"SUSPEITO DE ROUBAR BODE \u00c9 PRESO NO BAIRRO KIDEZINHO, EM JUAZEIRO - Blog do Farn\u00e9sio\" \/>\n<meta property=\"og:description\" content=\"Foi preso na tarde de ontem (04), \u00a0Willian Souza Nunes, sob suspeita de roubar 15 cabe\u00e7as de bode. Com ele,\u00a0tamb\u00e9m foi encontrado um veiculo Ford Focus prata placa JSU\u00a00520 S\u00e3o Paulo ap\u00f3s consulta no infoseg, verificou-se que o ve\u00edculo tinha restri\u00e7\u00e3o de furto roubo e a placa original \u00e9 JSZ 1538 Salvador. Segundo informa\u00e7\u00f5es da pol\u00edcia, William estava abatendo os animais h\u00e1 30 ou 40 km de Petrolina e\u00a0estava guardando os animais numa ro\u00e7a no bairro Kidezinho em Juazeiro. Com informa\u00e7\u00f5es Grupo Vale em Foco\" \/>\n<meta property=\"og:url\" content=\"https:\/\/blogdofarnesio.com.br\/?p=135425\" \/>\n<meta property=\"og:site_name\" content=\"Blog do Farn\u00e9sio\" \/>\n<meta property=\"article:publisher\" content=\"https:\/\/www.facebook.com\/BlogQuerSaberPolitica\/\" \/>\n<meta property=\"article:published_time\" content=\"2016-01-05T13:20:35+00:00\" \/>\n<meta property=\"og:image\" content=\"http:\/\/www.quersaberpolitica.com.br\/2016\/wp-content\/uploads\/2016\/01\/blogqsp-suspeitoderoubarbode-300x300.jpg\" \/>\n<meta name=\"twitter:card\" content=\"summary_large_image\" \/>\n<meta name=\"twitter:label1\" content=\"Escrito por\" \/>\n\t<meta name=\"twitter:data1\" content=\"\" \/>\n<script type=\"application\/ld+json\" class=\"yoast-schema-graph\">{\"@context\":\"https:\\\/\\\/schema.org\",\"@graph\":[{\"@type\":\"Article\",\"@id\":\"https:\\\/\\\/blogdofarnesio.com.br\\\/?p=135425#article\",\"isPartOf\":{\"@id\":\"https:\\\/\\\/blogdofarnesio.com.br\\\/?p=135425\"},\"author\":{\"name\":\"\",\"@id\":\"\"},\"headline\":\"SUSPEITO DE ROUBAR BODE \u00c9 PRESO NO BAIRRO KIDEZINHO, EM JUAZEIRO\",\"datePublished\":\"2016-01-05T13:20:35+00:00\",\"mainEntityOfPage\":{\"@id\":\"https:\\\/\\\/blogdofarnesio.com.br\\\/?p=135425\"},\"wordCount\":101,\"commentCount\":0,\"publisher\":{\"@id\":\"https:\\\/\\\/blogdofarnesio.com.br\\\/#organization\"},\"image\":{\"@id\":\"https:\\\/\\\/blogdofarnesio.com.br\\\/?p=135425#primaryimage\"},\"thumbnailUrl\":\"http:\\\/\\\/www.quersaberpolitica.com.br\\\/2016\\\/wp-content\\\/uploads\\\/2016\\\/01\\\/blogqsp-suspeitoderoubarbode-300x300.jpg\",\"articleSection\":[\"Administra\u00e7\u00e3o\"],\"inLanguage\":\"pt-BR\",\"potentialAction\":[{\"@type\":\"CommentAction\",\"name\":\"Comment\",\"target\":[\"https:\\\/\\\/blogdofarnesio.com.br\\\/?p=135425#respond\"]}]},{\"@type\":\"WebPage\",\"@id\":\"https:\\\/\\\/blogdofarnesio.com.br\\\/?p=135425\",\"url\":\"https:\\\/\\\/blogdofarnesio.com.br\\\/?p=135425\",\"name\":\"SUSPEITO DE ROUBAR BODE \u00c9 PRESO NO BAIRRO KIDEZINHO, EM JUAZEIRO - Blog do Farn\u00e9sio\",\"isPartOf\":{\"@id\":\"https:\\\/\\\/blogdofarnesio.com.br\\\/#website\"},\"primaryImageOfPage\":{\"@id\":\"https:\\\/\\\/blogdofarnesio.com.br\\\/?p=135425#primaryimage\"},\"image\":{\"@id\":\"https:\\\/\\\/blogdofarnesio.com.br\\\/?p=135425#primaryimage\"},\"thumbnailUrl\":\"http:\\\/\\\/www.quersaberpolitica.com.br\\\/2016\\\/wp-content\\\/uploads\\\/2016\\\/01\\\/blogqsp-suspeitoderoubarbode-300x300.jpg\",\"datePublished\":\"2016-01-05T13:20:35+00:00\",\"breadcrumb\":{\"@id\":\"https:\\\/\\\/blogdofarnesio.com.br\\\/?p=135425#breadcrumb\"},\"inLanguage\":\"pt-BR\",\"potentialAction\":[{\"@type\":\"ReadAction\",\"target\":[\"https:\\\/\\\/blogdofarnesio.com.br\\\/?p=135425\"]}]},{\"@type\":\"ImageObject\",\"inLanguage\":\"pt-BR\",\"@id\":\"https:\\\/\\\/blogdofarnesio.com.br\\\/?p=135425#primaryimage\",\"url\":\"http:\\\/\\\/www.quersaberpolitica.com.br\\\/2016\\\/wp-content\\\/uploads\\\/2016\\\/01\\\/blogqsp-suspeitoderoubarbode-300x300.jpg\",\"contentUrl\":\"http:\\\/\\\/www.quersaberpolitica.com.br\\\/2016\\\/wp-content\\\/uploads\\\/2016\\\/01\\\/blogqsp-suspeitoderoubarbode-300x300.jpg\"},{\"@type\":\"BreadcrumbList\",\"@id\":\"https:\\\/\\\/blogdofarnesio.com.br\\\/?p=135425#breadcrumb\",\"itemListElement\":[{\"@type\":\"ListItem\",\"position\":1,\"name\":\"In\u00edcio\",\"item\":\"https:\\\/\\\/blogdofarnesio.com.br\\\/\"},{\"@type\":\"ListItem\",\"position\":2,\"name\":\"SUSPEITO DE ROUBAR BODE \u00c9 PRESO NO BAIRRO KIDEZINHO, EM JUAZEIRO\"}]},{\"@type\":\"WebSite\",\"@id\":\"https:\\\/\\\/blogdofarnesio.com.br\\\/#website\",\"url\":\"https:\\\/\\\/blogdofarnesio.com.br\\\/\",\"name\":\"Blog do Farn\u00e9sio\",\"description\":\"Quer Saber Pol\u00edtica?\",\"publisher\":{\"@id\":\"https:\\\/\\\/blogdofarnesio.com.br\\\/#organization\"},\"potentialAction\":[{\"@type\":\"SearchAction\",\"target\":{\"@type\":\"EntryPoint\",\"urlTemplate\":\"https:\\\/\\\/blogdofarnesio.com.br\\\/?s={search_term_string}\"},\"query-input\":{\"@type\":\"PropertyValueSpecification\",\"valueRequired\":true,\"valueName\":\"search_term_string\"}}],\"inLanguage\":\"pt-BR\"},{\"@type\":\"Organization\",\"@id\":\"https:\\\/\\\/blogdofarnesio.com.br\\\/#organization\",\"name\":\"Blog do Farn\u00e9sio\",\"url\":\"https:\\\/\\\/blogdofarnesio.com.br\\\/\",\"logo\":{\"@type\":\"ImageObject\",\"inLanguage\":\"pt-BR\",\"@id\":\"https:\\\/\\\/blogdofarnesio.com.br\\\/#\\\/schema\\\/logo\\\/image\\\/\",\"url\":\"https:\\\/\\\/blogdofarnesio.com.br\\\/wp-content\\\/uploads\\\/2026\\\/03\\\/cropped-logo_new-1.png\",\"contentUrl\":\"https:\\\/\\\/blogdofarnesio.com.br\\\/wp-content\\\/uploads\\\/2026\\\/03\\\/cropped-logo_new-1.png\",\"width\":881,\"height\":685,\"caption\":\"Blog do Farn\u00e9sio\"},\"image\":{\"@id\":\"https:\\\/\\\/blogdofarnesio.com.br\\\/#\\\/schema\\\/logo\\\/image\\\/\"},\"sameAs\":[\"https:\\\/\\\/www.facebook.com\\\/BlogQuerSaberPolitica\\\/\"]},{\"@type\":\"Person\",\"@id\":\"\",\"url\":\"https:\\\/\\\/blogdofarnesio.com.br\\\/?author=7\"}]}<\/script>\n<!-- \/ Yoast SEO plugin. -->","yoast_head_json":{"title":"SUSPEITO DE ROUBAR BODE \u00c9 PRESO NO BAIRRO KIDEZINHO, EM JUAZEIRO - Blog do Farn\u00e9sio","robots":{"index":"index","follow":"follow","max-snippet":"max-snippet:-1","max-image-preview":"max-image-preview:large","max-video-preview":"max-video-preview:-1"},"canonical":"https:\/\/blogdofarnesio.com.br\/?p=135425","og_locale":"pt_BR","og_type":"article","og_title":"SUSPEITO DE ROUBAR BODE \u00c9 PRESO NO BAIRRO KIDEZINHO, EM JUAZEIRO - Blog do Farn\u00e9sio","og_description":"Foi preso na tarde de ontem (04), \u00a0Willian Souza Nunes, sob suspeita de roubar 15 cabe\u00e7as de bode. Com ele,\u00a0tamb\u00e9m foi encontrado um veiculo Ford Focus prata placa JSU\u00a00520 S\u00e3o Paulo ap\u00f3s consulta no infoseg, verificou-se que o ve\u00edculo tinha restri\u00e7\u00e3o de furto roubo e a placa original \u00e9 JSZ 1538 Salvador. Segundo informa\u00e7\u00f5es da pol\u00edcia, William estava abatendo os animais h\u00e1 30 ou 40 km de Petrolina e\u00a0estava guardando os animais numa ro\u00e7a no bairro Kidezinho em Juazeiro. Com informa\u00e7\u00f5es Grupo Vale em Foco","og_url":"https:\/\/blogdofarnesio.com.br\/?p=135425","og_site_name":"Blog do Farn\u00e9sio","article_publisher":"https:\/\/www.facebook.com\/BlogQuerSaberPolitica\/","article_published_time":"2016-01-05T13:20:35+00:00","og_image":[{"url":"http:\/\/www.quersaberpolitica.com.br\/2016\/wp-content\/uploads\/2016\/01\/blogqsp-suspeitoderoubarbode-300x300.jpg","type":"","width":"","height":""}],"twitter_card":"summary_large_image","twitter_misc":{"Escrito por":""},"schema":{"@context":"https:\/\/schema.org","@graph":[{"@type":"Article","@id":"https:\/\/blogdofarnesio.com.br\/?p=135425#article","isPartOf":{"@id":"https:\/\/blogdofarnesio.com.br\/?p=135425"},"author":{"name":"","@id":""},"headline":"SUSPEITO DE ROUBAR BODE \u00c9 PRESO NO BAIRRO KIDEZINHO, EM JUAZEIRO","datePublished":"2016-01-05T13:20:35+00:00","mainEntityOfPage":{"@id":"https:\/\/blogdofarnesio.com.br\/?p=135425"},"wordCount":101,"commentCount":0,"publisher":{"@id":"https:\/\/blogdofarnesio.com.br\/#organization"},"image":{"@id":"https:\/\/blogdofarnesio.com.br\/?p=135425#primaryimage"},"thumbnailUrl":"http:\/\/www.quersaberpolitica.com.br\/2016\/wp-content\/uploads\/2016\/01\/blogqsp-suspeitoderoubarbode-300x300.jpg","articleSection":["Administra\u00e7\u00e3o"],"inLanguage":"pt-BR","potentialAction":[{"@type":"CommentAction","name":"Comment","target":["https:\/\/blogdofarnesio.com.br\/?p=135425#respond"]}]},{"@type":"WebPage","@id":"https:\/\/blogdofarnesio.com.br\/?p=135425","url":"https:\/\/blogdofarnesio.com.br\/?p=135425","name":"SUSPEITO DE ROUBAR BODE \u00c9 PRESO NO BAIRRO KIDEZINHO, EM JUAZEIRO - Blog do Farn\u00e9sio","isPartOf":{"@id":"https:\/\/blogdofarnesio.com.br\/#website"},"primaryImageOfPage":{"@id":"https:\/\/blogdofarnesio.com.br\/?p=135425#primaryimage"},"image":{"@id":"https:\/\/blogdofarnesio.com.br\/?p=135425#primaryimage"},"thumbnailUrl":"http:\/\/www.quersaberpolitica.com.br\/2016\/wp-content\/uploads\/2016\/01\/blogqsp-suspeitoderoubarbode-300x300.jpg","datePublished":"2016-01-05T13:20:35+00:00","breadcrumb":{"@id":"https:\/\/blogdofarnesio.com.br\/?p=135425#breadcrumb"},"inLanguage":"pt-BR","potentialAction":[{"@type":"ReadAction","target":["https:\/\/blogdofarnesio.com.br\/?p=135425"]}]},{"@type":"ImageObject","inLanguage":"pt-BR","@id":"https:\/\/blogdofarnesio.com.br\/?p=135425#primaryimage","url":"http:\/\/www.quersaberpolitica.com.br\/2016\/wp-content\/uploads\/2016\/01\/blogqsp-suspeitoderoubarbode-300x300.jpg","contentUrl":"http:\/\/www.quersaberpolitica.com.br\/2016\/wp-content\/uploads\/2016\/01\/blogqsp-suspeitoderoubarbode-300x300.jpg"},{"@type":"BreadcrumbList","@id":"https:\/\/blogdofarnesio.com.br\/?p=135425#breadcrumb","itemListElement":[{"@type":"ListItem","position":1,"name":"In\u00edcio","item":"https:\/\/blogdofarnesio.com.br\/"},{"@type":"ListItem","position":2,"name":"SUSPEITO DE ROUBAR BODE \u00c9 PRESO NO BAIRRO KIDEZINHO, EM JUAZEIRO"}]},{"@type":"WebSite","@id":"https:\/\/blogdofarnesio.com.br\/#website","url":"https:\/\/blogdofarnesio.com.br\/","name":"Blog do Farn\u00e9sio","description":"Quer Saber Pol\u00edtica?","publisher":{"@id":"https:\/\/blogdofarnesio.com.br\/#organization"},"potentialAction":[{"@type":"SearchAction","target":{"@type":"EntryPoint","urlTemplate":"https:\/\/blogdofarnesio.com.br\/?s={search_term_string}"},"query-input":{"@type":"PropertyValueSpecification","valueRequired":true,"valueName":"search_term_string"}}],"inLanguage":"pt-BR"},{"@type":"Organization","@id":"https:\/\/blogdofarnesio.com.br\/#organization","name":"Blog do Farn\u00e9sio","url":"https:\/\/blogdofarnesio.com.br\/","logo":{"@type":"ImageObject","inLanguage":"pt-BR","@id":"https:\/\/blogdofarnesio.com.br\/#\/schema\/logo\/image\/","url":"https:\/\/blogdofarnesio.com.br\/wp-content\/uploads\/2026\/03\/cropped-logo_new-1.png","contentUrl":"https:\/\/blogdofarnesio.com.br\/wp-content\/uploads\/2026\/03\/cropped-logo_new-1.png","width":881,"height":685,"caption":"Blog do Farn\u00e9sio"},"image":{"@id":"https:\/\/blogdofarnesio.com.br\/#\/schema\/logo\/image\/"},"sameAs":["https:\/\/www.facebook.com\/BlogQuerSaberPolitica\/"]},{"@type":"Person","@id":"","url":"https:\/\/blogdofarnesio.com.br\/?author=7"}]}},"_links":{"self":[{"href":"https:\/\/blogdofarnesio.com.br\/index.php?rest_route=\/wp\/v2\/posts\/135425","targetHints":{"allow":["GET"]}}],"collection":[{"href":"https:\/\/blogdofarnesio.com.br\/index.php?rest_route=\/wp\/v2\/posts"}],"about":[{"href":"https:\/\/blogdofarnesio.com.br\/index.php?rest_route=\/wp\/v2\/types\/post"}],"author":[{"embeddable":true,"href":"https:\/\/blogdofarnesio.com.br\/index.php?rest_route=\/wp\/v2\/users\/7"}],"replies":[{"embeddable":true,"href":"https:\/\/blogdofarnesio.com.br\/index.php?rest_route=%2Fwp%2Fv2%2Fcomments&post=135425"}],"version-history":[{"count":0,"href":"https:\/\/blogdofarnesio.com.br\/index.php?rest_route=\/wp\/v2\/posts\/135425\/revisions"}],"wp:attachment":[{"href":"https:\/\/blogdofarnesio.com.br\/index.php?rest_route=%2Fwp%2Fv2%2Fmedia&parent=135425"}],"wp:term":[{"taxonomy":"category","embeddable":true,"href":"https:\/\/blogdofarnesio.com.br\/index.php?rest_route=%2Fwp%2Fv2%2Fcategories&post=135425"},{"taxonomy":"post_tag","embeddable":true,"href":"https:\/\/blogdofarnesio.com.br\/index.php?rest_route=%2Fwp%2Fv2%2Ftags&post=135425"}],"curies":[{"name":"wp","href":"https:\/\/api.w.org\/{rel}","templated":true}]}}