{"id":135377,"date":"2022-01-03T06:50:50","date_gmt":"2022-01-03T09:50:50","guid":{"rendered":"http:\/\/www.quersaberpolitica.com.br\/?p=135377"},"modified":"2022-01-01T17:11:20","modified_gmt":"2022-01-01T20:11:20","slug":"135377","status":"publish","type":"post","link":"https:\/\/blogdofarnesio.com.br\/?p=135377","title":{"rendered":"O ANO COME\u00c7A PRA VALER HOJE. PERSEVERE"},"content":{"rendered":"<p style=\"text-align: justify;\">Ser forte n\u00e3o quer dizer ter a capacidade de levantar peso como um fisiculturista, e sim a capacidade de enfrentar a todas as circunst\u00e2ncias da vida.<\/p>\n<p>Reflitam&#8230;<\/p>\n<p>Pode parecer algo ut\u00f3pico, mas \u00e9 poss\u00edvel conseguir a for\u00e7a necess\u00e1ria para superar todos os obst\u00e1culos.<\/p>\n<p>N\u00e3o basta ser consciente e ter confian\u00e7a nas habilidades que possu\u00edmos, e sim saber coloc\u00e1-las em pr\u00e1tica quando necess\u00e1rio. Por sua vez, \u00e9 preciso trabalhar arduamente para desenvolver novas capacidades que nos ajudem a ser mais fortes.<\/p>\n<p>Preste muita aten\u00e7\u00e3o \u00e0s expectativas que voc\u00ea tem das pessoas, dos acontecimentos e de voc\u00ea mesmo. O excesso de otimismo nem sempre \u00e9 algo positivo porque pode causar frustra\u00e7\u00e3o se n\u00e3o se alcan\u00e7a o desejado.<\/p>\n<p>\u201cAprenda a ser forte quando voc\u00ea se sentir mais fraco.\u201d<\/p>\n<p>Em vez de mudar completamente e se tornar um pessimista nato, voc\u00ea pode ver a vida sob uma \u00f3tica mais realista. Sem d\u00favida, isto lhe permitir\u00e1 n\u00e3o apenas alcan\u00e7ar as metas, como tamb\u00e9m evitar a vulnerabilidade e a dor que uma m\u00e1 noticia ou desengano possa lhe causar.<\/p>\n<p>Tenha em mente as seguintes li\u00e7\u00f5es de vida. Estes ensinamentos deveriam estar dispon\u00edveis para todos aqueles que querem ser mais fortes, proativos e conscientes:<\/p>\n<p>1- Talvez n\u00e3o haja amanh\u00e3. O que isto quer dizer? Devemos pensar que morreremos logo? Claro que n\u00e3o. O que \u00e9 importante lembrar \u00e9 que a \u00fanica coisa que temos \u201cpor certa\u201d \u00e9 o presente. O passado j\u00e1 foi e o futuro \u00e9 incerto.<\/p>\n<p>Talvez voc\u00ea pense que \u00e9 uma li\u00e7\u00e3o um pouco triste, mas se pensar friamente ver\u00e1 que \u00e9 totalmente verdadeira. N\u00e3o planeje um amanh\u00e3 que voc\u00ea n\u00e3o sabe se chegar\u00e1. \u00c9 melhor no que acontece hoje.<\/p>\n<p>De qualquer jeito, voc\u00ea pode pensar no futuro, mas isso lhe tira a capacidade de viver o presente.<\/p>\n<p>2- A vida n\u00e3o \u00e9 simples. Quem disse que seria? N\u00e3o podemos conseguir nada se n\u00e3o nos sacrificarmos, trabalharmos duro e nos movermos em dire\u00e7\u00e3o ao que desejamos.<\/p>\n<p>Apenas algumas poucas pessoas neste mundo tem a \u201csorte\u201d de n\u00e3o fazer nada e ter tudo servido em uma bandeja de ouro. Contudo, \u00e9 mesmo isso que voc\u00ea deseja? Pense bem na sua resposta\u2026<\/p>\n<p>Se voc\u00ea constr\u00f3i dia a dia a sua exist\u00eancia, voc\u00ea ser\u00e1 mais consciente das coisas que alcan\u00e7ou e do que custa ser feliz. Ent\u00e3o, quando algo de ruim acontecer ou voc\u00ea estiver atravessando um \u201cmau momento,\u201d se lembrar\u00e1 que o esfor\u00e7o que fez valeu a pena. Compreender esta realidade \u00e9 uma boa forma de se tornar mais forte.<\/p>\n<p>3- \u00c9 imposs\u00edvel controlar tudo.<!--more--> Estar imerso na sua zona de conforto \u00e9 a coisa mais parecida com ter ficado no ventre da sua m\u00e3e\u2026 seguro, tranquilo, alimentado, feliz\u2026 Saia do casulo!<\/p>\n<p>O conforto e a seguran\u00e7a s\u00e3o para fracos, voc\u00ea sabe por qu\u00ea? Porque n\u00e3o se animam a dar uma passo a mais do que est\u00e3o acostumados, n\u00e3o procuram mudar o seu destino, se sentem satisfeitos em conseguir um pouco, em vez de fazer o esfor\u00e7o de ganhar com generosidade.<\/p>\n<p>4- Estar informado n\u00e3o \u00e9 sin\u00f4nimo de ser s\u00e1bio. De que serve passar todo o jantar escutando as not\u00edcias da TV? \u201cPara estar informado\u201d \u00e9 a primeira resposta. E o que isto quer dizer? \u201cConhecer o que acontece\u201d. Voc\u00ea tem certeza?<\/p>\n<p>A vida \u00e9 muito mais do que as previs\u00f5es do clima, as mudan\u00e7as na economia, a pol\u00edtica, a realeza e os esportes. Sem falar das m\u00e1s not\u00edcias, como roubos, assassinatos e injusti\u00e7as! Salvo que voc\u00ea pegue esses dados e os use para criar uma ONG ou ajudar a combater a fome, n\u00e3o v\u00e3o lhe servir de nada.<\/p>\n<p>\u00c9 preciso se cultivar com textos e atividades que sirvam para melhorar e aumentar a sua for\u00e7a interior. Os livros de autoajuda ou de filosofia s\u00e3o um bom exemplo.<\/p>\n<p>5- N\u00e3o d\u00e1 para mudar o passado. Ainda n\u00e3o foi inventada uma m\u00e1quina do tempo, e se isso fosse poss\u00edvel, para que serviria?<\/p>\n<p>Uma das formas de ser forte \u00e9 aprender com os erros. O que voc\u00ea fez, feito est\u00e1, \u00e9 imposs\u00edvel modific\u00e1-lo. Est\u00e1 em voc\u00ea saber como aproveitar essa li\u00e7\u00e3o e n\u00e3o repeti-la. \u00c9 preciso n\u00e3o se arrepender e sim agir em consequ\u00eancia!<\/p>\n<p>Texto original em espanhol de Yamila Papa.<\/p>\n","protected":false},"excerpt":{"rendered":"<p>Ser forte n\u00e3o quer dizer ter a capacidade de levantar peso como um fisiculturista, e sim a capacidade de enfrentar a todas as circunst\u00e2ncias da vida. Reflitam&#8230; Pode parecer algo ut\u00f3pico, mas \u00e9 poss\u00edvel conseguir a for\u00e7a necess\u00e1ria para superar todos os obst\u00e1culos. N\u00e3o basta ser consciente e ter confian\u00e7a nas habilidades que possu\u00edmos, e sim saber coloc\u00e1-las em pr\u00e1tica quando necess\u00e1rio. Por sua vez, \u00e9 preciso trabalhar arduamente para desenvolver novas capacidades que nos ajudem a ser mais fortes. Preste muita aten\u00e7\u00e3o \u00e0s expectativas que voc\u00ea tem das pessoas, dos acontecimentos e de voc\u00ea mesmo. O excesso de otimismo nem sempre \u00e9 algo positivo porque pode causar frustra\u00e7\u00e3o se n\u00e3o se alcan\u00e7a o desejado. \u201cAprenda a ser forte quando&hellip; <\/p>\n","protected":false},"author":1,"featured_media":170684,"comment_status":"open","ping_status":"open","sticky":false,"template":"","format":"standard","meta":{"_acf_changed":false,"footnotes":""},"categories":[12],"tags":[],"class_list":["post-135377","post","type-post","status-publish","format-standard","has-post-thumbnail","hentry","category-confraternizacoes"],"acf":[],"yoast_head":"<!-- This site is optimized with the Yoast SEO plugin v27.4 - https:\/\/yoast.com\/product\/yoast-seo-wordpress\/ -->\n<title>O ANO COME\u00c7A PRA VALER HOJE. PERSEVERE - Blog do Farn\u00e9sio<\/title>\n<meta name=\"robots\" content=\"index, follow, max-snippet:-1, max-image-preview:large, max-video-preview:-1\" \/>\n<link rel=\"canonical\" href=\"https:\/\/blogdofarnesio.com.br\/?p=135377\" \/>\n<meta property=\"og:locale\" content=\"pt_BR\" \/>\n<meta property=\"og:type\" content=\"article\" \/>\n<meta property=\"og:title\" content=\"O ANO COME\u00c7A PRA VALER HOJE. PERSEVERE - Blog do Farn\u00e9sio\" \/>\n<meta property=\"og:description\" content=\"Ser forte n\u00e3o quer dizer ter a capacidade de levantar peso como um fisiculturista, e sim a capacidade de enfrentar a todas as circunst\u00e2ncias da vida. Reflitam&#8230; Pode parecer algo ut\u00f3pico, mas \u00e9 poss\u00edvel conseguir a for\u00e7a necess\u00e1ria para superar todos os obst\u00e1culos. N\u00e3o basta ser consciente e ter confian\u00e7a nas habilidades que possu\u00edmos, e sim saber coloc\u00e1-las em pr\u00e1tica quando necess\u00e1rio. Por sua vez, \u00e9 preciso trabalhar arduamente para desenvolver novas capacidades que nos ajudem a ser mais fortes. Preste muita aten\u00e7\u00e3o \u00e0s expectativas que voc\u00ea tem das pessoas, dos acontecimentos e de voc\u00ea mesmo. O excesso de otimismo nem sempre \u00e9 algo positivo porque pode causar frustra\u00e7\u00e3o se n\u00e3o se alcan\u00e7a o desejado. \u201cAprenda a ser forte quando&hellip;\" \/>\n<meta property=\"og:url\" content=\"https:\/\/blogdofarnesio.com.br\/?p=135377\" \/>\n<meta property=\"og:site_name\" content=\"Blog do Farn\u00e9sio\" \/>\n<meta property=\"article:publisher\" content=\"https:\/\/www.facebook.com\/BlogQuerSaberPolitica\/\" \/>\n<meta property=\"article:published_time\" content=\"2022-01-03T09:50:50+00:00\" \/>\n<meta property=\"og:image\" content=\"https:\/\/blogdofarnesio.com.br\/wp-content\/uploads\/2017\/07\/blogqspminutoNaVoltaParaCasa1-e1499116532704.jpg\" \/>\n\t<meta property=\"og:image:width\" content=\"656\" \/>\n\t<meta property=\"og:image:height\" content=\"343\" \/>\n\t<meta property=\"og:image:type\" content=\"image\/jpeg\" \/>\n<meta name=\"author\" content=\"Farn\u00e9sio\" \/>\n<meta name=\"twitter:card\" content=\"summary_large_image\" \/>\n<meta name=\"twitter:label1\" content=\"Escrito por\" \/>\n\t<meta name=\"twitter:data1\" content=\"Farn\u00e9sio\" \/>\n\t<meta name=\"twitter:label2\" content=\"Est. tempo de leitura\" \/>\n\t<meta name=\"twitter:data2\" content=\"4 minutos\" \/>\n<script type=\"application\/ld+json\" class=\"yoast-schema-graph\">{\"@context\":\"https:\\\/\\\/schema.org\",\"@graph\":[{\"@type\":\"Article\",\"@id\":\"https:\\\/\\\/blogdofarnesio.com.br\\\/?p=135377#article\",\"isPartOf\":{\"@id\":\"https:\\\/\\\/blogdofarnesio.com.br\\\/?p=135377\"},\"author\":{\"name\":\"Farn\u00e9sio\",\"@id\":\"https:\\\/\\\/blogdofarnesio.com.br\\\/#\\\/schema\\\/person\\\/301c4acf522bccbfdb45af95b5b906a1\"},\"headline\":\"O ANO COME\u00c7A PRA VALER HOJE. PERSEVERE\",\"datePublished\":\"2022-01-03T09:50:50+00:00\",\"mainEntityOfPage\":{\"@id\":\"https:\\\/\\\/blogdofarnesio.com.br\\\/?p=135377\"},\"wordCount\":749,\"commentCount\":0,\"publisher\":{\"@id\":\"https:\\\/\\\/blogdofarnesio.com.br\\\/#organization\"},\"image\":{\"@id\":\"https:\\\/\\\/blogdofarnesio.com.br\\\/?p=135377#primaryimage\"},\"thumbnailUrl\":\"https:\\\/\\\/blogdofarnesio.com.br\\\/wp-content\\\/uploads\\\/2017\\\/07\\\/blogqspminutoNaVoltaParaCasa1-e1499116532704.jpg\",\"articleSection\":[\"Confraterniza\u00e7\u00f5es\"],\"inLanguage\":\"pt-BR\",\"potentialAction\":[{\"@type\":\"CommentAction\",\"name\":\"Comment\",\"target\":[\"https:\\\/\\\/blogdofarnesio.com.br\\\/?p=135377#respond\"]}]},{\"@type\":\"WebPage\",\"@id\":\"https:\\\/\\\/blogdofarnesio.com.br\\\/?p=135377\",\"url\":\"https:\\\/\\\/blogdofarnesio.com.br\\\/?p=135377\",\"name\":\"O ANO COME\u00c7A PRA VALER HOJE. PERSEVERE - Blog do Farn\u00e9sio\",\"isPartOf\":{\"@id\":\"https:\\\/\\\/blogdofarnesio.com.br\\\/#website\"},\"primaryImageOfPage\":{\"@id\":\"https:\\\/\\\/blogdofarnesio.com.br\\\/?p=135377#primaryimage\"},\"image\":{\"@id\":\"https:\\\/\\\/blogdofarnesio.com.br\\\/?p=135377#primaryimage\"},\"thumbnailUrl\":\"https:\\\/\\\/blogdofarnesio.com.br\\\/wp-content\\\/uploads\\\/2017\\\/07\\\/blogqspminutoNaVoltaParaCasa1-e1499116532704.jpg\",\"datePublished\":\"2022-01-03T09:50:50+00:00\",\"breadcrumb\":{\"@id\":\"https:\\\/\\\/blogdofarnesio.com.br\\\/?p=135377#breadcrumb\"},\"inLanguage\":\"pt-BR\",\"potentialAction\":[{\"@type\":\"ReadAction\",\"target\":[\"https:\\\/\\\/blogdofarnesio.com.br\\\/?p=135377\"]}]},{\"@type\":\"ImageObject\",\"inLanguage\":\"pt-BR\",\"@id\":\"https:\\\/\\\/blogdofarnesio.com.br\\\/?p=135377#primaryimage\",\"url\":\"https:\\\/\\\/blogdofarnesio.com.br\\\/wp-content\\\/uploads\\\/2017\\\/07\\\/blogqspminutoNaVoltaParaCasa1-e1499116532704.jpg\",\"contentUrl\":\"https:\\\/\\\/blogdofarnesio.com.br\\\/wp-content\\\/uploads\\\/2017\\\/07\\\/blogqspminutoNaVoltaParaCasa1-e1499116532704.jpg\",\"width\":656,\"height\":343},{\"@type\":\"BreadcrumbList\",\"@id\":\"https:\\\/\\\/blogdofarnesio.com.br\\\/?p=135377#breadcrumb\",\"itemListElement\":[{\"@type\":\"ListItem\",\"position\":1,\"name\":\"In\u00edcio\",\"item\":\"https:\\\/\\\/blogdofarnesio.com.br\\\/\"},{\"@type\":\"ListItem\",\"position\":2,\"name\":\"O ANO COME\u00c7A PRA VALER HOJE. PERSEVERE\"}]},{\"@type\":\"WebSite\",\"@id\":\"https:\\\/\\\/blogdofarnesio.com.br\\\/#website\",\"url\":\"https:\\\/\\\/blogdofarnesio.com.br\\\/\",\"name\":\"Blog do Farn\u00e9sio\",\"description\":\"Quer Saber Pol\u00edtica?\",\"publisher\":{\"@id\":\"https:\\\/\\\/blogdofarnesio.com.br\\\/#organization\"},\"potentialAction\":[{\"@type\":\"SearchAction\",\"target\":{\"@type\":\"EntryPoint\",\"urlTemplate\":\"https:\\\/\\\/blogdofarnesio.com.br\\\/?s={search_term_string}\"},\"query-input\":{\"@type\":\"PropertyValueSpecification\",\"valueRequired\":true,\"valueName\":\"search_term_string\"}}],\"inLanguage\":\"pt-BR\"},{\"@type\":\"Organization\",\"@id\":\"https:\\\/\\\/blogdofarnesio.com.br\\\/#organization\",\"name\":\"Blog do Farn\u00e9sio\",\"url\":\"https:\\\/\\\/blogdofarnesio.com.br\\\/\",\"logo\":{\"@type\":\"ImageObject\",\"inLanguage\":\"pt-BR\",\"@id\":\"https:\\\/\\\/blogdofarnesio.com.br\\\/#\\\/schema\\\/logo\\\/image\\\/\",\"url\":\"https:\\\/\\\/blogdofarnesio.com.br\\\/wp-content\\\/uploads\\\/2026\\\/03\\\/cropped-logo_new-1.png\",\"contentUrl\":\"https:\\\/\\\/blogdofarnesio.com.br\\\/wp-content\\\/uploads\\\/2026\\\/03\\\/cropped-logo_new-1.png\",\"width\":881,\"height\":685,\"caption\":\"Blog do Farn\u00e9sio\"},\"image\":{\"@id\":\"https:\\\/\\\/blogdofarnesio.com.br\\\/#\\\/schema\\\/logo\\\/image\\\/\"},\"sameAs\":[\"https:\\\/\\\/www.facebook.com\\\/BlogQuerSaberPolitica\\\/\"]},{\"@type\":\"Person\",\"@id\":\"https:\\\/\\\/blogdofarnesio.com.br\\\/#\\\/schema\\\/person\\\/301c4acf522bccbfdb45af95b5b906a1\",\"name\":\"Farn\u00e9sio\",\"image\":{\"@type\":\"ImageObject\",\"inLanguage\":\"pt-BR\",\"@id\":\"https:\\\/\\\/secure.gravatar.com\\\/avatar\\\/df0c9a14567c056f8ad6876ba5bbd1e3e2c48023eb6807342fc4663adf549f38?s=96&d=mm&r=g\",\"url\":\"https:\\\/\\\/secure.gravatar.com\\\/avatar\\\/df0c9a14567c056f8ad6876ba5bbd1e3e2c48023eb6807342fc4663adf549f38?s=96&d=mm&r=g\",\"contentUrl\":\"https:\\\/\\\/secure.gravatar.com\\\/avatar\\\/df0c9a14567c056f8ad6876ba5bbd1e3e2c48023eb6807342fc4663adf549f38?s=96&d=mm&r=g\",\"caption\":\"Farn\u00e9sio\"},\"sameAs\":[\"https:\\\/\\\/quersaberpolitica.com.br\"],\"url\":\"https:\\\/\\\/blogdofarnesio.com.br\\\/?author=1\"}]}<\/script>\n<!-- \/ Yoast SEO plugin. -->","yoast_head_json":{"title":"O ANO COME\u00c7A PRA VALER HOJE. PERSEVERE - Blog do Farn\u00e9sio","robots":{"index":"index","follow":"follow","max-snippet":"max-snippet:-1","max-image-preview":"max-image-preview:large","max-video-preview":"max-video-preview:-1"},"canonical":"https:\/\/blogdofarnesio.com.br\/?p=135377","og_locale":"pt_BR","og_type":"article","og_title":"O ANO COME\u00c7A PRA VALER HOJE. PERSEVERE - Blog do Farn\u00e9sio","og_description":"Ser forte n\u00e3o quer dizer ter a capacidade de levantar peso como um fisiculturista, e sim a capacidade de enfrentar a todas as circunst\u00e2ncias da vida. Reflitam&#8230; Pode parecer algo ut\u00f3pico, mas \u00e9 poss\u00edvel conseguir a for\u00e7a necess\u00e1ria para superar todos os obst\u00e1culos. N\u00e3o basta ser consciente e ter confian\u00e7a nas habilidades que possu\u00edmos, e sim saber coloc\u00e1-las em pr\u00e1tica quando necess\u00e1rio. Por sua vez, \u00e9 preciso trabalhar arduamente para desenvolver novas capacidades que nos ajudem a ser mais fortes. Preste muita aten\u00e7\u00e3o \u00e0s expectativas que voc\u00ea tem das pessoas, dos acontecimentos e de voc\u00ea mesmo. O excesso de otimismo nem sempre \u00e9 algo positivo porque pode causar frustra\u00e7\u00e3o se n\u00e3o se alcan\u00e7a o desejado. \u201cAprenda a ser forte quando&hellip;","og_url":"https:\/\/blogdofarnesio.com.br\/?p=135377","og_site_name":"Blog do Farn\u00e9sio","article_publisher":"https:\/\/www.facebook.com\/BlogQuerSaberPolitica\/","article_published_time":"2022-01-03T09:50:50+00:00","og_image":[{"width":656,"height":343,"url":"https:\/\/blogdofarnesio.com.br\/wp-content\/uploads\/2017\/07\/blogqspminutoNaVoltaParaCasa1-e1499116532704.jpg","type":"image\/jpeg"}],"author":"Farn\u00e9sio","twitter_card":"summary_large_image","twitter_misc":{"Escrito por":"Farn\u00e9sio","Est. tempo de leitura":"4 minutos"},"schema":{"@context":"https:\/\/schema.org","@graph":[{"@type":"Article","@id":"https:\/\/blogdofarnesio.com.br\/?p=135377#article","isPartOf":{"@id":"https:\/\/blogdofarnesio.com.br\/?p=135377"},"author":{"name":"Farn\u00e9sio","@id":"https:\/\/blogdofarnesio.com.br\/#\/schema\/person\/301c4acf522bccbfdb45af95b5b906a1"},"headline":"O ANO COME\u00c7A PRA VALER HOJE. PERSEVERE","datePublished":"2022-01-03T09:50:50+00:00","mainEntityOfPage":{"@id":"https:\/\/blogdofarnesio.com.br\/?p=135377"},"wordCount":749,"commentCount":0,"publisher":{"@id":"https:\/\/blogdofarnesio.com.br\/#organization"},"image":{"@id":"https:\/\/blogdofarnesio.com.br\/?p=135377#primaryimage"},"thumbnailUrl":"https:\/\/blogdofarnesio.com.br\/wp-content\/uploads\/2017\/07\/blogqspminutoNaVoltaParaCasa1-e1499116532704.jpg","articleSection":["Confraterniza\u00e7\u00f5es"],"inLanguage":"pt-BR","potentialAction":[{"@type":"CommentAction","name":"Comment","target":["https:\/\/blogdofarnesio.com.br\/?p=135377#respond"]}]},{"@type":"WebPage","@id":"https:\/\/blogdofarnesio.com.br\/?p=135377","url":"https:\/\/blogdofarnesio.com.br\/?p=135377","name":"O ANO COME\u00c7A PRA VALER HOJE. PERSEVERE - Blog do Farn\u00e9sio","isPartOf":{"@id":"https:\/\/blogdofarnesio.com.br\/#website"},"primaryImageOfPage":{"@id":"https:\/\/blogdofarnesio.com.br\/?p=135377#primaryimage"},"image":{"@id":"https:\/\/blogdofarnesio.com.br\/?p=135377#primaryimage"},"thumbnailUrl":"https:\/\/blogdofarnesio.com.br\/wp-content\/uploads\/2017\/07\/blogqspminutoNaVoltaParaCasa1-e1499116532704.jpg","datePublished":"2022-01-03T09:50:50+00:00","breadcrumb":{"@id":"https:\/\/blogdofarnesio.com.br\/?p=135377#breadcrumb"},"inLanguage":"pt-BR","potentialAction":[{"@type":"ReadAction","target":["https:\/\/blogdofarnesio.com.br\/?p=135377"]}]},{"@type":"ImageObject","inLanguage":"pt-BR","@id":"https:\/\/blogdofarnesio.com.br\/?p=135377#primaryimage","url":"https:\/\/blogdofarnesio.com.br\/wp-content\/uploads\/2017\/07\/blogqspminutoNaVoltaParaCasa1-e1499116532704.jpg","contentUrl":"https:\/\/blogdofarnesio.com.br\/wp-content\/uploads\/2017\/07\/blogqspminutoNaVoltaParaCasa1-e1499116532704.jpg","width":656,"height":343},{"@type":"BreadcrumbList","@id":"https:\/\/blogdofarnesio.com.br\/?p=135377#breadcrumb","itemListElement":[{"@type":"ListItem","position":1,"name":"In\u00edcio","item":"https:\/\/blogdofarnesio.com.br\/"},{"@type":"ListItem","position":2,"name":"O ANO COME\u00c7A PRA VALER HOJE. PERSEVERE"}]},{"@type":"WebSite","@id":"https:\/\/blogdofarnesio.com.br\/#website","url":"https:\/\/blogdofarnesio.com.br\/","name":"Blog do Farn\u00e9sio","description":"Quer Saber Pol\u00edtica?","publisher":{"@id":"https:\/\/blogdofarnesio.com.br\/#organization"},"potentialAction":[{"@type":"SearchAction","target":{"@type":"EntryPoint","urlTemplate":"https:\/\/blogdofarnesio.com.br\/?s={search_term_string}"},"query-input":{"@type":"PropertyValueSpecification","valueRequired":true,"valueName":"search_term_string"}}],"inLanguage":"pt-BR"},{"@type":"Organization","@id":"https:\/\/blogdofarnesio.com.br\/#organization","name":"Blog do Farn\u00e9sio","url":"https:\/\/blogdofarnesio.com.br\/","logo":{"@type":"ImageObject","inLanguage":"pt-BR","@id":"https:\/\/blogdofarnesio.com.br\/#\/schema\/logo\/image\/","url":"https:\/\/blogdofarnesio.com.br\/wp-content\/uploads\/2026\/03\/cropped-logo_new-1.png","contentUrl":"https:\/\/blogdofarnesio.com.br\/wp-content\/uploads\/2026\/03\/cropped-logo_new-1.png","width":881,"height":685,"caption":"Blog do Farn\u00e9sio"},"image":{"@id":"https:\/\/blogdofarnesio.com.br\/#\/schema\/logo\/image\/"},"sameAs":["https:\/\/www.facebook.com\/BlogQuerSaberPolitica\/"]},{"@type":"Person","@id":"https:\/\/blogdofarnesio.com.br\/#\/schema\/person\/301c4acf522bccbfdb45af95b5b906a1","name":"Farn\u00e9sio","image":{"@type":"ImageObject","inLanguage":"pt-BR","@id":"https:\/\/secure.gravatar.com\/avatar\/df0c9a14567c056f8ad6876ba5bbd1e3e2c48023eb6807342fc4663adf549f38?s=96&d=mm&r=g","url":"https:\/\/secure.gravatar.com\/avatar\/df0c9a14567c056f8ad6876ba5bbd1e3e2c48023eb6807342fc4663adf549f38?s=96&d=mm&r=g","contentUrl":"https:\/\/secure.gravatar.com\/avatar\/df0c9a14567c056f8ad6876ba5bbd1e3e2c48023eb6807342fc4663adf549f38?s=96&d=mm&r=g","caption":"Farn\u00e9sio"},"sameAs":["https:\/\/quersaberpolitica.com.br"],"url":"https:\/\/blogdofarnesio.com.br\/?author=1"}]}},"_links":{"self":[{"href":"https:\/\/blogdofarnesio.com.br\/index.php?rest_route=\/wp\/v2\/posts\/135377","targetHints":{"allow":["GET"]}}],"collection":[{"href":"https:\/\/blogdofarnesio.com.br\/index.php?rest_route=\/wp\/v2\/posts"}],"about":[{"href":"https:\/\/blogdofarnesio.com.br\/index.php?rest_route=\/wp\/v2\/types\/post"}],"author":[{"embeddable":true,"href":"https:\/\/blogdofarnesio.com.br\/index.php?rest_route=\/wp\/v2\/users\/1"}],"replies":[{"embeddable":true,"href":"https:\/\/blogdofarnesio.com.br\/index.php?rest_route=%2Fwp%2Fv2%2Fcomments&post=135377"}],"version-history":[{"count":0,"href":"https:\/\/blogdofarnesio.com.br\/index.php?rest_route=\/wp\/v2\/posts\/135377\/revisions"}],"wp:featuredmedia":[{"embeddable":true,"href":"https:\/\/blogdofarnesio.com.br\/index.php?rest_route=\/wp\/v2\/media\/170684"}],"wp:attachment":[{"href":"https:\/\/blogdofarnesio.com.br\/index.php?rest_route=%2Fwp%2Fv2%2Fmedia&parent=135377"}],"wp:term":[{"taxonomy":"category","embeddable":true,"href":"https:\/\/blogdofarnesio.com.br\/index.php?rest_route=%2Fwp%2Fv2%2Fcategories&post=135377"},{"taxonomy":"post_tag","embeddable":true,"href":"https:\/\/blogdofarnesio.com.br\/index.php?rest_route=%2Fwp%2Fv2%2Ftags&post=135377"}],"curies":[{"name":"wp","href":"https:\/\/api.w.org\/{rel}","templated":true}]}}