{"id":135137,"date":"2015-12-27T17:13:09","date_gmt":"2015-12-27T20:13:09","guid":{"rendered":"http:\/\/www.quersaberpolitica.com.br\/?p=135137"},"modified":"2015-12-27T17:13:09","modified_gmt":"2015-12-27T20:13:09","slug":"depoimentos-ligam-lula-a-reforma-de-imovel-da-oas","status":"publish","type":"post","link":"https:\/\/blogdofarnesio.com.br\/?p=135137","title":{"rendered":"DEPOIMENTOS LIGAM LULA A REFORMA DE IM\u00d3VEL DA OAS"},"content":{"rendered":"<div class=\"entry-content\">\n<p style=\"text-align: justify\"><a class=\"fancybox image\" href=\"http:\/\/imagens1.ne10.uol.com.br\/blogsne10\/jamildo\/uploads\/2015\/07\/alx_lula-pt_original.jpeg\"><img loading=\"lazy\" decoding=\"async\" class=\"  wp-image-129049 aligncenter\" src=\"http:\/\/imagens1.ne10.uol.com.br\/blogsne10\/jamildo\/uploads\/2015\/07\/alx_lula-pt_original-580x435.jpeg\" alt=\"alx_lula-pt_original\" width=\"426\" height=\"321\" \/><\/a><\/p>\n<p style=\"text-align: justify\">A empreiteira OAS \u00e9 investigada pelo Minist\u00e9rio P\u00fablico de S\u00e3o Paulo por ter, supostamente, favorecido o ex-presidente Luiz In\u00e1cio Lula da Silva na reforma de um apartamento triplex no Guaruj\u00e1 (litoral de SP) e de ter pago uma reforma no im\u00f3vel no valor de R$ 700 mil.<\/p>\n<p style=\"text-align: justify\">De acordo com dados colhidos pela Promotoria, as visitas ao im\u00f3vel envolveram medidas para esconder a presen\u00e7a do ex-presidente e parentes no condom\u00ednio.<\/p>\n<p style=\"text-align: justify\">Ap\u00f3s a publica\u00e7\u00e3o de reportagens sobre o im\u00f3vel, Lula desistiu de ficar com o triplex.<\/p>\n<p style=\"text-align: justify\">Segundo informa\u00e7\u00f5es da Folha de S.Paulo, Jos\u00e9 Aldem\u00e1rio Pinheiro Filho, o L\u00e9o Pinheiro, presidente da OAS \u00e0 \u00e9poca, chegou a visitar o im\u00f3vel do ex-presidente. L\u00e9o Pinheiro foi temporariamente preso na Lava Jato, acusado de corrup\u00e7\u00e3o na Petrobras.<\/p>\n<p style=\"text-align: justify\">Os promotores do Minist\u00e9rio P\u00fablico analisam a transfer\u00eancia de empreendimentos da cooperativa habitacional Bancoop, entre eles o triplex do Guaruj\u00e1, para a OAS em 2009. Eles tamb\u00e9m avaliam se a OAS usou apartamentos do pr\u00e9dio para lavar dinheiro ou beneficiar pessoas indevidamente.<\/p>\n<p style=\"text-align: justify\">Em um dos depoimentos, Wellington Aparecido Carneiro da Silva, engenheiro da OAS que trabalhou na constru\u00e7\u00e3o do triplex, contou que Lula chegou a fazer uma \u201cvistoria padr\u00e3o\u201d no im\u00f3vel.<\/p>\n<\/div>\n","protected":false},"excerpt":{"rendered":"<p>A empreiteira OAS \u00e9 investigada pelo Minist\u00e9rio P\u00fablico de S\u00e3o Paulo por ter, supostamente, favorecido o ex-presidente Luiz In\u00e1cio Lula da Silva na reforma de um apartamento triplex no Guaruj\u00e1 (litoral de SP) e de ter pago uma reforma no im\u00f3vel no valor de R$ 700 mil. De acordo com dados colhidos pela Promotoria, as visitas ao im\u00f3vel envolveram medidas para esconder a presen\u00e7a do ex-presidente e parentes no condom\u00ednio. Ap\u00f3s a publica\u00e7\u00e3o de reportagens sobre o im\u00f3vel, Lula desistiu de ficar com o triplex. Segundo informa\u00e7\u00f5es da Folha de S.Paulo, Jos\u00e9 Aldem\u00e1rio Pinheiro Filho, o L\u00e9o Pinheiro, presidente da OAS \u00e0 \u00e9poca, chegou a visitar o im\u00f3vel do ex-presidente. L\u00e9o Pinheiro foi temporariamente preso na Lava Jato, acusado de&hellip; <\/p>\n","protected":false},"author":3,"featured_media":0,"comment_status":"open","ping_status":"open","sticky":false,"template":"","format":"standard","meta":{"_acf_changed":false,"footnotes":""},"categories":[1],"tags":[],"class_list":["post-135137","post","type-post","status-publish","format-standard","hentry","category-politica"],"acf":[],"yoast_head":"<!-- This site is optimized with the Yoast SEO plugin v27.4 - https:\/\/yoast.com\/product\/yoast-seo-wordpress\/ -->\n<title>DEPOIMENTOS LIGAM LULA A REFORMA DE IM\u00d3VEL DA OAS - Blog do Farn\u00e9sio<\/title>\n<meta name=\"robots\" content=\"index, follow, max-snippet:-1, max-image-preview:large, max-video-preview:-1\" \/>\n<link rel=\"canonical\" href=\"https:\/\/blogdofarnesio.com.br\/?p=135137\" \/>\n<meta property=\"og:locale\" content=\"pt_BR\" \/>\n<meta property=\"og:type\" content=\"article\" \/>\n<meta property=\"og:title\" content=\"DEPOIMENTOS LIGAM LULA A REFORMA DE IM\u00d3VEL DA OAS - Blog do Farn\u00e9sio\" \/>\n<meta property=\"og:description\" content=\"A empreiteira OAS \u00e9 investigada pelo Minist\u00e9rio P\u00fablico de S\u00e3o Paulo por ter, supostamente, favorecido o ex-presidente Luiz In\u00e1cio Lula da Silva na reforma de um apartamento triplex no Guaruj\u00e1 (litoral de SP) e de ter pago uma reforma no im\u00f3vel no valor de R$ 700 mil. De acordo com dados colhidos pela Promotoria, as visitas ao im\u00f3vel envolveram medidas para esconder a presen\u00e7a do ex-presidente e parentes no condom\u00ednio. Ap\u00f3s a publica\u00e7\u00e3o de reportagens sobre o im\u00f3vel, Lula desistiu de ficar com o triplex. Segundo informa\u00e7\u00f5es da Folha de S.Paulo, Jos\u00e9 Aldem\u00e1rio Pinheiro Filho, o L\u00e9o Pinheiro, presidente da OAS \u00e0 \u00e9poca, chegou a visitar o im\u00f3vel do ex-presidente. L\u00e9o Pinheiro foi temporariamente preso na Lava Jato, acusado de&hellip;\" \/>\n<meta property=\"og:url\" content=\"https:\/\/blogdofarnesio.com.br\/?p=135137\" \/>\n<meta property=\"og:site_name\" content=\"Blog do Farn\u00e9sio\" \/>\n<meta property=\"article:publisher\" content=\"https:\/\/www.facebook.com\/BlogQuerSaberPolitica\/\" \/>\n<meta property=\"article:published_time\" content=\"2015-12-27T20:13:09+00:00\" \/>\n<meta property=\"og:image\" content=\"http:\/\/imagens1.ne10.uol.com.br\/blogsne10\/jamildo\/uploads\/2015\/07\/alx_lula-pt_original-580x435.jpeg\" \/>\n<meta name=\"author\" content=\"teste\" \/>\n<meta name=\"twitter:card\" content=\"summary_large_image\" \/>\n<meta name=\"twitter:label1\" content=\"Escrito por\" \/>\n\t<meta name=\"twitter:data1\" content=\"teste\" \/>\n\t<meta name=\"twitter:label2\" content=\"Est. tempo de leitura\" \/>\n\t<meta name=\"twitter:data2\" content=\"1 minuto\" \/>\n<script type=\"application\/ld+json\" class=\"yoast-schema-graph\">{\"@context\":\"https:\\\/\\\/schema.org\",\"@graph\":[{\"@type\":\"Article\",\"@id\":\"https:\\\/\\\/blogdofarnesio.com.br\\\/?p=135137#article\",\"isPartOf\":{\"@id\":\"https:\\\/\\\/blogdofarnesio.com.br\\\/?p=135137\"},\"author\":{\"name\":\"teste\",\"@id\":\"https:\\\/\\\/blogdofarnesio.com.br\\\/#\\\/schema\\\/person\\\/dd1bf5eba40b687199ba45ca6b97dff9\"},\"headline\":\"DEPOIMENTOS LIGAM LULA A REFORMA DE IM\u00d3VEL DA OAS\",\"datePublished\":\"2015-12-27T20:13:09+00:00\",\"mainEntityOfPage\":{\"@id\":\"https:\\\/\\\/blogdofarnesio.com.br\\\/?p=135137\"},\"wordCount\":226,\"commentCount\":0,\"publisher\":{\"@id\":\"https:\\\/\\\/blogdofarnesio.com.br\\\/#organization\"},\"image\":{\"@id\":\"https:\\\/\\\/blogdofarnesio.com.br\\\/?p=135137#primaryimage\"},\"thumbnailUrl\":\"http:\\\/\\\/imagens1.ne10.uol.com.br\\\/blogsne10\\\/jamildo\\\/uploads\\\/2015\\\/07\\\/alx_lula-pt_original-580x435.jpeg\",\"articleSection\":[\"Pol\u00edtica\"],\"inLanguage\":\"pt-BR\",\"potentialAction\":[{\"@type\":\"CommentAction\",\"name\":\"Comment\",\"target\":[\"https:\\\/\\\/blogdofarnesio.com.br\\\/?p=135137#respond\"]}]},{\"@type\":\"WebPage\",\"@id\":\"https:\\\/\\\/blogdofarnesio.com.br\\\/?p=135137\",\"url\":\"https:\\\/\\\/blogdofarnesio.com.br\\\/?p=135137\",\"name\":\"DEPOIMENTOS LIGAM LULA A REFORMA DE IM\u00d3VEL DA OAS - Blog do Farn\u00e9sio\",\"isPartOf\":{\"@id\":\"https:\\\/\\\/blogdofarnesio.com.br\\\/#website\"},\"primaryImageOfPage\":{\"@id\":\"https:\\\/\\\/blogdofarnesio.com.br\\\/?p=135137#primaryimage\"},\"image\":{\"@id\":\"https:\\\/\\\/blogdofarnesio.com.br\\\/?p=135137#primaryimage\"},\"thumbnailUrl\":\"http:\\\/\\\/imagens1.ne10.uol.com.br\\\/blogsne10\\\/jamildo\\\/uploads\\\/2015\\\/07\\\/alx_lula-pt_original-580x435.jpeg\",\"datePublished\":\"2015-12-27T20:13:09+00:00\",\"breadcrumb\":{\"@id\":\"https:\\\/\\\/blogdofarnesio.com.br\\\/?p=135137#breadcrumb\"},\"inLanguage\":\"pt-BR\",\"potentialAction\":[{\"@type\":\"ReadAction\",\"target\":[\"https:\\\/\\\/blogdofarnesio.com.br\\\/?p=135137\"]}]},{\"@type\":\"ImageObject\",\"inLanguage\":\"pt-BR\",\"@id\":\"https:\\\/\\\/blogdofarnesio.com.br\\\/?p=135137#primaryimage\",\"url\":\"http:\\\/\\\/imagens1.ne10.uol.com.br\\\/blogsne10\\\/jamildo\\\/uploads\\\/2015\\\/07\\\/alx_lula-pt_original-580x435.jpeg\",\"contentUrl\":\"http:\\\/\\\/imagens1.ne10.uol.com.br\\\/blogsne10\\\/jamildo\\\/uploads\\\/2015\\\/07\\\/alx_lula-pt_original-580x435.jpeg\"},{\"@type\":\"BreadcrumbList\",\"@id\":\"https:\\\/\\\/blogdofarnesio.com.br\\\/?p=135137#breadcrumb\",\"itemListElement\":[{\"@type\":\"ListItem\",\"position\":1,\"name\":\"In\u00edcio\",\"item\":\"https:\\\/\\\/blogdofarnesio.com.br\\\/\"},{\"@type\":\"ListItem\",\"position\":2,\"name\":\"DEPOIMENTOS LIGAM LULA A REFORMA DE IM\u00d3VEL DA OAS\"}]},{\"@type\":\"WebSite\",\"@id\":\"https:\\\/\\\/blogdofarnesio.com.br\\\/#website\",\"url\":\"https:\\\/\\\/blogdofarnesio.com.br\\\/\",\"name\":\"Blog do Farn\u00e9sio\",\"description\":\"Quer Saber Pol\u00edtica?\",\"publisher\":{\"@id\":\"https:\\\/\\\/blogdofarnesio.com.br\\\/#organization\"},\"potentialAction\":[{\"@type\":\"SearchAction\",\"target\":{\"@type\":\"EntryPoint\",\"urlTemplate\":\"https:\\\/\\\/blogdofarnesio.com.br\\\/?s={search_term_string}\"},\"query-input\":{\"@type\":\"PropertyValueSpecification\",\"valueRequired\":true,\"valueName\":\"search_term_string\"}}],\"inLanguage\":\"pt-BR\"},{\"@type\":\"Organization\",\"@id\":\"https:\\\/\\\/blogdofarnesio.com.br\\\/#organization\",\"name\":\"Blog do Farn\u00e9sio\",\"url\":\"https:\\\/\\\/blogdofarnesio.com.br\\\/\",\"logo\":{\"@type\":\"ImageObject\",\"inLanguage\":\"pt-BR\",\"@id\":\"https:\\\/\\\/blogdofarnesio.com.br\\\/#\\\/schema\\\/logo\\\/image\\\/\",\"url\":\"https:\\\/\\\/blogdofarnesio.com.br\\\/wp-content\\\/uploads\\\/2026\\\/03\\\/cropped-logo_new-1.png\",\"contentUrl\":\"https:\\\/\\\/blogdofarnesio.com.br\\\/wp-content\\\/uploads\\\/2026\\\/03\\\/cropped-logo_new-1.png\",\"width\":881,\"height\":685,\"caption\":\"Blog do Farn\u00e9sio\"},\"image\":{\"@id\":\"https:\\\/\\\/blogdofarnesio.com.br\\\/#\\\/schema\\\/logo\\\/image\\\/\"},\"sameAs\":[\"https:\\\/\\\/www.facebook.com\\\/BlogQuerSaberPolitica\\\/\"]},{\"@type\":\"Person\",\"@id\":\"https:\\\/\\\/blogdofarnesio.com.br\\\/#\\\/schema\\\/person\\\/dd1bf5eba40b687199ba45ca6b97dff9\",\"name\":\"teste\",\"image\":{\"@type\":\"ImageObject\",\"inLanguage\":\"pt-BR\",\"@id\":\"https:\\\/\\\/secure.gravatar.com\\\/avatar\\\/2172498d4914b51e1d89a0f97957b035ac4938723a5cac208135d389b6972a6d?s=96&d=mm&r=g\",\"url\":\"https:\\\/\\\/secure.gravatar.com\\\/avatar\\\/2172498d4914b51e1d89a0f97957b035ac4938723a5cac208135d389b6972a6d?s=96&d=mm&r=g\",\"contentUrl\":\"https:\\\/\\\/secure.gravatar.com\\\/avatar\\\/2172498d4914b51e1d89a0f97957b035ac4938723a5cac208135d389b6972a6d?s=96&d=mm&r=g\",\"caption\":\"teste\"},\"url\":\"https:\\\/\\\/blogdofarnesio.com.br\\\/?author=3\"}]}<\/script>\n<!-- \/ Yoast SEO plugin. -->","yoast_head_json":{"title":"DEPOIMENTOS LIGAM LULA A REFORMA DE IM\u00d3VEL DA OAS - Blog do Farn\u00e9sio","robots":{"index":"index","follow":"follow","max-snippet":"max-snippet:-1","max-image-preview":"max-image-preview:large","max-video-preview":"max-video-preview:-1"},"canonical":"https:\/\/blogdofarnesio.com.br\/?p=135137","og_locale":"pt_BR","og_type":"article","og_title":"DEPOIMENTOS LIGAM LULA A REFORMA DE IM\u00d3VEL DA OAS - Blog do Farn\u00e9sio","og_description":"A empreiteira OAS \u00e9 investigada pelo Minist\u00e9rio P\u00fablico de S\u00e3o Paulo por ter, supostamente, favorecido o ex-presidente Luiz In\u00e1cio Lula da Silva na reforma de um apartamento triplex no Guaruj\u00e1 (litoral de SP) e de ter pago uma reforma no im\u00f3vel no valor de R$ 700 mil. De acordo com dados colhidos pela Promotoria, as visitas ao im\u00f3vel envolveram medidas para esconder a presen\u00e7a do ex-presidente e parentes no condom\u00ednio. Ap\u00f3s a publica\u00e7\u00e3o de reportagens sobre o im\u00f3vel, Lula desistiu de ficar com o triplex. Segundo informa\u00e7\u00f5es da Folha de S.Paulo, Jos\u00e9 Aldem\u00e1rio Pinheiro Filho, o L\u00e9o Pinheiro, presidente da OAS \u00e0 \u00e9poca, chegou a visitar o im\u00f3vel do ex-presidente. L\u00e9o Pinheiro foi temporariamente preso na Lava Jato, acusado de&hellip;","og_url":"https:\/\/blogdofarnesio.com.br\/?p=135137","og_site_name":"Blog do Farn\u00e9sio","article_publisher":"https:\/\/www.facebook.com\/BlogQuerSaberPolitica\/","article_published_time":"2015-12-27T20:13:09+00:00","og_image":[{"url":"http:\/\/imagens1.ne10.uol.com.br\/blogsne10\/jamildo\/uploads\/2015\/07\/alx_lula-pt_original-580x435.jpeg","type":"","width":"","height":""}],"author":"teste","twitter_card":"summary_large_image","twitter_misc":{"Escrito por":"teste","Est. tempo de leitura":"1 minuto"},"schema":{"@context":"https:\/\/schema.org","@graph":[{"@type":"Article","@id":"https:\/\/blogdofarnesio.com.br\/?p=135137#article","isPartOf":{"@id":"https:\/\/blogdofarnesio.com.br\/?p=135137"},"author":{"name":"teste","@id":"https:\/\/blogdofarnesio.com.br\/#\/schema\/person\/dd1bf5eba40b687199ba45ca6b97dff9"},"headline":"DEPOIMENTOS LIGAM LULA A REFORMA DE IM\u00d3VEL DA OAS","datePublished":"2015-12-27T20:13:09+00:00","mainEntityOfPage":{"@id":"https:\/\/blogdofarnesio.com.br\/?p=135137"},"wordCount":226,"commentCount":0,"publisher":{"@id":"https:\/\/blogdofarnesio.com.br\/#organization"},"image":{"@id":"https:\/\/blogdofarnesio.com.br\/?p=135137#primaryimage"},"thumbnailUrl":"http:\/\/imagens1.ne10.uol.com.br\/blogsne10\/jamildo\/uploads\/2015\/07\/alx_lula-pt_original-580x435.jpeg","articleSection":["Pol\u00edtica"],"inLanguage":"pt-BR","potentialAction":[{"@type":"CommentAction","name":"Comment","target":["https:\/\/blogdofarnesio.com.br\/?p=135137#respond"]}]},{"@type":"WebPage","@id":"https:\/\/blogdofarnesio.com.br\/?p=135137","url":"https:\/\/blogdofarnesio.com.br\/?p=135137","name":"DEPOIMENTOS LIGAM LULA A REFORMA DE IM\u00d3VEL DA OAS - Blog do Farn\u00e9sio","isPartOf":{"@id":"https:\/\/blogdofarnesio.com.br\/#website"},"primaryImageOfPage":{"@id":"https:\/\/blogdofarnesio.com.br\/?p=135137#primaryimage"},"image":{"@id":"https:\/\/blogdofarnesio.com.br\/?p=135137#primaryimage"},"thumbnailUrl":"http:\/\/imagens1.ne10.uol.com.br\/blogsne10\/jamildo\/uploads\/2015\/07\/alx_lula-pt_original-580x435.jpeg","datePublished":"2015-12-27T20:13:09+00:00","breadcrumb":{"@id":"https:\/\/blogdofarnesio.com.br\/?p=135137#breadcrumb"},"inLanguage":"pt-BR","potentialAction":[{"@type":"ReadAction","target":["https:\/\/blogdofarnesio.com.br\/?p=135137"]}]},{"@type":"ImageObject","inLanguage":"pt-BR","@id":"https:\/\/blogdofarnesio.com.br\/?p=135137#primaryimage","url":"http:\/\/imagens1.ne10.uol.com.br\/blogsne10\/jamildo\/uploads\/2015\/07\/alx_lula-pt_original-580x435.jpeg","contentUrl":"http:\/\/imagens1.ne10.uol.com.br\/blogsne10\/jamildo\/uploads\/2015\/07\/alx_lula-pt_original-580x435.jpeg"},{"@type":"BreadcrumbList","@id":"https:\/\/blogdofarnesio.com.br\/?p=135137#breadcrumb","itemListElement":[{"@type":"ListItem","position":1,"name":"In\u00edcio","item":"https:\/\/blogdofarnesio.com.br\/"},{"@type":"ListItem","position":2,"name":"DEPOIMENTOS LIGAM LULA A REFORMA DE IM\u00d3VEL DA OAS"}]},{"@type":"WebSite","@id":"https:\/\/blogdofarnesio.com.br\/#website","url":"https:\/\/blogdofarnesio.com.br\/","name":"Blog do Farn\u00e9sio","description":"Quer Saber Pol\u00edtica?","publisher":{"@id":"https:\/\/blogdofarnesio.com.br\/#organization"},"potentialAction":[{"@type":"SearchAction","target":{"@type":"EntryPoint","urlTemplate":"https:\/\/blogdofarnesio.com.br\/?s={search_term_string}"},"query-input":{"@type":"PropertyValueSpecification","valueRequired":true,"valueName":"search_term_string"}}],"inLanguage":"pt-BR"},{"@type":"Organization","@id":"https:\/\/blogdofarnesio.com.br\/#organization","name":"Blog do Farn\u00e9sio","url":"https:\/\/blogdofarnesio.com.br\/","logo":{"@type":"ImageObject","inLanguage":"pt-BR","@id":"https:\/\/blogdofarnesio.com.br\/#\/schema\/logo\/image\/","url":"https:\/\/blogdofarnesio.com.br\/wp-content\/uploads\/2026\/03\/cropped-logo_new-1.png","contentUrl":"https:\/\/blogdofarnesio.com.br\/wp-content\/uploads\/2026\/03\/cropped-logo_new-1.png","width":881,"height":685,"caption":"Blog do Farn\u00e9sio"},"image":{"@id":"https:\/\/blogdofarnesio.com.br\/#\/schema\/logo\/image\/"},"sameAs":["https:\/\/www.facebook.com\/BlogQuerSaberPolitica\/"]},{"@type":"Person","@id":"https:\/\/blogdofarnesio.com.br\/#\/schema\/person\/dd1bf5eba40b687199ba45ca6b97dff9","name":"teste","image":{"@type":"ImageObject","inLanguage":"pt-BR","@id":"https:\/\/secure.gravatar.com\/avatar\/2172498d4914b51e1d89a0f97957b035ac4938723a5cac208135d389b6972a6d?s=96&d=mm&r=g","url":"https:\/\/secure.gravatar.com\/avatar\/2172498d4914b51e1d89a0f97957b035ac4938723a5cac208135d389b6972a6d?s=96&d=mm&r=g","contentUrl":"https:\/\/secure.gravatar.com\/avatar\/2172498d4914b51e1d89a0f97957b035ac4938723a5cac208135d389b6972a6d?s=96&d=mm&r=g","caption":"teste"},"url":"https:\/\/blogdofarnesio.com.br\/?author=3"}]}},"_links":{"self":[{"href":"https:\/\/blogdofarnesio.com.br\/index.php?rest_route=\/wp\/v2\/posts\/135137","targetHints":{"allow":["GET"]}}],"collection":[{"href":"https:\/\/blogdofarnesio.com.br\/index.php?rest_route=\/wp\/v2\/posts"}],"about":[{"href":"https:\/\/blogdofarnesio.com.br\/index.php?rest_route=\/wp\/v2\/types\/post"}],"author":[{"embeddable":true,"href":"https:\/\/blogdofarnesio.com.br\/index.php?rest_route=\/wp\/v2\/users\/3"}],"replies":[{"embeddable":true,"href":"https:\/\/blogdofarnesio.com.br\/index.php?rest_route=%2Fwp%2Fv2%2Fcomments&post=135137"}],"version-history":[{"count":0,"href":"https:\/\/blogdofarnesio.com.br\/index.php?rest_route=\/wp\/v2\/posts\/135137\/revisions"}],"wp:attachment":[{"href":"https:\/\/blogdofarnesio.com.br\/index.php?rest_route=%2Fwp%2Fv2%2Fmedia&parent=135137"}],"wp:term":[{"taxonomy":"category","embeddable":true,"href":"https:\/\/blogdofarnesio.com.br\/index.php?rest_route=%2Fwp%2Fv2%2Fcategories&post=135137"},{"taxonomy":"post_tag","embeddable":true,"href":"https:\/\/blogdofarnesio.com.br\/index.php?rest_route=%2Fwp%2Fv2%2Ftags&post=135137"}],"curies":[{"name":"wp","href":"https:\/\/api.w.org\/{rel}","templated":true}]}}