{"id":134999,"date":"2015-12-23T09:20:31","date_gmt":"2015-12-23T12:20:31","guid":{"rendered":"http:\/\/www.quersaberpolitica.com.br\/?p=134999"},"modified":"2015-12-22T18:57:33","modified_gmt":"2015-12-22T21:57:33","slug":"presidente-damiao-vai-a-tribuna-e-garante-que-pccr-so-sera-votado-quando-houver-consenso","status":"publish","type":"post","link":"https:\/\/blogdofarnesio.com.br\/?p=134999","title":{"rendered":"PRESIDENTE DAMI\u00c3O VAI \u00c0 TRIBUNA E GARANTE QUE PCCR S\u00d3 SER\u00c1 VOTADO QUANDO HOUVER CONSENSO"},"content":{"rendered":"<p style=\"text-align: justify\"><a href=\"http:\/\/www.quersaberpolitica.com.br\/2016\/wp-content\/uploads\/2015\/12\/blogqsp-Dami\u00e3o-Medrado.jpg\"><img loading=\"lazy\" decoding=\"async\" class=\" wp-image-134064 aligncenter\" src=\"http:\/\/www.quersaberpolitica.com.br\/2016\/wp-content\/uploads\/2015\/12\/blogqsp-Dami\u00e3o-Medrado-300x200.jpg\" alt=\"blogqsp-Dami\u00e3o Medrado\" width=\"400\" height=\"267\" srcset=\"https:\/\/blogdofarnesio.com.br\/wp-content\/uploads\/2015\/12\/blogqsp-Dami\u00e3o-Medrado-300x200.jpg 300w, https:\/\/blogdofarnesio.com.br\/wp-content\/uploads\/2015\/12\/blogqsp-Dami\u00e3o-Medrado.jpg 448w\" sizes=\"auto, (max-width: 400px) 100vw, 400px\" \/><\/a><\/p>\n<p style=\"text-align: justify\">O Presidente da C\u00e2mara de Vereadores de Juazeiro, Dami\u00e3o Medrado (PSD), diante do impasse que ainda se mant\u00e9m entre servidores e o Poder Executivo Municipal para se chegar ao texto final do Plano de Cargos, Carreiras e Remunera\u00e7\u00e3o que vem sendo discutido desde junho, ocupou a tribuna na sess\u00e3o de segunda-feira (21\/12), para deixar claro que no Legislativo Municipal o Plano s\u00f3 ser\u00e1 votado quando houver consenso entre prefeitura e sindicatos:<\/p>\n<p style=\"text-align: justify\">\u201cEu j\u00e1 tinha dito e repito aqui na tribuna: \u00e9 um projeto de grande responsabilidade! Se trata da vida do servidor\u201d \u2013 Iniciou o Presidente, informando que chamado para uma reuni\u00e3o com a Secret\u00e1ria de Administra\u00e7\u00e3o M\u00e1eve Melo, externou sua posi\u00e7\u00e3o, \u201cenquanto vereador e presidente da C\u00e2mara\u201d e disse a ela: \u201cs\u00f3 mande esse projeto para a C\u00e2mara se estiver tudo alinhado com todos os sindicatos. Se n\u00e3o estiver n\u00e3o mande porque n\u00e3o vou colocar para votar. Esta \u00e9 uma prerrogativa da Mesa Diretora e eu n\u00e3o boto para votar se n\u00e3o estiver tudo alinhado com os servidores e sindicatos\u201d.<\/p>\n<p style=\"text-align: justify\">Nesta segunda-feira, a Secret\u00e1ria comunicou ao Presidente que a contraproposta do Executivo \u00e0 proposi\u00e7\u00e3o dos sindicatos n\u00e3o obteve consenso e, portanto, a apresenta\u00e7\u00e3o do plano aos vereadores seria adiada: \u201cRecebi uma liga\u00e7\u00e3o agora \u00e0 tarde (da Secret\u00e1ria M\u00e1eve) comunicando-me que a reuni\u00e3o com os vereadores estava cancelada porque n\u00e3o houve acordo com os servidores. Vamos aguardar este acordo. N\u00e3o vamos tomar uma decis\u00e3o votando da noite para o dia! \u201d<\/p>\n<p style=\"text-align: justify\">O Presidente fez quest\u00e3o de ressaltar a \u201cdisposi\u00e7\u00e3o do prefeito Isaac de dialogar com os servidores e com os sindicatos\u201d: \u201cNossa posi\u00e7\u00e3o reflete a pol\u00edtica colocada em pr\u00e1tica pelo Executivo: dialogar, buscar o entendimento e votar o que \u00e9 melhor para os servidores e para Juazeiro! \u201c, colocando a Mesa Diretora \u00e0 disposi\u00e7\u00e3o para convoca\u00e7\u00f5es extraordin\u00e1rias durante o recesso para vota\u00e7\u00e3o do PCCR.<\/p>\n<p style=\"text-align: justify\">Ao final do pronunciamento Dami\u00e3o informou que conseguiu uma nova emenda destinada a Juazeiro pelo Deputado Jos\u00e9 Carlos Ara\u00fajo, no valor de 500 mil reais, para cal\u00e7amento e que escolheu o Bairro Pedro Raimundo para ser o benefici\u00e1rio.<\/p>\n<p><em>Ascom<\/em><\/p>\n","protected":false},"excerpt":{"rendered":"<p>O Presidente da C\u00e2mara de Vereadores de Juazeiro, Dami\u00e3o Medrado (PSD), diante do impasse que ainda se mant\u00e9m entre servidores e o Poder Executivo Municipal para se chegar ao texto final do Plano de Cargos, Carreiras e Remunera\u00e7\u00e3o que vem sendo discutido desde junho, ocupou a tribuna na sess\u00e3o de segunda-feira (21\/12), para deixar claro que no Legislativo Municipal o Plano s\u00f3 ser\u00e1 votado quando houver consenso entre prefeitura e sindicatos: \u201cEu j\u00e1 tinha dito e repito aqui na tribuna: \u00e9 um projeto de grande responsabilidade! Se trata da vida do servidor\u201d \u2013 Iniciou o Presidente, informando que chamado para uma reuni\u00e3o com a Secret\u00e1ria de Administra\u00e7\u00e3o M\u00e1eve Melo, externou sua posi\u00e7\u00e3o, \u201cenquanto vereador e presidente da C\u00e2mara\u201d e disse&hellip; <\/p>\n","protected":false},"author":7,"featured_media":0,"comment_status":"open","ping_status":"open","sticky":false,"template":"","format":"standard","meta":{"_acf_changed":false,"footnotes":""},"categories":[44,1],"tags":[],"class_list":["post-134999","post","type-post","status-publish","format-standard","hentry","category-administracao","category-politica"],"acf":[],"yoast_head":"<!-- This site is optimized with the Yoast SEO plugin v27.4 - https:\/\/yoast.com\/product\/yoast-seo-wordpress\/ -->\n<title>PRESIDENTE DAMI\u00c3O VAI \u00c0 TRIBUNA E GARANTE QUE PCCR S\u00d3 SER\u00c1 VOTADO QUANDO HOUVER CONSENSO - Blog do Farn\u00e9sio<\/title>\n<meta name=\"robots\" content=\"index, follow, max-snippet:-1, max-image-preview:large, max-video-preview:-1\" \/>\n<link rel=\"canonical\" href=\"https:\/\/blogdofarnesio.com.br\/?p=134999\" \/>\n<meta property=\"og:locale\" content=\"pt_BR\" \/>\n<meta property=\"og:type\" content=\"article\" \/>\n<meta property=\"og:title\" content=\"PRESIDENTE DAMI\u00c3O VAI \u00c0 TRIBUNA E GARANTE QUE PCCR S\u00d3 SER\u00c1 VOTADO QUANDO HOUVER CONSENSO - Blog do Farn\u00e9sio\" \/>\n<meta property=\"og:description\" content=\"O Presidente da C\u00e2mara de Vereadores de Juazeiro, Dami\u00e3o Medrado (PSD), diante do impasse que ainda se mant\u00e9m entre servidores e o Poder Executivo Municipal para se chegar ao texto final do Plano de Cargos, Carreiras e Remunera\u00e7\u00e3o que vem sendo discutido desde junho, ocupou a tribuna na sess\u00e3o de segunda-feira (21\/12), para deixar claro que no Legislativo Municipal o Plano s\u00f3 ser\u00e1 votado quando houver consenso entre prefeitura e sindicatos: \u201cEu j\u00e1 tinha dito e repito aqui na tribuna: \u00e9 um projeto de grande responsabilidade! Se trata da vida do servidor\u201d \u2013 Iniciou o Presidente, informando que chamado para uma reuni\u00e3o com a Secret\u00e1ria de Administra\u00e7\u00e3o M\u00e1eve Melo, externou sua posi\u00e7\u00e3o, \u201cenquanto vereador e presidente da C\u00e2mara\u201d e disse&hellip;\" \/>\n<meta property=\"og:url\" content=\"https:\/\/blogdofarnesio.com.br\/?p=134999\" \/>\n<meta property=\"og:site_name\" content=\"Blog do Farn\u00e9sio\" \/>\n<meta property=\"article:publisher\" content=\"https:\/\/www.facebook.com\/BlogQuerSaberPolitica\/\" \/>\n<meta property=\"article:published_time\" content=\"2015-12-23T12:20:31+00:00\" \/>\n<meta name=\"twitter:card\" content=\"summary_large_image\" \/>\n<meta name=\"twitter:label1\" content=\"Escrito por\" \/>\n\t<meta name=\"twitter:data1\" content=\"\" \/>\n\t<meta name=\"twitter:label2\" content=\"Est. tempo de leitura\" \/>\n\t<meta name=\"twitter:data2\" content=\"2 minutos\" \/>\n<script type=\"application\/ld+json\" class=\"yoast-schema-graph\">{\"@context\":\"https:\\\/\\\/schema.org\",\"@graph\":[{\"@type\":\"Article\",\"@id\":\"https:\\\/\\\/blogdofarnesio.com.br\\\/?p=134999#article\",\"isPartOf\":{\"@id\":\"https:\\\/\\\/blogdofarnesio.com.br\\\/?p=134999\"},\"author\":{\"name\":\"\",\"@id\":\"\"},\"headline\":\"PRESIDENTE DAMI\u00c3O VAI \u00c0 TRIBUNA E GARANTE QUE PCCR S\u00d3 SER\u00c1 VOTADO QUANDO HOUVER CONSENSO\",\"datePublished\":\"2015-12-23T12:20:31+00:00\",\"mainEntityOfPage\":{\"@id\":\"https:\\\/\\\/blogdofarnesio.com.br\\\/?p=134999\"},\"wordCount\":388,\"commentCount\":0,\"publisher\":{\"@id\":\"https:\\\/\\\/blogdofarnesio.com.br\\\/#organization\"},\"articleSection\":[\"Administra\u00e7\u00e3o\",\"Pol\u00edtica\"],\"inLanguage\":\"pt-BR\",\"potentialAction\":[{\"@type\":\"CommentAction\",\"name\":\"Comment\",\"target\":[\"https:\\\/\\\/blogdofarnesio.com.br\\\/?p=134999#respond\"]}]},{\"@type\":\"WebPage\",\"@id\":\"https:\\\/\\\/blogdofarnesio.com.br\\\/?p=134999\",\"url\":\"https:\\\/\\\/blogdofarnesio.com.br\\\/?p=134999\",\"name\":\"PRESIDENTE DAMI\u00c3O VAI \u00c0 TRIBUNA E GARANTE QUE PCCR S\u00d3 SER\u00c1 VOTADO QUANDO HOUVER CONSENSO - Blog do Farn\u00e9sio\",\"isPartOf\":{\"@id\":\"https:\\\/\\\/blogdofarnesio.com.br\\\/#website\"},\"datePublished\":\"2015-12-23T12:20:31+00:00\",\"breadcrumb\":{\"@id\":\"https:\\\/\\\/blogdofarnesio.com.br\\\/?p=134999#breadcrumb\"},\"inLanguage\":\"pt-BR\",\"potentialAction\":[{\"@type\":\"ReadAction\",\"target\":[\"https:\\\/\\\/blogdofarnesio.com.br\\\/?p=134999\"]}]},{\"@type\":\"BreadcrumbList\",\"@id\":\"https:\\\/\\\/blogdofarnesio.com.br\\\/?p=134999#breadcrumb\",\"itemListElement\":[{\"@type\":\"ListItem\",\"position\":1,\"name\":\"In\u00edcio\",\"item\":\"https:\\\/\\\/blogdofarnesio.com.br\\\/\"},{\"@type\":\"ListItem\",\"position\":2,\"name\":\"PRESIDENTE DAMI\u00c3O VAI \u00c0 TRIBUNA E GARANTE QUE PCCR S\u00d3 SER\u00c1 VOTADO QUANDO HOUVER CONSENSO\"}]},{\"@type\":\"WebSite\",\"@id\":\"https:\\\/\\\/blogdofarnesio.com.br\\\/#website\",\"url\":\"https:\\\/\\\/blogdofarnesio.com.br\\\/\",\"name\":\"Blog do Farn\u00e9sio\",\"description\":\"Quer Saber Pol\u00edtica?\",\"publisher\":{\"@id\":\"https:\\\/\\\/blogdofarnesio.com.br\\\/#organization\"},\"potentialAction\":[{\"@type\":\"SearchAction\",\"target\":{\"@type\":\"EntryPoint\",\"urlTemplate\":\"https:\\\/\\\/blogdofarnesio.com.br\\\/?s={search_term_string}\"},\"query-input\":{\"@type\":\"PropertyValueSpecification\",\"valueRequired\":true,\"valueName\":\"search_term_string\"}}],\"inLanguage\":\"pt-BR\"},{\"@type\":\"Organization\",\"@id\":\"https:\\\/\\\/blogdofarnesio.com.br\\\/#organization\",\"name\":\"Blog do Farn\u00e9sio\",\"url\":\"https:\\\/\\\/blogdofarnesio.com.br\\\/\",\"logo\":{\"@type\":\"ImageObject\",\"inLanguage\":\"pt-BR\",\"@id\":\"https:\\\/\\\/blogdofarnesio.com.br\\\/#\\\/schema\\\/logo\\\/image\\\/\",\"url\":\"https:\\\/\\\/blogdofarnesio.com.br\\\/wp-content\\\/uploads\\\/2026\\\/03\\\/cropped-logo_new-1.png\",\"contentUrl\":\"https:\\\/\\\/blogdofarnesio.com.br\\\/wp-content\\\/uploads\\\/2026\\\/03\\\/cropped-logo_new-1.png\",\"width\":881,\"height\":685,\"caption\":\"Blog do Farn\u00e9sio\"},\"image\":{\"@id\":\"https:\\\/\\\/blogdofarnesio.com.br\\\/#\\\/schema\\\/logo\\\/image\\\/\"},\"sameAs\":[\"https:\\\/\\\/www.facebook.com\\\/BlogQuerSaberPolitica\\\/\"]},{\"@type\":\"Person\",\"@id\":\"\",\"url\":\"https:\\\/\\\/blogdofarnesio.com.br\\\/?author=7\"}]}<\/script>\n<!-- \/ Yoast SEO plugin. -->","yoast_head_json":{"title":"PRESIDENTE DAMI\u00c3O VAI \u00c0 TRIBUNA E GARANTE QUE PCCR S\u00d3 SER\u00c1 VOTADO QUANDO HOUVER CONSENSO - Blog do Farn\u00e9sio","robots":{"index":"index","follow":"follow","max-snippet":"max-snippet:-1","max-image-preview":"max-image-preview:large","max-video-preview":"max-video-preview:-1"},"canonical":"https:\/\/blogdofarnesio.com.br\/?p=134999","og_locale":"pt_BR","og_type":"article","og_title":"PRESIDENTE DAMI\u00c3O VAI \u00c0 TRIBUNA E GARANTE QUE PCCR S\u00d3 SER\u00c1 VOTADO QUANDO HOUVER CONSENSO - Blog do Farn\u00e9sio","og_description":"O Presidente da C\u00e2mara de Vereadores de Juazeiro, Dami\u00e3o Medrado (PSD), diante do impasse que ainda se mant\u00e9m entre servidores e o Poder Executivo Municipal para se chegar ao texto final do Plano de Cargos, Carreiras e Remunera\u00e7\u00e3o que vem sendo discutido desde junho, ocupou a tribuna na sess\u00e3o de segunda-feira (21\/12), para deixar claro que no Legislativo Municipal o Plano s\u00f3 ser\u00e1 votado quando houver consenso entre prefeitura e sindicatos: \u201cEu j\u00e1 tinha dito e repito aqui na tribuna: \u00e9 um projeto de grande responsabilidade! Se trata da vida do servidor\u201d \u2013 Iniciou o Presidente, informando que chamado para uma reuni\u00e3o com a Secret\u00e1ria de Administra\u00e7\u00e3o M\u00e1eve Melo, externou sua posi\u00e7\u00e3o, \u201cenquanto vereador e presidente da C\u00e2mara\u201d e disse&hellip;","og_url":"https:\/\/blogdofarnesio.com.br\/?p=134999","og_site_name":"Blog do Farn\u00e9sio","article_publisher":"https:\/\/www.facebook.com\/BlogQuerSaberPolitica\/","article_published_time":"2015-12-23T12:20:31+00:00","twitter_card":"summary_large_image","twitter_misc":{"Escrito por":"","Est. tempo de leitura":"2 minutos"},"schema":{"@context":"https:\/\/schema.org","@graph":[{"@type":"Article","@id":"https:\/\/blogdofarnesio.com.br\/?p=134999#article","isPartOf":{"@id":"https:\/\/blogdofarnesio.com.br\/?p=134999"},"author":{"name":"","@id":""},"headline":"PRESIDENTE DAMI\u00c3O VAI \u00c0 TRIBUNA E GARANTE QUE PCCR S\u00d3 SER\u00c1 VOTADO QUANDO HOUVER CONSENSO","datePublished":"2015-12-23T12:20:31+00:00","mainEntityOfPage":{"@id":"https:\/\/blogdofarnesio.com.br\/?p=134999"},"wordCount":388,"commentCount":0,"publisher":{"@id":"https:\/\/blogdofarnesio.com.br\/#organization"},"articleSection":["Administra\u00e7\u00e3o","Pol\u00edtica"],"inLanguage":"pt-BR","potentialAction":[{"@type":"CommentAction","name":"Comment","target":["https:\/\/blogdofarnesio.com.br\/?p=134999#respond"]}]},{"@type":"WebPage","@id":"https:\/\/blogdofarnesio.com.br\/?p=134999","url":"https:\/\/blogdofarnesio.com.br\/?p=134999","name":"PRESIDENTE DAMI\u00c3O VAI \u00c0 TRIBUNA E GARANTE QUE PCCR S\u00d3 SER\u00c1 VOTADO QUANDO HOUVER CONSENSO - Blog do Farn\u00e9sio","isPartOf":{"@id":"https:\/\/blogdofarnesio.com.br\/#website"},"datePublished":"2015-12-23T12:20:31+00:00","breadcrumb":{"@id":"https:\/\/blogdofarnesio.com.br\/?p=134999#breadcrumb"},"inLanguage":"pt-BR","potentialAction":[{"@type":"ReadAction","target":["https:\/\/blogdofarnesio.com.br\/?p=134999"]}]},{"@type":"BreadcrumbList","@id":"https:\/\/blogdofarnesio.com.br\/?p=134999#breadcrumb","itemListElement":[{"@type":"ListItem","position":1,"name":"In\u00edcio","item":"https:\/\/blogdofarnesio.com.br\/"},{"@type":"ListItem","position":2,"name":"PRESIDENTE DAMI\u00c3O VAI \u00c0 TRIBUNA E GARANTE QUE PCCR S\u00d3 SER\u00c1 VOTADO QUANDO HOUVER CONSENSO"}]},{"@type":"WebSite","@id":"https:\/\/blogdofarnesio.com.br\/#website","url":"https:\/\/blogdofarnesio.com.br\/","name":"Blog do Farn\u00e9sio","description":"Quer Saber Pol\u00edtica?","publisher":{"@id":"https:\/\/blogdofarnesio.com.br\/#organization"},"potentialAction":[{"@type":"SearchAction","target":{"@type":"EntryPoint","urlTemplate":"https:\/\/blogdofarnesio.com.br\/?s={search_term_string}"},"query-input":{"@type":"PropertyValueSpecification","valueRequired":true,"valueName":"search_term_string"}}],"inLanguage":"pt-BR"},{"@type":"Organization","@id":"https:\/\/blogdofarnesio.com.br\/#organization","name":"Blog do Farn\u00e9sio","url":"https:\/\/blogdofarnesio.com.br\/","logo":{"@type":"ImageObject","inLanguage":"pt-BR","@id":"https:\/\/blogdofarnesio.com.br\/#\/schema\/logo\/image\/","url":"https:\/\/blogdofarnesio.com.br\/wp-content\/uploads\/2026\/03\/cropped-logo_new-1.png","contentUrl":"https:\/\/blogdofarnesio.com.br\/wp-content\/uploads\/2026\/03\/cropped-logo_new-1.png","width":881,"height":685,"caption":"Blog do Farn\u00e9sio"},"image":{"@id":"https:\/\/blogdofarnesio.com.br\/#\/schema\/logo\/image\/"},"sameAs":["https:\/\/www.facebook.com\/BlogQuerSaberPolitica\/"]},{"@type":"Person","@id":"","url":"https:\/\/blogdofarnesio.com.br\/?author=7"}]}},"_links":{"self":[{"href":"https:\/\/blogdofarnesio.com.br\/index.php?rest_route=\/wp\/v2\/posts\/134999","targetHints":{"allow":["GET"]}}],"collection":[{"href":"https:\/\/blogdofarnesio.com.br\/index.php?rest_route=\/wp\/v2\/posts"}],"about":[{"href":"https:\/\/blogdofarnesio.com.br\/index.php?rest_route=\/wp\/v2\/types\/post"}],"author":[{"embeddable":true,"href":"https:\/\/blogdofarnesio.com.br\/index.php?rest_route=\/wp\/v2\/users\/7"}],"replies":[{"embeddable":true,"href":"https:\/\/blogdofarnesio.com.br\/index.php?rest_route=%2Fwp%2Fv2%2Fcomments&post=134999"}],"version-history":[{"count":0,"href":"https:\/\/blogdofarnesio.com.br\/index.php?rest_route=\/wp\/v2\/posts\/134999\/revisions"}],"wp:attachment":[{"href":"https:\/\/blogdofarnesio.com.br\/index.php?rest_route=%2Fwp%2Fv2%2Fmedia&parent=134999"}],"wp:term":[{"taxonomy":"category","embeddable":true,"href":"https:\/\/blogdofarnesio.com.br\/index.php?rest_route=%2Fwp%2Fv2%2Fcategories&post=134999"},{"taxonomy":"post_tag","embeddable":true,"href":"https:\/\/blogdofarnesio.com.br\/index.php?rest_route=%2Fwp%2Fv2%2Ftags&post=134999"}],"curies":[{"name":"wp","href":"https:\/\/api.w.org\/{rel}","templated":true}]}}