{"id":134928,"date":"2015-12-21T19:00:49","date_gmt":"2015-12-21T22:00:49","guid":{"rendered":"http:\/\/www.quersaberpolitica.com.br\/?p=134928"},"modified":"2015-12-21T15:51:15","modified_gmt":"2015-12-21T18:51:15","slug":"dilma-diz-que-ajuste-logo-trara-resultados-positivos-e-promete-novo-ciclo-ao-pais","status":"publish","type":"post","link":"https:\/\/blogdofarnesio.com.br\/2015\/12\/dilma-diz-que-ajuste-logo-trara-resultados-positivos-e-promete-novo-ciclo-ao-pais\/","title":{"rendered":"DILMA DIZ QUE AJUSTE LOGO TRAR\u00c1 RESULTADOS POSITIVOS E PROMETE NOVO CICLO AO PA\u00cdS"},"content":{"rendered":"<p style=\"text-align: justify\"><a href=\"http:\/\/www.quersaberpolitica.com.br\/2016\/wp-content\/uploads\/2015\/12\/blogqsp-Dilma-Rousseff-.jpg\"><img loading=\"lazy\" decoding=\"async\" class=\"  wp-image-134929 aligncenter\" src=\"http:\/\/www.quersaberpolitica.com.br\/2016\/wp-content\/uploads\/2015\/12\/blogqsp-Dilma-Rousseff--300x258.jpg\" alt=\"blogqsp-Dilma-Rousseff-\" width=\"352\" height=\"305\" \/><\/a><\/p>\n<p style=\"text-align: justify\">A presidente Dilma Rousseff afirmou que o ajuste das contas p\u00fablicas \u201clogo\u201d trar\u00e1 resultados positivos para o Brasil. No dia em que d\u00e1 posse a Nelson Barbosa como ministro da Fazenda, Dilma disse que o governo brasileiro trabalha em medidas de est\u00edmulo \u00e0s exporta\u00e7\u00f5es e aos investimentos em infraestrutura para que o Pa\u00eds entre em um \u201cnovo ciclo\u201d.<\/p>\n<p style=\"text-align: justify\">\u201cA reorganiza\u00e7\u00e3o do quadro fiscal do Brasil logo trar\u00e1 resultados positivos, juntamente com o fim da crise pol\u00edtica que tem afetado o meu segundo mandato desde o seu in\u00edcio\u201d, discursou a presidente na 49\u00aa C\u00fapula do Mercosul, em Assun\u00e7\u00e3o, no Paraguai<\/p>\n<p style=\"text-align: justify\">Ela defendeu o combate \u00e0 infla\u00e7\u00e3o, a consolida\u00e7\u00e3o da estabilidade macroecon\u00f4mica e a volta da confian\u00e7a na economia como ingredientes para a retomada do crescimento econ\u00f4mico.<\/p>\n<p style=\"text-align: justify\">\u201cJunto com uma pol\u00edtica fiscal, de consolida\u00e7\u00e3o, estamos desenvolvendo tamb\u00e9m um novo ciclo que ser\u00e1 marcado por maior est\u00edmulo \u00e0s exporta\u00e7\u00f5es e ao forte investimento em infraestrutura e energia. O aumento da produtividade favorecer\u00e1 os investimentos e ajudar\u00e1 na maior gera\u00e7\u00e3o de empregos\u201d, afirmou.<\/p>\n<p style=\"text-align: justify\">De acordo com a presidente, a economia brasileira entrou em recess\u00e3o como consequ\u00eancia da lentid\u00e3o da recupera\u00e7\u00e3o mundial e, sobretudo, da violenta queda dos pre\u00e7os das commodities. Esses fatores, segundo ela, afetaram o crescimento brasileiro \u201cde forma conjuntural\u201d. Ela afirmou que a economia ainda tem elevadas reservas internacionais e finan\u00e7as sob controle.<\/p>\n<p style=\"text-align: justify\"><em>Estad\u00e3o Conte\u00fado<\/em><\/p>\n","protected":false},"excerpt":{"rendered":"<p>A presidente Dilma Rousseff afirmou que o ajuste das contas p\u00fablicas \u201clogo\u201d trar\u00e1 resultados positivos para o Brasil. No dia em que d\u00e1 posse a Nelson Barbosa como ministro da Fazenda, Dilma disse que o governo brasileiro trabalha em medidas de est\u00edmulo \u00e0s exporta\u00e7\u00f5es e aos investimentos em infraestrutura para que o Pa\u00eds entre em um \u201cnovo ciclo\u201d. \u201cA reorganiza\u00e7\u00e3o do quadro fiscal do Brasil logo trar\u00e1 resultados positivos, juntamente com o fim da crise pol\u00edtica que tem afetado o meu segundo mandato desde o seu in\u00edcio\u201d, discursou a presidente na 49\u00aa C\u00fapula do Mercosul, em Assun\u00e7\u00e3o, no Paraguai Ela defendeu o combate \u00e0 infla\u00e7\u00e3o, a consolida\u00e7\u00e3o da estabilidade macroecon\u00f4mica e a volta da confian\u00e7a na economia como ingredientes para&hellip; <\/p>\n","protected":false},"author":7,"featured_media":0,"comment_status":"open","ping_status":"open","sticky":false,"template":"","format":"standard","meta":{"_acf_changed":false,"footnotes":""},"categories":[1],"tags":[],"class_list":["post-134928","post","type-post","status-publish","format-standard","hentry","category-politica"],"acf":[],"yoast_head":"<!-- This site is optimized with the Yoast SEO plugin v27.5 - https:\/\/yoast.com\/product\/yoast-seo-wordpress\/ -->\n<title>DILMA DIZ QUE AJUSTE LOGO TRAR\u00c1 RESULTADOS POSITIVOS E PROMETE NOVO CICLO AO PA\u00cdS - Blog do Farn\u00e9sio<\/title>\n<meta name=\"robots\" content=\"index, follow, max-snippet:-1, max-image-preview:large, max-video-preview:-1\" \/>\n<link rel=\"canonical\" href=\"https:\/\/blogdofarnesio.com.br\/2015\/12\/dilma-diz-que-ajuste-logo-trara-resultados-positivos-e-promete-novo-ciclo-ao-pais\/\" \/>\n<meta property=\"og:locale\" content=\"pt_BR\" \/>\n<meta property=\"og:type\" content=\"article\" \/>\n<meta property=\"og:title\" content=\"DILMA DIZ QUE AJUSTE LOGO TRAR\u00c1 RESULTADOS POSITIVOS E PROMETE NOVO CICLO AO PA\u00cdS - Blog do Farn\u00e9sio\" \/>\n<meta property=\"og:description\" content=\"A presidente Dilma Rousseff afirmou que o ajuste das contas p\u00fablicas \u201clogo\u201d trar\u00e1 resultados positivos para o Brasil. No dia em que d\u00e1 posse a Nelson Barbosa como ministro da Fazenda, Dilma disse que o governo brasileiro trabalha em medidas de est\u00edmulo \u00e0s exporta\u00e7\u00f5es e aos investimentos em infraestrutura para que o Pa\u00eds entre em um \u201cnovo ciclo\u201d. \u201cA reorganiza\u00e7\u00e3o do quadro fiscal do Brasil logo trar\u00e1 resultados positivos, juntamente com o fim da crise pol\u00edtica que tem afetado o meu segundo mandato desde o seu in\u00edcio\u201d, discursou a presidente na 49\u00aa C\u00fapula do Mercosul, em Assun\u00e7\u00e3o, no Paraguai Ela defendeu o combate \u00e0 infla\u00e7\u00e3o, a consolida\u00e7\u00e3o da estabilidade macroecon\u00f4mica e a volta da confian\u00e7a na economia como ingredientes para&hellip;\" \/>\n<meta property=\"og:url\" content=\"https:\/\/blogdofarnesio.com.br\/2015\/12\/dilma-diz-que-ajuste-logo-trara-resultados-positivos-e-promete-novo-ciclo-ao-pais\/\" \/>\n<meta property=\"og:site_name\" content=\"Blog do Farn\u00e9sio\" \/>\n<meta property=\"article:publisher\" content=\"https:\/\/www.facebook.com\/BlogQuerSaberPolitica\/\" \/>\n<meta property=\"article:published_time\" content=\"2015-12-21T22:00:49+00:00\" \/>\n<meta property=\"og:image\" content=\"http:\/\/www.quersaberpolitica.com.br\/2016\/wp-content\/uploads\/2015\/12\/blogqsp-Dilma-Rousseff--300x258.jpg\" \/>\n<meta name=\"twitter:card\" content=\"summary_large_image\" \/>\n<meta name=\"twitter:label1\" content=\"Escrito por\" \/>\n\t<meta name=\"twitter:data1\" content=\"\" \/>\n\t<meta name=\"twitter:label2\" content=\"Est. tempo de leitura\" \/>\n\t<meta name=\"twitter:data2\" content=\"1 minuto\" \/>\n<script type=\"application\/ld+json\" class=\"yoast-schema-graph\">{\"@context\":\"https:\\\/\\\/schema.org\",\"@graph\":[{\"@type\":\"Article\",\"@id\":\"https:\\\/\\\/blogdofarnesio.com.br\\\/2015\\\/12\\\/dilma-diz-que-ajuste-logo-trara-resultados-positivos-e-promete-novo-ciclo-ao-pais\\\/#article\",\"isPartOf\":{\"@id\":\"https:\\\/\\\/blogdofarnesio.com.br\\\/2015\\\/12\\\/dilma-diz-que-ajuste-logo-trara-resultados-positivos-e-promete-novo-ciclo-ao-pais\\\/\"},\"author\":{\"name\":\"\",\"@id\":\"\"},\"headline\":\"DILMA DIZ QUE AJUSTE LOGO TRAR\u00c1 RESULTADOS POSITIVOS E PROMETE NOVO CICLO AO PA\u00cdS\",\"datePublished\":\"2015-12-21T22:00:49+00:00\",\"mainEntityOfPage\":{\"@id\":\"https:\\\/\\\/blogdofarnesio.com.br\\\/2015\\\/12\\\/dilma-diz-que-ajuste-logo-trara-resultados-positivos-e-promete-novo-ciclo-ao-pais\\\/\"},\"wordCount\":264,\"commentCount\":0,\"publisher\":{\"@id\":\"https:\\\/\\\/blogdofarnesio.com.br\\\/#organization\"},\"image\":{\"@id\":\"https:\\\/\\\/blogdofarnesio.com.br\\\/2015\\\/12\\\/dilma-diz-que-ajuste-logo-trara-resultados-positivos-e-promete-novo-ciclo-ao-pais\\\/#primaryimage\"},\"thumbnailUrl\":\"http:\\\/\\\/www.quersaberpolitica.com.br\\\/2016\\\/wp-content\\\/uploads\\\/2015\\\/12\\\/blogqsp-Dilma-Rousseff--300x258.jpg\",\"articleSection\":[\"Pol\u00edtica\"],\"inLanguage\":\"pt-BR\",\"potentialAction\":[{\"@type\":\"CommentAction\",\"name\":\"Comment\",\"target\":[\"https:\\\/\\\/blogdofarnesio.com.br\\\/2015\\\/12\\\/dilma-diz-que-ajuste-logo-trara-resultados-positivos-e-promete-novo-ciclo-ao-pais\\\/#respond\"]}]},{\"@type\":\"WebPage\",\"@id\":\"https:\\\/\\\/blogdofarnesio.com.br\\\/2015\\\/12\\\/dilma-diz-que-ajuste-logo-trara-resultados-positivos-e-promete-novo-ciclo-ao-pais\\\/\",\"url\":\"https:\\\/\\\/blogdofarnesio.com.br\\\/2015\\\/12\\\/dilma-diz-que-ajuste-logo-trara-resultados-positivos-e-promete-novo-ciclo-ao-pais\\\/\",\"name\":\"DILMA DIZ QUE AJUSTE LOGO TRAR\u00c1 RESULTADOS POSITIVOS E PROMETE NOVO CICLO AO PA\u00cdS - Blog do Farn\u00e9sio\",\"isPartOf\":{\"@id\":\"https:\\\/\\\/blogdofarnesio.com.br\\\/#website\"},\"primaryImageOfPage\":{\"@id\":\"https:\\\/\\\/blogdofarnesio.com.br\\\/2015\\\/12\\\/dilma-diz-que-ajuste-logo-trara-resultados-positivos-e-promete-novo-ciclo-ao-pais\\\/#primaryimage\"},\"image\":{\"@id\":\"https:\\\/\\\/blogdofarnesio.com.br\\\/2015\\\/12\\\/dilma-diz-que-ajuste-logo-trara-resultados-positivos-e-promete-novo-ciclo-ao-pais\\\/#primaryimage\"},\"thumbnailUrl\":\"http:\\\/\\\/www.quersaberpolitica.com.br\\\/2016\\\/wp-content\\\/uploads\\\/2015\\\/12\\\/blogqsp-Dilma-Rousseff--300x258.jpg\",\"datePublished\":\"2015-12-21T22:00:49+00:00\",\"breadcrumb\":{\"@id\":\"https:\\\/\\\/blogdofarnesio.com.br\\\/2015\\\/12\\\/dilma-diz-que-ajuste-logo-trara-resultados-positivos-e-promete-novo-ciclo-ao-pais\\\/#breadcrumb\"},\"inLanguage\":\"pt-BR\",\"potentialAction\":[{\"@type\":\"ReadAction\",\"target\":[\"https:\\\/\\\/blogdofarnesio.com.br\\\/2015\\\/12\\\/dilma-diz-que-ajuste-logo-trara-resultados-positivos-e-promete-novo-ciclo-ao-pais\\\/\"]}]},{\"@type\":\"ImageObject\",\"inLanguage\":\"pt-BR\",\"@id\":\"https:\\\/\\\/blogdofarnesio.com.br\\\/2015\\\/12\\\/dilma-diz-que-ajuste-logo-trara-resultados-positivos-e-promete-novo-ciclo-ao-pais\\\/#primaryimage\",\"url\":\"http:\\\/\\\/www.quersaberpolitica.com.br\\\/2016\\\/wp-content\\\/uploads\\\/2015\\\/12\\\/blogqsp-Dilma-Rousseff--300x258.jpg\",\"contentUrl\":\"http:\\\/\\\/www.quersaberpolitica.com.br\\\/2016\\\/wp-content\\\/uploads\\\/2015\\\/12\\\/blogqsp-Dilma-Rousseff--300x258.jpg\"},{\"@type\":\"BreadcrumbList\",\"@id\":\"https:\\\/\\\/blogdofarnesio.com.br\\\/2015\\\/12\\\/dilma-diz-que-ajuste-logo-trara-resultados-positivos-e-promete-novo-ciclo-ao-pais\\\/#breadcrumb\",\"itemListElement\":[{\"@type\":\"ListItem\",\"position\":1,\"name\":\"In\u00edcio\",\"item\":\"https:\\\/\\\/blogdofarnesio.com.br\\\/\"},{\"@type\":\"ListItem\",\"position\":2,\"name\":\"DILMA DIZ QUE AJUSTE LOGO TRAR\u00c1 RESULTADOS POSITIVOS E PROMETE NOVO CICLO AO PA\u00cdS\"}]},{\"@type\":\"WebSite\",\"@id\":\"https:\\\/\\\/blogdofarnesio.com.br\\\/#website\",\"url\":\"https:\\\/\\\/blogdofarnesio.com.br\\\/\",\"name\":\"Blog do Farn\u00e9sio\",\"description\":\"Quer Saber Pol\u00edtica?\",\"publisher\":{\"@id\":\"https:\\\/\\\/blogdofarnesio.com.br\\\/#organization\"},\"potentialAction\":[{\"@type\":\"SearchAction\",\"target\":{\"@type\":\"EntryPoint\",\"urlTemplate\":\"https:\\\/\\\/blogdofarnesio.com.br\\\/?s={search_term_string}\"},\"query-input\":{\"@type\":\"PropertyValueSpecification\",\"valueRequired\":true,\"valueName\":\"search_term_string\"}}],\"inLanguage\":\"pt-BR\"},{\"@type\":\"Organization\",\"@id\":\"https:\\\/\\\/blogdofarnesio.com.br\\\/#organization\",\"name\":\"Blog do Farn\u00e9sio\",\"url\":\"https:\\\/\\\/blogdofarnesio.com.br\\\/\",\"logo\":{\"@type\":\"ImageObject\",\"inLanguage\":\"pt-BR\",\"@id\":\"https:\\\/\\\/blogdofarnesio.com.br\\\/#\\\/schema\\\/logo\\\/image\\\/\",\"url\":\"https:\\\/\\\/blogdofarnesio.com.br\\\/wp-content\\\/uploads\\\/2026\\\/03\\\/cropped-logo_new-1.png\",\"contentUrl\":\"https:\\\/\\\/blogdofarnesio.com.br\\\/wp-content\\\/uploads\\\/2026\\\/03\\\/cropped-logo_new-1.png\",\"width\":881,\"height\":685,\"caption\":\"Blog do Farn\u00e9sio\"},\"image\":{\"@id\":\"https:\\\/\\\/blogdofarnesio.com.br\\\/#\\\/schema\\\/logo\\\/image\\\/\"},\"sameAs\":[\"https:\\\/\\\/www.facebook.com\\\/BlogQuerSaberPolitica\\\/\"]},{\"@type\":\"Person\",\"@id\":\"\",\"url\":\"https:\\\/\\\/blogdofarnesio.com.br\\\/author\\\/\"}]}<\/script>\n<!-- \/ Yoast SEO plugin. -->","yoast_head_json":{"title":"DILMA DIZ QUE AJUSTE LOGO TRAR\u00c1 RESULTADOS POSITIVOS E PROMETE NOVO CICLO AO PA\u00cdS - Blog do Farn\u00e9sio","robots":{"index":"index","follow":"follow","max-snippet":"max-snippet:-1","max-image-preview":"max-image-preview:large","max-video-preview":"max-video-preview:-1"},"canonical":"https:\/\/blogdofarnesio.com.br\/2015\/12\/dilma-diz-que-ajuste-logo-trara-resultados-positivos-e-promete-novo-ciclo-ao-pais\/","og_locale":"pt_BR","og_type":"article","og_title":"DILMA DIZ QUE AJUSTE LOGO TRAR\u00c1 RESULTADOS POSITIVOS E PROMETE NOVO CICLO AO PA\u00cdS - Blog do Farn\u00e9sio","og_description":"A presidente Dilma Rousseff afirmou que o ajuste das contas p\u00fablicas \u201clogo\u201d trar\u00e1 resultados positivos para o Brasil. No dia em que d\u00e1 posse a Nelson Barbosa como ministro da Fazenda, Dilma disse que o governo brasileiro trabalha em medidas de est\u00edmulo \u00e0s exporta\u00e7\u00f5es e aos investimentos em infraestrutura para que o Pa\u00eds entre em um \u201cnovo ciclo\u201d. \u201cA reorganiza\u00e7\u00e3o do quadro fiscal do Brasil logo trar\u00e1 resultados positivos, juntamente com o fim da crise pol\u00edtica que tem afetado o meu segundo mandato desde o seu in\u00edcio\u201d, discursou a presidente na 49\u00aa C\u00fapula do Mercosul, em Assun\u00e7\u00e3o, no Paraguai Ela defendeu o combate \u00e0 infla\u00e7\u00e3o, a consolida\u00e7\u00e3o da estabilidade macroecon\u00f4mica e a volta da confian\u00e7a na economia como ingredientes para&hellip;","og_url":"https:\/\/blogdofarnesio.com.br\/2015\/12\/dilma-diz-que-ajuste-logo-trara-resultados-positivos-e-promete-novo-ciclo-ao-pais\/","og_site_name":"Blog do Farn\u00e9sio","article_publisher":"https:\/\/www.facebook.com\/BlogQuerSaberPolitica\/","article_published_time":"2015-12-21T22:00:49+00:00","og_image":[{"url":"http:\/\/www.quersaberpolitica.com.br\/2016\/wp-content\/uploads\/2015\/12\/blogqsp-Dilma-Rousseff--300x258.jpg","type":"","width":"","height":""}],"twitter_card":"summary_large_image","twitter_misc":{"Escrito por":"","Est. tempo de leitura":"1 minuto"},"schema":{"@context":"https:\/\/schema.org","@graph":[{"@type":"Article","@id":"https:\/\/blogdofarnesio.com.br\/2015\/12\/dilma-diz-que-ajuste-logo-trara-resultados-positivos-e-promete-novo-ciclo-ao-pais\/#article","isPartOf":{"@id":"https:\/\/blogdofarnesio.com.br\/2015\/12\/dilma-diz-que-ajuste-logo-trara-resultados-positivos-e-promete-novo-ciclo-ao-pais\/"},"author":{"name":"","@id":""},"headline":"DILMA DIZ QUE AJUSTE LOGO TRAR\u00c1 RESULTADOS POSITIVOS E PROMETE NOVO CICLO AO PA\u00cdS","datePublished":"2015-12-21T22:00:49+00:00","mainEntityOfPage":{"@id":"https:\/\/blogdofarnesio.com.br\/2015\/12\/dilma-diz-que-ajuste-logo-trara-resultados-positivos-e-promete-novo-ciclo-ao-pais\/"},"wordCount":264,"commentCount":0,"publisher":{"@id":"https:\/\/blogdofarnesio.com.br\/#organization"},"image":{"@id":"https:\/\/blogdofarnesio.com.br\/2015\/12\/dilma-diz-que-ajuste-logo-trara-resultados-positivos-e-promete-novo-ciclo-ao-pais\/#primaryimage"},"thumbnailUrl":"http:\/\/www.quersaberpolitica.com.br\/2016\/wp-content\/uploads\/2015\/12\/blogqsp-Dilma-Rousseff--300x258.jpg","articleSection":["Pol\u00edtica"],"inLanguage":"pt-BR","potentialAction":[{"@type":"CommentAction","name":"Comment","target":["https:\/\/blogdofarnesio.com.br\/2015\/12\/dilma-diz-que-ajuste-logo-trara-resultados-positivos-e-promete-novo-ciclo-ao-pais\/#respond"]}]},{"@type":"WebPage","@id":"https:\/\/blogdofarnesio.com.br\/2015\/12\/dilma-diz-que-ajuste-logo-trara-resultados-positivos-e-promete-novo-ciclo-ao-pais\/","url":"https:\/\/blogdofarnesio.com.br\/2015\/12\/dilma-diz-que-ajuste-logo-trara-resultados-positivos-e-promete-novo-ciclo-ao-pais\/","name":"DILMA DIZ QUE AJUSTE LOGO TRAR\u00c1 RESULTADOS POSITIVOS E PROMETE NOVO CICLO AO PA\u00cdS - Blog do Farn\u00e9sio","isPartOf":{"@id":"https:\/\/blogdofarnesio.com.br\/#website"},"primaryImageOfPage":{"@id":"https:\/\/blogdofarnesio.com.br\/2015\/12\/dilma-diz-que-ajuste-logo-trara-resultados-positivos-e-promete-novo-ciclo-ao-pais\/#primaryimage"},"image":{"@id":"https:\/\/blogdofarnesio.com.br\/2015\/12\/dilma-diz-que-ajuste-logo-trara-resultados-positivos-e-promete-novo-ciclo-ao-pais\/#primaryimage"},"thumbnailUrl":"http:\/\/www.quersaberpolitica.com.br\/2016\/wp-content\/uploads\/2015\/12\/blogqsp-Dilma-Rousseff--300x258.jpg","datePublished":"2015-12-21T22:00:49+00:00","breadcrumb":{"@id":"https:\/\/blogdofarnesio.com.br\/2015\/12\/dilma-diz-que-ajuste-logo-trara-resultados-positivos-e-promete-novo-ciclo-ao-pais\/#breadcrumb"},"inLanguage":"pt-BR","potentialAction":[{"@type":"ReadAction","target":["https:\/\/blogdofarnesio.com.br\/2015\/12\/dilma-diz-que-ajuste-logo-trara-resultados-positivos-e-promete-novo-ciclo-ao-pais\/"]}]},{"@type":"ImageObject","inLanguage":"pt-BR","@id":"https:\/\/blogdofarnesio.com.br\/2015\/12\/dilma-diz-que-ajuste-logo-trara-resultados-positivos-e-promete-novo-ciclo-ao-pais\/#primaryimage","url":"http:\/\/www.quersaberpolitica.com.br\/2016\/wp-content\/uploads\/2015\/12\/blogqsp-Dilma-Rousseff--300x258.jpg","contentUrl":"http:\/\/www.quersaberpolitica.com.br\/2016\/wp-content\/uploads\/2015\/12\/blogqsp-Dilma-Rousseff--300x258.jpg"},{"@type":"BreadcrumbList","@id":"https:\/\/blogdofarnesio.com.br\/2015\/12\/dilma-diz-que-ajuste-logo-trara-resultados-positivos-e-promete-novo-ciclo-ao-pais\/#breadcrumb","itemListElement":[{"@type":"ListItem","position":1,"name":"In\u00edcio","item":"https:\/\/blogdofarnesio.com.br\/"},{"@type":"ListItem","position":2,"name":"DILMA DIZ QUE AJUSTE LOGO TRAR\u00c1 RESULTADOS POSITIVOS E PROMETE NOVO CICLO AO PA\u00cdS"}]},{"@type":"WebSite","@id":"https:\/\/blogdofarnesio.com.br\/#website","url":"https:\/\/blogdofarnesio.com.br\/","name":"Blog do Farn\u00e9sio","description":"Quer Saber Pol\u00edtica?","publisher":{"@id":"https:\/\/blogdofarnesio.com.br\/#organization"},"potentialAction":[{"@type":"SearchAction","target":{"@type":"EntryPoint","urlTemplate":"https:\/\/blogdofarnesio.com.br\/?s={search_term_string}"},"query-input":{"@type":"PropertyValueSpecification","valueRequired":true,"valueName":"search_term_string"}}],"inLanguage":"pt-BR"},{"@type":"Organization","@id":"https:\/\/blogdofarnesio.com.br\/#organization","name":"Blog do Farn\u00e9sio","url":"https:\/\/blogdofarnesio.com.br\/","logo":{"@type":"ImageObject","inLanguage":"pt-BR","@id":"https:\/\/blogdofarnesio.com.br\/#\/schema\/logo\/image\/","url":"https:\/\/blogdofarnesio.com.br\/wp-content\/uploads\/2026\/03\/cropped-logo_new-1.png","contentUrl":"https:\/\/blogdofarnesio.com.br\/wp-content\/uploads\/2026\/03\/cropped-logo_new-1.png","width":881,"height":685,"caption":"Blog do Farn\u00e9sio"},"image":{"@id":"https:\/\/blogdofarnesio.com.br\/#\/schema\/logo\/image\/"},"sameAs":["https:\/\/www.facebook.com\/BlogQuerSaberPolitica\/"]},{"@type":"Person","@id":"","url":"https:\/\/blogdofarnesio.com.br\/author\/"}]}},"_links":{"self":[{"href":"https:\/\/blogdofarnesio.com.br\/wp-json\/wp\/v2\/posts\/134928","targetHints":{"allow":["GET"]}}],"collection":[{"href":"https:\/\/blogdofarnesio.com.br\/wp-json\/wp\/v2\/posts"}],"about":[{"href":"https:\/\/blogdofarnesio.com.br\/wp-json\/wp\/v2\/types\/post"}],"author":[{"embeddable":true,"href":"https:\/\/blogdofarnesio.com.br\/wp-json\/wp\/v2\/users\/7"}],"replies":[{"embeddable":true,"href":"https:\/\/blogdofarnesio.com.br\/wp-json\/wp\/v2\/comments?post=134928"}],"version-history":[{"count":0,"href":"https:\/\/blogdofarnesio.com.br\/wp-json\/wp\/v2\/posts\/134928\/revisions"}],"wp:attachment":[{"href":"https:\/\/blogdofarnesio.com.br\/wp-json\/wp\/v2\/media?parent=134928"}],"wp:term":[{"taxonomy":"category","embeddable":true,"href":"https:\/\/blogdofarnesio.com.br\/wp-json\/wp\/v2\/categories?post=134928"},{"taxonomy":"post_tag","embeddable":true,"href":"https:\/\/blogdofarnesio.com.br\/wp-json\/wp\/v2\/tags?post=134928"}],"curies":[{"name":"wp","href":"https:\/\/api.w.org\/{rel}","templated":true}]}}