{"id":134844,"date":"2015-12-22T07:00:54","date_gmt":"2015-12-22T10:00:54","guid":{"rendered":"http:\/\/www.quersaberpolitica.com.br\/?p=134844"},"modified":"2015-12-18T19:29:35","modified_gmt":"2015-12-18T22:29:35","slug":"verao-comeca-hoje-22-e-vai-ser-de-chuvas-abaixo-da-media-em-pernambuco-diz-apac","status":"publish","type":"post","link":"https:\/\/blogdofarnesio.com.br\/?p=134844","title":{"rendered":"VER\u00c3O COME\u00c7A HOJE (22) E VAI SER DE CHUVAS ABAIXO DA M\u00c9DIA EM PERNAMBUCO, DIZ APAC"},"content":{"rendered":"<div id=\"post-body-3270335438922833130\" class=\"post-body entry-content\">\n<div style=\"text-align: justify\"><a href=\"http:\/\/s2.glbimg.com\/lY8hlv98W-x0yV8dTrJVLcqaK3U=\/s.glbimg.com\/jo\/g1\/f\/original\/2015\/12\/18\/chuvas-pernambuco_KfFZvqS.jpg\"><img loading=\"lazy\" decoding=\"async\" class=\" aligncenter\" src=\"http:\/\/s2.glbimg.com\/lY8hlv98W-x0yV8dTrJVLcqaK3U=\/s.glbimg.com\/jo\/g1\/f\/original\/2015\/12\/18\/chuvas-pernambuco_KfFZvqS.jpg\" alt=\"Infogr\u00e1fico mostra que Pernambuco registrou menos chuvas de janeiro a novembro de 2015 (Foto: Reprodu\u00e7\u00e3o \/ Apac)\" width=\"400\" height=\"193\" border=\"0\" \/><\/a>O ver\u00e3o come\u00e7a nesta ter\u00e7a-feira (22), com uma expectativa de menos chuvas para\u00a0<a href=\"http:\/\/g1.globo.com\/tudo-sobre\/pernambuco\"><b>Pernambuco<\/b><\/a><span class=\"apple-converted-space\">\u00a0<\/span>do que a m\u00e9dia hist\u00f3rica, divulgou a Ag\u00eancia Pernambucana de \u00c1guas e Clima (Apac), nesta sexta-feira (18). O estudo aponta que, ao longo de 2015, todo o estado j\u00e1 veio registrando chuvas abaixo da m\u00e9dia.<\/div>\n<div style=\"text-align: justify\"><\/div>\n<div style=\"text-align: justify\">A quadra chuvosa do Sert\u00e3o pernambucano, que \u00e9 o per\u00edodo em que mais chove da regi\u00e3o, vai de janeiro a abril. Para 2016, a previs\u00e3o \u00e9 de que as chuvas v\u00e3o ser, mais uma, vez inferiores ao hist\u00f3rico devido \u00e0 influ\u00eancia do fen\u00f4meno El Ni\u00f1o, mais forte neste ano.<\/div>\n<div class=\"separator\" style=\"text-align: justify\"><a href=\"http:\/\/s2.glbimg.com\/tJueUMHVT0ZPfu1P1OPFtGuDkeU=\/300x225\/s.glbimg.com\/jo\/g1\/f\/original\/2015\/08\/28\/img_5657.jpg\"><img decoding=\"async\" class=\" alignleft\" src=\"http:\/\/s2.glbimg.com\/tJueUMHVT0ZPfu1P1OPFtGuDkeU=\/300x225\/s.glbimg.com\/jo\/g1\/f\/original\/2015\/08\/28\/img_5657.jpg\" alt=\"Planta\u00e7\u00e3o de milho secou por falta de \u00e1gua (Foto: Taisa Alencar \/ G1)\" border=\"0\" \/><\/a><\/div>\n<div style=\"text-align: justify\">&#8220;Isso n\u00e3o quer dizer que n\u00e3o vai chover. A m\u00e9dia \u00e9 em torno de 800 mil\u00edmetros de chuva no ano para o Sert\u00e3o. Na quadra chuvosa, chove cerca de 600 mil\u00edmetros em m\u00e9dia. Neste ano, deve chover em torno 400 mil\u00edmeros&#8221;, explica o metereologista Roberto Carlos Pereira.<\/div>\n<div style=\"text-align: justify\">A presen\u00e7a do El Ni\u00f1o pr\u00f3ximo \u00e0 linha do Equador significa, no geral, menos chuvas e temperaturas mais altas. A quadra chuvosa da Regi\u00e3o Metropolitana do<span class=\"apple-converted-space\">\u00a0<\/span><a href=\"http:\/\/g1.globo.com\/pe\/pernambuco\/cidade\/recife.html\"><b>Recife<\/b><\/a>, Zona da Mata Norte e Sul, al\u00e9m do Agreste, ocorre geralmente de abril a julho, quando ocorrem as chuvas mais intensas nessa regi\u00e3o, mas a previs\u00e3o para o per\u00edodo ainda n\u00e3o est\u00e1 fechada.\u00a0Do G1 PE<\/div>\n<\/div>\n","protected":false},"excerpt":{"rendered":"<p>O ver\u00e3o come\u00e7a nesta ter\u00e7a-feira (22), com uma expectativa de menos chuvas para\u00a0Pernambuco\u00a0do que a m\u00e9dia hist\u00f3rica, divulgou a Ag\u00eancia Pernambucana de \u00c1guas e Clima (Apac), nesta sexta-feira (18). O estudo aponta que, ao longo de 2015, todo o estado j\u00e1 veio registrando chuvas abaixo da m\u00e9dia. A quadra chuvosa do Sert\u00e3o pernambucano, que \u00e9 o per\u00edodo em que mais chove da regi\u00e3o, vai de janeiro a abril. Para 2016, a previs\u00e3o \u00e9 de que as chuvas v\u00e3o ser, mais uma, vez inferiores ao hist\u00f3rico devido \u00e0 influ\u00eancia do fen\u00f4meno El Ni\u00f1o, mais forte neste ano. &#8220;Isso n\u00e3o quer dizer que n\u00e3o vai chover. A m\u00e9dia \u00e9 em torno de 800 mil\u00edmetros de chuva no ano para o Sert\u00e3o. Na&hellip; <\/p>\n","protected":false},"author":3,"featured_media":0,"comment_status":"open","ping_status":"open","sticky":false,"template":"","format":"standard","meta":{"_acf_changed":false,"footnotes":""},"categories":[29],"tags":[],"class_list":["post-134844","post","type-post","status-publish","format-standard","hentry","category-meio-ambiente"],"acf":[],"yoast_head":"<!-- This site is optimized with the Yoast SEO plugin v27.4 - https:\/\/yoast.com\/product\/yoast-seo-wordpress\/ -->\n<title>VER\u00c3O COME\u00c7A HOJE (22) E VAI SER DE CHUVAS ABAIXO DA M\u00c9DIA EM PERNAMBUCO, DIZ APAC - Blog do Farn\u00e9sio<\/title>\n<meta name=\"robots\" content=\"index, follow, max-snippet:-1, max-image-preview:large, max-video-preview:-1\" \/>\n<link rel=\"canonical\" href=\"https:\/\/blogdofarnesio.com.br\/?p=134844\" \/>\n<meta property=\"og:locale\" content=\"pt_BR\" \/>\n<meta property=\"og:type\" content=\"article\" \/>\n<meta property=\"og:title\" content=\"VER\u00c3O COME\u00c7A HOJE (22) E VAI SER DE CHUVAS ABAIXO DA M\u00c9DIA EM PERNAMBUCO, DIZ APAC - Blog do Farn\u00e9sio\" \/>\n<meta property=\"og:description\" content=\"O ver\u00e3o come\u00e7a nesta ter\u00e7a-feira (22), com uma expectativa de menos chuvas para\u00a0Pernambuco\u00a0do que a m\u00e9dia hist\u00f3rica, divulgou a Ag\u00eancia Pernambucana de \u00c1guas e Clima (Apac), nesta sexta-feira (18). O estudo aponta que, ao longo de 2015, todo o estado j\u00e1 veio registrando chuvas abaixo da m\u00e9dia. A quadra chuvosa do Sert\u00e3o pernambucano, que \u00e9 o per\u00edodo em que mais chove da regi\u00e3o, vai de janeiro a abril. Para 2016, a previs\u00e3o \u00e9 de que as chuvas v\u00e3o ser, mais uma, vez inferiores ao hist\u00f3rico devido \u00e0 influ\u00eancia do fen\u00f4meno El Ni\u00f1o, mais forte neste ano. &#8220;Isso n\u00e3o quer dizer que n\u00e3o vai chover. A m\u00e9dia \u00e9 em torno de 800 mil\u00edmetros de chuva no ano para o Sert\u00e3o. Na&hellip;\" \/>\n<meta property=\"og:url\" content=\"https:\/\/blogdofarnesio.com.br\/?p=134844\" \/>\n<meta property=\"og:site_name\" content=\"Blog do Farn\u00e9sio\" \/>\n<meta property=\"article:publisher\" content=\"https:\/\/www.facebook.com\/BlogQuerSaberPolitica\/\" \/>\n<meta property=\"article:published_time\" content=\"2015-12-22T10:00:54+00:00\" \/>\n<meta property=\"og:image\" content=\"http:\/\/s2.glbimg.com\/lY8hlv98W-x0yV8dTrJVLcqaK3U=\/s.glbimg.com\/jo\/g1\/f\/original\/2015\/12\/18\/chuvas-pernambuco_KfFZvqS.jpg\" \/>\n<meta name=\"author\" content=\"teste\" \/>\n<meta name=\"twitter:card\" content=\"summary_large_image\" \/>\n<meta name=\"twitter:label1\" content=\"Escrito por\" \/>\n\t<meta name=\"twitter:data1\" content=\"teste\" \/>\n\t<meta name=\"twitter:label2\" content=\"Est. tempo de leitura\" \/>\n\t<meta name=\"twitter:data2\" content=\"1 minuto\" \/>\n<script type=\"application\/ld+json\" class=\"yoast-schema-graph\">{\"@context\":\"https:\\\/\\\/schema.org\",\"@graph\":[{\"@type\":\"Article\",\"@id\":\"https:\\\/\\\/blogdofarnesio.com.br\\\/?p=134844#article\",\"isPartOf\":{\"@id\":\"https:\\\/\\\/blogdofarnesio.com.br\\\/?p=134844\"},\"author\":{\"name\":\"teste\",\"@id\":\"https:\\\/\\\/blogdofarnesio.com.br\\\/#\\\/schema\\\/person\\\/dd1bf5eba40b687199ba45ca6b97dff9\"},\"headline\":\"VER\u00c3O COME\u00c7A HOJE (22) E VAI SER DE CHUVAS ABAIXO DA M\u00c9DIA EM PERNAMBUCO, DIZ APAC\",\"datePublished\":\"2015-12-22T10:00:54+00:00\",\"mainEntityOfPage\":{\"@id\":\"https:\\\/\\\/blogdofarnesio.com.br\\\/?p=134844\"},\"wordCount\":247,\"commentCount\":0,\"publisher\":{\"@id\":\"https:\\\/\\\/blogdofarnesio.com.br\\\/#organization\"},\"image\":{\"@id\":\"https:\\\/\\\/blogdofarnesio.com.br\\\/?p=134844#primaryimage\"},\"thumbnailUrl\":\"http:\\\/\\\/s2.glbimg.com\\\/lY8hlv98W-x0yV8dTrJVLcqaK3U=\\\/s.glbimg.com\\\/jo\\\/g1\\\/f\\\/original\\\/2015\\\/12\\\/18\\\/chuvas-pernambuco_KfFZvqS.jpg\",\"articleSection\":[\"Meio Ambiente\"],\"inLanguage\":\"pt-BR\",\"potentialAction\":[{\"@type\":\"CommentAction\",\"name\":\"Comment\",\"target\":[\"https:\\\/\\\/blogdofarnesio.com.br\\\/?p=134844#respond\"]}]},{\"@type\":\"WebPage\",\"@id\":\"https:\\\/\\\/blogdofarnesio.com.br\\\/?p=134844\",\"url\":\"https:\\\/\\\/blogdofarnesio.com.br\\\/?p=134844\",\"name\":\"VER\u00c3O COME\u00c7A HOJE (22) E VAI SER DE CHUVAS ABAIXO DA M\u00c9DIA EM PERNAMBUCO, DIZ APAC - Blog do Farn\u00e9sio\",\"isPartOf\":{\"@id\":\"https:\\\/\\\/blogdofarnesio.com.br\\\/#website\"},\"primaryImageOfPage\":{\"@id\":\"https:\\\/\\\/blogdofarnesio.com.br\\\/?p=134844#primaryimage\"},\"image\":{\"@id\":\"https:\\\/\\\/blogdofarnesio.com.br\\\/?p=134844#primaryimage\"},\"thumbnailUrl\":\"http:\\\/\\\/s2.glbimg.com\\\/lY8hlv98W-x0yV8dTrJVLcqaK3U=\\\/s.glbimg.com\\\/jo\\\/g1\\\/f\\\/original\\\/2015\\\/12\\\/18\\\/chuvas-pernambuco_KfFZvqS.jpg\",\"datePublished\":\"2015-12-22T10:00:54+00:00\",\"breadcrumb\":{\"@id\":\"https:\\\/\\\/blogdofarnesio.com.br\\\/?p=134844#breadcrumb\"},\"inLanguage\":\"pt-BR\",\"potentialAction\":[{\"@type\":\"ReadAction\",\"target\":[\"https:\\\/\\\/blogdofarnesio.com.br\\\/?p=134844\"]}]},{\"@type\":\"ImageObject\",\"inLanguage\":\"pt-BR\",\"@id\":\"https:\\\/\\\/blogdofarnesio.com.br\\\/?p=134844#primaryimage\",\"url\":\"http:\\\/\\\/s2.glbimg.com\\\/lY8hlv98W-x0yV8dTrJVLcqaK3U=\\\/s.glbimg.com\\\/jo\\\/g1\\\/f\\\/original\\\/2015\\\/12\\\/18\\\/chuvas-pernambuco_KfFZvqS.jpg\",\"contentUrl\":\"http:\\\/\\\/s2.glbimg.com\\\/lY8hlv98W-x0yV8dTrJVLcqaK3U=\\\/s.glbimg.com\\\/jo\\\/g1\\\/f\\\/original\\\/2015\\\/12\\\/18\\\/chuvas-pernambuco_KfFZvqS.jpg\"},{\"@type\":\"BreadcrumbList\",\"@id\":\"https:\\\/\\\/blogdofarnesio.com.br\\\/?p=134844#breadcrumb\",\"itemListElement\":[{\"@type\":\"ListItem\",\"position\":1,\"name\":\"In\u00edcio\",\"item\":\"https:\\\/\\\/blogdofarnesio.com.br\\\/\"},{\"@type\":\"ListItem\",\"position\":2,\"name\":\"VER\u00c3O COME\u00c7A HOJE (22) E VAI SER DE CHUVAS ABAIXO DA M\u00c9DIA EM PERNAMBUCO, DIZ APAC\"}]},{\"@type\":\"WebSite\",\"@id\":\"https:\\\/\\\/blogdofarnesio.com.br\\\/#website\",\"url\":\"https:\\\/\\\/blogdofarnesio.com.br\\\/\",\"name\":\"Blog do Farn\u00e9sio\",\"description\":\"Quer Saber Pol\u00edtica?\",\"publisher\":{\"@id\":\"https:\\\/\\\/blogdofarnesio.com.br\\\/#organization\"},\"potentialAction\":[{\"@type\":\"SearchAction\",\"target\":{\"@type\":\"EntryPoint\",\"urlTemplate\":\"https:\\\/\\\/blogdofarnesio.com.br\\\/?s={search_term_string}\"},\"query-input\":{\"@type\":\"PropertyValueSpecification\",\"valueRequired\":true,\"valueName\":\"search_term_string\"}}],\"inLanguage\":\"pt-BR\"},{\"@type\":\"Organization\",\"@id\":\"https:\\\/\\\/blogdofarnesio.com.br\\\/#organization\",\"name\":\"Blog do Farn\u00e9sio\",\"url\":\"https:\\\/\\\/blogdofarnesio.com.br\\\/\",\"logo\":{\"@type\":\"ImageObject\",\"inLanguage\":\"pt-BR\",\"@id\":\"https:\\\/\\\/blogdofarnesio.com.br\\\/#\\\/schema\\\/logo\\\/image\\\/\",\"url\":\"https:\\\/\\\/blogdofarnesio.com.br\\\/wp-content\\\/uploads\\\/2026\\\/03\\\/cropped-logo_new-1.png\",\"contentUrl\":\"https:\\\/\\\/blogdofarnesio.com.br\\\/wp-content\\\/uploads\\\/2026\\\/03\\\/cropped-logo_new-1.png\",\"width\":881,\"height\":685,\"caption\":\"Blog do Farn\u00e9sio\"},\"image\":{\"@id\":\"https:\\\/\\\/blogdofarnesio.com.br\\\/#\\\/schema\\\/logo\\\/image\\\/\"},\"sameAs\":[\"https:\\\/\\\/www.facebook.com\\\/BlogQuerSaberPolitica\\\/\"]},{\"@type\":\"Person\",\"@id\":\"https:\\\/\\\/blogdofarnesio.com.br\\\/#\\\/schema\\\/person\\\/dd1bf5eba40b687199ba45ca6b97dff9\",\"name\":\"teste\",\"image\":{\"@type\":\"ImageObject\",\"inLanguage\":\"pt-BR\",\"@id\":\"https:\\\/\\\/secure.gravatar.com\\\/avatar\\\/2172498d4914b51e1d89a0f97957b035ac4938723a5cac208135d389b6972a6d?s=96&d=mm&r=g\",\"url\":\"https:\\\/\\\/secure.gravatar.com\\\/avatar\\\/2172498d4914b51e1d89a0f97957b035ac4938723a5cac208135d389b6972a6d?s=96&d=mm&r=g\",\"contentUrl\":\"https:\\\/\\\/secure.gravatar.com\\\/avatar\\\/2172498d4914b51e1d89a0f97957b035ac4938723a5cac208135d389b6972a6d?s=96&d=mm&r=g\",\"caption\":\"teste\"},\"url\":\"https:\\\/\\\/blogdofarnesio.com.br\\\/?author=3\"}]}<\/script>\n<!-- \/ Yoast SEO plugin. -->","yoast_head_json":{"title":"VER\u00c3O COME\u00c7A HOJE (22) E VAI SER DE CHUVAS ABAIXO DA M\u00c9DIA EM PERNAMBUCO, DIZ APAC - Blog do Farn\u00e9sio","robots":{"index":"index","follow":"follow","max-snippet":"max-snippet:-1","max-image-preview":"max-image-preview:large","max-video-preview":"max-video-preview:-1"},"canonical":"https:\/\/blogdofarnesio.com.br\/?p=134844","og_locale":"pt_BR","og_type":"article","og_title":"VER\u00c3O COME\u00c7A HOJE (22) E VAI SER DE CHUVAS ABAIXO DA M\u00c9DIA EM PERNAMBUCO, DIZ APAC - Blog do Farn\u00e9sio","og_description":"O ver\u00e3o come\u00e7a nesta ter\u00e7a-feira (22), com uma expectativa de menos chuvas para\u00a0Pernambuco\u00a0do que a m\u00e9dia hist\u00f3rica, divulgou a Ag\u00eancia Pernambucana de \u00c1guas e Clima (Apac), nesta sexta-feira (18). O estudo aponta que, ao longo de 2015, todo o estado j\u00e1 veio registrando chuvas abaixo da m\u00e9dia. A quadra chuvosa do Sert\u00e3o pernambucano, que \u00e9 o per\u00edodo em que mais chove da regi\u00e3o, vai de janeiro a abril. Para 2016, a previs\u00e3o \u00e9 de que as chuvas v\u00e3o ser, mais uma, vez inferiores ao hist\u00f3rico devido \u00e0 influ\u00eancia do fen\u00f4meno El Ni\u00f1o, mais forte neste ano. &#8220;Isso n\u00e3o quer dizer que n\u00e3o vai chover. A m\u00e9dia \u00e9 em torno de 800 mil\u00edmetros de chuva no ano para o Sert\u00e3o. Na&hellip;","og_url":"https:\/\/blogdofarnesio.com.br\/?p=134844","og_site_name":"Blog do Farn\u00e9sio","article_publisher":"https:\/\/www.facebook.com\/BlogQuerSaberPolitica\/","article_published_time":"2015-12-22T10:00:54+00:00","og_image":[{"url":"http:\/\/s2.glbimg.com\/lY8hlv98W-x0yV8dTrJVLcqaK3U=\/s.glbimg.com\/jo\/g1\/f\/original\/2015\/12\/18\/chuvas-pernambuco_KfFZvqS.jpg","type":"","width":"","height":""}],"author":"teste","twitter_card":"summary_large_image","twitter_misc":{"Escrito por":"teste","Est. tempo de leitura":"1 minuto"},"schema":{"@context":"https:\/\/schema.org","@graph":[{"@type":"Article","@id":"https:\/\/blogdofarnesio.com.br\/?p=134844#article","isPartOf":{"@id":"https:\/\/blogdofarnesio.com.br\/?p=134844"},"author":{"name":"teste","@id":"https:\/\/blogdofarnesio.com.br\/#\/schema\/person\/dd1bf5eba40b687199ba45ca6b97dff9"},"headline":"VER\u00c3O COME\u00c7A HOJE (22) E VAI SER DE CHUVAS ABAIXO DA M\u00c9DIA EM PERNAMBUCO, DIZ APAC","datePublished":"2015-12-22T10:00:54+00:00","mainEntityOfPage":{"@id":"https:\/\/blogdofarnesio.com.br\/?p=134844"},"wordCount":247,"commentCount":0,"publisher":{"@id":"https:\/\/blogdofarnesio.com.br\/#organization"},"image":{"@id":"https:\/\/blogdofarnesio.com.br\/?p=134844#primaryimage"},"thumbnailUrl":"http:\/\/s2.glbimg.com\/lY8hlv98W-x0yV8dTrJVLcqaK3U=\/s.glbimg.com\/jo\/g1\/f\/original\/2015\/12\/18\/chuvas-pernambuco_KfFZvqS.jpg","articleSection":["Meio Ambiente"],"inLanguage":"pt-BR","potentialAction":[{"@type":"CommentAction","name":"Comment","target":["https:\/\/blogdofarnesio.com.br\/?p=134844#respond"]}]},{"@type":"WebPage","@id":"https:\/\/blogdofarnesio.com.br\/?p=134844","url":"https:\/\/blogdofarnesio.com.br\/?p=134844","name":"VER\u00c3O COME\u00c7A HOJE (22) E VAI SER DE CHUVAS ABAIXO DA M\u00c9DIA EM PERNAMBUCO, DIZ APAC - Blog do Farn\u00e9sio","isPartOf":{"@id":"https:\/\/blogdofarnesio.com.br\/#website"},"primaryImageOfPage":{"@id":"https:\/\/blogdofarnesio.com.br\/?p=134844#primaryimage"},"image":{"@id":"https:\/\/blogdofarnesio.com.br\/?p=134844#primaryimage"},"thumbnailUrl":"http:\/\/s2.glbimg.com\/lY8hlv98W-x0yV8dTrJVLcqaK3U=\/s.glbimg.com\/jo\/g1\/f\/original\/2015\/12\/18\/chuvas-pernambuco_KfFZvqS.jpg","datePublished":"2015-12-22T10:00:54+00:00","breadcrumb":{"@id":"https:\/\/blogdofarnesio.com.br\/?p=134844#breadcrumb"},"inLanguage":"pt-BR","potentialAction":[{"@type":"ReadAction","target":["https:\/\/blogdofarnesio.com.br\/?p=134844"]}]},{"@type":"ImageObject","inLanguage":"pt-BR","@id":"https:\/\/blogdofarnesio.com.br\/?p=134844#primaryimage","url":"http:\/\/s2.glbimg.com\/lY8hlv98W-x0yV8dTrJVLcqaK3U=\/s.glbimg.com\/jo\/g1\/f\/original\/2015\/12\/18\/chuvas-pernambuco_KfFZvqS.jpg","contentUrl":"http:\/\/s2.glbimg.com\/lY8hlv98W-x0yV8dTrJVLcqaK3U=\/s.glbimg.com\/jo\/g1\/f\/original\/2015\/12\/18\/chuvas-pernambuco_KfFZvqS.jpg"},{"@type":"BreadcrumbList","@id":"https:\/\/blogdofarnesio.com.br\/?p=134844#breadcrumb","itemListElement":[{"@type":"ListItem","position":1,"name":"In\u00edcio","item":"https:\/\/blogdofarnesio.com.br\/"},{"@type":"ListItem","position":2,"name":"VER\u00c3O COME\u00c7A HOJE (22) E VAI SER DE CHUVAS ABAIXO DA M\u00c9DIA EM PERNAMBUCO, DIZ APAC"}]},{"@type":"WebSite","@id":"https:\/\/blogdofarnesio.com.br\/#website","url":"https:\/\/blogdofarnesio.com.br\/","name":"Blog do Farn\u00e9sio","description":"Quer Saber Pol\u00edtica?","publisher":{"@id":"https:\/\/blogdofarnesio.com.br\/#organization"},"potentialAction":[{"@type":"SearchAction","target":{"@type":"EntryPoint","urlTemplate":"https:\/\/blogdofarnesio.com.br\/?s={search_term_string}"},"query-input":{"@type":"PropertyValueSpecification","valueRequired":true,"valueName":"search_term_string"}}],"inLanguage":"pt-BR"},{"@type":"Organization","@id":"https:\/\/blogdofarnesio.com.br\/#organization","name":"Blog do Farn\u00e9sio","url":"https:\/\/blogdofarnesio.com.br\/","logo":{"@type":"ImageObject","inLanguage":"pt-BR","@id":"https:\/\/blogdofarnesio.com.br\/#\/schema\/logo\/image\/","url":"https:\/\/blogdofarnesio.com.br\/wp-content\/uploads\/2026\/03\/cropped-logo_new-1.png","contentUrl":"https:\/\/blogdofarnesio.com.br\/wp-content\/uploads\/2026\/03\/cropped-logo_new-1.png","width":881,"height":685,"caption":"Blog do Farn\u00e9sio"},"image":{"@id":"https:\/\/blogdofarnesio.com.br\/#\/schema\/logo\/image\/"},"sameAs":["https:\/\/www.facebook.com\/BlogQuerSaberPolitica\/"]},{"@type":"Person","@id":"https:\/\/blogdofarnesio.com.br\/#\/schema\/person\/dd1bf5eba40b687199ba45ca6b97dff9","name":"teste","image":{"@type":"ImageObject","inLanguage":"pt-BR","@id":"https:\/\/secure.gravatar.com\/avatar\/2172498d4914b51e1d89a0f97957b035ac4938723a5cac208135d389b6972a6d?s=96&d=mm&r=g","url":"https:\/\/secure.gravatar.com\/avatar\/2172498d4914b51e1d89a0f97957b035ac4938723a5cac208135d389b6972a6d?s=96&d=mm&r=g","contentUrl":"https:\/\/secure.gravatar.com\/avatar\/2172498d4914b51e1d89a0f97957b035ac4938723a5cac208135d389b6972a6d?s=96&d=mm&r=g","caption":"teste"},"url":"https:\/\/blogdofarnesio.com.br\/?author=3"}]}},"_links":{"self":[{"href":"https:\/\/blogdofarnesio.com.br\/index.php?rest_route=\/wp\/v2\/posts\/134844","targetHints":{"allow":["GET"]}}],"collection":[{"href":"https:\/\/blogdofarnesio.com.br\/index.php?rest_route=\/wp\/v2\/posts"}],"about":[{"href":"https:\/\/blogdofarnesio.com.br\/index.php?rest_route=\/wp\/v2\/types\/post"}],"author":[{"embeddable":true,"href":"https:\/\/blogdofarnesio.com.br\/index.php?rest_route=\/wp\/v2\/users\/3"}],"replies":[{"embeddable":true,"href":"https:\/\/blogdofarnesio.com.br\/index.php?rest_route=%2Fwp%2Fv2%2Fcomments&post=134844"}],"version-history":[{"count":0,"href":"https:\/\/blogdofarnesio.com.br\/index.php?rest_route=\/wp\/v2\/posts\/134844\/revisions"}],"wp:attachment":[{"href":"https:\/\/blogdofarnesio.com.br\/index.php?rest_route=%2Fwp%2Fv2%2Fmedia&parent=134844"}],"wp:term":[{"taxonomy":"category","embeddable":true,"href":"https:\/\/blogdofarnesio.com.br\/index.php?rest_route=%2Fwp%2Fv2%2Fcategories&post=134844"},{"taxonomy":"post_tag","embeddable":true,"href":"https:\/\/blogdofarnesio.com.br\/index.php?rest_route=%2Fwp%2Fv2%2Ftags&post=134844"}],"curies":[{"name":"wp","href":"https:\/\/api.w.org\/{rel}","templated":true}]}}