{"id":134829,"date":"2015-12-19T08:00:50","date_gmt":"2015-12-19T11:00:50","guid":{"rendered":"http:\/\/www.quersaberpolitica.com.br\/?p=134829"},"modified":"2015-12-18T19:57:34","modified_gmt":"2015-12-18T22:57:34","slug":"vazao-de-sobradinho-vai-diminuir-para-800m3s-a-partir-de-segunda-feira","status":"publish","type":"post","link":"https:\/\/blogdofarnesio.com.br\/?p=134829","title":{"rendered":"VAZ\u00c3O DE SOBRADINHO VAI DIMINUIR PARA 800m3s, A PARTIR DE SEGUNDA-FEIRA"},"content":{"rendered":"<div id=\"post-body-6213384464149660661\" class=\"post-body entry-content\">\n<div style=\"text-align: justify\">\n<figure id=\"attachment_34676\" aria-describedby=\"caption-attachment-34676\" style=\"width: 413px\" class=\"wp-caption aligncenter\"><a href=\"http:\/\/www.quersaberpolitica.com.br\/2016\/wp-content\/uploads\/2013\/04\/blogqspcopavela2012-foto_Farnesio-Silv-a47.jpg\"><img loading=\"lazy\" decoding=\"async\" class=\" wp-image-34676\" src=\"http:\/\/www.quersaberpolitica.com.br\/2016\/wp-content\/uploads\/2013\/04\/blogqspcopavela2012-foto_Farnesio-Silv-a47.jpg\" alt=\"Barragem de Sobradinho Foto Farn\u00e9sio Silva\" width=\"413\" height=\"310\" srcset=\"https:\/\/blogdofarnesio.com.br\/wp-content\/uploads\/2013\/04\/blogqspcopavela2012-foto_Farnesio-Silv-a47.jpg 640w, https:\/\/blogdofarnesio.com.br\/wp-content\/uploads\/2013\/04\/blogqspcopavela2012-foto_Farnesio-Silv-a47-300x225.jpg 300w, https:\/\/blogdofarnesio.com.br\/wp-content\/uploads\/2013\/04\/blogqspcopavela2012-foto_Farnesio-Silv-a47-400x300.jpg 400w\" sizes=\"auto, (max-width: 413px) 100vw, 413px\" \/><\/a><figcaption id=\"caption-attachment-34676\" class=\"wp-caption-text\">Barragem de Sobradinho \u00a0 \u00a0 \u00a0 Foto Farn\u00e9sio Silva<\/figcaption><\/figure>\n<p>H\u00e1 muito tempo que cientistas alertam para a escassez de \u00e1gua no planeta, mas a popula\u00e7\u00e3o custa acreditar. Agora os ribeirinhos est\u00e3o cada vez mais pr\u00f3ximos de uma realidade inimagin\u00e1vel para quem olha o rio S\u00e3o Francisco. \u00c9 a hora de sentir na pele a necessidade de &#8216;poupar para n\u00e3o faltar&#8217;.<\/p>\n<\/div>\n<div style=\"text-align: justify\"><\/div>\n<div style=\"text-align: justify\">Com este lema a Companhia Hidro El\u00e9trica do S\u00e3o Francisco (Chesf) pretende sensibilizar os consumidores de \u00e1gua. Com a vaz\u00e3o cada vez mais baixa do rio, a Companhia vai administrar a distribui\u00e7\u00e3o para evitar uma escassez severa no futuro. Uma nova redu\u00e7\u00e3o j\u00e1 tem data para acontecer, de 900m\u00b3\/s, a Chesf, a partir do dia 21 deste m\u00eas, reduzir\u00e1 para 800m\u00b3\/s. O presidente da Chesf Miranda Farias anunciou que a vaz\u00e3o ser\u00e1 reduzida, ao mesmo tempo, nos reservat\u00f3rios de Tr\u00eas Marias (MG) e Sobradinho (BA).<\/div>\n<div style=\"text-align: justify\"><\/div>\n<div style=\"text-align: justify\">Em coletiva de imprensa que aconteceu na manh\u00e3 desta quinta-feira (17), o presidente da Chesf Miranda Farias explicou que o novo cen\u00e1rio \u00e9 preocupante, mas devido as v\u00e1rias alternativas de gera\u00e7\u00e3o de energia, a regi\u00e3o Nordeste n\u00e3o corre risco de apag\u00e3o ou racionamento, mas foi enf\u00e1tico ao dizer que \u00e9 preciso racionar o uso da \u00e1gua. \u201cNo \u00faltimo dia 15 foi tomada a decis\u00e3o de reduzir a vaz\u00e3o liberada em Sobradinho de tal forma que possamos poupar no reservat\u00f3rio para n\u00e3o faltar \u00e1gua nos pr\u00f3ximos meses ou no pr\u00f3ximo ano\u201d, explica.<\/div>\n<div style=\"text-align: justify\"><\/div>\n<div style=\"text-align: justify\">A medida \u00e9 uma esp\u00e9cie de contentor de gastos da \u00e1gua no reservat\u00f3rio. E segundo Farias, a proposi\u00e7\u00e3o de economizar n\u00e3o \u00e9 apenas da Chesf, mas de todos os \u00f3rg\u00e3os federais, inclusive a Codevasf. \u201c\u00c9 imposs\u00edvel prever o que vai acontecer com as chuvas (&#8230;) a gente n\u00e3o atingiu o n\u00edvel mais baixo de Sobradinho que faria parar a gera\u00e7\u00e3o de energia na usina, sa\u00edmos de 1% para 1,8% at\u00e9 aumentou, mas como nos outros anos a chuva parou em janeiro e fevereiro, \u00e9 prudente, para garantir \u00e1gua para o futuro, nos termos \u00e1gua no reservat\u00f3rio, caso n\u00e3o chova\u201d.<\/div>\n<div style=\"text-align: justify\"><\/div>\n<div style=\"text-align: justify\">No mesmo dia, o Minist\u00e9rio de Minas e Energia (MME) assinou os primeiros contratos com empresas e institutos de pesquisas para dar in\u00edcio ao programa de gera\u00e7\u00e3o de energia por meio de pain\u00e9is solares flutuadores, que ser\u00e3o instalados sobre o lago de usinas hidrel\u00e9tricas. Farias analisa como positiva a iniciativa do ministro Eduardo Braga. \u201cUm dos grandes benef\u00edcios desse projeto \u00e9 exatamente reduzir a evapora\u00e7\u00e3o do Lago, poupando e armazenando \u00e1gua. A cobertura parcial do lago reduz a evapora\u00e7\u00e3o e gera energia solar e esse projeto \u00e9 de pesquisa porque no futuro ele pode se espalhar pelo Nordeste inteiro, colocando em superf\u00edcies de a\u00e7ude, de canais, trazendo como benef\u00edcio paralelo n\u00e3o s\u00f3 a gera\u00e7\u00e3o de energia el\u00e9trica, mas a redu\u00e7\u00e3o de energia el\u00e9trica que n\u00f3s sabemos que no Nordeste \u00e9 muito alta\u201d, pontua o presidente da Chesf.<\/div>\n<div style=\"text-align: justify\"><\/div>\n<div style=\"text-align: justify\">Farias tamb\u00e9m chama a aten\u00e7\u00e3o dos irrigantes. \u201cO ideal \u00e9 que os agricultores usem a \u00e1gua com parcim\u00f4nia para que tenhamos a maior reserva de \u00e1gua para o futuro se porventura acontecer o pior que seria as chuvas pararem em dezembro e janeiro como aconteceu nos \u00faltimos dois anos.<\/div>\n<div style=\"text-align: justify\"><\/div>\n<div style=\"text-align: justify\"><b>Flutuantes<\/b><\/div>\n<div style=\"text-align: justify\">Na \u00faltima sexta-feira (18), foram acionadas as cinco motobombas flutuantes para garantir a continuidade do abastecimento h\u00eddrico aos produtores do Per\u00edmetro de Irriga\u00e7\u00e3o Senador Nilo Coelho. A\u00e7\u00e3o do Minist\u00e9rio da Integra\u00e7\u00e3o Nacional, realizada atrav\u00e9s da Codevasf, a obra \u00e9 resultado de um investimento de R$ 27 milh\u00f5es.<\/div>\n<div style=\"text-align: justify\"><\/div>\n<div style=\"text-align: justify\">No ato do acionamento das motobombas flutuantes e de inaugura\u00e7\u00e3o de todo o sistema, estiveram presentes o Ministro da Integra\u00e7\u00e3o Nacional, Gilberto Occhi, o presidente da Codevasf, Felipe Mendes, o Superintendente da Codevasf Regional em Pernambuco, Luciano Albuquerque, al\u00e9m de lideran\u00e7as pol\u00edticas locais.<\/div>\n<\/div>\n","protected":false},"excerpt":{"rendered":"<p>H\u00e1 muito tempo que cientistas alertam para a escassez de \u00e1gua no planeta, mas a popula\u00e7\u00e3o custa acreditar. Agora os ribeirinhos est\u00e3o cada vez mais pr\u00f3ximos de uma realidade inimagin\u00e1vel para quem olha o rio S\u00e3o Francisco. \u00c9 a hora de sentir na pele a necessidade de &#8216;poupar para n\u00e3o faltar&#8217;. Com este lema a Companhia Hidro El\u00e9trica do S\u00e3o Francisco (Chesf) pretende sensibilizar os consumidores de \u00e1gua. Com a vaz\u00e3o cada vez mais baixa do rio, a Companhia vai administrar a distribui\u00e7\u00e3o para evitar uma escassez severa no futuro. Uma nova redu\u00e7\u00e3o j\u00e1 tem data para acontecer, de 900m\u00b3\/s, a Chesf, a partir do dia 21 deste m\u00eas, reduzir\u00e1 para 800m\u00b3\/s. O presidente da Chesf Miranda Farias anunciou que&hellip; <\/p>\n","protected":false},"author":3,"featured_media":0,"comment_status":"open","ping_status":"open","sticky":false,"template":"","format":"standard","meta":{"_acf_changed":false,"footnotes":""},"categories":[29],"tags":[],"class_list":["post-134829","post","type-post","status-publish","format-standard","hentry","category-meio-ambiente"],"acf":[],"yoast_head":"<!-- This site is optimized with the Yoast SEO plugin v27.4 - https:\/\/yoast.com\/product\/yoast-seo-wordpress\/ -->\n<title>VAZ\u00c3O DE SOBRADINHO VAI DIMINUIR PARA 800m3s, A PARTIR DE SEGUNDA-FEIRA - Blog do Farn\u00e9sio<\/title>\n<meta name=\"robots\" content=\"index, follow, max-snippet:-1, max-image-preview:large, max-video-preview:-1\" \/>\n<link rel=\"canonical\" href=\"https:\/\/blogdofarnesio.com.br\/?p=134829\" \/>\n<meta property=\"og:locale\" content=\"pt_BR\" \/>\n<meta property=\"og:type\" content=\"article\" \/>\n<meta property=\"og:title\" content=\"VAZ\u00c3O DE SOBRADINHO VAI DIMINUIR PARA 800m3s, A PARTIR DE SEGUNDA-FEIRA - Blog do Farn\u00e9sio\" \/>\n<meta property=\"og:description\" content=\"H\u00e1 muito tempo que cientistas alertam para a escassez de \u00e1gua no planeta, mas a popula\u00e7\u00e3o custa acreditar. Agora os ribeirinhos est\u00e3o cada vez mais pr\u00f3ximos de uma realidade inimagin\u00e1vel para quem olha o rio S\u00e3o Francisco. \u00c9 a hora de sentir na pele a necessidade de &#8216;poupar para n\u00e3o faltar&#8217;. Com este lema a Companhia Hidro El\u00e9trica do S\u00e3o Francisco (Chesf) pretende sensibilizar os consumidores de \u00e1gua. Com a vaz\u00e3o cada vez mais baixa do rio, a Companhia vai administrar a distribui\u00e7\u00e3o para evitar uma escassez severa no futuro. Uma nova redu\u00e7\u00e3o j\u00e1 tem data para acontecer, de 900m\u00b3\/s, a Chesf, a partir do dia 21 deste m\u00eas, reduzir\u00e1 para 800m\u00b3\/s. O presidente da Chesf Miranda Farias anunciou que&hellip;\" \/>\n<meta property=\"og:url\" content=\"https:\/\/blogdofarnesio.com.br\/?p=134829\" \/>\n<meta property=\"og:site_name\" content=\"Blog do Farn\u00e9sio\" \/>\n<meta property=\"article:publisher\" content=\"https:\/\/www.facebook.com\/BlogQuerSaberPolitica\/\" \/>\n<meta property=\"article:published_time\" content=\"2015-12-19T11:00:50+00:00\" \/>\n<meta property=\"og:image\" content=\"http:\/\/www.quersaberpolitica.com.br\/2016\/wp-content\/uploads\/2013\/04\/blogqspcopavela2012-foto_Farnesio-Silv-a47.jpg\" \/>\n<meta name=\"author\" content=\"teste\" \/>\n<meta name=\"twitter:card\" content=\"summary_large_image\" \/>\n<meta name=\"twitter:label1\" content=\"Escrito por\" \/>\n\t<meta name=\"twitter:data1\" content=\"teste\" \/>\n\t<meta name=\"twitter:label2\" content=\"Est. tempo de leitura\" \/>\n\t<meta name=\"twitter:data2\" content=\"3 minutos\" \/>\n<script type=\"application\/ld+json\" class=\"yoast-schema-graph\">{\"@context\":\"https:\\\/\\\/schema.org\",\"@graph\":[{\"@type\":\"Article\",\"@id\":\"https:\\\/\\\/blogdofarnesio.com.br\\\/?p=134829#article\",\"isPartOf\":{\"@id\":\"https:\\\/\\\/blogdofarnesio.com.br\\\/?p=134829\"},\"author\":{\"name\":\"teste\",\"@id\":\"https:\\\/\\\/blogdofarnesio.com.br\\\/#\\\/schema\\\/person\\\/dd1bf5eba40b687199ba45ca6b97dff9\"},\"headline\":\"VAZ\u00c3O DE SOBRADINHO VAI DIMINUIR PARA 800m3s, A PARTIR DE SEGUNDA-FEIRA\",\"datePublished\":\"2015-12-19T11:00:50+00:00\",\"mainEntityOfPage\":{\"@id\":\"https:\\\/\\\/blogdofarnesio.com.br\\\/?p=134829\"},\"wordCount\":686,\"commentCount\":0,\"publisher\":{\"@id\":\"https:\\\/\\\/blogdofarnesio.com.br\\\/#organization\"},\"image\":{\"@id\":\"https:\\\/\\\/blogdofarnesio.com.br\\\/?p=134829#primaryimage\"},\"thumbnailUrl\":\"http:\\\/\\\/www.quersaberpolitica.com.br\\\/2016\\\/wp-content\\\/uploads\\\/2013\\\/04\\\/blogqspcopavela2012-foto_Farnesio-Silv-a47.jpg\",\"articleSection\":[\"Meio Ambiente\"],\"inLanguage\":\"pt-BR\",\"potentialAction\":[{\"@type\":\"CommentAction\",\"name\":\"Comment\",\"target\":[\"https:\\\/\\\/blogdofarnesio.com.br\\\/?p=134829#respond\"]}]},{\"@type\":\"WebPage\",\"@id\":\"https:\\\/\\\/blogdofarnesio.com.br\\\/?p=134829\",\"url\":\"https:\\\/\\\/blogdofarnesio.com.br\\\/?p=134829\",\"name\":\"VAZ\u00c3O DE SOBRADINHO VAI DIMINUIR PARA 800m3s, A PARTIR DE SEGUNDA-FEIRA - Blog do Farn\u00e9sio\",\"isPartOf\":{\"@id\":\"https:\\\/\\\/blogdofarnesio.com.br\\\/#website\"},\"primaryImageOfPage\":{\"@id\":\"https:\\\/\\\/blogdofarnesio.com.br\\\/?p=134829#primaryimage\"},\"image\":{\"@id\":\"https:\\\/\\\/blogdofarnesio.com.br\\\/?p=134829#primaryimage\"},\"thumbnailUrl\":\"http:\\\/\\\/www.quersaberpolitica.com.br\\\/2016\\\/wp-content\\\/uploads\\\/2013\\\/04\\\/blogqspcopavela2012-foto_Farnesio-Silv-a47.jpg\",\"datePublished\":\"2015-12-19T11:00:50+00:00\",\"breadcrumb\":{\"@id\":\"https:\\\/\\\/blogdofarnesio.com.br\\\/?p=134829#breadcrumb\"},\"inLanguage\":\"pt-BR\",\"potentialAction\":[{\"@type\":\"ReadAction\",\"target\":[\"https:\\\/\\\/blogdofarnesio.com.br\\\/?p=134829\"]}]},{\"@type\":\"ImageObject\",\"inLanguage\":\"pt-BR\",\"@id\":\"https:\\\/\\\/blogdofarnesio.com.br\\\/?p=134829#primaryimage\",\"url\":\"http:\\\/\\\/www.quersaberpolitica.com.br\\\/2016\\\/wp-content\\\/uploads\\\/2013\\\/04\\\/blogqspcopavela2012-foto_Farnesio-Silv-a47.jpg\",\"contentUrl\":\"http:\\\/\\\/www.quersaberpolitica.com.br\\\/2016\\\/wp-content\\\/uploads\\\/2013\\\/04\\\/blogqspcopavela2012-foto_Farnesio-Silv-a47.jpg\"},{\"@type\":\"BreadcrumbList\",\"@id\":\"https:\\\/\\\/blogdofarnesio.com.br\\\/?p=134829#breadcrumb\",\"itemListElement\":[{\"@type\":\"ListItem\",\"position\":1,\"name\":\"In\u00edcio\",\"item\":\"https:\\\/\\\/blogdofarnesio.com.br\\\/\"},{\"@type\":\"ListItem\",\"position\":2,\"name\":\"VAZ\u00c3O DE SOBRADINHO VAI DIMINUIR PARA 800m3s, A PARTIR DE SEGUNDA-FEIRA\"}]},{\"@type\":\"WebSite\",\"@id\":\"https:\\\/\\\/blogdofarnesio.com.br\\\/#website\",\"url\":\"https:\\\/\\\/blogdofarnesio.com.br\\\/\",\"name\":\"Blog do Farn\u00e9sio\",\"description\":\"Quer Saber Pol\u00edtica?\",\"publisher\":{\"@id\":\"https:\\\/\\\/blogdofarnesio.com.br\\\/#organization\"},\"potentialAction\":[{\"@type\":\"SearchAction\",\"target\":{\"@type\":\"EntryPoint\",\"urlTemplate\":\"https:\\\/\\\/blogdofarnesio.com.br\\\/?s={search_term_string}\"},\"query-input\":{\"@type\":\"PropertyValueSpecification\",\"valueRequired\":true,\"valueName\":\"search_term_string\"}}],\"inLanguage\":\"pt-BR\"},{\"@type\":\"Organization\",\"@id\":\"https:\\\/\\\/blogdofarnesio.com.br\\\/#organization\",\"name\":\"Blog do Farn\u00e9sio\",\"url\":\"https:\\\/\\\/blogdofarnesio.com.br\\\/\",\"logo\":{\"@type\":\"ImageObject\",\"inLanguage\":\"pt-BR\",\"@id\":\"https:\\\/\\\/blogdofarnesio.com.br\\\/#\\\/schema\\\/logo\\\/image\\\/\",\"url\":\"https:\\\/\\\/blogdofarnesio.com.br\\\/wp-content\\\/uploads\\\/2026\\\/03\\\/cropped-logo_new-1.png\",\"contentUrl\":\"https:\\\/\\\/blogdofarnesio.com.br\\\/wp-content\\\/uploads\\\/2026\\\/03\\\/cropped-logo_new-1.png\",\"width\":881,\"height\":685,\"caption\":\"Blog do Farn\u00e9sio\"},\"image\":{\"@id\":\"https:\\\/\\\/blogdofarnesio.com.br\\\/#\\\/schema\\\/logo\\\/image\\\/\"},\"sameAs\":[\"https:\\\/\\\/www.facebook.com\\\/BlogQuerSaberPolitica\\\/\"]},{\"@type\":\"Person\",\"@id\":\"https:\\\/\\\/blogdofarnesio.com.br\\\/#\\\/schema\\\/person\\\/dd1bf5eba40b687199ba45ca6b97dff9\",\"name\":\"teste\",\"image\":{\"@type\":\"ImageObject\",\"inLanguage\":\"pt-BR\",\"@id\":\"https:\\\/\\\/secure.gravatar.com\\\/avatar\\\/2172498d4914b51e1d89a0f97957b035ac4938723a5cac208135d389b6972a6d?s=96&d=mm&r=g\",\"url\":\"https:\\\/\\\/secure.gravatar.com\\\/avatar\\\/2172498d4914b51e1d89a0f97957b035ac4938723a5cac208135d389b6972a6d?s=96&d=mm&r=g\",\"contentUrl\":\"https:\\\/\\\/secure.gravatar.com\\\/avatar\\\/2172498d4914b51e1d89a0f97957b035ac4938723a5cac208135d389b6972a6d?s=96&d=mm&r=g\",\"caption\":\"teste\"},\"url\":\"https:\\\/\\\/blogdofarnesio.com.br\\\/?author=3\"}]}<\/script>\n<!-- \/ Yoast SEO plugin. -->","yoast_head_json":{"title":"VAZ\u00c3O DE SOBRADINHO VAI DIMINUIR PARA 800m3s, A PARTIR DE SEGUNDA-FEIRA - Blog do Farn\u00e9sio","robots":{"index":"index","follow":"follow","max-snippet":"max-snippet:-1","max-image-preview":"max-image-preview:large","max-video-preview":"max-video-preview:-1"},"canonical":"https:\/\/blogdofarnesio.com.br\/?p=134829","og_locale":"pt_BR","og_type":"article","og_title":"VAZ\u00c3O DE SOBRADINHO VAI DIMINUIR PARA 800m3s, A PARTIR DE SEGUNDA-FEIRA - Blog do Farn\u00e9sio","og_description":"H\u00e1 muito tempo que cientistas alertam para a escassez de \u00e1gua no planeta, mas a popula\u00e7\u00e3o custa acreditar. Agora os ribeirinhos est\u00e3o cada vez mais pr\u00f3ximos de uma realidade inimagin\u00e1vel para quem olha o rio S\u00e3o Francisco. \u00c9 a hora de sentir na pele a necessidade de &#8216;poupar para n\u00e3o faltar&#8217;. Com este lema a Companhia Hidro El\u00e9trica do S\u00e3o Francisco (Chesf) pretende sensibilizar os consumidores de \u00e1gua. Com a vaz\u00e3o cada vez mais baixa do rio, a Companhia vai administrar a distribui\u00e7\u00e3o para evitar uma escassez severa no futuro. Uma nova redu\u00e7\u00e3o j\u00e1 tem data para acontecer, de 900m\u00b3\/s, a Chesf, a partir do dia 21 deste m\u00eas, reduzir\u00e1 para 800m\u00b3\/s. O presidente da Chesf Miranda Farias anunciou que&hellip;","og_url":"https:\/\/blogdofarnesio.com.br\/?p=134829","og_site_name":"Blog do Farn\u00e9sio","article_publisher":"https:\/\/www.facebook.com\/BlogQuerSaberPolitica\/","article_published_time":"2015-12-19T11:00:50+00:00","og_image":[{"url":"http:\/\/www.quersaberpolitica.com.br\/2016\/wp-content\/uploads\/2013\/04\/blogqspcopavela2012-foto_Farnesio-Silv-a47.jpg","type":"","width":"","height":""}],"author":"teste","twitter_card":"summary_large_image","twitter_misc":{"Escrito por":"teste","Est. tempo de leitura":"3 minutos"},"schema":{"@context":"https:\/\/schema.org","@graph":[{"@type":"Article","@id":"https:\/\/blogdofarnesio.com.br\/?p=134829#article","isPartOf":{"@id":"https:\/\/blogdofarnesio.com.br\/?p=134829"},"author":{"name":"teste","@id":"https:\/\/blogdofarnesio.com.br\/#\/schema\/person\/dd1bf5eba40b687199ba45ca6b97dff9"},"headline":"VAZ\u00c3O DE SOBRADINHO VAI DIMINUIR PARA 800m3s, A PARTIR DE SEGUNDA-FEIRA","datePublished":"2015-12-19T11:00:50+00:00","mainEntityOfPage":{"@id":"https:\/\/blogdofarnesio.com.br\/?p=134829"},"wordCount":686,"commentCount":0,"publisher":{"@id":"https:\/\/blogdofarnesio.com.br\/#organization"},"image":{"@id":"https:\/\/blogdofarnesio.com.br\/?p=134829#primaryimage"},"thumbnailUrl":"http:\/\/www.quersaberpolitica.com.br\/2016\/wp-content\/uploads\/2013\/04\/blogqspcopavela2012-foto_Farnesio-Silv-a47.jpg","articleSection":["Meio Ambiente"],"inLanguage":"pt-BR","potentialAction":[{"@type":"CommentAction","name":"Comment","target":["https:\/\/blogdofarnesio.com.br\/?p=134829#respond"]}]},{"@type":"WebPage","@id":"https:\/\/blogdofarnesio.com.br\/?p=134829","url":"https:\/\/blogdofarnesio.com.br\/?p=134829","name":"VAZ\u00c3O DE SOBRADINHO VAI DIMINUIR PARA 800m3s, A PARTIR DE SEGUNDA-FEIRA - Blog do Farn\u00e9sio","isPartOf":{"@id":"https:\/\/blogdofarnesio.com.br\/#website"},"primaryImageOfPage":{"@id":"https:\/\/blogdofarnesio.com.br\/?p=134829#primaryimage"},"image":{"@id":"https:\/\/blogdofarnesio.com.br\/?p=134829#primaryimage"},"thumbnailUrl":"http:\/\/www.quersaberpolitica.com.br\/2016\/wp-content\/uploads\/2013\/04\/blogqspcopavela2012-foto_Farnesio-Silv-a47.jpg","datePublished":"2015-12-19T11:00:50+00:00","breadcrumb":{"@id":"https:\/\/blogdofarnesio.com.br\/?p=134829#breadcrumb"},"inLanguage":"pt-BR","potentialAction":[{"@type":"ReadAction","target":["https:\/\/blogdofarnesio.com.br\/?p=134829"]}]},{"@type":"ImageObject","inLanguage":"pt-BR","@id":"https:\/\/blogdofarnesio.com.br\/?p=134829#primaryimage","url":"http:\/\/www.quersaberpolitica.com.br\/2016\/wp-content\/uploads\/2013\/04\/blogqspcopavela2012-foto_Farnesio-Silv-a47.jpg","contentUrl":"http:\/\/www.quersaberpolitica.com.br\/2016\/wp-content\/uploads\/2013\/04\/blogqspcopavela2012-foto_Farnesio-Silv-a47.jpg"},{"@type":"BreadcrumbList","@id":"https:\/\/blogdofarnesio.com.br\/?p=134829#breadcrumb","itemListElement":[{"@type":"ListItem","position":1,"name":"In\u00edcio","item":"https:\/\/blogdofarnesio.com.br\/"},{"@type":"ListItem","position":2,"name":"VAZ\u00c3O DE SOBRADINHO VAI DIMINUIR PARA 800m3s, A PARTIR DE SEGUNDA-FEIRA"}]},{"@type":"WebSite","@id":"https:\/\/blogdofarnesio.com.br\/#website","url":"https:\/\/blogdofarnesio.com.br\/","name":"Blog do Farn\u00e9sio","description":"Quer Saber Pol\u00edtica?","publisher":{"@id":"https:\/\/blogdofarnesio.com.br\/#organization"},"potentialAction":[{"@type":"SearchAction","target":{"@type":"EntryPoint","urlTemplate":"https:\/\/blogdofarnesio.com.br\/?s={search_term_string}"},"query-input":{"@type":"PropertyValueSpecification","valueRequired":true,"valueName":"search_term_string"}}],"inLanguage":"pt-BR"},{"@type":"Organization","@id":"https:\/\/blogdofarnesio.com.br\/#organization","name":"Blog do Farn\u00e9sio","url":"https:\/\/blogdofarnesio.com.br\/","logo":{"@type":"ImageObject","inLanguage":"pt-BR","@id":"https:\/\/blogdofarnesio.com.br\/#\/schema\/logo\/image\/","url":"https:\/\/blogdofarnesio.com.br\/wp-content\/uploads\/2026\/03\/cropped-logo_new-1.png","contentUrl":"https:\/\/blogdofarnesio.com.br\/wp-content\/uploads\/2026\/03\/cropped-logo_new-1.png","width":881,"height":685,"caption":"Blog do Farn\u00e9sio"},"image":{"@id":"https:\/\/blogdofarnesio.com.br\/#\/schema\/logo\/image\/"},"sameAs":["https:\/\/www.facebook.com\/BlogQuerSaberPolitica\/"]},{"@type":"Person","@id":"https:\/\/blogdofarnesio.com.br\/#\/schema\/person\/dd1bf5eba40b687199ba45ca6b97dff9","name":"teste","image":{"@type":"ImageObject","inLanguage":"pt-BR","@id":"https:\/\/secure.gravatar.com\/avatar\/2172498d4914b51e1d89a0f97957b035ac4938723a5cac208135d389b6972a6d?s=96&d=mm&r=g","url":"https:\/\/secure.gravatar.com\/avatar\/2172498d4914b51e1d89a0f97957b035ac4938723a5cac208135d389b6972a6d?s=96&d=mm&r=g","contentUrl":"https:\/\/secure.gravatar.com\/avatar\/2172498d4914b51e1d89a0f97957b035ac4938723a5cac208135d389b6972a6d?s=96&d=mm&r=g","caption":"teste"},"url":"https:\/\/blogdofarnesio.com.br\/?author=3"}]}},"_links":{"self":[{"href":"https:\/\/blogdofarnesio.com.br\/index.php?rest_route=\/wp\/v2\/posts\/134829","targetHints":{"allow":["GET"]}}],"collection":[{"href":"https:\/\/blogdofarnesio.com.br\/index.php?rest_route=\/wp\/v2\/posts"}],"about":[{"href":"https:\/\/blogdofarnesio.com.br\/index.php?rest_route=\/wp\/v2\/types\/post"}],"author":[{"embeddable":true,"href":"https:\/\/blogdofarnesio.com.br\/index.php?rest_route=\/wp\/v2\/users\/3"}],"replies":[{"embeddable":true,"href":"https:\/\/blogdofarnesio.com.br\/index.php?rest_route=%2Fwp%2Fv2%2Fcomments&post=134829"}],"version-history":[{"count":0,"href":"https:\/\/blogdofarnesio.com.br\/index.php?rest_route=\/wp\/v2\/posts\/134829\/revisions"}],"wp:attachment":[{"href":"https:\/\/blogdofarnesio.com.br\/index.php?rest_route=%2Fwp%2Fv2%2Fmedia&parent=134829"}],"wp:term":[{"taxonomy":"category","embeddable":true,"href":"https:\/\/blogdofarnesio.com.br\/index.php?rest_route=%2Fwp%2Fv2%2Fcategories&post=134829"},{"taxonomy":"post_tag","embeddable":true,"href":"https:\/\/blogdofarnesio.com.br\/index.php?rest_route=%2Fwp%2Fv2%2Ftags&post=134829"}],"curies":[{"name":"wp","href":"https:\/\/api.w.org\/{rel}","templated":true}]}}