{"id":134565,"date":"2015-12-14T15:40:16","date_gmt":"2015-12-14T18:40:16","guid":{"rendered":"http:\/\/www.quersaberpolitica.com.br\/?p=134565"},"modified":"2015-12-14T13:32:04","modified_gmt":"2015-12-14T16:32:04","slug":"134565","status":"publish","type":"post","link":"https:\/\/blogdofarnesio.com.br\/?p=134565","title":{"rendered":"ANA MARIA BRAGA REVELOU AO VIVO ESTA MANH\u00c3, QUE EST\u00c1 COM UM NOVO C\u00c2NCER"},"content":{"rendered":"<div class=\"box-body\">\n<div class=\"text-center\" style=\"text-align: justify\">\n<div class=\"box-img\"><img decoding=\"async\" class=\"img-center img-responsive aligncenter\" src=\"http:\/\/www.bahianoticias.com.br\/fotos\/holofote_noticias\/42214\/xIMAGEM_NOTICIA_5.jpg.pagespeed.ic.9XVSGHjBgI.jpg\" alt=\"Ana Maria Braga revela que descobriu mais um c\u00e2ncer, desta vez no pulm\u00e3o\" \/><\/p>\n<div class=\"img-legenda\">Foto: Reprodu\u00e7\u00e3o \/ TV Globo<\/div>\n<\/div>\n<\/div>\n<div class=\"text-descricao\">\n<div id=\"cke_pastebin\" style=\"text-align: justify\">Ana Maria Braga revelou, na manh\u00e3 desta segunda-feira (14), que descobriu um terceiro c\u00e2ncer em seu corpo. A revela\u00e7\u00e3o aconteceu no programa \u2018Mais Voc\u00ea\u2019 e, em desabafo ao vivo, Ana contou que teve que largar o cigarro j\u00e1 que a doen\u00e7a afetou o seu pulm\u00e3o.<\/div>\n<div id=\"cke_pastebin\" style=\"text-align: justify\">&#8220;Tive um anjo na minha vida. Eu poderia estar at\u00e9 hoje sem saber que estava com um problema no pulm\u00e3o. Bill, meu companheiro hoje, me cobra muito e comecei a fazer gin\u00e1stica. Ele dizia para eu parar de fumar e que eu precisava fazer alguns exames.<\/div>\n<div style=\"text-align: justify\"><\/div>\n<div style=\"text-align: justify\">Ele tanto insistiu que marquei uma consulta. Fiz uma tomografia e quando eu sa\u00ed disseram que acharam uma coisa pequena, um in\u00edcio de um tumor cancer\u00edgeno. Voc\u00eas acompanharam a minha luta e eu sei o que se passa quando se faz uma radioterapia, quimioterapia. Fique estatizada. \u00c9 um risco que toda pessoa que fuma tem. Fui para a interna\u00e7\u00e3o e me operei em uma manh\u00e3 de sexta-feira&#8221;, contou a apresentadora.<\/div>\n<div id=\"cke_pastebin\" style=\"text-align: justify\">Ana explicou que quando soube, preferiu n\u00e3o revelar o diagn\u00f3stico logo. &#8220;Em setembro, fiquei na d\u00favida se falava, porque estava muito debilitada. Preferi estar mais forte, estar bem para falar como um alerta para todo mundo que quer viver mais e com mais sa\u00fade&#8221;, explicou emocionada.<\/div>\n<div id=\"cke_pastebin\" style=\"text-align: justify\">&#8220;Eu precisei de ajuda, n\u00e3o sou de ferro, tenho problemas como qualquer um. Tomei rem\u00e9dio para parar de fumar, uso adesivos. Me maltratei muito. \u00c9 um pre\u00e7o que eu pago&#8221;, lamentou ela, ap\u00f3s dizer que teve sorte de descobrir a doen\u00e7a em est\u00e1gios iniciais.<\/div>\n<\/div>\n<\/div>\n","protected":false},"excerpt":{"rendered":"<p>Foto: Reprodu\u00e7\u00e3o \/ TV Globo Ana Maria Braga revelou, na manh\u00e3 desta segunda-feira (14), que descobriu um terceiro c\u00e2ncer em seu corpo. A revela\u00e7\u00e3o aconteceu no programa \u2018Mais Voc\u00ea\u2019 e, em desabafo ao vivo, Ana contou que teve que largar o cigarro j\u00e1 que a doen\u00e7a afetou o seu pulm\u00e3o. &#8220;Tive um anjo na minha vida. Eu poderia estar at\u00e9 hoje sem saber que estava com um problema no pulm\u00e3o. Bill, meu companheiro hoje, me cobra muito e comecei a fazer gin\u00e1stica. Ele dizia para eu parar de fumar e que eu precisava fazer alguns exames. Ele tanto insistiu que marquei uma consulta. Fiz uma tomografia e quando eu sa\u00ed disseram que acharam uma coisa pequena, um in\u00edcio de um&hellip; <\/p>\n","protected":false},"author":3,"featured_media":0,"comment_status":"open","ping_status":"open","sticky":false,"template":"","format":"standard","meta":{"_acf_changed":false,"footnotes":""},"categories":[3],"tags":[],"class_list":["post-134565","post","type-post","status-publish","format-standard","hentry","category-entretenimento"],"acf":[],"yoast_head":"<!-- This site is optimized with the Yoast SEO plugin v27.4 - https:\/\/yoast.com\/product\/yoast-seo-wordpress\/ -->\n<title>ANA MARIA BRAGA REVELOU AO VIVO ESTA MANH\u00c3, QUE EST\u00c1 COM UM NOVO C\u00c2NCER - Blog do Farn\u00e9sio<\/title>\n<meta name=\"robots\" content=\"index, follow, max-snippet:-1, max-image-preview:large, max-video-preview:-1\" \/>\n<link rel=\"canonical\" href=\"https:\/\/blogdofarnesio.com.br\/?p=134565\" \/>\n<meta property=\"og:locale\" content=\"pt_BR\" \/>\n<meta property=\"og:type\" content=\"article\" \/>\n<meta property=\"og:title\" content=\"ANA MARIA BRAGA REVELOU AO VIVO ESTA MANH\u00c3, QUE EST\u00c1 COM UM NOVO C\u00c2NCER - Blog do Farn\u00e9sio\" \/>\n<meta property=\"og:description\" content=\"Foto: Reprodu\u00e7\u00e3o \/ TV Globo Ana Maria Braga revelou, na manh\u00e3 desta segunda-feira (14), que descobriu um terceiro c\u00e2ncer em seu corpo. A revela\u00e7\u00e3o aconteceu no programa \u2018Mais Voc\u00ea\u2019 e, em desabafo ao vivo, Ana contou que teve que largar o cigarro j\u00e1 que a doen\u00e7a afetou o seu pulm\u00e3o. &#8220;Tive um anjo na minha vida. Eu poderia estar at\u00e9 hoje sem saber que estava com um problema no pulm\u00e3o. Bill, meu companheiro hoje, me cobra muito e comecei a fazer gin\u00e1stica. Ele dizia para eu parar de fumar e que eu precisava fazer alguns exames. Ele tanto insistiu que marquei uma consulta. Fiz uma tomografia e quando eu sa\u00ed disseram que acharam uma coisa pequena, um in\u00edcio de um&hellip;\" \/>\n<meta property=\"og:url\" content=\"https:\/\/blogdofarnesio.com.br\/?p=134565\" \/>\n<meta property=\"og:site_name\" content=\"Blog do Farn\u00e9sio\" \/>\n<meta property=\"article:publisher\" content=\"https:\/\/www.facebook.com\/BlogQuerSaberPolitica\/\" \/>\n<meta property=\"article:published_time\" content=\"2015-12-14T18:40:16+00:00\" \/>\n<meta property=\"og:image\" content=\"http:\/\/www.bahianoticias.com.br\/fotos\/holofote_noticias\/42214\/xIMAGEM_NOTICIA_5.jpg.pagespeed.ic.9XVSGHjBgI.jpg\" \/>\n<meta name=\"author\" content=\"teste\" \/>\n<meta name=\"twitter:card\" content=\"summary_large_image\" \/>\n<meta name=\"twitter:label1\" content=\"Escrito por\" \/>\n\t<meta name=\"twitter:data1\" content=\"teste\" \/>\n\t<meta name=\"twitter:label2\" content=\"Est. tempo de leitura\" \/>\n\t<meta name=\"twitter:data2\" content=\"1 minuto\" \/>\n<script type=\"application\/ld+json\" class=\"yoast-schema-graph\">{\"@context\":\"https:\\\/\\\/schema.org\",\"@graph\":[{\"@type\":\"Article\",\"@id\":\"https:\\\/\\\/blogdofarnesio.com.br\\\/?p=134565#article\",\"isPartOf\":{\"@id\":\"https:\\\/\\\/blogdofarnesio.com.br\\\/?p=134565\"},\"author\":{\"name\":\"teste\",\"@id\":\"https:\\\/\\\/blogdofarnesio.com.br\\\/#\\\/schema\\\/person\\\/dd1bf5eba40b687199ba45ca6b97dff9\"},\"headline\":\"ANA MARIA BRAGA REVELOU AO VIVO ESTA MANH\u00c3, QUE EST\u00c1 COM UM NOVO C\u00c2NCER\",\"datePublished\":\"2015-12-14T18:40:16+00:00\",\"mainEntityOfPage\":{\"@id\":\"https:\\\/\\\/blogdofarnesio.com.br\\\/?p=134565\"},\"wordCount\":288,\"commentCount\":1,\"publisher\":{\"@id\":\"https:\\\/\\\/blogdofarnesio.com.br\\\/#organization\"},\"image\":{\"@id\":\"https:\\\/\\\/blogdofarnesio.com.br\\\/?p=134565#primaryimage\"},\"thumbnailUrl\":\"http:\\\/\\\/www.bahianoticias.com.br\\\/fotos\\\/holofote_noticias\\\/42214\\\/xIMAGEM_NOTICIA_5.jpg.pagespeed.ic.9XVSGHjBgI.jpg\",\"articleSection\":[\"Entretenimento\"],\"inLanguage\":\"pt-BR\",\"potentialAction\":[{\"@type\":\"CommentAction\",\"name\":\"Comment\",\"target\":[\"https:\\\/\\\/blogdofarnesio.com.br\\\/?p=134565#respond\"]}]},{\"@type\":\"WebPage\",\"@id\":\"https:\\\/\\\/blogdofarnesio.com.br\\\/?p=134565\",\"url\":\"https:\\\/\\\/blogdofarnesio.com.br\\\/?p=134565\",\"name\":\"ANA MARIA BRAGA REVELOU AO VIVO ESTA MANH\u00c3, QUE EST\u00c1 COM UM NOVO C\u00c2NCER - Blog do Farn\u00e9sio\",\"isPartOf\":{\"@id\":\"https:\\\/\\\/blogdofarnesio.com.br\\\/#website\"},\"primaryImageOfPage\":{\"@id\":\"https:\\\/\\\/blogdofarnesio.com.br\\\/?p=134565#primaryimage\"},\"image\":{\"@id\":\"https:\\\/\\\/blogdofarnesio.com.br\\\/?p=134565#primaryimage\"},\"thumbnailUrl\":\"http:\\\/\\\/www.bahianoticias.com.br\\\/fotos\\\/holofote_noticias\\\/42214\\\/xIMAGEM_NOTICIA_5.jpg.pagespeed.ic.9XVSGHjBgI.jpg\",\"datePublished\":\"2015-12-14T18:40:16+00:00\",\"breadcrumb\":{\"@id\":\"https:\\\/\\\/blogdofarnesio.com.br\\\/?p=134565#breadcrumb\"},\"inLanguage\":\"pt-BR\",\"potentialAction\":[{\"@type\":\"ReadAction\",\"target\":[\"https:\\\/\\\/blogdofarnesio.com.br\\\/?p=134565\"]}]},{\"@type\":\"ImageObject\",\"inLanguage\":\"pt-BR\",\"@id\":\"https:\\\/\\\/blogdofarnesio.com.br\\\/?p=134565#primaryimage\",\"url\":\"http:\\\/\\\/www.bahianoticias.com.br\\\/fotos\\\/holofote_noticias\\\/42214\\\/xIMAGEM_NOTICIA_5.jpg.pagespeed.ic.9XVSGHjBgI.jpg\",\"contentUrl\":\"http:\\\/\\\/www.bahianoticias.com.br\\\/fotos\\\/holofote_noticias\\\/42214\\\/xIMAGEM_NOTICIA_5.jpg.pagespeed.ic.9XVSGHjBgI.jpg\"},{\"@type\":\"BreadcrumbList\",\"@id\":\"https:\\\/\\\/blogdofarnesio.com.br\\\/?p=134565#breadcrumb\",\"itemListElement\":[{\"@type\":\"ListItem\",\"position\":1,\"name\":\"In\u00edcio\",\"item\":\"https:\\\/\\\/blogdofarnesio.com.br\\\/\"},{\"@type\":\"ListItem\",\"position\":2,\"name\":\"ANA MARIA BRAGA REVELOU AO VIVO ESTA MANH\u00c3, QUE EST\u00c1 COM UM NOVO C\u00c2NCER\"}]},{\"@type\":\"WebSite\",\"@id\":\"https:\\\/\\\/blogdofarnesio.com.br\\\/#website\",\"url\":\"https:\\\/\\\/blogdofarnesio.com.br\\\/\",\"name\":\"Blog do Farn\u00e9sio\",\"description\":\"Quer Saber Pol\u00edtica?\",\"publisher\":{\"@id\":\"https:\\\/\\\/blogdofarnesio.com.br\\\/#organization\"},\"potentialAction\":[{\"@type\":\"SearchAction\",\"target\":{\"@type\":\"EntryPoint\",\"urlTemplate\":\"https:\\\/\\\/blogdofarnesio.com.br\\\/?s={search_term_string}\"},\"query-input\":{\"@type\":\"PropertyValueSpecification\",\"valueRequired\":true,\"valueName\":\"search_term_string\"}}],\"inLanguage\":\"pt-BR\"},{\"@type\":\"Organization\",\"@id\":\"https:\\\/\\\/blogdofarnesio.com.br\\\/#organization\",\"name\":\"Blog do Farn\u00e9sio\",\"url\":\"https:\\\/\\\/blogdofarnesio.com.br\\\/\",\"logo\":{\"@type\":\"ImageObject\",\"inLanguage\":\"pt-BR\",\"@id\":\"https:\\\/\\\/blogdofarnesio.com.br\\\/#\\\/schema\\\/logo\\\/image\\\/\",\"url\":\"https:\\\/\\\/blogdofarnesio.com.br\\\/wp-content\\\/uploads\\\/2026\\\/03\\\/cropped-logo_new-1.png\",\"contentUrl\":\"https:\\\/\\\/blogdofarnesio.com.br\\\/wp-content\\\/uploads\\\/2026\\\/03\\\/cropped-logo_new-1.png\",\"width\":881,\"height\":685,\"caption\":\"Blog do Farn\u00e9sio\"},\"image\":{\"@id\":\"https:\\\/\\\/blogdofarnesio.com.br\\\/#\\\/schema\\\/logo\\\/image\\\/\"},\"sameAs\":[\"https:\\\/\\\/www.facebook.com\\\/BlogQuerSaberPolitica\\\/\"]},{\"@type\":\"Person\",\"@id\":\"https:\\\/\\\/blogdofarnesio.com.br\\\/#\\\/schema\\\/person\\\/dd1bf5eba40b687199ba45ca6b97dff9\",\"name\":\"teste\",\"image\":{\"@type\":\"ImageObject\",\"inLanguage\":\"pt-BR\",\"@id\":\"https:\\\/\\\/secure.gravatar.com\\\/avatar\\\/2172498d4914b51e1d89a0f97957b035ac4938723a5cac208135d389b6972a6d?s=96&d=mm&r=g\",\"url\":\"https:\\\/\\\/secure.gravatar.com\\\/avatar\\\/2172498d4914b51e1d89a0f97957b035ac4938723a5cac208135d389b6972a6d?s=96&d=mm&r=g\",\"contentUrl\":\"https:\\\/\\\/secure.gravatar.com\\\/avatar\\\/2172498d4914b51e1d89a0f97957b035ac4938723a5cac208135d389b6972a6d?s=96&d=mm&r=g\",\"caption\":\"teste\"},\"url\":\"https:\\\/\\\/blogdofarnesio.com.br\\\/?author=3\"}]}<\/script>\n<!-- \/ Yoast SEO plugin. -->","yoast_head_json":{"title":"ANA MARIA BRAGA REVELOU AO VIVO ESTA MANH\u00c3, QUE EST\u00c1 COM UM NOVO C\u00c2NCER - Blog do Farn\u00e9sio","robots":{"index":"index","follow":"follow","max-snippet":"max-snippet:-1","max-image-preview":"max-image-preview:large","max-video-preview":"max-video-preview:-1"},"canonical":"https:\/\/blogdofarnesio.com.br\/?p=134565","og_locale":"pt_BR","og_type":"article","og_title":"ANA MARIA BRAGA REVELOU AO VIVO ESTA MANH\u00c3, QUE EST\u00c1 COM UM NOVO C\u00c2NCER - Blog do Farn\u00e9sio","og_description":"Foto: Reprodu\u00e7\u00e3o \/ TV Globo Ana Maria Braga revelou, na manh\u00e3 desta segunda-feira (14), que descobriu um terceiro c\u00e2ncer em seu corpo. A revela\u00e7\u00e3o aconteceu no programa \u2018Mais Voc\u00ea\u2019 e, em desabafo ao vivo, Ana contou que teve que largar o cigarro j\u00e1 que a doen\u00e7a afetou o seu pulm\u00e3o. &#8220;Tive um anjo na minha vida. Eu poderia estar at\u00e9 hoje sem saber que estava com um problema no pulm\u00e3o. Bill, meu companheiro hoje, me cobra muito e comecei a fazer gin\u00e1stica. Ele dizia para eu parar de fumar e que eu precisava fazer alguns exames. Ele tanto insistiu que marquei uma consulta. Fiz uma tomografia e quando eu sa\u00ed disseram que acharam uma coisa pequena, um in\u00edcio de um&hellip;","og_url":"https:\/\/blogdofarnesio.com.br\/?p=134565","og_site_name":"Blog do Farn\u00e9sio","article_publisher":"https:\/\/www.facebook.com\/BlogQuerSaberPolitica\/","article_published_time":"2015-12-14T18:40:16+00:00","og_image":[{"url":"http:\/\/www.bahianoticias.com.br\/fotos\/holofote_noticias\/42214\/xIMAGEM_NOTICIA_5.jpg.pagespeed.ic.9XVSGHjBgI.jpg","type":"","width":"","height":""}],"author":"teste","twitter_card":"summary_large_image","twitter_misc":{"Escrito por":"teste","Est. tempo de leitura":"1 minuto"},"schema":{"@context":"https:\/\/schema.org","@graph":[{"@type":"Article","@id":"https:\/\/blogdofarnesio.com.br\/?p=134565#article","isPartOf":{"@id":"https:\/\/blogdofarnesio.com.br\/?p=134565"},"author":{"name":"teste","@id":"https:\/\/blogdofarnesio.com.br\/#\/schema\/person\/dd1bf5eba40b687199ba45ca6b97dff9"},"headline":"ANA MARIA BRAGA REVELOU AO VIVO ESTA MANH\u00c3, QUE EST\u00c1 COM UM NOVO C\u00c2NCER","datePublished":"2015-12-14T18:40:16+00:00","mainEntityOfPage":{"@id":"https:\/\/blogdofarnesio.com.br\/?p=134565"},"wordCount":288,"commentCount":1,"publisher":{"@id":"https:\/\/blogdofarnesio.com.br\/#organization"},"image":{"@id":"https:\/\/blogdofarnesio.com.br\/?p=134565#primaryimage"},"thumbnailUrl":"http:\/\/www.bahianoticias.com.br\/fotos\/holofote_noticias\/42214\/xIMAGEM_NOTICIA_5.jpg.pagespeed.ic.9XVSGHjBgI.jpg","articleSection":["Entretenimento"],"inLanguage":"pt-BR","potentialAction":[{"@type":"CommentAction","name":"Comment","target":["https:\/\/blogdofarnesio.com.br\/?p=134565#respond"]}]},{"@type":"WebPage","@id":"https:\/\/blogdofarnesio.com.br\/?p=134565","url":"https:\/\/blogdofarnesio.com.br\/?p=134565","name":"ANA MARIA BRAGA REVELOU AO VIVO ESTA MANH\u00c3, QUE EST\u00c1 COM UM NOVO C\u00c2NCER - Blog do Farn\u00e9sio","isPartOf":{"@id":"https:\/\/blogdofarnesio.com.br\/#website"},"primaryImageOfPage":{"@id":"https:\/\/blogdofarnesio.com.br\/?p=134565#primaryimage"},"image":{"@id":"https:\/\/blogdofarnesio.com.br\/?p=134565#primaryimage"},"thumbnailUrl":"http:\/\/www.bahianoticias.com.br\/fotos\/holofote_noticias\/42214\/xIMAGEM_NOTICIA_5.jpg.pagespeed.ic.9XVSGHjBgI.jpg","datePublished":"2015-12-14T18:40:16+00:00","breadcrumb":{"@id":"https:\/\/blogdofarnesio.com.br\/?p=134565#breadcrumb"},"inLanguage":"pt-BR","potentialAction":[{"@type":"ReadAction","target":["https:\/\/blogdofarnesio.com.br\/?p=134565"]}]},{"@type":"ImageObject","inLanguage":"pt-BR","@id":"https:\/\/blogdofarnesio.com.br\/?p=134565#primaryimage","url":"http:\/\/www.bahianoticias.com.br\/fotos\/holofote_noticias\/42214\/xIMAGEM_NOTICIA_5.jpg.pagespeed.ic.9XVSGHjBgI.jpg","contentUrl":"http:\/\/www.bahianoticias.com.br\/fotos\/holofote_noticias\/42214\/xIMAGEM_NOTICIA_5.jpg.pagespeed.ic.9XVSGHjBgI.jpg"},{"@type":"BreadcrumbList","@id":"https:\/\/blogdofarnesio.com.br\/?p=134565#breadcrumb","itemListElement":[{"@type":"ListItem","position":1,"name":"In\u00edcio","item":"https:\/\/blogdofarnesio.com.br\/"},{"@type":"ListItem","position":2,"name":"ANA MARIA BRAGA REVELOU AO VIVO ESTA MANH\u00c3, QUE EST\u00c1 COM UM NOVO C\u00c2NCER"}]},{"@type":"WebSite","@id":"https:\/\/blogdofarnesio.com.br\/#website","url":"https:\/\/blogdofarnesio.com.br\/","name":"Blog do Farn\u00e9sio","description":"Quer Saber Pol\u00edtica?","publisher":{"@id":"https:\/\/blogdofarnesio.com.br\/#organization"},"potentialAction":[{"@type":"SearchAction","target":{"@type":"EntryPoint","urlTemplate":"https:\/\/blogdofarnesio.com.br\/?s={search_term_string}"},"query-input":{"@type":"PropertyValueSpecification","valueRequired":true,"valueName":"search_term_string"}}],"inLanguage":"pt-BR"},{"@type":"Organization","@id":"https:\/\/blogdofarnesio.com.br\/#organization","name":"Blog do Farn\u00e9sio","url":"https:\/\/blogdofarnesio.com.br\/","logo":{"@type":"ImageObject","inLanguage":"pt-BR","@id":"https:\/\/blogdofarnesio.com.br\/#\/schema\/logo\/image\/","url":"https:\/\/blogdofarnesio.com.br\/wp-content\/uploads\/2026\/03\/cropped-logo_new-1.png","contentUrl":"https:\/\/blogdofarnesio.com.br\/wp-content\/uploads\/2026\/03\/cropped-logo_new-1.png","width":881,"height":685,"caption":"Blog do Farn\u00e9sio"},"image":{"@id":"https:\/\/blogdofarnesio.com.br\/#\/schema\/logo\/image\/"},"sameAs":["https:\/\/www.facebook.com\/BlogQuerSaberPolitica\/"]},{"@type":"Person","@id":"https:\/\/blogdofarnesio.com.br\/#\/schema\/person\/dd1bf5eba40b687199ba45ca6b97dff9","name":"teste","image":{"@type":"ImageObject","inLanguage":"pt-BR","@id":"https:\/\/secure.gravatar.com\/avatar\/2172498d4914b51e1d89a0f97957b035ac4938723a5cac208135d389b6972a6d?s=96&d=mm&r=g","url":"https:\/\/secure.gravatar.com\/avatar\/2172498d4914b51e1d89a0f97957b035ac4938723a5cac208135d389b6972a6d?s=96&d=mm&r=g","contentUrl":"https:\/\/secure.gravatar.com\/avatar\/2172498d4914b51e1d89a0f97957b035ac4938723a5cac208135d389b6972a6d?s=96&d=mm&r=g","caption":"teste"},"url":"https:\/\/blogdofarnesio.com.br\/?author=3"}]}},"_links":{"self":[{"href":"https:\/\/blogdofarnesio.com.br\/index.php?rest_route=\/wp\/v2\/posts\/134565","targetHints":{"allow":["GET"]}}],"collection":[{"href":"https:\/\/blogdofarnesio.com.br\/index.php?rest_route=\/wp\/v2\/posts"}],"about":[{"href":"https:\/\/blogdofarnesio.com.br\/index.php?rest_route=\/wp\/v2\/types\/post"}],"author":[{"embeddable":true,"href":"https:\/\/blogdofarnesio.com.br\/index.php?rest_route=\/wp\/v2\/users\/3"}],"replies":[{"embeddable":true,"href":"https:\/\/blogdofarnesio.com.br\/index.php?rest_route=%2Fwp%2Fv2%2Fcomments&post=134565"}],"version-history":[{"count":0,"href":"https:\/\/blogdofarnesio.com.br\/index.php?rest_route=\/wp\/v2\/posts\/134565\/revisions"}],"wp:attachment":[{"href":"https:\/\/blogdofarnesio.com.br\/index.php?rest_route=%2Fwp%2Fv2%2Fmedia&parent=134565"}],"wp:term":[{"taxonomy":"category","embeddable":true,"href":"https:\/\/blogdofarnesio.com.br\/index.php?rest_route=%2Fwp%2Fv2%2Fcategories&post=134565"},{"taxonomy":"post_tag","embeddable":true,"href":"https:\/\/blogdofarnesio.com.br\/index.php?rest_route=%2Fwp%2Fv2%2Ftags&post=134565"}],"curies":[{"name":"wp","href":"https:\/\/api.w.org\/{rel}","templated":true}]}}