{"id":134533,"date":"2015-12-14T14:40:55","date_gmt":"2015-12-14T17:40:55","guid":{"rendered":"http:\/\/www.quersaberpolitica.com.br\/?p=134533"},"modified":"2015-12-14T10:41:03","modified_gmt":"2015-12-14T13:41:03","slug":"petrolina-ganha-seu-12o-telecentro-de-inclusao-digital","status":"publish","type":"post","link":"https:\/\/blogdofarnesio.com.br\/?p=134533","title":{"rendered":"PETROLINA GANHA SEU 12\u00ba TELECENTRO DE INCLUS\u00c3O DIGITAL"},"content":{"rendered":"<p style=\"text-align: justify\"><a href=\"http:\/\/www.quersaberpolitica.com.br\/2016\/wp-content\/uploads\/2015\/12\/blogqsp-inaugura\u00e7\u00e3o-2\u00ba-Telecentro-\u2013Inclus\u00e3o-Digital.jpg\"><img loading=\"lazy\" decoding=\"async\" class=\" wp-image-134534 aligncenter\" src=\"http:\/\/www.quersaberpolitica.com.br\/2016\/wp-content\/uploads\/2015\/12\/blogqsp-inaugura\u00e7\u00e3o-2\u00ba-Telecentro-\u2013Inclus\u00e3o-Digital-300x169.jpg\" alt=\"blogqsp-inaugura\u00e7\u00e3o-2\u00ba  Telecentro \u2013Inclus\u00e3o Digital\" width=\"400\" height=\"225\" srcset=\"https:\/\/blogdofarnesio.com.br\/wp-content\/uploads\/2015\/12\/blogqsp-inaugura\u00e7\u00e3o-2\u00ba-Telecentro-\u2013Inclus\u00e3o-Digital-300x169.jpg 300w, https:\/\/blogdofarnesio.com.br\/wp-content\/uploads\/2015\/12\/blogqsp-inaugura\u00e7\u00e3o-2\u00ba-Telecentro-\u2013Inclus\u00e3o-Digital.jpg 448w\" sizes=\"auto, (max-width: 400px) 100vw, 400px\" \/><\/a><\/p>\n<p style=\"text-align: justify\">Com muita alegria,a prefeitura de Petrolina, atrav\u00e9s da Secretaria de Cidadania e secretaria executiva de Juventude e Qualifica\u00e7\u00e3o Profissional,inaugurou o 12\u00ba \u00a0Telecentro \u2013Inclus\u00e3o Digital, no domingo (13), nas depend\u00eancias da \u00a0Igreja Batista Mission\u00e1ria Central, no bairro palhinhas.<\/p>\n<p>\u201cPoder estar promovendo pol\u00edticas p\u00fablicas para a popula\u00e7\u00e3o, tem sido a marca desse governo que saiu das quatro paredes, \u00a0e faz parcerias certeiras com entidades s\u00e9rias que entendem bem o que a popula\u00e7\u00e3o necessita. Esperamos que a entrega de mais um equipamento como esse possa contribuir no crescimento e inclus\u00e3o da comunidade Batista no processo de globaliza\u00e7\u00e3o e acesso \u00e0 rede mundial de computadores \u201d, disse o Prefeito Julio Lossio .<\/p>\n<p style=\"text-align: justify\"><!--more--><\/p>\n<p>Cada Telecentro \u00e9 composto de 10 computadores, 01 Servidor, 01 Lousa Interativa, 01 Impressora a Laser, 01 TV LCD 42\u00a8, 01 Data Show, 02 Ar condicionados, 10 estabilizadores, 01 Nobreak, 01 Switch, 11 cadeiras, 11 mesas, 01 Quadro Branco, Arm\u00e1rio MDF, Rack Multidivis\u00e3o pra TV. Essa \u00e9 mais \u00a0uma a\u00e7\u00e3o adquirida atrav\u00e9s da Usina de Projetos do Munic\u00edpio de Petrolina conveniada junto ao Governo Federal financiada pelo Minist\u00e9rio de Ci\u00eancia e Tecnologia que visa \u00e0 implanta\u00e7\u00e3o de 13 Centros de Inclus\u00e3o Digital.<\/p>\n<p>Para a secret\u00e1ria , C\u00e9lia \u00a0Regina Trazer um telecentro para dentro de uma institui\u00e7\u00e3o como a Igreja Batista Mission\u00e1ria, \u00e9 uma realiza\u00e7\u00e3o enquanto gest\u00e3o. &#8221; As igrejas evang\u00e9licas ,tem sido grandes parceiras em fornecer seus espa\u00e7os para implanta\u00e7\u00e3o \u00a0dos Centros de Inclus\u00e3o Digital. Eu fiquei tocada com a palavra ministrada pelo Pastor, e entendi que temos que fazer muito mais , enquanto Secretaria. Para n\u00f3s \u00e9 uma realiza\u00e7\u00e3o ,enquanto Gest\u00e3o. A orienta\u00e7\u00e3o do Prefeito Julio Lossio, \u00e9 para que olhemos com carinho \u00a0para institui\u00e7\u00f5es que tem \u00a0um trabalho positivo na nossa cidade&#8221;, disse a secret\u00e1ria.<\/p>\n<p>De acordo com Robson Rocha, Secret\u00e1rio de Juventude e Qualifica\u00e7\u00e3o Profissional, o dinheiro do convenio \u00a0que veio para implantar 11 \u00a0Telecentros ,foi \u00a0na ordem de 615.984,54, no entanto , o dinheiro rendeu e deu para implantar mais dois, restando apenas um \u00a0que ser\u00e1 \u00a0inaugurado nos pr\u00f3ximos dias ,visando contribuir qualitativamente no desempenho profissional dos Adolescentes e Jovens. A prefeitura fecha esse ciclo de entregas de Telecentro \u2013 Inclus\u00e3o Digital, dando para a popula\u00e7\u00e3o 13 equipamentos de alta qualidade.<\/p>\n<p><em>Cauby Fernandes<\/em><\/p>\n","protected":false},"excerpt":{"rendered":"<p>Com muita alegria,a prefeitura de Petrolina, atrav\u00e9s da Secretaria de Cidadania e secretaria executiva de Juventude e Qualifica\u00e7\u00e3o Profissional,inaugurou o 12\u00ba \u00a0Telecentro \u2013Inclus\u00e3o Digital, no domingo (13), nas depend\u00eancias da \u00a0Igreja Batista Mission\u00e1ria Central, no bairro palhinhas. \u201cPoder estar promovendo pol\u00edticas p\u00fablicas para a popula\u00e7\u00e3o, tem sido a marca desse governo que saiu das quatro paredes, \u00a0e faz parcerias certeiras com entidades s\u00e9rias que entendem bem o que a popula\u00e7\u00e3o necessita. Esperamos que a entrega de mais um equipamento como esse possa contribuir no crescimento e inclus\u00e3o da comunidade Batista no processo de globaliza\u00e7\u00e3o e acesso \u00e0 rede mundial de computadores \u201d, disse o Prefeito Julio Lossio .<\/p>\n","protected":false},"author":7,"featured_media":0,"comment_status":"open","ping_status":"open","sticky":false,"template":"","format":"standard","meta":{"_acf_changed":false,"footnotes":""},"categories":[44],"tags":[],"class_list":["post-134533","post","type-post","status-publish","format-standard","hentry","category-administracao"],"acf":[],"yoast_head":"<!-- This site is optimized with the Yoast SEO plugin v27.4 - https:\/\/yoast.com\/product\/yoast-seo-wordpress\/ -->\n<title>PETROLINA GANHA SEU 12\u00ba TELECENTRO DE INCLUS\u00c3O DIGITAL - Blog do Farn\u00e9sio<\/title>\n<meta name=\"robots\" content=\"index, follow, max-snippet:-1, max-image-preview:large, max-video-preview:-1\" \/>\n<link rel=\"canonical\" href=\"https:\/\/blogdofarnesio.com.br\/?p=134533\" \/>\n<meta property=\"og:locale\" content=\"pt_BR\" \/>\n<meta property=\"og:type\" content=\"article\" \/>\n<meta property=\"og:title\" content=\"PETROLINA GANHA SEU 12\u00ba TELECENTRO DE INCLUS\u00c3O DIGITAL - Blog do Farn\u00e9sio\" \/>\n<meta property=\"og:description\" content=\"Com muita alegria,a prefeitura de Petrolina, atrav\u00e9s da Secretaria de Cidadania e secretaria executiva de Juventude e Qualifica\u00e7\u00e3o Profissional,inaugurou o 12\u00ba \u00a0Telecentro \u2013Inclus\u00e3o Digital, no domingo (13), nas depend\u00eancias da \u00a0Igreja Batista Mission\u00e1ria Central, no bairro palhinhas. \u201cPoder estar promovendo pol\u00edticas p\u00fablicas para a popula\u00e7\u00e3o, tem sido a marca desse governo que saiu das quatro paredes, \u00a0e faz parcerias certeiras com entidades s\u00e9rias que entendem bem o que a popula\u00e7\u00e3o necessita. Esperamos que a entrega de mais um equipamento como esse possa contribuir no crescimento e inclus\u00e3o da comunidade Batista no processo de globaliza\u00e7\u00e3o e acesso \u00e0 rede mundial de computadores \u201d, disse o Prefeito Julio Lossio .\" \/>\n<meta property=\"og:url\" content=\"https:\/\/blogdofarnesio.com.br\/?p=134533\" \/>\n<meta property=\"og:site_name\" content=\"Blog do Farn\u00e9sio\" \/>\n<meta property=\"article:publisher\" content=\"https:\/\/www.facebook.com\/BlogQuerSaberPolitica\/\" \/>\n<meta property=\"article:published_time\" content=\"2015-12-14T17:40:55+00:00\" \/>\n<meta name=\"twitter:card\" content=\"summary_large_image\" \/>\n<meta name=\"twitter:label1\" content=\"Escrito por\" \/>\n\t<meta name=\"twitter:data1\" content=\"\" \/>\n\t<meta name=\"twitter:label2\" content=\"Est. tempo de leitura\" \/>\n\t<meta name=\"twitter:data2\" content=\"2 minutos\" \/>\n<script type=\"application\/ld+json\" class=\"yoast-schema-graph\">{\"@context\":\"https:\\\/\\\/schema.org\",\"@graph\":[{\"@type\":\"Article\",\"@id\":\"https:\\\/\\\/blogdofarnesio.com.br\\\/?p=134533#article\",\"isPartOf\":{\"@id\":\"https:\\\/\\\/blogdofarnesio.com.br\\\/?p=134533\"},\"author\":{\"name\":\"\",\"@id\":\"\"},\"headline\":\"PETROLINA GANHA SEU 12\u00ba TELECENTRO DE INCLUS\u00c3O DIGITAL\",\"datePublished\":\"2015-12-14T17:40:55+00:00\",\"mainEntityOfPage\":{\"@id\":\"https:\\\/\\\/blogdofarnesio.com.br\\\/?p=134533\"},\"wordCount\":383,\"commentCount\":0,\"publisher\":{\"@id\":\"https:\\\/\\\/blogdofarnesio.com.br\\\/#organization\"},\"articleSection\":[\"Administra\u00e7\u00e3o\"],\"inLanguage\":\"pt-BR\",\"potentialAction\":[{\"@type\":\"CommentAction\",\"name\":\"Comment\",\"target\":[\"https:\\\/\\\/blogdofarnesio.com.br\\\/?p=134533#respond\"]}]},{\"@type\":\"WebPage\",\"@id\":\"https:\\\/\\\/blogdofarnesio.com.br\\\/?p=134533\",\"url\":\"https:\\\/\\\/blogdofarnesio.com.br\\\/?p=134533\",\"name\":\"PETROLINA GANHA SEU 12\u00ba TELECENTRO DE INCLUS\u00c3O DIGITAL - Blog do Farn\u00e9sio\",\"isPartOf\":{\"@id\":\"https:\\\/\\\/blogdofarnesio.com.br\\\/#website\"},\"datePublished\":\"2015-12-14T17:40:55+00:00\",\"breadcrumb\":{\"@id\":\"https:\\\/\\\/blogdofarnesio.com.br\\\/?p=134533#breadcrumb\"},\"inLanguage\":\"pt-BR\",\"potentialAction\":[{\"@type\":\"ReadAction\",\"target\":[\"https:\\\/\\\/blogdofarnesio.com.br\\\/?p=134533\"]}]},{\"@type\":\"BreadcrumbList\",\"@id\":\"https:\\\/\\\/blogdofarnesio.com.br\\\/?p=134533#breadcrumb\",\"itemListElement\":[{\"@type\":\"ListItem\",\"position\":1,\"name\":\"In\u00edcio\",\"item\":\"https:\\\/\\\/blogdofarnesio.com.br\\\/\"},{\"@type\":\"ListItem\",\"position\":2,\"name\":\"PETROLINA GANHA SEU 12\u00ba TELECENTRO DE INCLUS\u00c3O DIGITAL\"}]},{\"@type\":\"WebSite\",\"@id\":\"https:\\\/\\\/blogdofarnesio.com.br\\\/#website\",\"url\":\"https:\\\/\\\/blogdofarnesio.com.br\\\/\",\"name\":\"Blog do Farn\u00e9sio\",\"description\":\"Quer Saber Pol\u00edtica?\",\"publisher\":{\"@id\":\"https:\\\/\\\/blogdofarnesio.com.br\\\/#organization\"},\"potentialAction\":[{\"@type\":\"SearchAction\",\"target\":{\"@type\":\"EntryPoint\",\"urlTemplate\":\"https:\\\/\\\/blogdofarnesio.com.br\\\/?s={search_term_string}\"},\"query-input\":{\"@type\":\"PropertyValueSpecification\",\"valueRequired\":true,\"valueName\":\"search_term_string\"}}],\"inLanguage\":\"pt-BR\"},{\"@type\":\"Organization\",\"@id\":\"https:\\\/\\\/blogdofarnesio.com.br\\\/#organization\",\"name\":\"Blog do Farn\u00e9sio\",\"url\":\"https:\\\/\\\/blogdofarnesio.com.br\\\/\",\"logo\":{\"@type\":\"ImageObject\",\"inLanguage\":\"pt-BR\",\"@id\":\"https:\\\/\\\/blogdofarnesio.com.br\\\/#\\\/schema\\\/logo\\\/image\\\/\",\"url\":\"https:\\\/\\\/blogdofarnesio.com.br\\\/wp-content\\\/uploads\\\/2026\\\/03\\\/cropped-logo_new-1.png\",\"contentUrl\":\"https:\\\/\\\/blogdofarnesio.com.br\\\/wp-content\\\/uploads\\\/2026\\\/03\\\/cropped-logo_new-1.png\",\"width\":881,\"height\":685,\"caption\":\"Blog do Farn\u00e9sio\"},\"image\":{\"@id\":\"https:\\\/\\\/blogdofarnesio.com.br\\\/#\\\/schema\\\/logo\\\/image\\\/\"},\"sameAs\":[\"https:\\\/\\\/www.facebook.com\\\/BlogQuerSaberPolitica\\\/\"]},{\"@type\":\"Person\",\"@id\":\"\",\"url\":\"https:\\\/\\\/blogdofarnesio.com.br\\\/?author=7\"}]}<\/script>\n<!-- \/ Yoast SEO plugin. -->","yoast_head_json":{"title":"PETROLINA GANHA SEU 12\u00ba TELECENTRO DE INCLUS\u00c3O DIGITAL - Blog do Farn\u00e9sio","robots":{"index":"index","follow":"follow","max-snippet":"max-snippet:-1","max-image-preview":"max-image-preview:large","max-video-preview":"max-video-preview:-1"},"canonical":"https:\/\/blogdofarnesio.com.br\/?p=134533","og_locale":"pt_BR","og_type":"article","og_title":"PETROLINA GANHA SEU 12\u00ba TELECENTRO DE INCLUS\u00c3O DIGITAL - Blog do Farn\u00e9sio","og_description":"Com muita alegria,a prefeitura de Petrolina, atrav\u00e9s da Secretaria de Cidadania e secretaria executiva de Juventude e Qualifica\u00e7\u00e3o Profissional,inaugurou o 12\u00ba \u00a0Telecentro \u2013Inclus\u00e3o Digital, no domingo (13), nas depend\u00eancias da \u00a0Igreja Batista Mission\u00e1ria Central, no bairro palhinhas. \u201cPoder estar promovendo pol\u00edticas p\u00fablicas para a popula\u00e7\u00e3o, tem sido a marca desse governo que saiu das quatro paredes, \u00a0e faz parcerias certeiras com entidades s\u00e9rias que entendem bem o que a popula\u00e7\u00e3o necessita. Esperamos que a entrega de mais um equipamento como esse possa contribuir no crescimento e inclus\u00e3o da comunidade Batista no processo de globaliza\u00e7\u00e3o e acesso \u00e0 rede mundial de computadores \u201d, disse o Prefeito Julio Lossio .","og_url":"https:\/\/blogdofarnesio.com.br\/?p=134533","og_site_name":"Blog do Farn\u00e9sio","article_publisher":"https:\/\/www.facebook.com\/BlogQuerSaberPolitica\/","article_published_time":"2015-12-14T17:40:55+00:00","twitter_card":"summary_large_image","twitter_misc":{"Escrito por":"","Est. tempo de leitura":"2 minutos"},"schema":{"@context":"https:\/\/schema.org","@graph":[{"@type":"Article","@id":"https:\/\/blogdofarnesio.com.br\/?p=134533#article","isPartOf":{"@id":"https:\/\/blogdofarnesio.com.br\/?p=134533"},"author":{"name":"","@id":""},"headline":"PETROLINA GANHA SEU 12\u00ba TELECENTRO DE INCLUS\u00c3O DIGITAL","datePublished":"2015-12-14T17:40:55+00:00","mainEntityOfPage":{"@id":"https:\/\/blogdofarnesio.com.br\/?p=134533"},"wordCount":383,"commentCount":0,"publisher":{"@id":"https:\/\/blogdofarnesio.com.br\/#organization"},"articleSection":["Administra\u00e7\u00e3o"],"inLanguage":"pt-BR","potentialAction":[{"@type":"CommentAction","name":"Comment","target":["https:\/\/blogdofarnesio.com.br\/?p=134533#respond"]}]},{"@type":"WebPage","@id":"https:\/\/blogdofarnesio.com.br\/?p=134533","url":"https:\/\/blogdofarnesio.com.br\/?p=134533","name":"PETROLINA GANHA SEU 12\u00ba TELECENTRO DE INCLUS\u00c3O DIGITAL - Blog do Farn\u00e9sio","isPartOf":{"@id":"https:\/\/blogdofarnesio.com.br\/#website"},"datePublished":"2015-12-14T17:40:55+00:00","breadcrumb":{"@id":"https:\/\/blogdofarnesio.com.br\/?p=134533#breadcrumb"},"inLanguage":"pt-BR","potentialAction":[{"@type":"ReadAction","target":["https:\/\/blogdofarnesio.com.br\/?p=134533"]}]},{"@type":"BreadcrumbList","@id":"https:\/\/blogdofarnesio.com.br\/?p=134533#breadcrumb","itemListElement":[{"@type":"ListItem","position":1,"name":"In\u00edcio","item":"https:\/\/blogdofarnesio.com.br\/"},{"@type":"ListItem","position":2,"name":"PETROLINA GANHA SEU 12\u00ba TELECENTRO DE INCLUS\u00c3O DIGITAL"}]},{"@type":"WebSite","@id":"https:\/\/blogdofarnesio.com.br\/#website","url":"https:\/\/blogdofarnesio.com.br\/","name":"Blog do Farn\u00e9sio","description":"Quer Saber Pol\u00edtica?","publisher":{"@id":"https:\/\/blogdofarnesio.com.br\/#organization"},"potentialAction":[{"@type":"SearchAction","target":{"@type":"EntryPoint","urlTemplate":"https:\/\/blogdofarnesio.com.br\/?s={search_term_string}"},"query-input":{"@type":"PropertyValueSpecification","valueRequired":true,"valueName":"search_term_string"}}],"inLanguage":"pt-BR"},{"@type":"Organization","@id":"https:\/\/blogdofarnesio.com.br\/#organization","name":"Blog do Farn\u00e9sio","url":"https:\/\/blogdofarnesio.com.br\/","logo":{"@type":"ImageObject","inLanguage":"pt-BR","@id":"https:\/\/blogdofarnesio.com.br\/#\/schema\/logo\/image\/","url":"https:\/\/blogdofarnesio.com.br\/wp-content\/uploads\/2026\/03\/cropped-logo_new-1.png","contentUrl":"https:\/\/blogdofarnesio.com.br\/wp-content\/uploads\/2026\/03\/cropped-logo_new-1.png","width":881,"height":685,"caption":"Blog do Farn\u00e9sio"},"image":{"@id":"https:\/\/blogdofarnesio.com.br\/#\/schema\/logo\/image\/"},"sameAs":["https:\/\/www.facebook.com\/BlogQuerSaberPolitica\/"]},{"@type":"Person","@id":"","url":"https:\/\/blogdofarnesio.com.br\/?author=7"}]}},"_links":{"self":[{"href":"https:\/\/blogdofarnesio.com.br\/index.php?rest_route=\/wp\/v2\/posts\/134533","targetHints":{"allow":["GET"]}}],"collection":[{"href":"https:\/\/blogdofarnesio.com.br\/index.php?rest_route=\/wp\/v2\/posts"}],"about":[{"href":"https:\/\/blogdofarnesio.com.br\/index.php?rest_route=\/wp\/v2\/types\/post"}],"author":[{"embeddable":true,"href":"https:\/\/blogdofarnesio.com.br\/index.php?rest_route=\/wp\/v2\/users\/7"}],"replies":[{"embeddable":true,"href":"https:\/\/blogdofarnesio.com.br\/index.php?rest_route=%2Fwp%2Fv2%2Fcomments&post=134533"}],"version-history":[{"count":0,"href":"https:\/\/blogdofarnesio.com.br\/index.php?rest_route=\/wp\/v2\/posts\/134533\/revisions"}],"wp:attachment":[{"href":"https:\/\/blogdofarnesio.com.br\/index.php?rest_route=%2Fwp%2Fv2%2Fmedia&parent=134533"}],"wp:term":[{"taxonomy":"category","embeddable":true,"href":"https:\/\/blogdofarnesio.com.br\/index.php?rest_route=%2Fwp%2Fv2%2Fcategories&post=134533"},{"taxonomy":"post_tag","embeddable":true,"href":"https:\/\/blogdofarnesio.com.br\/index.php?rest_route=%2Fwp%2Fv2%2Ftags&post=134533"}],"curies":[{"name":"wp","href":"https:\/\/api.w.org\/{rel}","templated":true}]}}