{"id":134268,"date":"2015-12-09T07:21:20","date_gmt":"2015-12-09T10:21:20","guid":{"rendered":"http:\/\/www.quersaberpolitica.com.br\/?p=134268"},"modified":"2015-12-08T19:36:11","modified_gmt":"2015-12-08T22:36:11","slug":"134268","status":"publish","type":"post","link":"https:\/\/blogdofarnesio.com.br\/?p=134268","title":{"rendered":"CHUVAS DESCARTAM A PRINC\u00cdPIO USO DO VOLUME MORTO DE SOBRADINHO: \u00c9 UMA ESPERAN\u00c7A"},"content":{"rendered":"<figure id=\"attachment_113922\" aria-describedby=\"caption-attachment-113922\" style=\"width: 425px\" class=\"wp-caption aligncenter\"><a href=\"http:\/\/www.quersaberpolitica.com.br\/2016\/wp-content\/uploads\/2015\/01\/blogqspbarragemsobradinho-foto-Farn\u00e9sio-Silva0201.jpg\"><img loading=\"lazy\" decoding=\"async\" class=\" wp-image-113922\" src=\"http:\/\/www.quersaberpolitica.com.br\/2016\/wp-content\/uploads\/2015\/01\/blogqspbarragemsobradinho-foto-Farn\u00e9sio-Silva0201.jpg\" alt=\"Barragem de Sobradinho   Foto Farn\u00e9sio Silva\" width=\"425\" height=\"239\" srcset=\"https:\/\/blogdofarnesio.com.br\/wp-content\/uploads\/2015\/01\/blogqspbarragemsobradinho-foto-Farn\u00e9sio-Silva0201.jpg 640w, https:\/\/blogdofarnesio.com.br\/wp-content\/uploads\/2015\/01\/blogqspbarragemsobradinho-foto-Farn\u00e9sio-Silva0201-300x168.jpg 300w, https:\/\/blogdofarnesio.com.br\/wp-content\/uploads\/2015\/01\/blogqspbarragemsobradinho-foto-Farn\u00e9sio-Silva0201-500x281.jpg 500w\" sizes=\"auto, (max-width: 425px) 100vw, 425px\" \/><\/a><figcaption id=\"caption-attachment-113922\" class=\"wp-caption-text\">Barragem de Sobradinho \u00a0 \u00a0 \u00a0 Foto Farn\u00e9sio Silva<\/figcaption><\/figure>\n<p style=\"text-align: justify\">Sob a pior seca na Bahia das \u00faltimas oito d\u00e9cadas, o reservat\u00f3rio de Sobradinho, no norte do estado, estabilizou o volume \u00fatil em 1%,\u00a0<span style=\"color: #000000\"><a style=\"color: #000000\" href=\"http:\/\/g1.globo.com\/bahia\/noticia\/2015\/11\/pior-seca-em-8-decadas-fara-volume-util-de-sobradinho-zerar-preve-chesf.html\">contrariando a previs\u00e3o pessimista de que chegaria ao \u201cvolume morto\u201d em dezembro deste ano<\/a><\/span>. \u201cN\u00e3o garante estabilidade, mas ficamos mais distante da reserva t\u00e9cnica\u201d, considerou o diretor de opera\u00e7\u00e3o da Companhia Hidro El\u00e9trica do S\u00e3o Francisco (Chesf), Jos\u00e9 Ailton de Lima.<\/p>\n<p style=\"text-align: justify\">Apesar do resultado inesperado, o n\u00edvel de \u00e1gua \u00e9 o pior da hist\u00f3ria. Antes de 2015, o menor n\u00edvel registrado foi de 5,3%, percentual identificado em 2001.<\/p>\n<p style=\"text-align: justify\">Lima detalha que o \u201cvolume morto\u201d n\u00e3o foi atingido, conforme previa a pr\u00f3pria Chesf, por conta das chuvas que ca\u00edram na Bacia do Rio S\u00e3o Francisco nos \u00faltimos dias. \u201cV\u00ednhamos torcendo para que isso acontecesse. Essas chuvas ca\u00edram entre Tr\u00eas Marias (MG) e <span style=\"color: #000000\"><a style=\"color: #000000\" href=\"http:\/\/g1.globo.com\/ba\/bahia\/cidade\/sobradinho-ba.html\">Sobradinho<\/a>.<\/span> Com isso, o volume morto, que se aproximava, deu uma estabelecida\u201d, informou.<\/p>\n<p style=\"text-align: justify\">Ainda em alerta, Lima conta que a regi\u00e3o que envolve o reservat\u00f3rio est\u00e1 no per\u00edodo de chuva, que deve durar at\u00e9 maio de 2016. \u201cParece que o clima \u00famido pegou agora. Normalmente, sempre temos \u00e1gua nova entrando nessa \u00e9poca. Estamos na expectativa de que assim continue\u201d, revela.<\/p>\n<p style=\"text-align: justify\"><strong>Entenda o\u00a0que \u00e9 o &#8220;volume morto&#8221;<\/strong><\/p>\n<p style=\"text-align: justify\">O reservat\u00f3rio de Sobradinho tem 34 bilh\u00f5es de metros c\u00fabicos de \u00e1gua. Deste total, 28 bilh\u00f5es integram o volume \u00fatil, que \u00e9 usado na produ\u00e7\u00e3o de energia, no abastecimento das fam\u00edlias e na manuten\u00e7\u00e3o das atividades de irriga\u00e7\u00e3o e pecu\u00e1ria. Os demais seis bilh\u00f5es fazem parte do chamado \u201cvolume morto\u201d, que \u00e9 uma reserva t\u00e9cnica programada para ser usada apenas em momentos de emerg\u00eancia.<\/p>\n<p style=\"text-align: justify\">Com o in\u00edcio do per\u00edodo \u00famido, o reservat\u00f3rio de Sobradinho j\u00e1 est\u00e1 recebendo mais \u00e1gua do que distribuindo. Na \u00faltima medi\u00e7\u00e3o, feita no domingo (6), Lima descreve que a vaz\u00e3o afluente [que chega] era de 1.100 metros c\u00fabicos por segundo (m\u00b3\/s). J\u00e1 a vaz\u00e3o defluente [de sa\u00edda],\u00a0 que \u00e9 fixa, \u00e9 de 900 m\u00b3\/s.<\/p>\n<p style=\"text-align: justify\">Conforme Silvana Leite Nunes, secret\u00e1ria do Comit\u00ea de Bacia do Lago de Sobradinho, as chuvas t\u00eam sido identificadas em alguns munic\u00edpios vizinhos, como Pil\u00e3o Arcado, Barra e Remanso, que tamb\u00e9m s\u00e3o banhados pelas \u00e1guas do Rio S\u00e3o Francisco. \u201cEm Barra, j\u00e1 soube que o rio subiu dois metros\u201d, afirmou.<\/p>\n","protected":false},"excerpt":{"rendered":"<p>Sob a pior seca na Bahia das \u00faltimas oito d\u00e9cadas, o reservat\u00f3rio de Sobradinho, no norte do estado, estabilizou o volume \u00fatil em 1%,\u00a0contrariando a previs\u00e3o pessimista de que chegaria ao \u201cvolume morto\u201d em dezembro deste ano. \u201cN\u00e3o garante estabilidade, mas ficamos mais distante da reserva t\u00e9cnica\u201d, considerou o diretor de opera\u00e7\u00e3o da Companhia Hidro El\u00e9trica do S\u00e3o Francisco (Chesf), Jos\u00e9 Ailton de Lima. Apesar do resultado inesperado, o n\u00edvel de \u00e1gua \u00e9 o pior da hist\u00f3ria. Antes de 2015, o menor n\u00edvel registrado foi de 5,3%, percentual identificado em 2001. Lima detalha que o \u201cvolume morto\u201d n\u00e3o foi atingido, conforme previa a pr\u00f3pria Chesf, por conta das chuvas que ca\u00edram na Bacia do Rio S\u00e3o Francisco nos \u00faltimos dias.&hellip; <\/p>\n","protected":false},"author":3,"featured_media":0,"comment_status":"open","ping_status":"open","sticky":false,"template":"","format":"standard","meta":{"_acf_changed":false,"footnotes":""},"categories":[29],"tags":[],"class_list":["post-134268","post","type-post","status-publish","format-standard","hentry","category-meio-ambiente"],"acf":[],"yoast_head":"<!-- This site is optimized with the Yoast SEO plugin v27.4 - https:\/\/yoast.com\/product\/yoast-seo-wordpress\/ -->\n<title>CHUVAS DESCARTAM A PRINC\u00cdPIO USO DO VOLUME MORTO DE SOBRADINHO: \u00c9 UMA ESPERAN\u00c7A - Blog do Farn\u00e9sio<\/title>\n<meta name=\"robots\" content=\"index, follow, max-snippet:-1, max-image-preview:large, max-video-preview:-1\" \/>\n<link rel=\"canonical\" href=\"https:\/\/blogdofarnesio.com.br\/?p=134268\" \/>\n<meta property=\"og:locale\" content=\"pt_BR\" \/>\n<meta property=\"og:type\" content=\"article\" \/>\n<meta property=\"og:title\" content=\"CHUVAS DESCARTAM A PRINC\u00cdPIO USO DO VOLUME MORTO DE SOBRADINHO: \u00c9 UMA ESPERAN\u00c7A - Blog do Farn\u00e9sio\" \/>\n<meta property=\"og:description\" content=\"Sob a pior seca na Bahia das \u00faltimas oito d\u00e9cadas, o reservat\u00f3rio de Sobradinho, no norte do estado, estabilizou o volume \u00fatil em 1%,\u00a0contrariando a previs\u00e3o pessimista de que chegaria ao \u201cvolume morto\u201d em dezembro deste ano. \u201cN\u00e3o garante estabilidade, mas ficamos mais distante da reserva t\u00e9cnica\u201d, considerou o diretor de opera\u00e7\u00e3o da Companhia Hidro El\u00e9trica do S\u00e3o Francisco (Chesf), Jos\u00e9 Ailton de Lima. Apesar do resultado inesperado, o n\u00edvel de \u00e1gua \u00e9 o pior da hist\u00f3ria. Antes de 2015, o menor n\u00edvel registrado foi de 5,3%, percentual identificado em 2001. Lima detalha que o \u201cvolume morto\u201d n\u00e3o foi atingido, conforme previa a pr\u00f3pria Chesf, por conta das chuvas que ca\u00edram na Bacia do Rio S\u00e3o Francisco nos \u00faltimos dias.&hellip;\" \/>\n<meta property=\"og:url\" content=\"https:\/\/blogdofarnesio.com.br\/?p=134268\" \/>\n<meta property=\"og:site_name\" content=\"Blog do Farn\u00e9sio\" \/>\n<meta property=\"article:publisher\" content=\"https:\/\/www.facebook.com\/BlogQuerSaberPolitica\/\" \/>\n<meta property=\"article:published_time\" content=\"2015-12-09T10:21:20+00:00\" \/>\n<meta name=\"author\" content=\"teste\" \/>\n<meta name=\"twitter:card\" content=\"summary_large_image\" \/>\n<meta name=\"twitter:label1\" content=\"Escrito por\" \/>\n\t<meta name=\"twitter:data1\" content=\"teste\" \/>\n\t<meta name=\"twitter:label2\" content=\"Est. tempo de leitura\" \/>\n\t<meta name=\"twitter:data2\" content=\"2 minutos\" \/>\n<script type=\"application\/ld+json\" class=\"yoast-schema-graph\">{\"@context\":\"https:\\\/\\\/schema.org\",\"@graph\":[{\"@type\":\"Article\",\"@id\":\"https:\\\/\\\/blogdofarnesio.com.br\\\/?p=134268#article\",\"isPartOf\":{\"@id\":\"https:\\\/\\\/blogdofarnesio.com.br\\\/?p=134268\"},\"author\":{\"name\":\"teste\",\"@id\":\"https:\\\/\\\/blogdofarnesio.com.br\\\/#\\\/schema\\\/person\\\/dd1bf5eba40b687199ba45ca6b97dff9\"},\"headline\":\"CHUVAS DESCARTAM A PRINC\u00cdPIO USO DO VOLUME MORTO DE SOBRADINHO: \u00c9 UMA ESPERAN\u00c7A\",\"datePublished\":\"2015-12-09T10:21:20+00:00\",\"mainEntityOfPage\":{\"@id\":\"https:\\\/\\\/blogdofarnesio.com.br\\\/?p=134268\"},\"wordCount\":431,\"commentCount\":0,\"publisher\":{\"@id\":\"https:\\\/\\\/blogdofarnesio.com.br\\\/#organization\"},\"articleSection\":[\"Meio Ambiente\"],\"inLanguage\":\"pt-BR\",\"potentialAction\":[{\"@type\":\"CommentAction\",\"name\":\"Comment\",\"target\":[\"https:\\\/\\\/blogdofarnesio.com.br\\\/?p=134268#respond\"]}]},{\"@type\":\"WebPage\",\"@id\":\"https:\\\/\\\/blogdofarnesio.com.br\\\/?p=134268\",\"url\":\"https:\\\/\\\/blogdofarnesio.com.br\\\/?p=134268\",\"name\":\"CHUVAS DESCARTAM A PRINC\u00cdPIO USO DO VOLUME MORTO DE SOBRADINHO: \u00c9 UMA ESPERAN\u00c7A - Blog do Farn\u00e9sio\",\"isPartOf\":{\"@id\":\"https:\\\/\\\/blogdofarnesio.com.br\\\/#website\"},\"datePublished\":\"2015-12-09T10:21:20+00:00\",\"breadcrumb\":{\"@id\":\"https:\\\/\\\/blogdofarnesio.com.br\\\/?p=134268#breadcrumb\"},\"inLanguage\":\"pt-BR\",\"potentialAction\":[{\"@type\":\"ReadAction\",\"target\":[\"https:\\\/\\\/blogdofarnesio.com.br\\\/?p=134268\"]}]},{\"@type\":\"BreadcrumbList\",\"@id\":\"https:\\\/\\\/blogdofarnesio.com.br\\\/?p=134268#breadcrumb\",\"itemListElement\":[{\"@type\":\"ListItem\",\"position\":1,\"name\":\"In\u00edcio\",\"item\":\"https:\\\/\\\/blogdofarnesio.com.br\\\/\"},{\"@type\":\"ListItem\",\"position\":2,\"name\":\"CHUVAS DESCARTAM A PRINC\u00cdPIO USO DO VOLUME MORTO DE SOBRADINHO: \u00c9 UMA ESPERAN\u00c7A\"}]},{\"@type\":\"WebSite\",\"@id\":\"https:\\\/\\\/blogdofarnesio.com.br\\\/#website\",\"url\":\"https:\\\/\\\/blogdofarnesio.com.br\\\/\",\"name\":\"Blog do Farn\u00e9sio\",\"description\":\"Quer Saber Pol\u00edtica?\",\"publisher\":{\"@id\":\"https:\\\/\\\/blogdofarnesio.com.br\\\/#organization\"},\"potentialAction\":[{\"@type\":\"SearchAction\",\"target\":{\"@type\":\"EntryPoint\",\"urlTemplate\":\"https:\\\/\\\/blogdofarnesio.com.br\\\/?s={search_term_string}\"},\"query-input\":{\"@type\":\"PropertyValueSpecification\",\"valueRequired\":true,\"valueName\":\"search_term_string\"}}],\"inLanguage\":\"pt-BR\"},{\"@type\":\"Organization\",\"@id\":\"https:\\\/\\\/blogdofarnesio.com.br\\\/#organization\",\"name\":\"Blog do Farn\u00e9sio\",\"url\":\"https:\\\/\\\/blogdofarnesio.com.br\\\/\",\"logo\":{\"@type\":\"ImageObject\",\"inLanguage\":\"pt-BR\",\"@id\":\"https:\\\/\\\/blogdofarnesio.com.br\\\/#\\\/schema\\\/logo\\\/image\\\/\",\"url\":\"https:\\\/\\\/blogdofarnesio.com.br\\\/wp-content\\\/uploads\\\/2026\\\/03\\\/cropped-logo_new-1.png\",\"contentUrl\":\"https:\\\/\\\/blogdofarnesio.com.br\\\/wp-content\\\/uploads\\\/2026\\\/03\\\/cropped-logo_new-1.png\",\"width\":881,\"height\":685,\"caption\":\"Blog do Farn\u00e9sio\"},\"image\":{\"@id\":\"https:\\\/\\\/blogdofarnesio.com.br\\\/#\\\/schema\\\/logo\\\/image\\\/\"},\"sameAs\":[\"https:\\\/\\\/www.facebook.com\\\/BlogQuerSaberPolitica\\\/\"]},{\"@type\":\"Person\",\"@id\":\"https:\\\/\\\/blogdofarnesio.com.br\\\/#\\\/schema\\\/person\\\/dd1bf5eba40b687199ba45ca6b97dff9\",\"name\":\"teste\",\"image\":{\"@type\":\"ImageObject\",\"inLanguage\":\"pt-BR\",\"@id\":\"https:\\\/\\\/secure.gravatar.com\\\/avatar\\\/2172498d4914b51e1d89a0f97957b035ac4938723a5cac208135d389b6972a6d?s=96&d=mm&r=g\",\"url\":\"https:\\\/\\\/secure.gravatar.com\\\/avatar\\\/2172498d4914b51e1d89a0f97957b035ac4938723a5cac208135d389b6972a6d?s=96&d=mm&r=g\",\"contentUrl\":\"https:\\\/\\\/secure.gravatar.com\\\/avatar\\\/2172498d4914b51e1d89a0f97957b035ac4938723a5cac208135d389b6972a6d?s=96&d=mm&r=g\",\"caption\":\"teste\"},\"url\":\"https:\\\/\\\/blogdofarnesio.com.br\\\/?author=3\"}]}<\/script>\n<!-- \/ Yoast SEO plugin. -->","yoast_head_json":{"title":"CHUVAS DESCARTAM A PRINC\u00cdPIO USO DO VOLUME MORTO DE SOBRADINHO: \u00c9 UMA ESPERAN\u00c7A - Blog do Farn\u00e9sio","robots":{"index":"index","follow":"follow","max-snippet":"max-snippet:-1","max-image-preview":"max-image-preview:large","max-video-preview":"max-video-preview:-1"},"canonical":"https:\/\/blogdofarnesio.com.br\/?p=134268","og_locale":"pt_BR","og_type":"article","og_title":"CHUVAS DESCARTAM A PRINC\u00cdPIO USO DO VOLUME MORTO DE SOBRADINHO: \u00c9 UMA ESPERAN\u00c7A - Blog do Farn\u00e9sio","og_description":"Sob a pior seca na Bahia das \u00faltimas oito d\u00e9cadas, o reservat\u00f3rio de Sobradinho, no norte do estado, estabilizou o volume \u00fatil em 1%,\u00a0contrariando a previs\u00e3o pessimista de que chegaria ao \u201cvolume morto\u201d em dezembro deste ano. \u201cN\u00e3o garante estabilidade, mas ficamos mais distante da reserva t\u00e9cnica\u201d, considerou o diretor de opera\u00e7\u00e3o da Companhia Hidro El\u00e9trica do S\u00e3o Francisco (Chesf), Jos\u00e9 Ailton de Lima. Apesar do resultado inesperado, o n\u00edvel de \u00e1gua \u00e9 o pior da hist\u00f3ria. Antes de 2015, o menor n\u00edvel registrado foi de 5,3%, percentual identificado em 2001. Lima detalha que o \u201cvolume morto\u201d n\u00e3o foi atingido, conforme previa a pr\u00f3pria Chesf, por conta das chuvas que ca\u00edram na Bacia do Rio S\u00e3o Francisco nos \u00faltimos dias.&hellip;","og_url":"https:\/\/blogdofarnesio.com.br\/?p=134268","og_site_name":"Blog do Farn\u00e9sio","article_publisher":"https:\/\/www.facebook.com\/BlogQuerSaberPolitica\/","article_published_time":"2015-12-09T10:21:20+00:00","author":"teste","twitter_card":"summary_large_image","twitter_misc":{"Escrito por":"teste","Est. tempo de leitura":"2 minutos"},"schema":{"@context":"https:\/\/schema.org","@graph":[{"@type":"Article","@id":"https:\/\/blogdofarnesio.com.br\/?p=134268#article","isPartOf":{"@id":"https:\/\/blogdofarnesio.com.br\/?p=134268"},"author":{"name":"teste","@id":"https:\/\/blogdofarnesio.com.br\/#\/schema\/person\/dd1bf5eba40b687199ba45ca6b97dff9"},"headline":"CHUVAS DESCARTAM A PRINC\u00cdPIO USO DO VOLUME MORTO DE SOBRADINHO: \u00c9 UMA ESPERAN\u00c7A","datePublished":"2015-12-09T10:21:20+00:00","mainEntityOfPage":{"@id":"https:\/\/blogdofarnesio.com.br\/?p=134268"},"wordCount":431,"commentCount":0,"publisher":{"@id":"https:\/\/blogdofarnesio.com.br\/#organization"},"articleSection":["Meio Ambiente"],"inLanguage":"pt-BR","potentialAction":[{"@type":"CommentAction","name":"Comment","target":["https:\/\/blogdofarnesio.com.br\/?p=134268#respond"]}]},{"@type":"WebPage","@id":"https:\/\/blogdofarnesio.com.br\/?p=134268","url":"https:\/\/blogdofarnesio.com.br\/?p=134268","name":"CHUVAS DESCARTAM A PRINC\u00cdPIO USO DO VOLUME MORTO DE SOBRADINHO: \u00c9 UMA ESPERAN\u00c7A - Blog do Farn\u00e9sio","isPartOf":{"@id":"https:\/\/blogdofarnesio.com.br\/#website"},"datePublished":"2015-12-09T10:21:20+00:00","breadcrumb":{"@id":"https:\/\/blogdofarnesio.com.br\/?p=134268#breadcrumb"},"inLanguage":"pt-BR","potentialAction":[{"@type":"ReadAction","target":["https:\/\/blogdofarnesio.com.br\/?p=134268"]}]},{"@type":"BreadcrumbList","@id":"https:\/\/blogdofarnesio.com.br\/?p=134268#breadcrumb","itemListElement":[{"@type":"ListItem","position":1,"name":"In\u00edcio","item":"https:\/\/blogdofarnesio.com.br\/"},{"@type":"ListItem","position":2,"name":"CHUVAS DESCARTAM A PRINC\u00cdPIO USO DO VOLUME MORTO DE SOBRADINHO: \u00c9 UMA ESPERAN\u00c7A"}]},{"@type":"WebSite","@id":"https:\/\/blogdofarnesio.com.br\/#website","url":"https:\/\/blogdofarnesio.com.br\/","name":"Blog do Farn\u00e9sio","description":"Quer Saber Pol\u00edtica?","publisher":{"@id":"https:\/\/blogdofarnesio.com.br\/#organization"},"potentialAction":[{"@type":"SearchAction","target":{"@type":"EntryPoint","urlTemplate":"https:\/\/blogdofarnesio.com.br\/?s={search_term_string}"},"query-input":{"@type":"PropertyValueSpecification","valueRequired":true,"valueName":"search_term_string"}}],"inLanguage":"pt-BR"},{"@type":"Organization","@id":"https:\/\/blogdofarnesio.com.br\/#organization","name":"Blog do Farn\u00e9sio","url":"https:\/\/blogdofarnesio.com.br\/","logo":{"@type":"ImageObject","inLanguage":"pt-BR","@id":"https:\/\/blogdofarnesio.com.br\/#\/schema\/logo\/image\/","url":"https:\/\/blogdofarnesio.com.br\/wp-content\/uploads\/2026\/03\/cropped-logo_new-1.png","contentUrl":"https:\/\/blogdofarnesio.com.br\/wp-content\/uploads\/2026\/03\/cropped-logo_new-1.png","width":881,"height":685,"caption":"Blog do Farn\u00e9sio"},"image":{"@id":"https:\/\/blogdofarnesio.com.br\/#\/schema\/logo\/image\/"},"sameAs":["https:\/\/www.facebook.com\/BlogQuerSaberPolitica\/"]},{"@type":"Person","@id":"https:\/\/blogdofarnesio.com.br\/#\/schema\/person\/dd1bf5eba40b687199ba45ca6b97dff9","name":"teste","image":{"@type":"ImageObject","inLanguage":"pt-BR","@id":"https:\/\/secure.gravatar.com\/avatar\/2172498d4914b51e1d89a0f97957b035ac4938723a5cac208135d389b6972a6d?s=96&d=mm&r=g","url":"https:\/\/secure.gravatar.com\/avatar\/2172498d4914b51e1d89a0f97957b035ac4938723a5cac208135d389b6972a6d?s=96&d=mm&r=g","contentUrl":"https:\/\/secure.gravatar.com\/avatar\/2172498d4914b51e1d89a0f97957b035ac4938723a5cac208135d389b6972a6d?s=96&d=mm&r=g","caption":"teste"},"url":"https:\/\/blogdofarnesio.com.br\/?author=3"}]}},"_links":{"self":[{"href":"https:\/\/blogdofarnesio.com.br\/index.php?rest_route=\/wp\/v2\/posts\/134268","targetHints":{"allow":["GET"]}}],"collection":[{"href":"https:\/\/blogdofarnesio.com.br\/index.php?rest_route=\/wp\/v2\/posts"}],"about":[{"href":"https:\/\/blogdofarnesio.com.br\/index.php?rest_route=\/wp\/v2\/types\/post"}],"author":[{"embeddable":true,"href":"https:\/\/blogdofarnesio.com.br\/index.php?rest_route=\/wp\/v2\/users\/3"}],"replies":[{"embeddable":true,"href":"https:\/\/blogdofarnesio.com.br\/index.php?rest_route=%2Fwp%2Fv2%2Fcomments&post=134268"}],"version-history":[{"count":0,"href":"https:\/\/blogdofarnesio.com.br\/index.php?rest_route=\/wp\/v2\/posts\/134268\/revisions"}],"wp:attachment":[{"href":"https:\/\/blogdofarnesio.com.br\/index.php?rest_route=%2Fwp%2Fv2%2Fmedia&parent=134268"}],"wp:term":[{"taxonomy":"category","embeddable":true,"href":"https:\/\/blogdofarnesio.com.br\/index.php?rest_route=%2Fwp%2Fv2%2Fcategories&post=134268"},{"taxonomy":"post_tag","embeddable":true,"href":"https:\/\/blogdofarnesio.com.br\/index.php?rest_route=%2Fwp%2Fv2%2Ftags&post=134268"}],"curies":[{"name":"wp","href":"https:\/\/api.w.org\/{rel}","templated":true}]}}