{"id":134195,"date":"2015-12-09T07:42:32","date_gmt":"2015-12-09T10:42:32","guid":{"rendered":"http:\/\/www.quersaberpolitica.com.br\/?p=134195"},"modified":"2015-12-08T17:29:30","modified_gmt":"2015-12-08T20:29:30","slug":"delegacao-de-juazeiro-se-destaca-na-iv-conferencia-estadual-dos-direitos-da-pessoa-com-deficiencia","status":"publish","type":"post","link":"https:\/\/blogdofarnesio.com.br\/?p=134195","title":{"rendered":"DELEGA\u00c7\u00c3O DE JUAZEIRO SE DESTACA NA IV CONFER\u00caNCIA ESTADUAL DOS DIREITOS DA PESSOA COM  DEFICI\u00caNCIA"},"content":{"rendered":"<p style=\"text-align: justify\"><a href=\"http:\/\/www.quersaberpolitica.com.br\/2016\/wp-content\/uploads\/2015\/12\/blogqsp-confer\u00eanciaestadual-deficientes.jpg\"><img loading=\"lazy\" decoding=\"async\" class=\" wp-image-134196 aligncenter\" src=\"http:\/\/www.quersaberpolitica.com.br\/2016\/wp-content\/uploads\/2015\/12\/blogqsp-confer\u00eanciaestadual-deficientes-300x154.jpg\" alt=\"blogqsp-confer\u00eanciaestadual-deficientes\" width=\"400\" height=\"205\" srcset=\"https:\/\/blogdofarnesio.com.br\/wp-content\/uploads\/2015\/12\/blogqsp-confer\u00eanciaestadual-deficientes-300x154.jpg 300w, https:\/\/blogdofarnesio.com.br\/wp-content\/uploads\/2015\/12\/blogqsp-confer\u00eanciaestadual-deficientes.jpg 448w\" sizes=\"auto, (max-width: 400px) 100vw, 400px\" \/><\/a><\/p>\n<p style=\"text-align: justify\">De 2 a 4 de dezembro foi realizada em Salvador, no Hotel Fiesta, a IV Confer\u00eancia Estadual dos Direitos da Pessoa com Defici\u00eancia. Pela primeira vez, Juazeiro participou com uma delega\u00e7\u00e3o composta de oito membros, sendo seis pessoas com defici\u00eancia.<\/p>\n<p style=\"text-align: justify\">Segundo Josewilson Batista, presidente do Conselho Municipal dos Direitos da Pessoa com Defici\u00eancia, o Munic\u00edpio disponibilizou transporte para 14 pessoas. \u201cAs propostas apresentadas pela delega\u00e7\u00e3o foram constru\u00eddas nas Confer\u00eancias Territoriais, o que garantiu representatividade para defend\u00ea-las de maneira veemente. Todos os delegados tiveram acesso \u00e0s propostas e puderam refletir melhor\u201d, informou Josewilson.<\/p>\n<p style=\"text-align: justify\">A IV Confer\u00eancia Estadual foi promovida pela Secretaria de Justi\u00e7a Direitos Humanos e Desenvolvimento Social (Justi\u00e7a Social ) e o Conselho Estadual dos Direitos da Pessoa com Defici\u00eancia (Coede).<\/p>\n<p><em>Landa Menezes<\/em><\/p>\n","protected":false},"excerpt":{"rendered":"<p>De 2 a 4 de dezembro foi realizada em Salvador, no Hotel Fiesta, a IV Confer\u00eancia Estadual dos Direitos da Pessoa com Defici\u00eancia. Pela primeira vez, Juazeiro participou com uma delega\u00e7\u00e3o composta de oito membros, sendo seis pessoas com defici\u00eancia. Segundo Josewilson Batista, presidente do Conselho Municipal dos Direitos da Pessoa com Defici\u00eancia, o Munic\u00edpio disponibilizou transporte para 14 pessoas. \u201cAs propostas apresentadas pela delega\u00e7\u00e3o foram constru\u00eddas nas Confer\u00eancias Territoriais, o que garantiu representatividade para defend\u00ea-las de maneira veemente. Todos os delegados tiveram acesso \u00e0s propostas e puderam refletir melhor\u201d, informou Josewilson. A IV Confer\u00eancia Estadual foi promovida pela Secretaria de Justi\u00e7a Direitos Humanos e Desenvolvimento Social (Justi\u00e7a Social ) e o Conselho Estadual dos Direitos da Pessoa com Defici\u00eancia&hellip; <\/p>\n","protected":false},"author":7,"featured_media":0,"comment_status":"open","ping_status":"open","sticky":false,"template":"","format":"standard","meta":{"_acf_changed":false,"footnotes":""},"categories":[22],"tags":[],"class_list":["post-134195","post","type-post","status-publish","format-standard","hentry","category-acao-social"],"acf":[],"yoast_head":"<!-- This site is optimized with the Yoast SEO plugin v27.4 - https:\/\/yoast.com\/product\/yoast-seo-wordpress\/ -->\n<title>DELEGA\u00c7\u00c3O DE JUAZEIRO SE DESTACA NA IV CONFER\u00caNCIA ESTADUAL DOS DIREITOS DA PESSOA COM DEFICI\u00caNCIA - Blog do Farn\u00e9sio<\/title>\n<meta name=\"robots\" content=\"index, follow, max-snippet:-1, max-image-preview:large, max-video-preview:-1\" \/>\n<link rel=\"canonical\" href=\"https:\/\/blogdofarnesio.com.br\/?p=134195\" \/>\n<meta property=\"og:locale\" content=\"pt_BR\" \/>\n<meta property=\"og:type\" content=\"article\" \/>\n<meta property=\"og:title\" content=\"DELEGA\u00c7\u00c3O DE JUAZEIRO SE DESTACA NA IV CONFER\u00caNCIA ESTADUAL DOS DIREITOS DA PESSOA COM DEFICI\u00caNCIA - Blog do Farn\u00e9sio\" \/>\n<meta property=\"og:description\" content=\"De 2 a 4 de dezembro foi realizada em Salvador, no Hotel Fiesta, a IV Confer\u00eancia Estadual dos Direitos da Pessoa com Defici\u00eancia. Pela primeira vez, Juazeiro participou com uma delega\u00e7\u00e3o composta de oito membros, sendo seis pessoas com defici\u00eancia. Segundo Josewilson Batista, presidente do Conselho Municipal dos Direitos da Pessoa com Defici\u00eancia, o Munic\u00edpio disponibilizou transporte para 14 pessoas. \u201cAs propostas apresentadas pela delega\u00e7\u00e3o foram constru\u00eddas nas Confer\u00eancias Territoriais, o que garantiu representatividade para defend\u00ea-las de maneira veemente. Todos os delegados tiveram acesso \u00e0s propostas e puderam refletir melhor\u201d, informou Josewilson. A IV Confer\u00eancia Estadual foi promovida pela Secretaria de Justi\u00e7a Direitos Humanos e Desenvolvimento Social (Justi\u00e7a Social ) e o Conselho Estadual dos Direitos da Pessoa com Defici\u00eancia&hellip;\" \/>\n<meta property=\"og:url\" content=\"https:\/\/blogdofarnesio.com.br\/?p=134195\" \/>\n<meta property=\"og:site_name\" content=\"Blog do Farn\u00e9sio\" \/>\n<meta property=\"article:publisher\" content=\"https:\/\/www.facebook.com\/BlogQuerSaberPolitica\/\" \/>\n<meta property=\"article:published_time\" content=\"2015-12-09T10:42:32+00:00\" \/>\n<meta name=\"twitter:card\" content=\"summary_large_image\" \/>\n<meta name=\"twitter:label1\" content=\"Escrito por\" \/>\n\t<meta name=\"twitter:data1\" content=\"\" \/>\n\t<meta name=\"twitter:label2\" content=\"Est. tempo de leitura\" \/>\n\t<meta name=\"twitter:data2\" content=\"1 minuto\" \/>\n<script type=\"application\/ld+json\" class=\"yoast-schema-graph\">{\"@context\":\"https:\\\/\\\/schema.org\",\"@graph\":[{\"@type\":\"Article\",\"@id\":\"https:\\\/\\\/blogdofarnesio.com.br\\\/?p=134195#article\",\"isPartOf\":{\"@id\":\"https:\\\/\\\/blogdofarnesio.com.br\\\/?p=134195\"},\"author\":{\"name\":\"\",\"@id\":\"\"},\"headline\":\"DELEGA\u00c7\u00c3O DE JUAZEIRO SE DESTACA NA IV CONFER\u00caNCIA ESTADUAL DOS DIREITOS DA PESSOA COM DEFICI\u00caNCIA\",\"datePublished\":\"2015-12-09T10:42:32+00:00\",\"mainEntityOfPage\":{\"@id\":\"https:\\\/\\\/blogdofarnesio.com.br\\\/?p=134195\"},\"wordCount\":151,\"commentCount\":0,\"publisher\":{\"@id\":\"https:\\\/\\\/blogdofarnesio.com.br\\\/#organization\"},\"articleSection\":[\"A\u00e7\u00e3o Social\"],\"inLanguage\":\"pt-BR\",\"potentialAction\":[{\"@type\":\"CommentAction\",\"name\":\"Comment\",\"target\":[\"https:\\\/\\\/blogdofarnesio.com.br\\\/?p=134195#respond\"]}]},{\"@type\":\"WebPage\",\"@id\":\"https:\\\/\\\/blogdofarnesio.com.br\\\/?p=134195\",\"url\":\"https:\\\/\\\/blogdofarnesio.com.br\\\/?p=134195\",\"name\":\"DELEGA\u00c7\u00c3O DE JUAZEIRO SE DESTACA NA IV CONFER\u00caNCIA ESTADUAL DOS DIREITOS DA PESSOA COM DEFICI\u00caNCIA - Blog do Farn\u00e9sio\",\"isPartOf\":{\"@id\":\"https:\\\/\\\/blogdofarnesio.com.br\\\/#website\"},\"datePublished\":\"2015-12-09T10:42:32+00:00\",\"breadcrumb\":{\"@id\":\"https:\\\/\\\/blogdofarnesio.com.br\\\/?p=134195#breadcrumb\"},\"inLanguage\":\"pt-BR\",\"potentialAction\":[{\"@type\":\"ReadAction\",\"target\":[\"https:\\\/\\\/blogdofarnesio.com.br\\\/?p=134195\"]}]},{\"@type\":\"BreadcrumbList\",\"@id\":\"https:\\\/\\\/blogdofarnesio.com.br\\\/?p=134195#breadcrumb\",\"itemListElement\":[{\"@type\":\"ListItem\",\"position\":1,\"name\":\"In\u00edcio\",\"item\":\"https:\\\/\\\/blogdofarnesio.com.br\\\/\"},{\"@type\":\"ListItem\",\"position\":2,\"name\":\"DELEGA\u00c7\u00c3O DE JUAZEIRO SE DESTACA NA IV CONFER\u00caNCIA ESTADUAL DOS DIREITOS DA PESSOA COM DEFICI\u00caNCIA\"}]},{\"@type\":\"WebSite\",\"@id\":\"https:\\\/\\\/blogdofarnesio.com.br\\\/#website\",\"url\":\"https:\\\/\\\/blogdofarnesio.com.br\\\/\",\"name\":\"Blog do Farn\u00e9sio\",\"description\":\"Quer Saber Pol\u00edtica?\",\"publisher\":{\"@id\":\"https:\\\/\\\/blogdofarnesio.com.br\\\/#organization\"},\"potentialAction\":[{\"@type\":\"SearchAction\",\"target\":{\"@type\":\"EntryPoint\",\"urlTemplate\":\"https:\\\/\\\/blogdofarnesio.com.br\\\/?s={search_term_string}\"},\"query-input\":{\"@type\":\"PropertyValueSpecification\",\"valueRequired\":true,\"valueName\":\"search_term_string\"}}],\"inLanguage\":\"pt-BR\"},{\"@type\":\"Organization\",\"@id\":\"https:\\\/\\\/blogdofarnesio.com.br\\\/#organization\",\"name\":\"Blog do Farn\u00e9sio\",\"url\":\"https:\\\/\\\/blogdofarnesio.com.br\\\/\",\"logo\":{\"@type\":\"ImageObject\",\"inLanguage\":\"pt-BR\",\"@id\":\"https:\\\/\\\/blogdofarnesio.com.br\\\/#\\\/schema\\\/logo\\\/image\\\/\",\"url\":\"https:\\\/\\\/blogdofarnesio.com.br\\\/wp-content\\\/uploads\\\/2026\\\/03\\\/cropped-logo_new-1.png\",\"contentUrl\":\"https:\\\/\\\/blogdofarnesio.com.br\\\/wp-content\\\/uploads\\\/2026\\\/03\\\/cropped-logo_new-1.png\",\"width\":881,\"height\":685,\"caption\":\"Blog do Farn\u00e9sio\"},\"image\":{\"@id\":\"https:\\\/\\\/blogdofarnesio.com.br\\\/#\\\/schema\\\/logo\\\/image\\\/\"},\"sameAs\":[\"https:\\\/\\\/www.facebook.com\\\/BlogQuerSaberPolitica\\\/\"]},{\"@type\":\"Person\",\"@id\":\"\",\"url\":\"https:\\\/\\\/blogdofarnesio.com.br\\\/?author=7\"}]}<\/script>\n<!-- \/ Yoast SEO plugin. -->","yoast_head_json":{"title":"DELEGA\u00c7\u00c3O DE JUAZEIRO SE DESTACA NA IV CONFER\u00caNCIA ESTADUAL DOS DIREITOS DA PESSOA COM DEFICI\u00caNCIA - Blog do Farn\u00e9sio","robots":{"index":"index","follow":"follow","max-snippet":"max-snippet:-1","max-image-preview":"max-image-preview:large","max-video-preview":"max-video-preview:-1"},"canonical":"https:\/\/blogdofarnesio.com.br\/?p=134195","og_locale":"pt_BR","og_type":"article","og_title":"DELEGA\u00c7\u00c3O DE JUAZEIRO SE DESTACA NA IV CONFER\u00caNCIA ESTADUAL DOS DIREITOS DA PESSOA COM DEFICI\u00caNCIA - Blog do Farn\u00e9sio","og_description":"De 2 a 4 de dezembro foi realizada em Salvador, no Hotel Fiesta, a IV Confer\u00eancia Estadual dos Direitos da Pessoa com Defici\u00eancia. Pela primeira vez, Juazeiro participou com uma delega\u00e7\u00e3o composta de oito membros, sendo seis pessoas com defici\u00eancia. Segundo Josewilson Batista, presidente do Conselho Municipal dos Direitos da Pessoa com Defici\u00eancia, o Munic\u00edpio disponibilizou transporte para 14 pessoas. \u201cAs propostas apresentadas pela delega\u00e7\u00e3o foram constru\u00eddas nas Confer\u00eancias Territoriais, o que garantiu representatividade para defend\u00ea-las de maneira veemente. Todos os delegados tiveram acesso \u00e0s propostas e puderam refletir melhor\u201d, informou Josewilson. A IV Confer\u00eancia Estadual foi promovida pela Secretaria de Justi\u00e7a Direitos Humanos e Desenvolvimento Social (Justi\u00e7a Social ) e o Conselho Estadual dos Direitos da Pessoa com Defici\u00eancia&hellip;","og_url":"https:\/\/blogdofarnesio.com.br\/?p=134195","og_site_name":"Blog do Farn\u00e9sio","article_publisher":"https:\/\/www.facebook.com\/BlogQuerSaberPolitica\/","article_published_time":"2015-12-09T10:42:32+00:00","twitter_card":"summary_large_image","twitter_misc":{"Escrito por":"","Est. tempo de leitura":"1 minuto"},"schema":{"@context":"https:\/\/schema.org","@graph":[{"@type":"Article","@id":"https:\/\/blogdofarnesio.com.br\/?p=134195#article","isPartOf":{"@id":"https:\/\/blogdofarnesio.com.br\/?p=134195"},"author":{"name":"","@id":""},"headline":"DELEGA\u00c7\u00c3O DE JUAZEIRO SE DESTACA NA IV CONFER\u00caNCIA ESTADUAL DOS DIREITOS DA PESSOA COM DEFICI\u00caNCIA","datePublished":"2015-12-09T10:42:32+00:00","mainEntityOfPage":{"@id":"https:\/\/blogdofarnesio.com.br\/?p=134195"},"wordCount":151,"commentCount":0,"publisher":{"@id":"https:\/\/blogdofarnesio.com.br\/#organization"},"articleSection":["A\u00e7\u00e3o Social"],"inLanguage":"pt-BR","potentialAction":[{"@type":"CommentAction","name":"Comment","target":["https:\/\/blogdofarnesio.com.br\/?p=134195#respond"]}]},{"@type":"WebPage","@id":"https:\/\/blogdofarnesio.com.br\/?p=134195","url":"https:\/\/blogdofarnesio.com.br\/?p=134195","name":"DELEGA\u00c7\u00c3O DE JUAZEIRO SE DESTACA NA IV CONFER\u00caNCIA ESTADUAL DOS DIREITOS DA PESSOA COM DEFICI\u00caNCIA - Blog do Farn\u00e9sio","isPartOf":{"@id":"https:\/\/blogdofarnesio.com.br\/#website"},"datePublished":"2015-12-09T10:42:32+00:00","breadcrumb":{"@id":"https:\/\/blogdofarnesio.com.br\/?p=134195#breadcrumb"},"inLanguage":"pt-BR","potentialAction":[{"@type":"ReadAction","target":["https:\/\/blogdofarnesio.com.br\/?p=134195"]}]},{"@type":"BreadcrumbList","@id":"https:\/\/blogdofarnesio.com.br\/?p=134195#breadcrumb","itemListElement":[{"@type":"ListItem","position":1,"name":"In\u00edcio","item":"https:\/\/blogdofarnesio.com.br\/"},{"@type":"ListItem","position":2,"name":"DELEGA\u00c7\u00c3O DE JUAZEIRO SE DESTACA NA IV CONFER\u00caNCIA ESTADUAL DOS DIREITOS DA PESSOA COM DEFICI\u00caNCIA"}]},{"@type":"WebSite","@id":"https:\/\/blogdofarnesio.com.br\/#website","url":"https:\/\/blogdofarnesio.com.br\/","name":"Blog do Farn\u00e9sio","description":"Quer Saber Pol\u00edtica?","publisher":{"@id":"https:\/\/blogdofarnesio.com.br\/#organization"},"potentialAction":[{"@type":"SearchAction","target":{"@type":"EntryPoint","urlTemplate":"https:\/\/blogdofarnesio.com.br\/?s={search_term_string}"},"query-input":{"@type":"PropertyValueSpecification","valueRequired":true,"valueName":"search_term_string"}}],"inLanguage":"pt-BR"},{"@type":"Organization","@id":"https:\/\/blogdofarnesio.com.br\/#organization","name":"Blog do Farn\u00e9sio","url":"https:\/\/blogdofarnesio.com.br\/","logo":{"@type":"ImageObject","inLanguage":"pt-BR","@id":"https:\/\/blogdofarnesio.com.br\/#\/schema\/logo\/image\/","url":"https:\/\/blogdofarnesio.com.br\/wp-content\/uploads\/2026\/03\/cropped-logo_new-1.png","contentUrl":"https:\/\/blogdofarnesio.com.br\/wp-content\/uploads\/2026\/03\/cropped-logo_new-1.png","width":881,"height":685,"caption":"Blog do Farn\u00e9sio"},"image":{"@id":"https:\/\/blogdofarnesio.com.br\/#\/schema\/logo\/image\/"},"sameAs":["https:\/\/www.facebook.com\/BlogQuerSaberPolitica\/"]},{"@type":"Person","@id":"","url":"https:\/\/blogdofarnesio.com.br\/?author=7"}]}},"_links":{"self":[{"href":"https:\/\/blogdofarnesio.com.br\/index.php?rest_route=\/wp\/v2\/posts\/134195","targetHints":{"allow":["GET"]}}],"collection":[{"href":"https:\/\/blogdofarnesio.com.br\/index.php?rest_route=\/wp\/v2\/posts"}],"about":[{"href":"https:\/\/blogdofarnesio.com.br\/index.php?rest_route=\/wp\/v2\/types\/post"}],"author":[{"embeddable":true,"href":"https:\/\/blogdofarnesio.com.br\/index.php?rest_route=\/wp\/v2\/users\/7"}],"replies":[{"embeddable":true,"href":"https:\/\/blogdofarnesio.com.br\/index.php?rest_route=%2Fwp%2Fv2%2Fcomments&post=134195"}],"version-history":[{"count":0,"href":"https:\/\/blogdofarnesio.com.br\/index.php?rest_route=\/wp\/v2\/posts\/134195\/revisions"}],"wp:attachment":[{"href":"https:\/\/blogdofarnesio.com.br\/index.php?rest_route=%2Fwp%2Fv2%2Fmedia&parent=134195"}],"wp:term":[{"taxonomy":"category","embeddable":true,"href":"https:\/\/blogdofarnesio.com.br\/index.php?rest_route=%2Fwp%2Fv2%2Fcategories&post=134195"},{"taxonomy":"post_tag","embeddable":true,"href":"https:\/\/blogdofarnesio.com.br\/index.php?rest_route=%2Fwp%2Fv2%2Ftags&post=134195"}],"curies":[{"name":"wp","href":"https:\/\/api.w.org\/{rel}","templated":true}]}}