{"id":134098,"date":"2015-12-04T14:58:59","date_gmt":"2015-12-04T17:58:59","guid":{"rendered":"http:\/\/www.quersaberpolitica.com.br\/?p=134098"},"modified":"2015-12-04T15:55:15","modified_gmt":"2015-12-04T18:55:15","slug":"presos-tres-suspeitos-de-terem-assassinada-a-menor-jackeline-no-pirango","status":"publish","type":"post","link":"https:\/\/blogdofarnesio.com.br\/?p=134098","title":{"rendered":"PRESOS TR\u00caS SUSPEITOS DE TEREM ASSASSINADA A MENOR JACKELINE NO PIRANGA"},"content":{"rendered":"<h1 class=\"post-title entry-title\" style=\"text-align: justify\"><a href=\"http:\/\/2.bp.blogspot.com\/-6nE1GkQU-7M\/VmGp8TfgfiI\/AAAAAAAAa6o\/U6JESEIW2KQ\/s1600\/0-blog-Z%25C3%25A9%2BCarlos%2BBorges-assassinos-jaqueline.jpg\"><img loading=\"lazy\" decoding=\"async\" class=\" aligncenter\" src=\"http:\/\/2.bp.blogspot.com\/-6nE1GkQU-7M\/VmGp8TfgfiI\/AAAAAAAAa6o\/U6JESEIW2KQ\/s640\/0-blog-Z%25C3%25A9%2BCarlos%2BBorges-assassinos-jaqueline.jpg\" alt=\"\" width=\"424\" height=\"351\" border=\"0\" \/><\/a><\/h1>\n<div id=\"post-body-8986372611871456666\" class=\"post-body entry-content\">\n<div style=\"text-align: justify\">Policiais Civis da DHPP \u2013 Departamento de Homic\u00eddios e Prote\u00e7\u00e3o \u00e0 Pessoa e o Sistema de Intelig\u00eancia da Regional da delegacia de Juazeiro, prenderam \u00a0cumprindo dois mandados de pris\u00e3o expedido pelo Juiz de Direito Roberto Paranhos, dessa comarca, os indiv\u00edduos Pablo Eridian Brito Barbosa, popular Dian, e M\u00e1rio Cezar Salas Sampaio Junior, conhecido Pateta.<\/div>\n<div style=\"text-align: justify\"><\/div>\n<div style=\"text-align: justify\">Em seguida os policiais civis da DHPP e SI prenderam Jefferson William dos Santos Sousa que junto com os seus comparsas Pablo Eridian Brito Barbosa e M\u00e1rio Cezar Salas Sampaio Junior s\u00e3o acusados de assassinar m\u00eas passado uma jovem de 17 anos, conhecida por Jaqueline, no Bairro de Piranga. Eles foram presos e entregues ao Delegado Barcos Aira.<\/div>\n<div style=\"text-align: justify\"><\/div>\n<div style=\"text-align: justify\"><b>Informa\u00e7\u00f5es do DHPP<\/b><\/div>\n<\/div>\n","protected":false},"excerpt":{"rendered":"<p>Policiais Civis da DHPP \u2013 Departamento de Homic\u00eddios e Prote\u00e7\u00e3o \u00e0 Pessoa e o Sistema de Intelig\u00eancia da Regional da delegacia de Juazeiro, prenderam \u00a0cumprindo dois mandados de pris\u00e3o expedido pelo Juiz de Direito Roberto Paranhos, dessa comarca, os indiv\u00edduos Pablo Eridian Brito Barbosa, popular Dian, e M\u00e1rio Cezar Salas Sampaio Junior, conhecido Pateta. Em seguida os policiais civis da DHPP e SI prenderam Jefferson William dos Santos Sousa que junto com os seus comparsas Pablo Eridian Brito Barbosa e M\u00e1rio Cezar Salas Sampaio Junior s\u00e3o acusados de assassinar m\u00eas passado uma jovem de 17 anos, conhecida por Jaqueline, no Bairro de Piranga. Eles foram presos e entregues ao Delegado Barcos Aira. Informa\u00e7\u00f5es do DHPP<\/p>\n","protected":false},"author":3,"featured_media":0,"comment_status":"open","ping_status":"open","sticky":false,"template":"","format":"standard","meta":{"_acf_changed":false,"footnotes":""},"categories":[9],"tags":[],"class_list":["post-134098","post","type-post","status-publish","format-standard","hentry","category-policia"],"acf":[],"yoast_head":"<!-- This site is optimized with the Yoast SEO plugin v27.4 - https:\/\/yoast.com\/product\/yoast-seo-wordpress\/ -->\n<title>PRESOS TR\u00caS SUSPEITOS DE TEREM ASSASSINADA A MENOR JACKELINE NO PIRANGA - Blog do Farn\u00e9sio<\/title>\n<meta name=\"robots\" content=\"index, follow, max-snippet:-1, max-image-preview:large, max-video-preview:-1\" \/>\n<link rel=\"canonical\" href=\"https:\/\/blogdofarnesio.com.br\/?p=134098\" \/>\n<meta property=\"og:locale\" content=\"pt_BR\" \/>\n<meta property=\"og:type\" content=\"article\" \/>\n<meta property=\"og:title\" content=\"PRESOS TR\u00caS SUSPEITOS DE TEREM ASSASSINADA A MENOR JACKELINE NO PIRANGA - Blog do Farn\u00e9sio\" \/>\n<meta property=\"og:description\" content=\"Policiais Civis da DHPP \u2013 Departamento de Homic\u00eddios e Prote\u00e7\u00e3o \u00e0 Pessoa e o Sistema de Intelig\u00eancia da Regional da delegacia de Juazeiro, prenderam \u00a0cumprindo dois mandados de pris\u00e3o expedido pelo Juiz de Direito Roberto Paranhos, dessa comarca, os indiv\u00edduos Pablo Eridian Brito Barbosa, popular Dian, e M\u00e1rio Cezar Salas Sampaio Junior, conhecido Pateta. Em seguida os policiais civis da DHPP e SI prenderam Jefferson William dos Santos Sousa que junto com os seus comparsas Pablo Eridian Brito Barbosa e M\u00e1rio Cezar Salas Sampaio Junior s\u00e3o acusados de assassinar m\u00eas passado uma jovem de 17 anos, conhecida por Jaqueline, no Bairro de Piranga. Eles foram presos e entregues ao Delegado Barcos Aira. Informa\u00e7\u00f5es do DHPP\" \/>\n<meta property=\"og:url\" content=\"https:\/\/blogdofarnesio.com.br\/?p=134098\" \/>\n<meta property=\"og:site_name\" content=\"Blog do Farn\u00e9sio\" \/>\n<meta property=\"article:publisher\" content=\"https:\/\/www.facebook.com\/BlogQuerSaberPolitica\/\" \/>\n<meta property=\"article:published_time\" content=\"2015-12-04T17:58:59+00:00\" \/>\n<meta property=\"article:modified_time\" content=\"2015-12-04T18:55:15+00:00\" \/>\n<meta property=\"og:image\" content=\"http:\/\/2.bp.blogspot.com\/-6nE1GkQU-7M\/VmGp8TfgfiI\/AAAAAAAAa6o\/U6JESEIW2KQ\/s640\/0-blog-Z%25C3%25A9%2BCarlos%2BBorges-assassinos-jaqueline.jpg\" \/>\n<meta name=\"author\" content=\"teste\" \/>\n<meta name=\"twitter:card\" content=\"summary_large_image\" \/>\n<meta name=\"twitter:label1\" content=\"Escrito por\" \/>\n\t<meta name=\"twitter:data1\" content=\"teste\" \/>\n\t<meta name=\"twitter:label2\" content=\"Est. tempo de leitura\" \/>\n\t<meta name=\"twitter:data2\" content=\"1 minuto\" \/>\n<script type=\"application\/ld+json\" class=\"yoast-schema-graph\">{\"@context\":\"https:\\\/\\\/schema.org\",\"@graph\":[{\"@type\":\"Article\",\"@id\":\"https:\\\/\\\/blogdofarnesio.com.br\\\/?p=134098#article\",\"isPartOf\":{\"@id\":\"https:\\\/\\\/blogdofarnesio.com.br\\\/?p=134098\"},\"author\":{\"name\":\"teste\",\"@id\":\"https:\\\/\\\/blogdofarnesio.com.br\\\/#\\\/schema\\\/person\\\/dd1bf5eba40b687199ba45ca6b97dff9\"},\"headline\":\"PRESOS TR\u00caS SUSPEITOS DE TEREM ASSASSINADA A MENOR JACKELINE NO PIRANGA\",\"datePublished\":\"2015-12-04T17:58:59+00:00\",\"dateModified\":\"2015-12-04T18:55:15+00:00\",\"mainEntityOfPage\":{\"@id\":\"https:\\\/\\\/blogdofarnesio.com.br\\\/?p=134098\"},\"wordCount\":134,\"commentCount\":0,\"publisher\":{\"@id\":\"https:\\\/\\\/blogdofarnesio.com.br\\\/#organization\"},\"image\":{\"@id\":\"https:\\\/\\\/blogdofarnesio.com.br\\\/?p=134098#primaryimage\"},\"thumbnailUrl\":\"http:\\\/\\\/2.bp.blogspot.com\\\/-6nE1GkQU-7M\\\/VmGp8TfgfiI\\\/AAAAAAAAa6o\\\/U6JESEIW2KQ\\\/s640\\\/0-blog-Z%25C3%25A9%2BCarlos%2BBorges-assassinos-jaqueline.jpg\",\"articleSection\":[\"Pol\u00edcia\"],\"inLanguage\":\"pt-BR\",\"potentialAction\":[{\"@type\":\"CommentAction\",\"name\":\"Comment\",\"target\":[\"https:\\\/\\\/blogdofarnesio.com.br\\\/?p=134098#respond\"]}]},{\"@type\":\"WebPage\",\"@id\":\"https:\\\/\\\/blogdofarnesio.com.br\\\/?p=134098\",\"url\":\"https:\\\/\\\/blogdofarnesio.com.br\\\/?p=134098\",\"name\":\"PRESOS TR\u00caS SUSPEITOS DE TEREM ASSASSINADA A MENOR JACKELINE NO PIRANGA - Blog do Farn\u00e9sio\",\"isPartOf\":{\"@id\":\"https:\\\/\\\/blogdofarnesio.com.br\\\/#website\"},\"primaryImageOfPage\":{\"@id\":\"https:\\\/\\\/blogdofarnesio.com.br\\\/?p=134098#primaryimage\"},\"image\":{\"@id\":\"https:\\\/\\\/blogdofarnesio.com.br\\\/?p=134098#primaryimage\"},\"thumbnailUrl\":\"http:\\\/\\\/2.bp.blogspot.com\\\/-6nE1GkQU-7M\\\/VmGp8TfgfiI\\\/AAAAAAAAa6o\\\/U6JESEIW2KQ\\\/s640\\\/0-blog-Z%25C3%25A9%2BCarlos%2BBorges-assassinos-jaqueline.jpg\",\"datePublished\":\"2015-12-04T17:58:59+00:00\",\"dateModified\":\"2015-12-04T18:55:15+00:00\",\"breadcrumb\":{\"@id\":\"https:\\\/\\\/blogdofarnesio.com.br\\\/?p=134098#breadcrumb\"},\"inLanguage\":\"pt-BR\",\"potentialAction\":[{\"@type\":\"ReadAction\",\"target\":[\"https:\\\/\\\/blogdofarnesio.com.br\\\/?p=134098\"]}]},{\"@type\":\"ImageObject\",\"inLanguage\":\"pt-BR\",\"@id\":\"https:\\\/\\\/blogdofarnesio.com.br\\\/?p=134098#primaryimage\",\"url\":\"http:\\\/\\\/2.bp.blogspot.com\\\/-6nE1GkQU-7M\\\/VmGp8TfgfiI\\\/AAAAAAAAa6o\\\/U6JESEIW2KQ\\\/s640\\\/0-blog-Z%25C3%25A9%2BCarlos%2BBorges-assassinos-jaqueline.jpg\",\"contentUrl\":\"http:\\\/\\\/2.bp.blogspot.com\\\/-6nE1GkQU-7M\\\/VmGp8TfgfiI\\\/AAAAAAAAa6o\\\/U6JESEIW2KQ\\\/s640\\\/0-blog-Z%25C3%25A9%2BCarlos%2BBorges-assassinos-jaqueline.jpg\"},{\"@type\":\"BreadcrumbList\",\"@id\":\"https:\\\/\\\/blogdofarnesio.com.br\\\/?p=134098#breadcrumb\",\"itemListElement\":[{\"@type\":\"ListItem\",\"position\":1,\"name\":\"In\u00edcio\",\"item\":\"https:\\\/\\\/blogdofarnesio.com.br\\\/\"},{\"@type\":\"ListItem\",\"position\":2,\"name\":\"PRESOS TR\u00caS SUSPEITOS DE TEREM ASSASSINADA A MENOR JACKELINE NO PIRANGA\"}]},{\"@type\":\"WebSite\",\"@id\":\"https:\\\/\\\/blogdofarnesio.com.br\\\/#website\",\"url\":\"https:\\\/\\\/blogdofarnesio.com.br\\\/\",\"name\":\"Blog do Farn\u00e9sio\",\"description\":\"Quer Saber Pol\u00edtica?\",\"publisher\":{\"@id\":\"https:\\\/\\\/blogdofarnesio.com.br\\\/#organization\"},\"potentialAction\":[{\"@type\":\"SearchAction\",\"target\":{\"@type\":\"EntryPoint\",\"urlTemplate\":\"https:\\\/\\\/blogdofarnesio.com.br\\\/?s={search_term_string}\"},\"query-input\":{\"@type\":\"PropertyValueSpecification\",\"valueRequired\":true,\"valueName\":\"search_term_string\"}}],\"inLanguage\":\"pt-BR\"},{\"@type\":\"Organization\",\"@id\":\"https:\\\/\\\/blogdofarnesio.com.br\\\/#organization\",\"name\":\"Blog do Farn\u00e9sio\",\"url\":\"https:\\\/\\\/blogdofarnesio.com.br\\\/\",\"logo\":{\"@type\":\"ImageObject\",\"inLanguage\":\"pt-BR\",\"@id\":\"https:\\\/\\\/blogdofarnesio.com.br\\\/#\\\/schema\\\/logo\\\/image\\\/\",\"url\":\"https:\\\/\\\/blogdofarnesio.com.br\\\/wp-content\\\/uploads\\\/2026\\\/03\\\/cropped-logo_new-1.png\",\"contentUrl\":\"https:\\\/\\\/blogdofarnesio.com.br\\\/wp-content\\\/uploads\\\/2026\\\/03\\\/cropped-logo_new-1.png\",\"width\":881,\"height\":685,\"caption\":\"Blog do Farn\u00e9sio\"},\"image\":{\"@id\":\"https:\\\/\\\/blogdofarnesio.com.br\\\/#\\\/schema\\\/logo\\\/image\\\/\"},\"sameAs\":[\"https:\\\/\\\/www.facebook.com\\\/BlogQuerSaberPolitica\\\/\"]},{\"@type\":\"Person\",\"@id\":\"https:\\\/\\\/blogdofarnesio.com.br\\\/#\\\/schema\\\/person\\\/dd1bf5eba40b687199ba45ca6b97dff9\",\"name\":\"teste\",\"image\":{\"@type\":\"ImageObject\",\"inLanguage\":\"pt-BR\",\"@id\":\"https:\\\/\\\/secure.gravatar.com\\\/avatar\\\/2172498d4914b51e1d89a0f97957b035ac4938723a5cac208135d389b6972a6d?s=96&d=mm&r=g\",\"url\":\"https:\\\/\\\/secure.gravatar.com\\\/avatar\\\/2172498d4914b51e1d89a0f97957b035ac4938723a5cac208135d389b6972a6d?s=96&d=mm&r=g\",\"contentUrl\":\"https:\\\/\\\/secure.gravatar.com\\\/avatar\\\/2172498d4914b51e1d89a0f97957b035ac4938723a5cac208135d389b6972a6d?s=96&d=mm&r=g\",\"caption\":\"teste\"},\"url\":\"https:\\\/\\\/blogdofarnesio.com.br\\\/?author=3\"}]}<\/script>\n<!-- \/ Yoast SEO plugin. -->","yoast_head_json":{"title":"PRESOS TR\u00caS SUSPEITOS DE TEREM ASSASSINADA A MENOR JACKELINE NO PIRANGA - Blog do Farn\u00e9sio","robots":{"index":"index","follow":"follow","max-snippet":"max-snippet:-1","max-image-preview":"max-image-preview:large","max-video-preview":"max-video-preview:-1"},"canonical":"https:\/\/blogdofarnesio.com.br\/?p=134098","og_locale":"pt_BR","og_type":"article","og_title":"PRESOS TR\u00caS SUSPEITOS DE TEREM ASSASSINADA A MENOR JACKELINE NO PIRANGA - Blog do Farn\u00e9sio","og_description":"Policiais Civis da DHPP \u2013 Departamento de Homic\u00eddios e Prote\u00e7\u00e3o \u00e0 Pessoa e o Sistema de Intelig\u00eancia da Regional da delegacia de Juazeiro, prenderam \u00a0cumprindo dois mandados de pris\u00e3o expedido pelo Juiz de Direito Roberto Paranhos, dessa comarca, os indiv\u00edduos Pablo Eridian Brito Barbosa, popular Dian, e M\u00e1rio Cezar Salas Sampaio Junior, conhecido Pateta. Em seguida os policiais civis da DHPP e SI prenderam Jefferson William dos Santos Sousa que junto com os seus comparsas Pablo Eridian Brito Barbosa e M\u00e1rio Cezar Salas Sampaio Junior s\u00e3o acusados de assassinar m\u00eas passado uma jovem de 17 anos, conhecida por Jaqueline, no Bairro de Piranga. Eles foram presos e entregues ao Delegado Barcos Aira. Informa\u00e7\u00f5es do DHPP","og_url":"https:\/\/blogdofarnesio.com.br\/?p=134098","og_site_name":"Blog do Farn\u00e9sio","article_publisher":"https:\/\/www.facebook.com\/BlogQuerSaberPolitica\/","article_published_time":"2015-12-04T17:58:59+00:00","article_modified_time":"2015-12-04T18:55:15+00:00","og_image":[{"url":"http:\/\/2.bp.blogspot.com\/-6nE1GkQU-7M\/VmGp8TfgfiI\/AAAAAAAAa6o\/U6JESEIW2KQ\/s640\/0-blog-Z%25C3%25A9%2BCarlos%2BBorges-assassinos-jaqueline.jpg","type":"","width":"","height":""}],"author":"teste","twitter_card":"summary_large_image","twitter_misc":{"Escrito por":"teste","Est. tempo de leitura":"1 minuto"},"schema":{"@context":"https:\/\/schema.org","@graph":[{"@type":"Article","@id":"https:\/\/blogdofarnesio.com.br\/?p=134098#article","isPartOf":{"@id":"https:\/\/blogdofarnesio.com.br\/?p=134098"},"author":{"name":"teste","@id":"https:\/\/blogdofarnesio.com.br\/#\/schema\/person\/dd1bf5eba40b687199ba45ca6b97dff9"},"headline":"PRESOS TR\u00caS SUSPEITOS DE TEREM ASSASSINADA A MENOR JACKELINE NO PIRANGA","datePublished":"2015-12-04T17:58:59+00:00","dateModified":"2015-12-04T18:55:15+00:00","mainEntityOfPage":{"@id":"https:\/\/blogdofarnesio.com.br\/?p=134098"},"wordCount":134,"commentCount":0,"publisher":{"@id":"https:\/\/blogdofarnesio.com.br\/#organization"},"image":{"@id":"https:\/\/blogdofarnesio.com.br\/?p=134098#primaryimage"},"thumbnailUrl":"http:\/\/2.bp.blogspot.com\/-6nE1GkQU-7M\/VmGp8TfgfiI\/AAAAAAAAa6o\/U6JESEIW2KQ\/s640\/0-blog-Z%25C3%25A9%2BCarlos%2BBorges-assassinos-jaqueline.jpg","articleSection":["Pol\u00edcia"],"inLanguage":"pt-BR","potentialAction":[{"@type":"CommentAction","name":"Comment","target":["https:\/\/blogdofarnesio.com.br\/?p=134098#respond"]}]},{"@type":"WebPage","@id":"https:\/\/blogdofarnesio.com.br\/?p=134098","url":"https:\/\/blogdofarnesio.com.br\/?p=134098","name":"PRESOS TR\u00caS SUSPEITOS DE TEREM ASSASSINADA A MENOR JACKELINE NO PIRANGA - Blog do Farn\u00e9sio","isPartOf":{"@id":"https:\/\/blogdofarnesio.com.br\/#website"},"primaryImageOfPage":{"@id":"https:\/\/blogdofarnesio.com.br\/?p=134098#primaryimage"},"image":{"@id":"https:\/\/blogdofarnesio.com.br\/?p=134098#primaryimage"},"thumbnailUrl":"http:\/\/2.bp.blogspot.com\/-6nE1GkQU-7M\/VmGp8TfgfiI\/AAAAAAAAa6o\/U6JESEIW2KQ\/s640\/0-blog-Z%25C3%25A9%2BCarlos%2BBorges-assassinos-jaqueline.jpg","datePublished":"2015-12-04T17:58:59+00:00","dateModified":"2015-12-04T18:55:15+00:00","breadcrumb":{"@id":"https:\/\/blogdofarnesio.com.br\/?p=134098#breadcrumb"},"inLanguage":"pt-BR","potentialAction":[{"@type":"ReadAction","target":["https:\/\/blogdofarnesio.com.br\/?p=134098"]}]},{"@type":"ImageObject","inLanguage":"pt-BR","@id":"https:\/\/blogdofarnesio.com.br\/?p=134098#primaryimage","url":"http:\/\/2.bp.blogspot.com\/-6nE1GkQU-7M\/VmGp8TfgfiI\/AAAAAAAAa6o\/U6JESEIW2KQ\/s640\/0-blog-Z%25C3%25A9%2BCarlos%2BBorges-assassinos-jaqueline.jpg","contentUrl":"http:\/\/2.bp.blogspot.com\/-6nE1GkQU-7M\/VmGp8TfgfiI\/AAAAAAAAa6o\/U6JESEIW2KQ\/s640\/0-blog-Z%25C3%25A9%2BCarlos%2BBorges-assassinos-jaqueline.jpg"},{"@type":"BreadcrumbList","@id":"https:\/\/blogdofarnesio.com.br\/?p=134098#breadcrumb","itemListElement":[{"@type":"ListItem","position":1,"name":"In\u00edcio","item":"https:\/\/blogdofarnesio.com.br\/"},{"@type":"ListItem","position":2,"name":"PRESOS TR\u00caS SUSPEITOS DE TEREM ASSASSINADA A MENOR JACKELINE NO PIRANGA"}]},{"@type":"WebSite","@id":"https:\/\/blogdofarnesio.com.br\/#website","url":"https:\/\/blogdofarnesio.com.br\/","name":"Blog do Farn\u00e9sio","description":"Quer Saber Pol\u00edtica?","publisher":{"@id":"https:\/\/blogdofarnesio.com.br\/#organization"},"potentialAction":[{"@type":"SearchAction","target":{"@type":"EntryPoint","urlTemplate":"https:\/\/blogdofarnesio.com.br\/?s={search_term_string}"},"query-input":{"@type":"PropertyValueSpecification","valueRequired":true,"valueName":"search_term_string"}}],"inLanguage":"pt-BR"},{"@type":"Organization","@id":"https:\/\/blogdofarnesio.com.br\/#organization","name":"Blog do Farn\u00e9sio","url":"https:\/\/blogdofarnesio.com.br\/","logo":{"@type":"ImageObject","inLanguage":"pt-BR","@id":"https:\/\/blogdofarnesio.com.br\/#\/schema\/logo\/image\/","url":"https:\/\/blogdofarnesio.com.br\/wp-content\/uploads\/2026\/03\/cropped-logo_new-1.png","contentUrl":"https:\/\/blogdofarnesio.com.br\/wp-content\/uploads\/2026\/03\/cropped-logo_new-1.png","width":881,"height":685,"caption":"Blog do Farn\u00e9sio"},"image":{"@id":"https:\/\/blogdofarnesio.com.br\/#\/schema\/logo\/image\/"},"sameAs":["https:\/\/www.facebook.com\/BlogQuerSaberPolitica\/"]},{"@type":"Person","@id":"https:\/\/blogdofarnesio.com.br\/#\/schema\/person\/dd1bf5eba40b687199ba45ca6b97dff9","name":"teste","image":{"@type":"ImageObject","inLanguage":"pt-BR","@id":"https:\/\/secure.gravatar.com\/avatar\/2172498d4914b51e1d89a0f97957b035ac4938723a5cac208135d389b6972a6d?s=96&d=mm&r=g","url":"https:\/\/secure.gravatar.com\/avatar\/2172498d4914b51e1d89a0f97957b035ac4938723a5cac208135d389b6972a6d?s=96&d=mm&r=g","contentUrl":"https:\/\/secure.gravatar.com\/avatar\/2172498d4914b51e1d89a0f97957b035ac4938723a5cac208135d389b6972a6d?s=96&d=mm&r=g","caption":"teste"},"url":"https:\/\/blogdofarnesio.com.br\/?author=3"}]}},"_links":{"self":[{"href":"https:\/\/blogdofarnesio.com.br\/index.php?rest_route=\/wp\/v2\/posts\/134098","targetHints":{"allow":["GET"]}}],"collection":[{"href":"https:\/\/blogdofarnesio.com.br\/index.php?rest_route=\/wp\/v2\/posts"}],"about":[{"href":"https:\/\/blogdofarnesio.com.br\/index.php?rest_route=\/wp\/v2\/types\/post"}],"author":[{"embeddable":true,"href":"https:\/\/blogdofarnesio.com.br\/index.php?rest_route=\/wp\/v2\/users\/3"}],"replies":[{"embeddable":true,"href":"https:\/\/blogdofarnesio.com.br\/index.php?rest_route=%2Fwp%2Fv2%2Fcomments&post=134098"}],"version-history":[{"count":0,"href":"https:\/\/blogdofarnesio.com.br\/index.php?rest_route=\/wp\/v2\/posts\/134098\/revisions"}],"wp:attachment":[{"href":"https:\/\/blogdofarnesio.com.br\/index.php?rest_route=%2Fwp%2Fv2%2Fmedia&parent=134098"}],"wp:term":[{"taxonomy":"category","embeddable":true,"href":"https:\/\/blogdofarnesio.com.br\/index.php?rest_route=%2Fwp%2Fv2%2Fcategories&post=134098"},{"taxonomy":"post_tag","embeddable":true,"href":"https:\/\/blogdofarnesio.com.br\/index.php?rest_route=%2Fwp%2Fv2%2Ftags&post=134098"}],"curies":[{"name":"wp","href":"https:\/\/api.w.org\/{rel}","templated":true}]}}