{"id":134088,"date":"2015-12-04T15:40:54","date_gmt":"2015-12-04T18:40:54","guid":{"rendered":"http:\/\/www.quersaberpolitica.com.br\/?p=134088"},"modified":"2015-12-04T11:35:29","modified_gmt":"2015-12-04T14:35:29","slug":"petrolina-ja-comeca-a-exibir-sua-decoracao-de-natal","status":"publish","type":"post","link":"https:\/\/blogdofarnesio.com.br\/?p=134088","title":{"rendered":"PETROLINA J\u00c1 COME\u00c7A A EXIBIR SUA DECORA\u00c7\u00c3O DE NATAL"},"content":{"rendered":"<p style=\"text-align: justify\"><a href=\"http:\/\/www.quersaberpolitica.com.br\/2016\/wp-content\/uploads\/2015\/12\/blogqsp-ilumina\u00e7\u00e3o-natal-2015-petrolina.jpg\"><img loading=\"lazy\" decoding=\"async\" class=\" size-medium wp-image-134089 aligncenter\" src=\"http:\/\/www.quersaberpolitica.com.br\/2016\/wp-content\/uploads\/2015\/12\/blogqsp-ilumina\u00e7\u00e3o-natal-2015-petrolina-280x300.jpg\" alt=\"blogqsp-ilumina\u00e7\u00e3o natal 2015-petrolina\" width=\"280\" height=\"300\" srcset=\"https:\/\/blogdofarnesio.com.br\/wp-content\/uploads\/2015\/12\/blogqsp-ilumina\u00e7\u00e3o-natal-2015-petrolina-280x300.jpg 280w, https:\/\/blogdofarnesio.com.br\/wp-content\/uploads\/2015\/12\/blogqsp-ilumina\u00e7\u00e3o-natal-2015-petrolina.jpg 336w\" sizes=\"auto, (max-width: 280px) 100vw, 280px\" \/><\/a><\/p>\n<p style=\"text-align: justify\">A Prefeitura de Petrolina est\u00e1 com 80% da montagem do projeto de ilumina\u00e7\u00e3o natalina que vai ornamentar a cidade durante mais de 30 dias conclu\u00eddo. Uma das novidades \u00e9 que grande parte do \u00a0material usado para a decora\u00e7\u00e3o do ano passado foi restaurado, permitindo que a Secretaria de Infraestrutura respons\u00e1vel pela execu\u00e7\u00e3o do projeto, amplie as \u00e1reas que ser\u00e3o adornadas neste ano. Al\u00e9m, claro, de gerar economia para os cofres do Munic\u00edpio.<\/p>\n<p style=\"text-align: justify\">A \u00a0decora\u00e7\u00e3o produzida pela Prefeitura j\u00e1 chegou \u00a0no Aeroporto Senador Nilo Coelho e na Pra\u00e7a Maria Auxiliadora.\u00a0 Receberam \u00a0tamb\u00e9m a decora\u00e7\u00e3o especial do Natal, Parque Municipal Josefa Coelho, Pr\u00e9dio da Prefeitura, Igreja Matriz, Pra\u00e7a Dom Malan, Monumento da Integra\u00e7\u00e3o e Orla Fluvial. Outros pontos tradicionais da cidade continuar\u00e3o recebendo a ornamenta\u00e7\u00e3o alusiva ao per\u00edodo. As luzes do Natal j\u00e1 come\u00e7aram a brilhar em algumas avenidas, como a Avenida 7 de Setembro e a Avenida Souza Filho, e a expectativa \u00e9 que a decora\u00e7\u00e3o dos cen\u00e1rios esteja 100% pronta dia 10 de dezembro.<\/p>\n<p style=\"text-align: justify\">Ainda durante o per\u00edodo natalino, a cidade ter\u00e1 cinco grandes \u00e1rvores. A primeira delas, localizada na Orla, as outras quatro \u00e1rvores foram distribu\u00eddas em lugares estrat\u00e9gicos, tais como, Parque Josefa Coelho, Avenida Souza Filho, Trevo da Avenida 7 de Setembro e Aeroporto. Foram usadas toneladas de cabos de tipo LED para montar a estrutura de ilumina\u00e7\u00e3o.<\/p>\n<p style=\"text-align: justify\">Para o prefeito Julio Lossio, a Prefeitura est\u00e1 trabalhando para que o Natal seja especial \u00a0para os petrolinenses. \u00a0\u201cA atmosfera de luz e cores que toma conta da cidade durante o per\u00edodo natalino vai contribuir para o aquecimento da economia do com\u00e9rcio local, al\u00e9m de levar \u00e0 comunidade todos os sentimentos natalinos, de esperan\u00e7a, f\u00e9 e de cren\u00e7a em um futuro promissor. N\u00f3s como Administra\u00e7\u00e3o vamos continuar trabalhando para oferecer mais qualidade de vida para todos\u201d, concluiu.<\/p>\n<p>Texto: Janaina Paiva<\/p>\n","protected":false},"excerpt":{"rendered":"<p>A Prefeitura de Petrolina est\u00e1 com 80% da montagem do projeto de ilumina\u00e7\u00e3o natalina que vai ornamentar a cidade durante mais de 30 dias conclu\u00eddo. Uma das novidades \u00e9 que grande parte do \u00a0material usado para a decora\u00e7\u00e3o do ano passado foi restaurado, permitindo que a Secretaria de Infraestrutura respons\u00e1vel pela execu\u00e7\u00e3o do projeto, amplie as \u00e1reas que ser\u00e3o adornadas neste ano. Al\u00e9m, claro, de gerar economia para os cofres do Munic\u00edpio. A \u00a0decora\u00e7\u00e3o produzida pela Prefeitura j\u00e1 chegou \u00a0no Aeroporto Senador Nilo Coelho e na Pra\u00e7a Maria Auxiliadora.\u00a0 Receberam \u00a0tamb\u00e9m a decora\u00e7\u00e3o especial do Natal, Parque Municipal Josefa Coelho, Pr\u00e9dio da Prefeitura, Igreja Matriz, Pra\u00e7a Dom Malan, Monumento da Integra\u00e7\u00e3o e Orla Fluvial. Outros pontos tradicionais da cidade continuar\u00e3o&hellip; <\/p>\n","protected":false},"author":7,"featured_media":0,"comment_status":"open","ping_status":"open","sticky":false,"template":"","format":"standard","meta":{"_acf_changed":false,"footnotes":""},"categories":[1],"tags":[],"class_list":["post-134088","post","type-post","status-publish","format-standard","hentry","category-politica"],"acf":[],"yoast_head":"<!-- This site is optimized with the Yoast SEO plugin v27.4 - https:\/\/yoast.com\/product\/yoast-seo-wordpress\/ -->\n<title>PETROLINA J\u00c1 COME\u00c7A A EXIBIR SUA DECORA\u00c7\u00c3O DE NATAL - Blog do Farn\u00e9sio<\/title>\n<meta name=\"robots\" content=\"index, follow, max-snippet:-1, max-image-preview:large, max-video-preview:-1\" \/>\n<link rel=\"canonical\" href=\"https:\/\/blogdofarnesio.com.br\/?p=134088\" \/>\n<meta property=\"og:locale\" content=\"pt_BR\" \/>\n<meta property=\"og:type\" content=\"article\" \/>\n<meta property=\"og:title\" content=\"PETROLINA J\u00c1 COME\u00c7A A EXIBIR SUA DECORA\u00c7\u00c3O DE NATAL - Blog do Farn\u00e9sio\" \/>\n<meta property=\"og:description\" content=\"A Prefeitura de Petrolina est\u00e1 com 80% da montagem do projeto de ilumina\u00e7\u00e3o natalina que vai ornamentar a cidade durante mais de 30 dias conclu\u00eddo. Uma das novidades \u00e9 que grande parte do \u00a0material usado para a decora\u00e7\u00e3o do ano passado foi restaurado, permitindo que a Secretaria de Infraestrutura respons\u00e1vel pela execu\u00e7\u00e3o do projeto, amplie as \u00e1reas que ser\u00e3o adornadas neste ano. Al\u00e9m, claro, de gerar economia para os cofres do Munic\u00edpio. A \u00a0decora\u00e7\u00e3o produzida pela Prefeitura j\u00e1 chegou \u00a0no Aeroporto Senador Nilo Coelho e na Pra\u00e7a Maria Auxiliadora.\u00a0 Receberam \u00a0tamb\u00e9m a decora\u00e7\u00e3o especial do Natal, Parque Municipal Josefa Coelho, Pr\u00e9dio da Prefeitura, Igreja Matriz, Pra\u00e7a Dom Malan, Monumento da Integra\u00e7\u00e3o e Orla Fluvial. Outros pontos tradicionais da cidade continuar\u00e3o&hellip;\" \/>\n<meta property=\"og:url\" content=\"https:\/\/blogdofarnesio.com.br\/?p=134088\" \/>\n<meta property=\"og:site_name\" content=\"Blog do Farn\u00e9sio\" \/>\n<meta property=\"article:publisher\" content=\"https:\/\/www.facebook.com\/BlogQuerSaberPolitica\/\" \/>\n<meta property=\"article:published_time\" content=\"2015-12-04T18:40:54+00:00\" \/>\n<meta name=\"twitter:card\" content=\"summary_large_image\" \/>\n<meta name=\"twitter:label1\" content=\"Escrito por\" \/>\n\t<meta name=\"twitter:data1\" content=\"\" \/>\n\t<meta name=\"twitter:label2\" content=\"Est. tempo de leitura\" \/>\n\t<meta name=\"twitter:data2\" content=\"2 minutos\" \/>\n<script type=\"application\/ld+json\" class=\"yoast-schema-graph\">{\"@context\":\"https:\\\/\\\/schema.org\",\"@graph\":[{\"@type\":\"Article\",\"@id\":\"https:\\\/\\\/blogdofarnesio.com.br\\\/?p=134088#article\",\"isPartOf\":{\"@id\":\"https:\\\/\\\/blogdofarnesio.com.br\\\/?p=134088\"},\"author\":{\"name\":\"\",\"@id\":\"\"},\"headline\":\"PETROLINA J\u00c1 COME\u00c7A A EXIBIR SUA DECORA\u00c7\u00c3O DE NATAL\",\"datePublished\":\"2015-12-04T18:40:54+00:00\",\"mainEntityOfPage\":{\"@id\":\"https:\\\/\\\/blogdofarnesio.com.br\\\/?p=134088\"},\"wordCount\":334,\"commentCount\":0,\"publisher\":{\"@id\":\"https:\\\/\\\/blogdofarnesio.com.br\\\/#organization\"},\"articleSection\":[\"Pol\u00edtica\"],\"inLanguage\":\"pt-BR\",\"potentialAction\":[{\"@type\":\"CommentAction\",\"name\":\"Comment\",\"target\":[\"https:\\\/\\\/blogdofarnesio.com.br\\\/?p=134088#respond\"]}]},{\"@type\":\"WebPage\",\"@id\":\"https:\\\/\\\/blogdofarnesio.com.br\\\/?p=134088\",\"url\":\"https:\\\/\\\/blogdofarnesio.com.br\\\/?p=134088\",\"name\":\"PETROLINA J\u00c1 COME\u00c7A A EXIBIR SUA DECORA\u00c7\u00c3O DE NATAL - Blog do Farn\u00e9sio\",\"isPartOf\":{\"@id\":\"https:\\\/\\\/blogdofarnesio.com.br\\\/#website\"},\"datePublished\":\"2015-12-04T18:40:54+00:00\",\"breadcrumb\":{\"@id\":\"https:\\\/\\\/blogdofarnesio.com.br\\\/?p=134088#breadcrumb\"},\"inLanguage\":\"pt-BR\",\"potentialAction\":[{\"@type\":\"ReadAction\",\"target\":[\"https:\\\/\\\/blogdofarnesio.com.br\\\/?p=134088\"]}]},{\"@type\":\"BreadcrumbList\",\"@id\":\"https:\\\/\\\/blogdofarnesio.com.br\\\/?p=134088#breadcrumb\",\"itemListElement\":[{\"@type\":\"ListItem\",\"position\":1,\"name\":\"In\u00edcio\",\"item\":\"https:\\\/\\\/blogdofarnesio.com.br\\\/\"},{\"@type\":\"ListItem\",\"position\":2,\"name\":\"PETROLINA J\u00c1 COME\u00c7A A EXIBIR SUA DECORA\u00c7\u00c3O DE NATAL\"}]},{\"@type\":\"WebSite\",\"@id\":\"https:\\\/\\\/blogdofarnesio.com.br\\\/#website\",\"url\":\"https:\\\/\\\/blogdofarnesio.com.br\\\/\",\"name\":\"Blog do Farn\u00e9sio\",\"description\":\"Quer Saber Pol\u00edtica?\",\"publisher\":{\"@id\":\"https:\\\/\\\/blogdofarnesio.com.br\\\/#organization\"},\"potentialAction\":[{\"@type\":\"SearchAction\",\"target\":{\"@type\":\"EntryPoint\",\"urlTemplate\":\"https:\\\/\\\/blogdofarnesio.com.br\\\/?s={search_term_string}\"},\"query-input\":{\"@type\":\"PropertyValueSpecification\",\"valueRequired\":true,\"valueName\":\"search_term_string\"}}],\"inLanguage\":\"pt-BR\"},{\"@type\":\"Organization\",\"@id\":\"https:\\\/\\\/blogdofarnesio.com.br\\\/#organization\",\"name\":\"Blog do Farn\u00e9sio\",\"url\":\"https:\\\/\\\/blogdofarnesio.com.br\\\/\",\"logo\":{\"@type\":\"ImageObject\",\"inLanguage\":\"pt-BR\",\"@id\":\"https:\\\/\\\/blogdofarnesio.com.br\\\/#\\\/schema\\\/logo\\\/image\\\/\",\"url\":\"https:\\\/\\\/blogdofarnesio.com.br\\\/wp-content\\\/uploads\\\/2026\\\/03\\\/cropped-logo_new-1.png\",\"contentUrl\":\"https:\\\/\\\/blogdofarnesio.com.br\\\/wp-content\\\/uploads\\\/2026\\\/03\\\/cropped-logo_new-1.png\",\"width\":881,\"height\":685,\"caption\":\"Blog do Farn\u00e9sio\"},\"image\":{\"@id\":\"https:\\\/\\\/blogdofarnesio.com.br\\\/#\\\/schema\\\/logo\\\/image\\\/\"},\"sameAs\":[\"https:\\\/\\\/www.facebook.com\\\/BlogQuerSaberPolitica\\\/\"]},{\"@type\":\"Person\",\"@id\":\"\",\"url\":\"https:\\\/\\\/blogdofarnesio.com.br\\\/?author=7\"}]}<\/script>\n<!-- \/ Yoast SEO plugin. -->","yoast_head_json":{"title":"PETROLINA J\u00c1 COME\u00c7A A EXIBIR SUA DECORA\u00c7\u00c3O DE NATAL - Blog do Farn\u00e9sio","robots":{"index":"index","follow":"follow","max-snippet":"max-snippet:-1","max-image-preview":"max-image-preview:large","max-video-preview":"max-video-preview:-1"},"canonical":"https:\/\/blogdofarnesio.com.br\/?p=134088","og_locale":"pt_BR","og_type":"article","og_title":"PETROLINA J\u00c1 COME\u00c7A A EXIBIR SUA DECORA\u00c7\u00c3O DE NATAL - Blog do Farn\u00e9sio","og_description":"A Prefeitura de Petrolina est\u00e1 com 80% da montagem do projeto de ilumina\u00e7\u00e3o natalina que vai ornamentar a cidade durante mais de 30 dias conclu\u00eddo. Uma das novidades \u00e9 que grande parte do \u00a0material usado para a decora\u00e7\u00e3o do ano passado foi restaurado, permitindo que a Secretaria de Infraestrutura respons\u00e1vel pela execu\u00e7\u00e3o do projeto, amplie as \u00e1reas que ser\u00e3o adornadas neste ano. Al\u00e9m, claro, de gerar economia para os cofres do Munic\u00edpio. A \u00a0decora\u00e7\u00e3o produzida pela Prefeitura j\u00e1 chegou \u00a0no Aeroporto Senador Nilo Coelho e na Pra\u00e7a Maria Auxiliadora.\u00a0 Receberam \u00a0tamb\u00e9m a decora\u00e7\u00e3o especial do Natal, Parque Municipal Josefa Coelho, Pr\u00e9dio da Prefeitura, Igreja Matriz, Pra\u00e7a Dom Malan, Monumento da Integra\u00e7\u00e3o e Orla Fluvial. Outros pontos tradicionais da cidade continuar\u00e3o&hellip;","og_url":"https:\/\/blogdofarnesio.com.br\/?p=134088","og_site_name":"Blog do Farn\u00e9sio","article_publisher":"https:\/\/www.facebook.com\/BlogQuerSaberPolitica\/","article_published_time":"2015-12-04T18:40:54+00:00","twitter_card":"summary_large_image","twitter_misc":{"Escrito por":"","Est. tempo de leitura":"2 minutos"},"schema":{"@context":"https:\/\/schema.org","@graph":[{"@type":"Article","@id":"https:\/\/blogdofarnesio.com.br\/?p=134088#article","isPartOf":{"@id":"https:\/\/blogdofarnesio.com.br\/?p=134088"},"author":{"name":"","@id":""},"headline":"PETROLINA J\u00c1 COME\u00c7A A EXIBIR SUA DECORA\u00c7\u00c3O DE NATAL","datePublished":"2015-12-04T18:40:54+00:00","mainEntityOfPage":{"@id":"https:\/\/blogdofarnesio.com.br\/?p=134088"},"wordCount":334,"commentCount":0,"publisher":{"@id":"https:\/\/blogdofarnesio.com.br\/#organization"},"articleSection":["Pol\u00edtica"],"inLanguage":"pt-BR","potentialAction":[{"@type":"CommentAction","name":"Comment","target":["https:\/\/blogdofarnesio.com.br\/?p=134088#respond"]}]},{"@type":"WebPage","@id":"https:\/\/blogdofarnesio.com.br\/?p=134088","url":"https:\/\/blogdofarnesio.com.br\/?p=134088","name":"PETROLINA J\u00c1 COME\u00c7A A EXIBIR SUA DECORA\u00c7\u00c3O DE NATAL - Blog do Farn\u00e9sio","isPartOf":{"@id":"https:\/\/blogdofarnesio.com.br\/#website"},"datePublished":"2015-12-04T18:40:54+00:00","breadcrumb":{"@id":"https:\/\/blogdofarnesio.com.br\/?p=134088#breadcrumb"},"inLanguage":"pt-BR","potentialAction":[{"@type":"ReadAction","target":["https:\/\/blogdofarnesio.com.br\/?p=134088"]}]},{"@type":"BreadcrumbList","@id":"https:\/\/blogdofarnesio.com.br\/?p=134088#breadcrumb","itemListElement":[{"@type":"ListItem","position":1,"name":"In\u00edcio","item":"https:\/\/blogdofarnesio.com.br\/"},{"@type":"ListItem","position":2,"name":"PETROLINA J\u00c1 COME\u00c7A A EXIBIR SUA DECORA\u00c7\u00c3O DE NATAL"}]},{"@type":"WebSite","@id":"https:\/\/blogdofarnesio.com.br\/#website","url":"https:\/\/blogdofarnesio.com.br\/","name":"Blog do Farn\u00e9sio","description":"Quer Saber Pol\u00edtica?","publisher":{"@id":"https:\/\/blogdofarnesio.com.br\/#organization"},"potentialAction":[{"@type":"SearchAction","target":{"@type":"EntryPoint","urlTemplate":"https:\/\/blogdofarnesio.com.br\/?s={search_term_string}"},"query-input":{"@type":"PropertyValueSpecification","valueRequired":true,"valueName":"search_term_string"}}],"inLanguage":"pt-BR"},{"@type":"Organization","@id":"https:\/\/blogdofarnesio.com.br\/#organization","name":"Blog do Farn\u00e9sio","url":"https:\/\/blogdofarnesio.com.br\/","logo":{"@type":"ImageObject","inLanguage":"pt-BR","@id":"https:\/\/blogdofarnesio.com.br\/#\/schema\/logo\/image\/","url":"https:\/\/blogdofarnesio.com.br\/wp-content\/uploads\/2026\/03\/cropped-logo_new-1.png","contentUrl":"https:\/\/blogdofarnesio.com.br\/wp-content\/uploads\/2026\/03\/cropped-logo_new-1.png","width":881,"height":685,"caption":"Blog do Farn\u00e9sio"},"image":{"@id":"https:\/\/blogdofarnesio.com.br\/#\/schema\/logo\/image\/"},"sameAs":["https:\/\/www.facebook.com\/BlogQuerSaberPolitica\/"]},{"@type":"Person","@id":"","url":"https:\/\/blogdofarnesio.com.br\/?author=7"}]}},"_links":{"self":[{"href":"https:\/\/blogdofarnesio.com.br\/index.php?rest_route=\/wp\/v2\/posts\/134088","targetHints":{"allow":["GET"]}}],"collection":[{"href":"https:\/\/blogdofarnesio.com.br\/index.php?rest_route=\/wp\/v2\/posts"}],"about":[{"href":"https:\/\/blogdofarnesio.com.br\/index.php?rest_route=\/wp\/v2\/types\/post"}],"author":[{"embeddable":true,"href":"https:\/\/blogdofarnesio.com.br\/index.php?rest_route=\/wp\/v2\/users\/7"}],"replies":[{"embeddable":true,"href":"https:\/\/blogdofarnesio.com.br\/index.php?rest_route=%2Fwp%2Fv2%2Fcomments&post=134088"}],"version-history":[{"count":0,"href":"https:\/\/blogdofarnesio.com.br\/index.php?rest_route=\/wp\/v2\/posts\/134088\/revisions"}],"wp:attachment":[{"href":"https:\/\/blogdofarnesio.com.br\/index.php?rest_route=%2Fwp%2Fv2%2Fmedia&parent=134088"}],"wp:term":[{"taxonomy":"category","embeddable":true,"href":"https:\/\/blogdofarnesio.com.br\/index.php?rest_route=%2Fwp%2Fv2%2Fcategories&post=134088"},{"taxonomy":"post_tag","embeddable":true,"href":"https:\/\/blogdofarnesio.com.br\/index.php?rest_route=%2Fwp%2Fv2%2Ftags&post=134088"}],"curies":[{"name":"wp","href":"https:\/\/api.w.org\/{rel}","templated":true}]}}