{"id":134086,"date":"2015-12-04T16:20:27","date_gmt":"2015-12-04T19:20:27","guid":{"rendered":"http:\/\/www.quersaberpolitica.com.br\/?p=134086"},"modified":"2015-12-04T12:13:20","modified_gmt":"2015-12-04T15:13:20","slug":"codevasf-de-juazeiro-desenvolve-agenda-positiva-na-regiao","status":"publish","type":"post","link":"https:\/\/blogdofarnesio.com.br\/?p=134086","title":{"rendered":"CODEVASF DE JUAZEIRO DESENVOLVE AGENDA POSITIVA NA REGI\u00c3O"},"content":{"rendered":"<p style=\"text-align: justify\"><a href=\"http:\/\/www.quersaberpolitica.com.br\/2016\/wp-content\/uploads\/2015\/12\/blogqsp-josehailton-Visita-Salitre.jpg\"><img loading=\"lazy\" decoding=\"async\" class=\" wp-image-134087 aligncenter\" src=\"http:\/\/www.quersaberpolitica.com.br\/2016\/wp-content\/uploads\/2015\/12\/blogqsp-josehailton-Visita-Salitre-300x200.jpg\" alt=\"blogqsp-josehailton-Visita Salitre\" width=\"400\" height=\"266\" srcset=\"https:\/\/blogdofarnesio.com.br\/wp-content\/uploads\/2015\/12\/blogqsp-josehailton-Visita-Salitre-300x200.jpg 300w, https:\/\/blogdofarnesio.com.br\/wp-content\/uploads\/2015\/12\/blogqsp-josehailton-Visita-Salitre.jpg 448w\" sizes=\"auto, (max-width: 400px) 100vw, 400px\" \/><\/a><\/p>\n<p style=\"text-align: justify\">Desde que foi empossado superintendente regional da Codevasf em Juazeiro(BA), em 16 de outubro deste ano, o administrador e funcion\u00e1rio p\u00fablico estadual, Jos\u00e9 Hailton Carneiro de Oliveira, tem recebido em seu gabinete representantes de entidades civis e militares, associa\u00e7\u00f5es de produtores e entidades de classe, t\u00e9cnicos de outras institui\u00e7\u00f5es regionais, estaduais e federais e prefeitos e vereadores de v\u00e1rias cidades circunvizinhas.<\/p>\n<p style=\"text-align: justify\">Entre os motivos est\u00e3o visitas de cortesia e boas vindas, planejamento da retomada de a\u00e7\u00f5es emergenciais de abastecimento de \u00e1gua no interior de v\u00e1rios munic\u00edpios do norte baiano, an\u00e1lise da situa\u00e7\u00e3o h\u00eddrica local, principalmente nos per\u00edmetros de irriga\u00e7\u00e3o atendidos pela companhia, apresenta\u00e7\u00e3o de projetos e solicita\u00e7\u00f5es de demandas agr\u00edcolas, quest\u00f5es fundi\u00e1rias ligadas aos n\u00facleos habitacionais nos per\u00edmetros irrigados, solicita\u00e7\u00e3o ou entrega de m\u00e1quinas e equipamentos agr\u00edcolas, entre outros.<\/p>\n<p style=\"text-align: justify\">Mas o superintendente Jos\u00e9 Hailton n\u00e3o tem ficado s\u00f3 em seu gabinete. Toda semana, sempre que poss\u00edvel, ele reserva em sua agenda de compromissos um espa\u00e7o para conhecer os per\u00edmetros de irriga\u00e7\u00e3o, e discutir pessoalmente com os produtores as principais demandas e dificuldades pr\u00f3prias de cada \u00e1rea agr\u00edcola assistida pela Codevasf na regi\u00e3o. Muitas dessas demandas s\u00e3o enviadas a Bras\u00edlia (DF), ao presidente da companhia, Felipe Mendes e ao diretor da \u00c1rea de Gest\u00e3o de Empreendimentos de Irriga\u00e7\u00e3o, Lu\u00eds Napole\u00e3o Casado Arnaud Neto, o qual j\u00e1 esteve v\u00e1rias vezes na regi\u00e3o norte da Bahia para tratar de assuntos como a aquisi\u00e7\u00e3o de flutuantes, renegocia\u00e7\u00e3o de d\u00edvidas e pagamento de empresas prestadoras de servi\u00e7os e entrega de projetos parcelares de irriga\u00e7\u00e3o para agricultores de Petrolina e Juazeiro.<\/p>\n<p style=\"text-align: justify\"><!--more--><\/p>\n<p style=\"text-align: justify\"><strong>Sento S\u00e9<\/strong><\/p>\n<p style=\"text-align: justify\">Problemas no abastecimento de \u00e1gua na sede e no interior do munic\u00edpio de Sento S\u00e9 trouxeram \u00e0 Codevasf de Juazeiro uma comitiva formada pelo Secretario de Agricultura Catarino Reis, representantes de produtores rurais e o vice-prefeito Manoel da Paix\u00e3o dos Santos Reis.<\/p>\n<p style=\"text-align: justify\">O munic\u00edpio possui tr\u00eas per\u00edmetros irrigados implantados pelo governo do estado; Pascoal-Limoeiro, Tombador de Cima e Tapera, e segundo os pequenos produtores, com a estiagem, o recuo da margem do lago artificial da barragem de Sobradinho vem provocando enormes preju\u00edzos \u00e0s planta\u00e7\u00f5es e elevando de forma significativa os custos na produ\u00e7\u00e3o de frutas, gerando desemprego e causando preju\u00edzos.<\/p>\n<p style=\"text-align: justify\">Segundo o irrigante Jos\u00e9 Vieira da Silva, da Fazenda \u00c1gua Santa, na localidade de Riacho dos Paes, a situa\u00e7\u00e3o s\u00f3 n\u00e3o \u00e9 mais cr\u00edtica, porque eles conseguiram perfurar alguns po\u00e7os, que est\u00e3o mantendo uma parte da produ\u00e7\u00e3o de uvas, mas ele foi obrigado a reduzir a \u00e1rea plantada e demitir os poucos trabalhadores que havia contratado.<\/p>\n<p style=\"text-align: justify\">Para Edison William de Castro Paes Landim, representante da Associa\u00e7\u00e3o dos Pescadores e Agricultores de Riacho dos Paes, \u201ca sa\u00edda emergencial para salvar as planta\u00e7\u00f5es e o agroneg\u00f3cio nas barrancas do Velho Chico \u00e9 a constru\u00e7\u00e3o de barragens e tamb\u00e9m de canais de aproxima\u00e7\u00e3o para levar a \u00e1gua do lago de Sobradinho aos pontos mais extremos dos nossos per\u00edmetros irrigados\u201d.<\/p>\n<p style=\"text-align: justify\">O superintendente Jos\u00e9 Hailton encaminhou os pleitos dos agricultores para a Ger\u00eancia Regional de Revitaliza\u00e7\u00e3o, que possui as unidades de Desenvolvimento Territorial, Meio Ambiente e Empreendimentos S\u00f3cioambientais, onde ser\u00e3o analisadas as propostas.<\/p>\n<p style=\"text-align: justify\"><strong>Jaguarari<\/strong><\/p>\n<p style=\"text-align: justify\">O prefeito de Jaguarari, Ant\u00f4nio Ferreira do Nascimento, esteve na Codevasf de Juazeiro para acompanhar o andamento de uma demanda para o munic\u00edpio. O Gestor havia solicitado a aquisi\u00e7\u00e3o de um rolo compactador, que foi adquirido com recursos de emenda parlamentar, e estava aguardando a apresenta\u00e7\u00e3o de toda a documenta\u00e7\u00e3o necess\u00e1ria para a doa\u00e7\u00e3o.<\/p>\n<p style=\"text-align: justify\">Segundo o prefeito, \u201co munic\u00edpio tem uma \u00e1rea muito grande, s\u00e3o aproximadamente 2.758 Km\u00b2 cobertos por muitas estradas vicinais, e n\u00f3s precisamos melhorar as condi\u00e7\u00f5es dessas vias. Com o patrolamento a situa\u00e7\u00e3o melhora, mas com o tempo, com o dia a dia, essas estradas ficam ruins rapidamente, e com essa m\u00e1quina n\u00f3s poderemos compactar o cascalho e melhorar sensivelmente as condi\u00e7\u00f5es delas por mais tempo\u201d.<\/p>\n<p style=\"text-align: justify\">Toda a documenta\u00e7\u00e3o foi apresentada pelo prefeito, e o processo de doa\u00e7\u00e3o j\u00e1 est\u00e1 em Bras\u00edlia, para ser autorizada pelo presidente Felipe Mendes.<\/p>\n<p style=\"text-align: justify\"><strong>Distritos de Irriga\u00e7\u00e3o<\/strong><\/p>\n<p style=\"text-align: justify\">O superintendente Jos\u00e9 Hailton tamb\u00e9m recebeu a visita de uma comiss\u00e3o formada pelos representantes dos distritos de irriga\u00e7\u00e3o de Mandacaru (DIMAND), Jos\u00e9 Vanderlan, de Cura\u00e7\u00e1 (UPROPIC), Ant\u00f4nio Lopes da Silva, de Mani\u00e7oba (DIM), Abenor Mota da Silva, e outros agricultores integrantes desses distritos. O objetivo, segundo o produtor Josival Nascimento Pereira, \u201cfoi saber como est\u00e1 o andamento da aquisi\u00e7\u00e3o dos sistemas flutuantes para capta\u00e7\u00e3o emergencial de \u00e1gua para os per\u00edmetros de irriga\u00e7\u00e3o na nossa regi\u00e3o, que diante da crise h\u00eddrica, tem causado ansiedade em todos n\u00f3s dos per\u00edmetros irrigados. Aproveitamos tamb\u00e9m para discutir a possibilidade de renegocia\u00e7\u00e3o do K1 (tarifa de \u00e1gua paga pelos produtores), e das despesas com titula\u00e7\u00e3o dos lotes agr\u00edcolas\u201d.<\/p>\n<p style=\"text-align: justify\">A melhoria e implanta\u00e7\u00e3o de estradas vicinais tamb\u00e9m foram discutidas, al\u00e9m da situa\u00e7\u00e3o de terrenos urbanos dentro dos per\u00edmetros cujos servi\u00e7os de topografia j\u00e1 est\u00e3o sendo realizados pela Codevasf, e ap\u00f3s a conclus\u00e3o, ser\u00e1 feita a Licita\u00e7\u00e3o P\u00fablica para ocupa\u00e7\u00e3o desses espa\u00e7os, formando novas agrovilas.<\/p>\n<p style=\"text-align: justify\">Josival, assim como os demais produtores, afirma que \u201ccom a crise h\u00eddrica, muitos irrigantes deixaram de plantar novas culturas, prejudicando dessa maneira o aumento de nossas \u00e1reas e a nossa produ\u00e7\u00e3o, e isso tem nos preocupado muito, por isso viemos at\u00e9 a Codevasf\u201d.<\/p>\n<p style=\"text-align: justify\"><strong>Per\u00edmetro Irrigado Salitre<\/strong><\/p>\n<p style=\"text-align: justify\">Para conhecer a atual situa\u00e7\u00e3o do Salitre, o superintendente Jos\u00e9 Hailton fez uma visita no in\u00edcio deste m\u00eas a esse per\u00edmetro irrigado, onde participou de uma apresenta\u00e7\u00e3o ministrada pelos t\u00e9cnicos da Codevasf, respons\u00e1veis pela fiscaliza\u00e7\u00e3o e acompanhamento deste empreendimento agr\u00edcola.<\/p>\n<p style=\"text-align: justify\">Na oportunidade o gerente executivo da empresa GB, que presta servi\u00e7os de opera\u00e7\u00e3o e manuten\u00e7\u00e3o no Salitre, Cl\u00e1udio Matos, e o gerente de opera\u00e7\u00e3o e manuten\u00e7\u00e3o, M\u00e1rcio Siqueira, explicaram ao gestor como a empresa trabalha dentro do per\u00edmetro e quais as a\u00e7\u00f5es, previstas em contrato, s\u00e3o desempenhadas no dia a dia do Salitre. Na oportunidade Jos\u00e9 Hailton observou que \u201choje n\u00f3s trabalhamos mais tranq\u00fcilos aqui no Salitre, pois os contratos que at\u00e9 pouco tempo atr\u00e1s estavam atrasados, hoje est\u00e3o em dia, gra\u00e7as ao empenho do presidente Felipe Mendes\u201d.<\/p>\n<p style=\"text-align: justify\">O superintendente j\u00e1 fez visitas semelhantes aos per\u00edmetros irrigados de Mani\u00e7oba, Pedra Branca, Tour\u00e3o, Cura\u00e7\u00e1 e Rodelas, onde conheceu o funcionamento e as principais demandas de cada um desses empreendimentos agr\u00edcolas mantidos pela Codevasf.<\/p>\n<p style=\"text-align: justify\">No Salitre, Jos\u00e9 Hailton conheceu o reservat\u00f3rio de conten\u00e7\u00e3o 500 (RC500), considerado o pulm\u00e3o do per\u00edmetro. Ele possui 50 ha de l\u00e2mina de \u00e1gua, e acumula mais de tr\u00eas bilh\u00f5es de litros de \u00e1gua. Localizado no final da Etapa 1 do Salitre, a 99 metros de altura do ponto de capta\u00e7\u00e3o do per\u00edmetro, a RC 500 poder\u00e1 alimentar as demais etapas por gravidade, sem necessidade de bombeamento.<\/p>\n<p style=\"text-align: justify\"><strong>Parceria com institui\u00e7\u00f5es militares<\/strong><\/p>\n<p style=\"text-align: justify\">Representando o 9\u00ba Grupamento de Bombeiros Militares de Juazeiro, o comandante Tenente Coronel BM Anselmo Luiz Correia Leal e o subcomandante Major BM Jos\u00e9 Alberto Souza e Silva Junior visitaram o superintendente Jos\u00e9 Hailton para analisar a possibilidade de firmar parcerias de coopera\u00e7\u00e3o institucional, no sentido de promover a\u00e7\u00f5es em benef\u00edcio da comunidade regional. O comandante e o superintendente s\u00e3o conterr\u00e2neos da cidade de Santa Luz, no nordeste baiano, e a amizade j\u00e1 vem de longa data.<\/p>\n<p style=\"text-align: justify\">J\u00e1 na quinta-feira (3) o superintendente Jos\u00e9 Hailton foi convidado pelo comandante Geral da Pol\u00edcia Militar da Bahia, Coronel PM Anselmo Alves Brand\u00e3o, para participar da solenidade de conclus\u00e3o do Curso de Opera\u00e7\u00f5es Rurais, realizada no p\u00e1tio do 3\u00ba BPM. Esse curso, segundo a PMBA, tem como objetivo qualificar policiais ou militares para o planejamento, comando e execu\u00e7\u00e3o de opera\u00e7\u00f5es rurais, fomentando a cultura de especializa\u00e7\u00e3o para a atividade fim com suporte t\u00e9cnico e t\u00e1tico no combate a a\u00e7\u00f5es criminosas de grande vulto. Foram certificados 28 participantes vindos de v\u00e1rios locais do estado, que passaram por treinamentos nos munic\u00edpios de Barra do Tarrachil e Paulo Afonso.<\/p>\n<p style=\"text-align: justify\">Outra institui\u00e7\u00e3o militar que tem proximidade com a Codevasf \u00e9 a Marinha do Brasil. Na pr\u00f3xima quinta-feira (10), Jos\u00e9 Hailton vai receber, em nome da 6\u00aa superintend\u00eancia regional, a medalha \u201cAmigo da Marinha\u201d. A solenidade ser\u00e1 realizada na sede da Ag\u00eancia Fluvial de Juazeiro, a convite do agente fluvial, o capit\u00e3o-tenente Rafael Sanctos Paulucci. A honraria foi criada pela institui\u00e7\u00e3o em agosto de 1966, para distinguir personalidades civis, sem v\u00ednculo funcional com a Marinha do Brasil, militares de outras for\u00e7as, bem como institui\u00e7\u00f5es que se tenham empenhadas no trabalho de divulgar a mentalidade mar\u00edtima, no relacionamento com a Marinha do Brasil, na defesa dos interesses atinentes \u00e0 Marinha do Brasil e na divulga\u00e7\u00e3o da import\u00e2ncia do mar e dos rios para o pa\u00eds. Um dos objetivos dessa comenda \u00e9 agradecer aos engenheiros da Codevasf de Juazeiro a elabora\u00e7\u00e3o de um projeto b\u00e1sico para constru\u00e7\u00e3o de um pr\u00e9dio onde pode funcionar uma Capitania dos Portos, que poder\u00e1 ser um anexo ao lado da atual ag\u00eancia fluvial, no bairro Santo Ant\u00f4nio, no final da Orla II.<\/p>\n<p style=\"text-align: justify\"><em>Ascom<\/em><\/p>\n","protected":false},"excerpt":{"rendered":"<p>Desde que foi empossado superintendente regional da Codevasf em Juazeiro(BA), em 16 de outubro deste ano, o administrador e funcion\u00e1rio p\u00fablico estadual, Jos\u00e9 Hailton Carneiro de Oliveira, tem recebido em seu gabinete representantes de entidades civis e militares, associa\u00e7\u00f5es de produtores e entidades de classe, t\u00e9cnicos de outras institui\u00e7\u00f5es regionais, estaduais e federais e prefeitos e vereadores de v\u00e1rias cidades circunvizinhas. Entre os motivos est\u00e3o visitas de cortesia e boas vindas, planejamento da retomada de a\u00e7\u00f5es emergenciais de abastecimento de \u00e1gua no interior de v\u00e1rios munic\u00edpios do norte baiano, an\u00e1lise da situa\u00e7\u00e3o h\u00eddrica local, principalmente nos per\u00edmetros de irriga\u00e7\u00e3o atendidos pela companhia, apresenta\u00e7\u00e3o de projetos e solicita\u00e7\u00f5es de demandas agr\u00edcolas, quest\u00f5es fundi\u00e1rias ligadas aos n\u00facleos habitacionais nos per\u00edmetros irrigados, solicita\u00e7\u00e3o&hellip; <\/p>\n","protected":false},"author":7,"featured_media":0,"comment_status":"open","ping_status":"open","sticky":false,"template":"","format":"standard","meta":{"_acf_changed":false,"footnotes":""},"categories":[44],"tags":[],"class_list":["post-134086","post","type-post","status-publish","format-standard","hentry","category-administracao"],"acf":[],"yoast_head":"<!-- This site is optimized with the Yoast SEO plugin v27.4 - https:\/\/yoast.com\/product\/yoast-seo-wordpress\/ -->\n<title>CODEVASF DE JUAZEIRO DESENVOLVE AGENDA POSITIVA NA REGI\u00c3O - Blog do Farn\u00e9sio<\/title>\n<meta name=\"robots\" content=\"index, follow, max-snippet:-1, max-image-preview:large, max-video-preview:-1\" \/>\n<link rel=\"canonical\" href=\"https:\/\/blogdofarnesio.com.br\/?p=134086\" \/>\n<meta property=\"og:locale\" content=\"pt_BR\" \/>\n<meta property=\"og:type\" content=\"article\" \/>\n<meta property=\"og:title\" content=\"CODEVASF DE JUAZEIRO DESENVOLVE AGENDA POSITIVA NA REGI\u00c3O - Blog do Farn\u00e9sio\" \/>\n<meta property=\"og:description\" content=\"Desde que foi empossado superintendente regional da Codevasf em Juazeiro(BA), em 16 de outubro deste ano, o administrador e funcion\u00e1rio p\u00fablico estadual, Jos\u00e9 Hailton Carneiro de Oliveira, tem recebido em seu gabinete representantes de entidades civis e militares, associa\u00e7\u00f5es de produtores e entidades de classe, t\u00e9cnicos de outras institui\u00e7\u00f5es regionais, estaduais e federais e prefeitos e vereadores de v\u00e1rias cidades circunvizinhas. Entre os motivos est\u00e3o visitas de cortesia e boas vindas, planejamento da retomada de a\u00e7\u00f5es emergenciais de abastecimento de \u00e1gua no interior de v\u00e1rios munic\u00edpios do norte baiano, an\u00e1lise da situa\u00e7\u00e3o h\u00eddrica local, principalmente nos per\u00edmetros de irriga\u00e7\u00e3o atendidos pela companhia, apresenta\u00e7\u00e3o de projetos e solicita\u00e7\u00f5es de demandas agr\u00edcolas, quest\u00f5es fundi\u00e1rias ligadas aos n\u00facleos habitacionais nos per\u00edmetros irrigados, solicita\u00e7\u00e3o&hellip;\" \/>\n<meta property=\"og:url\" content=\"https:\/\/blogdofarnesio.com.br\/?p=134086\" \/>\n<meta property=\"og:site_name\" content=\"Blog do Farn\u00e9sio\" \/>\n<meta property=\"article:publisher\" content=\"https:\/\/www.facebook.com\/BlogQuerSaberPolitica\/\" \/>\n<meta property=\"article:published_time\" content=\"2015-12-04T19:20:27+00:00\" \/>\n<meta property=\"og:image\" content=\"http:\/\/www.quersaberpolitica.com.br\/2016\/wp-content\/uploads\/2015\/12\/blogqsp-josehailton-Visita-Salitre-300x200.jpg\" \/>\n<meta name=\"twitter:card\" content=\"summary_large_image\" \/>\n<meta name=\"twitter:label1\" content=\"Escrito por\" \/>\n\t<meta name=\"twitter:data1\" content=\"\" \/>\n\t<meta name=\"twitter:label2\" content=\"Est. tempo de leitura\" \/>\n\t<meta name=\"twitter:data2\" content=\"8 minutos\" \/>\n<script type=\"application\/ld+json\" class=\"yoast-schema-graph\">{\"@context\":\"https:\\\/\\\/schema.org\",\"@graph\":[{\"@type\":\"Article\",\"@id\":\"https:\\\/\\\/blogdofarnesio.com.br\\\/?p=134086#article\",\"isPartOf\":{\"@id\":\"https:\\\/\\\/blogdofarnesio.com.br\\\/?p=134086\"},\"author\":{\"name\":\"\",\"@id\":\"\"},\"headline\":\"CODEVASF DE JUAZEIRO DESENVOLVE AGENDA POSITIVA NA REGI\u00c3O\",\"datePublished\":\"2015-12-04T19:20:27+00:00\",\"mainEntityOfPage\":{\"@id\":\"https:\\\/\\\/blogdofarnesio.com.br\\\/?p=134086\"},\"wordCount\":1636,\"commentCount\":0,\"publisher\":{\"@id\":\"https:\\\/\\\/blogdofarnesio.com.br\\\/#organization\"},\"image\":{\"@id\":\"https:\\\/\\\/blogdofarnesio.com.br\\\/?p=134086#primaryimage\"},\"thumbnailUrl\":\"http:\\\/\\\/www.quersaberpolitica.com.br\\\/2016\\\/wp-content\\\/uploads\\\/2015\\\/12\\\/blogqsp-josehailton-Visita-Salitre-300x200.jpg\",\"articleSection\":[\"Administra\u00e7\u00e3o\"],\"inLanguage\":\"pt-BR\",\"potentialAction\":[{\"@type\":\"CommentAction\",\"name\":\"Comment\",\"target\":[\"https:\\\/\\\/blogdofarnesio.com.br\\\/?p=134086#respond\"]}]},{\"@type\":\"WebPage\",\"@id\":\"https:\\\/\\\/blogdofarnesio.com.br\\\/?p=134086\",\"url\":\"https:\\\/\\\/blogdofarnesio.com.br\\\/?p=134086\",\"name\":\"CODEVASF DE JUAZEIRO DESENVOLVE AGENDA POSITIVA NA REGI\u00c3O - Blog do Farn\u00e9sio\",\"isPartOf\":{\"@id\":\"https:\\\/\\\/blogdofarnesio.com.br\\\/#website\"},\"primaryImageOfPage\":{\"@id\":\"https:\\\/\\\/blogdofarnesio.com.br\\\/?p=134086#primaryimage\"},\"image\":{\"@id\":\"https:\\\/\\\/blogdofarnesio.com.br\\\/?p=134086#primaryimage\"},\"thumbnailUrl\":\"http:\\\/\\\/www.quersaberpolitica.com.br\\\/2016\\\/wp-content\\\/uploads\\\/2015\\\/12\\\/blogqsp-josehailton-Visita-Salitre-300x200.jpg\",\"datePublished\":\"2015-12-04T19:20:27+00:00\",\"breadcrumb\":{\"@id\":\"https:\\\/\\\/blogdofarnesio.com.br\\\/?p=134086#breadcrumb\"},\"inLanguage\":\"pt-BR\",\"potentialAction\":[{\"@type\":\"ReadAction\",\"target\":[\"https:\\\/\\\/blogdofarnesio.com.br\\\/?p=134086\"]}]},{\"@type\":\"ImageObject\",\"inLanguage\":\"pt-BR\",\"@id\":\"https:\\\/\\\/blogdofarnesio.com.br\\\/?p=134086#primaryimage\",\"url\":\"http:\\\/\\\/www.quersaberpolitica.com.br\\\/2016\\\/wp-content\\\/uploads\\\/2015\\\/12\\\/blogqsp-josehailton-Visita-Salitre-300x200.jpg\",\"contentUrl\":\"http:\\\/\\\/www.quersaberpolitica.com.br\\\/2016\\\/wp-content\\\/uploads\\\/2015\\\/12\\\/blogqsp-josehailton-Visita-Salitre-300x200.jpg\"},{\"@type\":\"BreadcrumbList\",\"@id\":\"https:\\\/\\\/blogdofarnesio.com.br\\\/?p=134086#breadcrumb\",\"itemListElement\":[{\"@type\":\"ListItem\",\"position\":1,\"name\":\"In\u00edcio\",\"item\":\"https:\\\/\\\/blogdofarnesio.com.br\\\/\"},{\"@type\":\"ListItem\",\"position\":2,\"name\":\"CODEVASF DE JUAZEIRO DESENVOLVE AGENDA POSITIVA NA REGI\u00c3O\"}]},{\"@type\":\"WebSite\",\"@id\":\"https:\\\/\\\/blogdofarnesio.com.br\\\/#website\",\"url\":\"https:\\\/\\\/blogdofarnesio.com.br\\\/\",\"name\":\"Blog do Farn\u00e9sio\",\"description\":\"Quer Saber Pol\u00edtica?\",\"publisher\":{\"@id\":\"https:\\\/\\\/blogdofarnesio.com.br\\\/#organization\"},\"potentialAction\":[{\"@type\":\"SearchAction\",\"target\":{\"@type\":\"EntryPoint\",\"urlTemplate\":\"https:\\\/\\\/blogdofarnesio.com.br\\\/?s={search_term_string}\"},\"query-input\":{\"@type\":\"PropertyValueSpecification\",\"valueRequired\":true,\"valueName\":\"search_term_string\"}}],\"inLanguage\":\"pt-BR\"},{\"@type\":\"Organization\",\"@id\":\"https:\\\/\\\/blogdofarnesio.com.br\\\/#organization\",\"name\":\"Blog do Farn\u00e9sio\",\"url\":\"https:\\\/\\\/blogdofarnesio.com.br\\\/\",\"logo\":{\"@type\":\"ImageObject\",\"inLanguage\":\"pt-BR\",\"@id\":\"https:\\\/\\\/blogdofarnesio.com.br\\\/#\\\/schema\\\/logo\\\/image\\\/\",\"url\":\"https:\\\/\\\/blogdofarnesio.com.br\\\/wp-content\\\/uploads\\\/2026\\\/03\\\/cropped-logo_new-1.png\",\"contentUrl\":\"https:\\\/\\\/blogdofarnesio.com.br\\\/wp-content\\\/uploads\\\/2026\\\/03\\\/cropped-logo_new-1.png\",\"width\":881,\"height\":685,\"caption\":\"Blog do Farn\u00e9sio\"},\"image\":{\"@id\":\"https:\\\/\\\/blogdofarnesio.com.br\\\/#\\\/schema\\\/logo\\\/image\\\/\"},\"sameAs\":[\"https:\\\/\\\/www.facebook.com\\\/BlogQuerSaberPolitica\\\/\"]},{\"@type\":\"Person\",\"@id\":\"\",\"url\":\"https:\\\/\\\/blogdofarnesio.com.br\\\/?author=7\"}]}<\/script>\n<!-- \/ Yoast SEO plugin. -->","yoast_head_json":{"title":"CODEVASF DE JUAZEIRO DESENVOLVE AGENDA POSITIVA NA REGI\u00c3O - Blog do Farn\u00e9sio","robots":{"index":"index","follow":"follow","max-snippet":"max-snippet:-1","max-image-preview":"max-image-preview:large","max-video-preview":"max-video-preview:-1"},"canonical":"https:\/\/blogdofarnesio.com.br\/?p=134086","og_locale":"pt_BR","og_type":"article","og_title":"CODEVASF DE JUAZEIRO DESENVOLVE AGENDA POSITIVA NA REGI\u00c3O - Blog do Farn\u00e9sio","og_description":"Desde que foi empossado superintendente regional da Codevasf em Juazeiro(BA), em 16 de outubro deste ano, o administrador e funcion\u00e1rio p\u00fablico estadual, Jos\u00e9 Hailton Carneiro de Oliveira, tem recebido em seu gabinete representantes de entidades civis e militares, associa\u00e7\u00f5es de produtores e entidades de classe, t\u00e9cnicos de outras institui\u00e7\u00f5es regionais, estaduais e federais e prefeitos e vereadores de v\u00e1rias cidades circunvizinhas. Entre os motivos est\u00e3o visitas de cortesia e boas vindas, planejamento da retomada de a\u00e7\u00f5es emergenciais de abastecimento de \u00e1gua no interior de v\u00e1rios munic\u00edpios do norte baiano, an\u00e1lise da situa\u00e7\u00e3o h\u00eddrica local, principalmente nos per\u00edmetros de irriga\u00e7\u00e3o atendidos pela companhia, apresenta\u00e7\u00e3o de projetos e solicita\u00e7\u00f5es de demandas agr\u00edcolas, quest\u00f5es fundi\u00e1rias ligadas aos n\u00facleos habitacionais nos per\u00edmetros irrigados, solicita\u00e7\u00e3o&hellip;","og_url":"https:\/\/blogdofarnesio.com.br\/?p=134086","og_site_name":"Blog do Farn\u00e9sio","article_publisher":"https:\/\/www.facebook.com\/BlogQuerSaberPolitica\/","article_published_time":"2015-12-04T19:20:27+00:00","og_image":[{"url":"http:\/\/www.quersaberpolitica.com.br\/2016\/wp-content\/uploads\/2015\/12\/blogqsp-josehailton-Visita-Salitre-300x200.jpg","type":"","width":"","height":""}],"twitter_card":"summary_large_image","twitter_misc":{"Escrito por":"","Est. tempo de leitura":"8 minutos"},"schema":{"@context":"https:\/\/schema.org","@graph":[{"@type":"Article","@id":"https:\/\/blogdofarnesio.com.br\/?p=134086#article","isPartOf":{"@id":"https:\/\/blogdofarnesio.com.br\/?p=134086"},"author":{"name":"","@id":""},"headline":"CODEVASF DE JUAZEIRO DESENVOLVE AGENDA POSITIVA NA REGI\u00c3O","datePublished":"2015-12-04T19:20:27+00:00","mainEntityOfPage":{"@id":"https:\/\/blogdofarnesio.com.br\/?p=134086"},"wordCount":1636,"commentCount":0,"publisher":{"@id":"https:\/\/blogdofarnesio.com.br\/#organization"},"image":{"@id":"https:\/\/blogdofarnesio.com.br\/?p=134086#primaryimage"},"thumbnailUrl":"http:\/\/www.quersaberpolitica.com.br\/2016\/wp-content\/uploads\/2015\/12\/blogqsp-josehailton-Visita-Salitre-300x200.jpg","articleSection":["Administra\u00e7\u00e3o"],"inLanguage":"pt-BR","potentialAction":[{"@type":"CommentAction","name":"Comment","target":["https:\/\/blogdofarnesio.com.br\/?p=134086#respond"]}]},{"@type":"WebPage","@id":"https:\/\/blogdofarnesio.com.br\/?p=134086","url":"https:\/\/blogdofarnesio.com.br\/?p=134086","name":"CODEVASF DE JUAZEIRO DESENVOLVE AGENDA POSITIVA NA REGI\u00c3O - Blog do Farn\u00e9sio","isPartOf":{"@id":"https:\/\/blogdofarnesio.com.br\/#website"},"primaryImageOfPage":{"@id":"https:\/\/blogdofarnesio.com.br\/?p=134086#primaryimage"},"image":{"@id":"https:\/\/blogdofarnesio.com.br\/?p=134086#primaryimage"},"thumbnailUrl":"http:\/\/www.quersaberpolitica.com.br\/2016\/wp-content\/uploads\/2015\/12\/blogqsp-josehailton-Visita-Salitre-300x200.jpg","datePublished":"2015-12-04T19:20:27+00:00","breadcrumb":{"@id":"https:\/\/blogdofarnesio.com.br\/?p=134086#breadcrumb"},"inLanguage":"pt-BR","potentialAction":[{"@type":"ReadAction","target":["https:\/\/blogdofarnesio.com.br\/?p=134086"]}]},{"@type":"ImageObject","inLanguage":"pt-BR","@id":"https:\/\/blogdofarnesio.com.br\/?p=134086#primaryimage","url":"http:\/\/www.quersaberpolitica.com.br\/2016\/wp-content\/uploads\/2015\/12\/blogqsp-josehailton-Visita-Salitre-300x200.jpg","contentUrl":"http:\/\/www.quersaberpolitica.com.br\/2016\/wp-content\/uploads\/2015\/12\/blogqsp-josehailton-Visita-Salitre-300x200.jpg"},{"@type":"BreadcrumbList","@id":"https:\/\/blogdofarnesio.com.br\/?p=134086#breadcrumb","itemListElement":[{"@type":"ListItem","position":1,"name":"In\u00edcio","item":"https:\/\/blogdofarnesio.com.br\/"},{"@type":"ListItem","position":2,"name":"CODEVASF DE JUAZEIRO DESENVOLVE AGENDA POSITIVA NA REGI\u00c3O"}]},{"@type":"WebSite","@id":"https:\/\/blogdofarnesio.com.br\/#website","url":"https:\/\/blogdofarnesio.com.br\/","name":"Blog do Farn\u00e9sio","description":"Quer Saber Pol\u00edtica?","publisher":{"@id":"https:\/\/blogdofarnesio.com.br\/#organization"},"potentialAction":[{"@type":"SearchAction","target":{"@type":"EntryPoint","urlTemplate":"https:\/\/blogdofarnesio.com.br\/?s={search_term_string}"},"query-input":{"@type":"PropertyValueSpecification","valueRequired":true,"valueName":"search_term_string"}}],"inLanguage":"pt-BR"},{"@type":"Organization","@id":"https:\/\/blogdofarnesio.com.br\/#organization","name":"Blog do Farn\u00e9sio","url":"https:\/\/blogdofarnesio.com.br\/","logo":{"@type":"ImageObject","inLanguage":"pt-BR","@id":"https:\/\/blogdofarnesio.com.br\/#\/schema\/logo\/image\/","url":"https:\/\/blogdofarnesio.com.br\/wp-content\/uploads\/2026\/03\/cropped-logo_new-1.png","contentUrl":"https:\/\/blogdofarnesio.com.br\/wp-content\/uploads\/2026\/03\/cropped-logo_new-1.png","width":881,"height":685,"caption":"Blog do Farn\u00e9sio"},"image":{"@id":"https:\/\/blogdofarnesio.com.br\/#\/schema\/logo\/image\/"},"sameAs":["https:\/\/www.facebook.com\/BlogQuerSaberPolitica\/"]},{"@type":"Person","@id":"","url":"https:\/\/blogdofarnesio.com.br\/?author=7"}]}},"_links":{"self":[{"href":"https:\/\/blogdofarnesio.com.br\/index.php?rest_route=\/wp\/v2\/posts\/134086","targetHints":{"allow":["GET"]}}],"collection":[{"href":"https:\/\/blogdofarnesio.com.br\/index.php?rest_route=\/wp\/v2\/posts"}],"about":[{"href":"https:\/\/blogdofarnesio.com.br\/index.php?rest_route=\/wp\/v2\/types\/post"}],"author":[{"embeddable":true,"href":"https:\/\/blogdofarnesio.com.br\/index.php?rest_route=\/wp\/v2\/users\/7"}],"replies":[{"embeddable":true,"href":"https:\/\/blogdofarnesio.com.br\/index.php?rest_route=%2Fwp%2Fv2%2Fcomments&post=134086"}],"version-history":[{"count":0,"href":"https:\/\/blogdofarnesio.com.br\/index.php?rest_route=\/wp\/v2\/posts\/134086\/revisions"}],"wp:attachment":[{"href":"https:\/\/blogdofarnesio.com.br\/index.php?rest_route=%2Fwp%2Fv2%2Fmedia&parent=134086"}],"wp:term":[{"taxonomy":"category","embeddable":true,"href":"https:\/\/blogdofarnesio.com.br\/index.php?rest_route=%2Fwp%2Fv2%2Fcategories&post=134086"},{"taxonomy":"post_tag","embeddable":true,"href":"https:\/\/blogdofarnesio.com.br\/index.php?rest_route=%2Fwp%2Fv2%2Ftags&post=134086"}],"curies":[{"name":"wp","href":"https:\/\/api.w.org\/{rel}","templated":true}]}}