{"id":134073,"date":"2015-12-04T15:20:46","date_gmt":"2015-12-04T18:20:46","guid":{"rendered":"http:\/\/www.quersaberpolitica.com.br\/?p=134073"},"modified":"2015-12-04T12:10:42","modified_gmt":"2015-12-04T15:10:42","slug":"tradicional-festa-do-gonzagao-acontece-amanha-05-em-juazeiro","status":"publish","type":"post","link":"https:\/\/blogdofarnesio.com.br\/?p=134073","title":{"rendered":"TRADICIONAL FESTA DO GONZAG\u00c3O ACONTECE AMANH\u00c3 (05) EM JUAZEIRO"},"content":{"rendered":"<p style=\"text-align: justify\"><a href=\"http:\/\/www.quersaberpolitica.com.br\/2016\/wp-content\/uploads\/2015\/12\/blogqspforro-do-gonzag\u00e3o0-Foto-Farn\u00e9sio-Silva.jpg\"><img loading=\"lazy\" decoding=\"async\" class=\"aligncenter  wp-image-134097\" src=\"http:\/\/www.quersaberpolitica.com.br\/2016\/wp-content\/uploads\/2015\/12\/blogqspforro-do-gonzag\u00e3o0-Foto-Farn\u00e9sio-Silva.jpg\" alt=\"blogqspforro do gonzag\u00e3o0   Foto Farn\u00e9sio Silva\" width=\"424\" height=\"285\" \/><\/a>O programa Bastidores da Not\u00edcia da R\u00e1dio tropical Sat, ancorado por Farn\u00e9sio Silva, recebeu na manh\u00e3 desta sexta-feira, os consagrados Sanfoneiros, Raimundinho do Acordeon, Flavio Bai\u00e3o, Almir do Buqueir\u00e3o e Matheus do Acordeon que numa premi\u00e9r do que acontecer\u00e1 amanh\u00e3 na \u00a0ch\u00e1cara Dona Andrelina tocaram muito forr\u00f3.<\/p>\n<p style=\"text-align: justify\"><img loading=\"lazy\" decoding=\"async\" class=\" wp-image-134074 aligncenter\" src=\"http:\/\/www.quersaberpolitica.com.br\/2016\/wp-content\/uploads\/2015\/12\/blogqsp-banner-festagonzag\u00e3o-300x127.jpg\" alt=\"blogqsp-banner-festagonzag\u00e3o\" width=\"400\" height=\"170\" srcset=\"https:\/\/blogdofarnesio.com.br\/wp-content\/uploads\/2015\/12\/blogqsp-banner-festagonzag\u00e3o-300x127.jpg 300w, https:\/\/blogdofarnesio.com.br\/wp-content\/uploads\/2015\/12\/blogqsp-banner-festagonzag\u00e3o-500x212.jpg 500w, https:\/\/blogdofarnesio.com.br\/wp-content\/uploads\/2015\/12\/blogqsp-banner-festagonzag\u00e3o.jpg 785w\" sizes=\"auto, (max-width: 400px) 100vw, 400px\" \/>A tradicional festa do Gonzag\u00e3o acontece amanh\u00e3 (05), a partir das 16h, na Ch\u00e1cara Dona Andrelina \u2013 estrada da adultora. Com 10h de forr\u00f3 p\u00e9 de serra, a festa contar\u00e1 com a participa\u00e7\u00e3o de S\u00e9rgio do Forr\u00f3, Raimundinho do Acordeon, Wandeley do Nordeste, Matheus do Acordeon, Tinho do Acordeon, Gervilson Duarte, entre outros.<\/p>\n<p style=\"text-align: justify\">As camisas podem ser adquiridas no Passaporte da Folia, Izete no Buqueir\u00e3o, Ch\u00e1cara dona Andrelina, casa de S\u00e9rgio do Forr\u00f3 e de Almir do Buqueir\u00e3o. Toda Popula\u00e7\u00e3o est\u00e1 convidada.<\/p>\n","protected":false},"excerpt":{"rendered":"<p>O programa Bastidores da Not\u00edcia da R\u00e1dio tropical Sat, ancorado por Farn\u00e9sio Silva, recebeu na manh\u00e3 desta sexta-feira, os consagrados Sanfoneiros, Raimundinho do Acordeon, Flavio Bai\u00e3o, Almir do Buqueir\u00e3o e Matheus do Acordeon que numa premi\u00e9r do que acontecer\u00e1 amanh\u00e3 na \u00a0ch\u00e1cara Dona Andrelina tocaram muito forr\u00f3. A tradicional festa do Gonzag\u00e3o acontece amanh\u00e3 (05), a partir das 16h, na Ch\u00e1cara Dona Andrelina \u2013 estrada da adultora. Com 10h de forr\u00f3 p\u00e9 de serra, a festa contar\u00e1 com a participa\u00e7\u00e3o de S\u00e9rgio do Forr\u00f3, Raimundinho do Acordeon, Wandeley do Nordeste, Matheus do Acordeon, Tinho do Acordeon, Gervilson Duarte, entre outros. As camisas podem ser adquiridas no Passaporte da Folia, Izete no Buqueir\u00e3o, Ch\u00e1cara dona Andrelina, casa de S\u00e9rgio do Forr\u00f3&hellip; <\/p>\n","protected":false},"author":7,"featured_media":0,"comment_status":"open","ping_status":"open","sticky":false,"template":"","format":"standard","meta":{"_acf_changed":false,"footnotes":""},"categories":[3],"tags":[],"class_list":["post-134073","post","type-post","status-publish","format-standard","hentry","category-entretenimento"],"acf":[],"yoast_head":"<!-- This site is optimized with the Yoast SEO plugin v27.4 - https:\/\/yoast.com\/product\/yoast-seo-wordpress\/ -->\n<title>TRADICIONAL FESTA DO GONZAG\u00c3O ACONTECE AMANH\u00c3 (05) EM JUAZEIRO - Blog do Farn\u00e9sio<\/title>\n<meta name=\"robots\" content=\"index, follow, max-snippet:-1, max-image-preview:large, max-video-preview:-1\" \/>\n<link rel=\"canonical\" href=\"https:\/\/blogdofarnesio.com.br\/?p=134073\" \/>\n<meta property=\"og:locale\" content=\"pt_BR\" \/>\n<meta property=\"og:type\" content=\"article\" \/>\n<meta property=\"og:title\" content=\"TRADICIONAL FESTA DO GONZAG\u00c3O ACONTECE AMANH\u00c3 (05) EM JUAZEIRO - Blog do Farn\u00e9sio\" \/>\n<meta property=\"og:description\" content=\"O programa Bastidores da Not\u00edcia da R\u00e1dio tropical Sat, ancorado por Farn\u00e9sio Silva, recebeu na manh\u00e3 desta sexta-feira, os consagrados Sanfoneiros, Raimundinho do Acordeon, Flavio Bai\u00e3o, Almir do Buqueir\u00e3o e Matheus do Acordeon que numa premi\u00e9r do que acontecer\u00e1 amanh\u00e3 na \u00a0ch\u00e1cara Dona Andrelina tocaram muito forr\u00f3. A tradicional festa do Gonzag\u00e3o acontece amanh\u00e3 (05), a partir das 16h, na Ch\u00e1cara Dona Andrelina \u2013 estrada da adultora. Com 10h de forr\u00f3 p\u00e9 de serra, a festa contar\u00e1 com a participa\u00e7\u00e3o de S\u00e9rgio do Forr\u00f3, Raimundinho do Acordeon, Wandeley do Nordeste, Matheus do Acordeon, Tinho do Acordeon, Gervilson Duarte, entre outros. As camisas podem ser adquiridas no Passaporte da Folia, Izete no Buqueir\u00e3o, Ch\u00e1cara dona Andrelina, casa de S\u00e9rgio do Forr\u00f3&hellip;\" \/>\n<meta property=\"og:url\" content=\"https:\/\/blogdofarnesio.com.br\/?p=134073\" \/>\n<meta property=\"og:site_name\" content=\"Blog do Farn\u00e9sio\" \/>\n<meta property=\"article:publisher\" content=\"https:\/\/www.facebook.com\/BlogQuerSaberPolitica\/\" \/>\n<meta property=\"article:published_time\" content=\"2015-12-04T18:20:46+00:00\" \/>\n<meta name=\"twitter:card\" content=\"summary_large_image\" \/>\n<meta name=\"twitter:label1\" content=\"Escrito por\" \/>\n\t<meta name=\"twitter:data1\" content=\"\" \/>\n\t<meta name=\"twitter:label2\" content=\"Est. tempo de leitura\" \/>\n\t<meta name=\"twitter:data2\" content=\"1 minuto\" \/>\n<script type=\"application\/ld+json\" class=\"yoast-schema-graph\">{\"@context\":\"https:\\\/\\\/schema.org\",\"@graph\":[{\"@type\":\"Article\",\"@id\":\"https:\\\/\\\/blogdofarnesio.com.br\\\/?p=134073#article\",\"isPartOf\":{\"@id\":\"https:\\\/\\\/blogdofarnesio.com.br\\\/?p=134073\"},\"author\":{\"name\":\"\",\"@id\":\"\"},\"headline\":\"TRADICIONAL FESTA DO GONZAG\u00c3O ACONTECE AMANH\u00c3 (05) EM JUAZEIRO\",\"datePublished\":\"2015-12-04T18:20:46+00:00\",\"mainEntityOfPage\":{\"@id\":\"https:\\\/\\\/blogdofarnesio.com.br\\\/?p=134073\"},\"wordCount\":152,\"commentCount\":0,\"publisher\":{\"@id\":\"https:\\\/\\\/blogdofarnesio.com.br\\\/#organization\"},\"articleSection\":[\"Entretenimento\"],\"inLanguage\":\"pt-BR\",\"potentialAction\":[{\"@type\":\"CommentAction\",\"name\":\"Comment\",\"target\":[\"https:\\\/\\\/blogdofarnesio.com.br\\\/?p=134073#respond\"]}]},{\"@type\":\"WebPage\",\"@id\":\"https:\\\/\\\/blogdofarnesio.com.br\\\/?p=134073\",\"url\":\"https:\\\/\\\/blogdofarnesio.com.br\\\/?p=134073\",\"name\":\"TRADICIONAL FESTA DO GONZAG\u00c3O ACONTECE AMANH\u00c3 (05) EM JUAZEIRO - Blog do Farn\u00e9sio\",\"isPartOf\":{\"@id\":\"https:\\\/\\\/blogdofarnesio.com.br\\\/#website\"},\"datePublished\":\"2015-12-04T18:20:46+00:00\",\"breadcrumb\":{\"@id\":\"https:\\\/\\\/blogdofarnesio.com.br\\\/?p=134073#breadcrumb\"},\"inLanguage\":\"pt-BR\",\"potentialAction\":[{\"@type\":\"ReadAction\",\"target\":[\"https:\\\/\\\/blogdofarnesio.com.br\\\/?p=134073\"]}]},{\"@type\":\"BreadcrumbList\",\"@id\":\"https:\\\/\\\/blogdofarnesio.com.br\\\/?p=134073#breadcrumb\",\"itemListElement\":[{\"@type\":\"ListItem\",\"position\":1,\"name\":\"In\u00edcio\",\"item\":\"https:\\\/\\\/blogdofarnesio.com.br\\\/\"},{\"@type\":\"ListItem\",\"position\":2,\"name\":\"TRADICIONAL FESTA DO GONZAG\u00c3O ACONTECE AMANH\u00c3 (05) EM JUAZEIRO\"}]},{\"@type\":\"WebSite\",\"@id\":\"https:\\\/\\\/blogdofarnesio.com.br\\\/#website\",\"url\":\"https:\\\/\\\/blogdofarnesio.com.br\\\/\",\"name\":\"Blog do Farn\u00e9sio\",\"description\":\"Quer Saber Pol\u00edtica?\",\"publisher\":{\"@id\":\"https:\\\/\\\/blogdofarnesio.com.br\\\/#organization\"},\"potentialAction\":[{\"@type\":\"SearchAction\",\"target\":{\"@type\":\"EntryPoint\",\"urlTemplate\":\"https:\\\/\\\/blogdofarnesio.com.br\\\/?s={search_term_string}\"},\"query-input\":{\"@type\":\"PropertyValueSpecification\",\"valueRequired\":true,\"valueName\":\"search_term_string\"}}],\"inLanguage\":\"pt-BR\"},{\"@type\":\"Organization\",\"@id\":\"https:\\\/\\\/blogdofarnesio.com.br\\\/#organization\",\"name\":\"Blog do Farn\u00e9sio\",\"url\":\"https:\\\/\\\/blogdofarnesio.com.br\\\/\",\"logo\":{\"@type\":\"ImageObject\",\"inLanguage\":\"pt-BR\",\"@id\":\"https:\\\/\\\/blogdofarnesio.com.br\\\/#\\\/schema\\\/logo\\\/image\\\/\",\"url\":\"https:\\\/\\\/blogdofarnesio.com.br\\\/wp-content\\\/uploads\\\/2026\\\/03\\\/cropped-logo_new-1.png\",\"contentUrl\":\"https:\\\/\\\/blogdofarnesio.com.br\\\/wp-content\\\/uploads\\\/2026\\\/03\\\/cropped-logo_new-1.png\",\"width\":881,\"height\":685,\"caption\":\"Blog do Farn\u00e9sio\"},\"image\":{\"@id\":\"https:\\\/\\\/blogdofarnesio.com.br\\\/#\\\/schema\\\/logo\\\/image\\\/\"},\"sameAs\":[\"https:\\\/\\\/www.facebook.com\\\/BlogQuerSaberPolitica\\\/\"]},{\"@type\":\"Person\",\"@id\":\"\",\"url\":\"https:\\\/\\\/blogdofarnesio.com.br\\\/?author=7\"}]}<\/script>\n<!-- \/ Yoast SEO plugin. -->","yoast_head_json":{"title":"TRADICIONAL FESTA DO GONZAG\u00c3O ACONTECE AMANH\u00c3 (05) EM JUAZEIRO - Blog do Farn\u00e9sio","robots":{"index":"index","follow":"follow","max-snippet":"max-snippet:-1","max-image-preview":"max-image-preview:large","max-video-preview":"max-video-preview:-1"},"canonical":"https:\/\/blogdofarnesio.com.br\/?p=134073","og_locale":"pt_BR","og_type":"article","og_title":"TRADICIONAL FESTA DO GONZAG\u00c3O ACONTECE AMANH\u00c3 (05) EM JUAZEIRO - Blog do Farn\u00e9sio","og_description":"O programa Bastidores da Not\u00edcia da R\u00e1dio tropical Sat, ancorado por Farn\u00e9sio Silva, recebeu na manh\u00e3 desta sexta-feira, os consagrados Sanfoneiros, Raimundinho do Acordeon, Flavio Bai\u00e3o, Almir do Buqueir\u00e3o e Matheus do Acordeon que numa premi\u00e9r do que acontecer\u00e1 amanh\u00e3 na \u00a0ch\u00e1cara Dona Andrelina tocaram muito forr\u00f3. A tradicional festa do Gonzag\u00e3o acontece amanh\u00e3 (05), a partir das 16h, na Ch\u00e1cara Dona Andrelina \u2013 estrada da adultora. Com 10h de forr\u00f3 p\u00e9 de serra, a festa contar\u00e1 com a participa\u00e7\u00e3o de S\u00e9rgio do Forr\u00f3, Raimundinho do Acordeon, Wandeley do Nordeste, Matheus do Acordeon, Tinho do Acordeon, Gervilson Duarte, entre outros. As camisas podem ser adquiridas no Passaporte da Folia, Izete no Buqueir\u00e3o, Ch\u00e1cara dona Andrelina, casa de S\u00e9rgio do Forr\u00f3&hellip;","og_url":"https:\/\/blogdofarnesio.com.br\/?p=134073","og_site_name":"Blog do Farn\u00e9sio","article_publisher":"https:\/\/www.facebook.com\/BlogQuerSaberPolitica\/","article_published_time":"2015-12-04T18:20:46+00:00","twitter_card":"summary_large_image","twitter_misc":{"Escrito por":"","Est. tempo de leitura":"1 minuto"},"schema":{"@context":"https:\/\/schema.org","@graph":[{"@type":"Article","@id":"https:\/\/blogdofarnesio.com.br\/?p=134073#article","isPartOf":{"@id":"https:\/\/blogdofarnesio.com.br\/?p=134073"},"author":{"name":"","@id":""},"headline":"TRADICIONAL FESTA DO GONZAG\u00c3O ACONTECE AMANH\u00c3 (05) EM JUAZEIRO","datePublished":"2015-12-04T18:20:46+00:00","mainEntityOfPage":{"@id":"https:\/\/blogdofarnesio.com.br\/?p=134073"},"wordCount":152,"commentCount":0,"publisher":{"@id":"https:\/\/blogdofarnesio.com.br\/#organization"},"articleSection":["Entretenimento"],"inLanguage":"pt-BR","potentialAction":[{"@type":"CommentAction","name":"Comment","target":["https:\/\/blogdofarnesio.com.br\/?p=134073#respond"]}]},{"@type":"WebPage","@id":"https:\/\/blogdofarnesio.com.br\/?p=134073","url":"https:\/\/blogdofarnesio.com.br\/?p=134073","name":"TRADICIONAL FESTA DO GONZAG\u00c3O ACONTECE AMANH\u00c3 (05) EM JUAZEIRO - Blog do Farn\u00e9sio","isPartOf":{"@id":"https:\/\/blogdofarnesio.com.br\/#website"},"datePublished":"2015-12-04T18:20:46+00:00","breadcrumb":{"@id":"https:\/\/blogdofarnesio.com.br\/?p=134073#breadcrumb"},"inLanguage":"pt-BR","potentialAction":[{"@type":"ReadAction","target":["https:\/\/blogdofarnesio.com.br\/?p=134073"]}]},{"@type":"BreadcrumbList","@id":"https:\/\/blogdofarnesio.com.br\/?p=134073#breadcrumb","itemListElement":[{"@type":"ListItem","position":1,"name":"In\u00edcio","item":"https:\/\/blogdofarnesio.com.br\/"},{"@type":"ListItem","position":2,"name":"TRADICIONAL FESTA DO GONZAG\u00c3O ACONTECE AMANH\u00c3 (05) EM JUAZEIRO"}]},{"@type":"WebSite","@id":"https:\/\/blogdofarnesio.com.br\/#website","url":"https:\/\/blogdofarnesio.com.br\/","name":"Blog do Farn\u00e9sio","description":"Quer Saber Pol\u00edtica?","publisher":{"@id":"https:\/\/blogdofarnesio.com.br\/#organization"},"potentialAction":[{"@type":"SearchAction","target":{"@type":"EntryPoint","urlTemplate":"https:\/\/blogdofarnesio.com.br\/?s={search_term_string}"},"query-input":{"@type":"PropertyValueSpecification","valueRequired":true,"valueName":"search_term_string"}}],"inLanguage":"pt-BR"},{"@type":"Organization","@id":"https:\/\/blogdofarnesio.com.br\/#organization","name":"Blog do Farn\u00e9sio","url":"https:\/\/blogdofarnesio.com.br\/","logo":{"@type":"ImageObject","inLanguage":"pt-BR","@id":"https:\/\/blogdofarnesio.com.br\/#\/schema\/logo\/image\/","url":"https:\/\/blogdofarnesio.com.br\/wp-content\/uploads\/2026\/03\/cropped-logo_new-1.png","contentUrl":"https:\/\/blogdofarnesio.com.br\/wp-content\/uploads\/2026\/03\/cropped-logo_new-1.png","width":881,"height":685,"caption":"Blog do Farn\u00e9sio"},"image":{"@id":"https:\/\/blogdofarnesio.com.br\/#\/schema\/logo\/image\/"},"sameAs":["https:\/\/www.facebook.com\/BlogQuerSaberPolitica\/"]},{"@type":"Person","@id":"","url":"https:\/\/blogdofarnesio.com.br\/?author=7"}]}},"_links":{"self":[{"href":"https:\/\/blogdofarnesio.com.br\/index.php?rest_route=\/wp\/v2\/posts\/134073","targetHints":{"allow":["GET"]}}],"collection":[{"href":"https:\/\/blogdofarnesio.com.br\/index.php?rest_route=\/wp\/v2\/posts"}],"about":[{"href":"https:\/\/blogdofarnesio.com.br\/index.php?rest_route=\/wp\/v2\/types\/post"}],"author":[{"embeddable":true,"href":"https:\/\/blogdofarnesio.com.br\/index.php?rest_route=\/wp\/v2\/users\/7"}],"replies":[{"embeddable":true,"href":"https:\/\/blogdofarnesio.com.br\/index.php?rest_route=%2Fwp%2Fv2%2Fcomments&post=134073"}],"version-history":[{"count":0,"href":"https:\/\/blogdofarnesio.com.br\/index.php?rest_route=\/wp\/v2\/posts\/134073\/revisions"}],"wp:attachment":[{"href":"https:\/\/blogdofarnesio.com.br\/index.php?rest_route=%2Fwp%2Fv2%2Fmedia&parent=134073"}],"wp:term":[{"taxonomy":"category","embeddable":true,"href":"https:\/\/blogdofarnesio.com.br\/index.php?rest_route=%2Fwp%2Fv2%2Fcategories&post=134073"},{"taxonomy":"post_tag","embeddable":true,"href":"https:\/\/blogdofarnesio.com.br\/index.php?rest_route=%2Fwp%2Fv2%2Ftags&post=134073"}],"curies":[{"name":"wp","href":"https:\/\/api.w.org\/{rel}","templated":true}]}}