{"id":134063,"date":"2015-12-04T16:00:18","date_gmt":"2015-12-04T19:00:18","guid":{"rendered":"http:\/\/www.quersaberpolitica.com.br\/?p=134063"},"modified":"2015-12-04T12:11:51","modified_gmt":"2015-12-04T15:11:51","slug":"educacao-e-a-base-para-a-mudanca-de-uma-sociedade-afirmou-vereador-damiao-medrado-anunciando-investimentos-para-a-biblioteca","status":"publish","type":"post","link":"https:\/\/blogdofarnesio.com.br\/?p=134063","title":{"rendered":"\u201cEDUCA\u00c7\u00c3O \u00c9 A BASE PARA A MUDAN\u00c7A DE UMA SOCIEDADE!\u201d, AFIRMOU VEREADOR DAMI\u00c3O MEDRADO"},"content":{"rendered":"<p style=\"text-align: justify\"><a href=\"http:\/\/www.quersaberpolitica.com.br\/2016\/wp-content\/uploads\/2015\/12\/blogqsp-Dami\u00e3o-Medrado.jpg\"><img loading=\"lazy\" decoding=\"async\" class=\" wp-image-134064 aligncenter\" src=\"http:\/\/www.quersaberpolitica.com.br\/2016\/wp-content\/uploads\/2015\/12\/blogqsp-Dami\u00e3o-Medrado-300x200.jpg\" alt=\"blogqsp-Dami\u00e3o Medrado\" width=\"400\" height=\"267\" srcset=\"https:\/\/blogdofarnesio.com.br\/wp-content\/uploads\/2015\/12\/blogqsp-Dami\u00e3o-Medrado-300x200.jpg 300w, https:\/\/blogdofarnesio.com.br\/wp-content\/uploads\/2015\/12\/blogqsp-Dami\u00e3o-Medrado.jpg 448w\" sizes=\"auto, (max-width: 400px) 100vw, 400px\" \/><\/a><\/p>\n<p style=\"text-align: justify\">Est\u00e1 confirmada a assinatura do conv\u00eanio que vai reabrir a Biblioteca Municipal Professor Olavo Balbino e transformar em biblioteca digital com novo acervo e mobili\u00e1rio, de acordo informa\u00e7\u00f5es do presidente da C\u00e2mara, vereador Dami\u00e3o Medrado (PSD).<\/p>\n<p style=\"text-align: justify\">\u201cEstamos aguardando os tramites legais para a assinatura do conv\u00eanio e falta apenas a libera\u00e7\u00e3o dos equipamentos. Conversei essa semana com o assessor do Deputado Federal Jos\u00e9 Carlos Ara\u00fajo (PSD), que intermediou o encontro com o Secret\u00e1rio de Ci\u00eancia e Tecnologia da Bahia, Manoel Gomes de Mendon\u00e7a Neto\u201d, disse, e completou, \u201cVamos providenciar funcion\u00e1rios da C\u00e2mara para receberem treinamento, \u00a0orientar os jovens na utiliza\u00e7\u00e3o da biblioteca e seus materiais\u201d, garantiu.<\/p>\n<p style=\"text-align: justify\"><!--more--><\/p>\n<p style=\"text-align: justify\">Na segunda quinzena de novembro, o vereador esteve em Salvador solicitando a implanta\u00e7\u00e3o de um Infocentro na Biblioteca Professor Olavo Balbino visando beneficiar jovens de dez bairros que circundam a \u00e1rea.<\/p>\n<p style=\"text-align: justify\">\u201cTemos esse equipamento no espa\u00e7o anexo ao pr\u00e9dio da C\u00e2mara de Vereadores que h\u00e1 muitos anos est\u00e1 ocioso. Esse equipamento tem grande potencial e vai contribuir para ao desenvolvimento s\u00f3cio cultura da regi\u00e3o. Educa\u00e7\u00e3o \u00e9 a base para a mudan\u00e7a de uma sociedade\u201d, concluiu.<\/p>\n<p style=\"text-align: justify\"><em>Ascom<\/em><\/p>\n","protected":false},"excerpt":{"rendered":"<p>Est\u00e1 confirmada a assinatura do conv\u00eanio que vai reabrir a Biblioteca Municipal Professor Olavo Balbino e transformar em biblioteca digital com novo acervo e mobili\u00e1rio, de acordo informa\u00e7\u00f5es do presidente da C\u00e2mara, vereador Dami\u00e3o Medrado (PSD). \u201cEstamos aguardando os tramites legais para a assinatura do conv\u00eanio e falta apenas a libera\u00e7\u00e3o dos equipamentos. Conversei essa semana com o assessor do Deputado Federal Jos\u00e9 Carlos Ara\u00fajo (PSD), que intermediou o encontro com o Secret\u00e1rio de Ci\u00eancia e Tecnologia da Bahia, Manoel Gomes de Mendon\u00e7a Neto\u201d, disse, e completou, \u201cVamos providenciar funcion\u00e1rios da C\u00e2mara para receberem treinamento, \u00a0orientar os jovens na utiliza\u00e7\u00e3o da biblioteca e seus materiais\u201d, garantiu.<\/p>\n","protected":false},"author":7,"featured_media":0,"comment_status":"open","ping_status":"open","sticky":false,"template":"","format":"standard","meta":{"_acf_changed":false,"footnotes":""},"categories":[44,1],"tags":[],"class_list":["post-134063","post","type-post","status-publish","format-standard","hentry","category-administracao","category-politica"],"acf":[],"yoast_head":"<!-- This site is optimized with the Yoast SEO plugin v27.4 - https:\/\/yoast.com\/product\/yoast-seo-wordpress\/ -->\n<title>\u201cEDUCA\u00c7\u00c3O \u00c9 A BASE PARA A MUDAN\u00c7A DE UMA SOCIEDADE!\u201d, AFIRMOU VEREADOR DAMI\u00c3O MEDRADO - Blog do Farn\u00e9sio<\/title>\n<meta name=\"robots\" content=\"index, follow, max-snippet:-1, max-image-preview:large, max-video-preview:-1\" \/>\n<link rel=\"canonical\" href=\"https:\/\/blogdofarnesio.com.br\/?p=134063\" \/>\n<meta property=\"og:locale\" content=\"pt_BR\" \/>\n<meta property=\"og:type\" content=\"article\" \/>\n<meta property=\"og:title\" content=\"\u201cEDUCA\u00c7\u00c3O \u00c9 A BASE PARA A MUDAN\u00c7A DE UMA SOCIEDADE!\u201d, AFIRMOU VEREADOR DAMI\u00c3O MEDRADO - Blog do Farn\u00e9sio\" \/>\n<meta property=\"og:description\" content=\"Est\u00e1 confirmada a assinatura do conv\u00eanio que vai reabrir a Biblioteca Municipal Professor Olavo Balbino e transformar em biblioteca digital com novo acervo e mobili\u00e1rio, de acordo informa\u00e7\u00f5es do presidente da C\u00e2mara, vereador Dami\u00e3o Medrado (PSD). \u201cEstamos aguardando os tramites legais para a assinatura do conv\u00eanio e falta apenas a libera\u00e7\u00e3o dos equipamentos. Conversei essa semana com o assessor do Deputado Federal Jos\u00e9 Carlos Ara\u00fajo (PSD), que intermediou o encontro com o Secret\u00e1rio de Ci\u00eancia e Tecnologia da Bahia, Manoel Gomes de Mendon\u00e7a Neto\u201d, disse, e completou, \u201cVamos providenciar funcion\u00e1rios da C\u00e2mara para receberem treinamento, \u00a0orientar os jovens na utiliza\u00e7\u00e3o da biblioteca e seus materiais\u201d, garantiu.\" \/>\n<meta property=\"og:url\" content=\"https:\/\/blogdofarnesio.com.br\/?p=134063\" \/>\n<meta property=\"og:site_name\" content=\"Blog do Farn\u00e9sio\" \/>\n<meta property=\"article:publisher\" content=\"https:\/\/www.facebook.com\/BlogQuerSaberPolitica\/\" \/>\n<meta property=\"article:published_time\" content=\"2015-12-04T19:00:18+00:00\" \/>\n<meta name=\"twitter:card\" content=\"summary_large_image\" \/>\n<meta name=\"twitter:label1\" content=\"Escrito por\" \/>\n\t<meta name=\"twitter:data1\" content=\"\" \/>\n\t<meta name=\"twitter:label2\" content=\"Est. tempo de leitura\" \/>\n\t<meta name=\"twitter:data2\" content=\"1 minuto\" \/>\n<script type=\"application\/ld+json\" class=\"yoast-schema-graph\">{\"@context\":\"https:\\\/\\\/schema.org\",\"@graph\":[{\"@type\":\"Article\",\"@id\":\"https:\\\/\\\/blogdofarnesio.com.br\\\/?p=134063#article\",\"isPartOf\":{\"@id\":\"https:\\\/\\\/blogdofarnesio.com.br\\\/?p=134063\"},\"author\":{\"name\":\"\",\"@id\":\"\"},\"headline\":\"\u201cEDUCA\u00c7\u00c3O \u00c9 A BASE PARA A MUDAN\u00c7A DE UMA SOCIEDADE!\u201d, AFIRMOU VEREADOR DAMI\u00c3O MEDRADO\",\"datePublished\":\"2015-12-04T19:00:18+00:00\",\"mainEntityOfPage\":{\"@id\":\"https:\\\/\\\/blogdofarnesio.com.br\\\/?p=134063\"},\"wordCount\":219,\"commentCount\":0,\"publisher\":{\"@id\":\"https:\\\/\\\/blogdofarnesio.com.br\\\/#organization\"},\"articleSection\":[\"Administra\u00e7\u00e3o\",\"Pol\u00edtica\"],\"inLanguage\":\"pt-BR\",\"potentialAction\":[{\"@type\":\"CommentAction\",\"name\":\"Comment\",\"target\":[\"https:\\\/\\\/blogdofarnesio.com.br\\\/?p=134063#respond\"]}]},{\"@type\":\"WebPage\",\"@id\":\"https:\\\/\\\/blogdofarnesio.com.br\\\/?p=134063\",\"url\":\"https:\\\/\\\/blogdofarnesio.com.br\\\/?p=134063\",\"name\":\"\u201cEDUCA\u00c7\u00c3O \u00c9 A BASE PARA A MUDAN\u00c7A DE UMA SOCIEDADE!\u201d, AFIRMOU VEREADOR DAMI\u00c3O MEDRADO - Blog do Farn\u00e9sio\",\"isPartOf\":{\"@id\":\"https:\\\/\\\/blogdofarnesio.com.br\\\/#website\"},\"datePublished\":\"2015-12-04T19:00:18+00:00\",\"breadcrumb\":{\"@id\":\"https:\\\/\\\/blogdofarnesio.com.br\\\/?p=134063#breadcrumb\"},\"inLanguage\":\"pt-BR\",\"potentialAction\":[{\"@type\":\"ReadAction\",\"target\":[\"https:\\\/\\\/blogdofarnesio.com.br\\\/?p=134063\"]}]},{\"@type\":\"BreadcrumbList\",\"@id\":\"https:\\\/\\\/blogdofarnesio.com.br\\\/?p=134063#breadcrumb\",\"itemListElement\":[{\"@type\":\"ListItem\",\"position\":1,\"name\":\"In\u00edcio\",\"item\":\"https:\\\/\\\/blogdofarnesio.com.br\\\/\"},{\"@type\":\"ListItem\",\"position\":2,\"name\":\"\u201cEDUCA\u00c7\u00c3O \u00c9 A BASE PARA A MUDAN\u00c7A DE UMA SOCIEDADE!\u201d, AFIRMOU VEREADOR DAMI\u00c3O MEDRADO\"}]},{\"@type\":\"WebSite\",\"@id\":\"https:\\\/\\\/blogdofarnesio.com.br\\\/#website\",\"url\":\"https:\\\/\\\/blogdofarnesio.com.br\\\/\",\"name\":\"Blog do Farn\u00e9sio\",\"description\":\"Quer Saber Pol\u00edtica?\",\"publisher\":{\"@id\":\"https:\\\/\\\/blogdofarnesio.com.br\\\/#organization\"},\"potentialAction\":[{\"@type\":\"SearchAction\",\"target\":{\"@type\":\"EntryPoint\",\"urlTemplate\":\"https:\\\/\\\/blogdofarnesio.com.br\\\/?s={search_term_string}\"},\"query-input\":{\"@type\":\"PropertyValueSpecification\",\"valueRequired\":true,\"valueName\":\"search_term_string\"}}],\"inLanguage\":\"pt-BR\"},{\"@type\":\"Organization\",\"@id\":\"https:\\\/\\\/blogdofarnesio.com.br\\\/#organization\",\"name\":\"Blog do Farn\u00e9sio\",\"url\":\"https:\\\/\\\/blogdofarnesio.com.br\\\/\",\"logo\":{\"@type\":\"ImageObject\",\"inLanguage\":\"pt-BR\",\"@id\":\"https:\\\/\\\/blogdofarnesio.com.br\\\/#\\\/schema\\\/logo\\\/image\\\/\",\"url\":\"https:\\\/\\\/blogdofarnesio.com.br\\\/wp-content\\\/uploads\\\/2026\\\/03\\\/cropped-logo_new-1.png\",\"contentUrl\":\"https:\\\/\\\/blogdofarnesio.com.br\\\/wp-content\\\/uploads\\\/2026\\\/03\\\/cropped-logo_new-1.png\",\"width\":881,\"height\":685,\"caption\":\"Blog do Farn\u00e9sio\"},\"image\":{\"@id\":\"https:\\\/\\\/blogdofarnesio.com.br\\\/#\\\/schema\\\/logo\\\/image\\\/\"},\"sameAs\":[\"https:\\\/\\\/www.facebook.com\\\/BlogQuerSaberPolitica\\\/\"]},{\"@type\":\"Person\",\"@id\":\"\",\"url\":\"https:\\\/\\\/blogdofarnesio.com.br\\\/?author=7\"}]}<\/script>\n<!-- \/ Yoast SEO plugin. -->","yoast_head_json":{"title":"\u201cEDUCA\u00c7\u00c3O \u00c9 A BASE PARA A MUDAN\u00c7A DE UMA SOCIEDADE!\u201d, AFIRMOU VEREADOR DAMI\u00c3O MEDRADO - Blog do Farn\u00e9sio","robots":{"index":"index","follow":"follow","max-snippet":"max-snippet:-1","max-image-preview":"max-image-preview:large","max-video-preview":"max-video-preview:-1"},"canonical":"https:\/\/blogdofarnesio.com.br\/?p=134063","og_locale":"pt_BR","og_type":"article","og_title":"\u201cEDUCA\u00c7\u00c3O \u00c9 A BASE PARA A MUDAN\u00c7A DE UMA SOCIEDADE!\u201d, AFIRMOU VEREADOR DAMI\u00c3O MEDRADO - Blog do Farn\u00e9sio","og_description":"Est\u00e1 confirmada a assinatura do conv\u00eanio que vai reabrir a Biblioteca Municipal Professor Olavo Balbino e transformar em biblioteca digital com novo acervo e mobili\u00e1rio, de acordo informa\u00e7\u00f5es do presidente da C\u00e2mara, vereador Dami\u00e3o Medrado (PSD). \u201cEstamos aguardando os tramites legais para a assinatura do conv\u00eanio e falta apenas a libera\u00e7\u00e3o dos equipamentos. Conversei essa semana com o assessor do Deputado Federal Jos\u00e9 Carlos Ara\u00fajo (PSD), que intermediou o encontro com o Secret\u00e1rio de Ci\u00eancia e Tecnologia da Bahia, Manoel Gomes de Mendon\u00e7a Neto\u201d, disse, e completou, \u201cVamos providenciar funcion\u00e1rios da C\u00e2mara para receberem treinamento, \u00a0orientar os jovens na utiliza\u00e7\u00e3o da biblioteca e seus materiais\u201d, garantiu.","og_url":"https:\/\/blogdofarnesio.com.br\/?p=134063","og_site_name":"Blog do Farn\u00e9sio","article_publisher":"https:\/\/www.facebook.com\/BlogQuerSaberPolitica\/","article_published_time":"2015-12-04T19:00:18+00:00","twitter_card":"summary_large_image","twitter_misc":{"Escrito por":"","Est. tempo de leitura":"1 minuto"},"schema":{"@context":"https:\/\/schema.org","@graph":[{"@type":"Article","@id":"https:\/\/blogdofarnesio.com.br\/?p=134063#article","isPartOf":{"@id":"https:\/\/blogdofarnesio.com.br\/?p=134063"},"author":{"name":"","@id":""},"headline":"\u201cEDUCA\u00c7\u00c3O \u00c9 A BASE PARA A MUDAN\u00c7A DE UMA SOCIEDADE!\u201d, AFIRMOU VEREADOR DAMI\u00c3O MEDRADO","datePublished":"2015-12-04T19:00:18+00:00","mainEntityOfPage":{"@id":"https:\/\/blogdofarnesio.com.br\/?p=134063"},"wordCount":219,"commentCount":0,"publisher":{"@id":"https:\/\/blogdofarnesio.com.br\/#organization"},"articleSection":["Administra\u00e7\u00e3o","Pol\u00edtica"],"inLanguage":"pt-BR","potentialAction":[{"@type":"CommentAction","name":"Comment","target":["https:\/\/blogdofarnesio.com.br\/?p=134063#respond"]}]},{"@type":"WebPage","@id":"https:\/\/blogdofarnesio.com.br\/?p=134063","url":"https:\/\/blogdofarnesio.com.br\/?p=134063","name":"\u201cEDUCA\u00c7\u00c3O \u00c9 A BASE PARA A MUDAN\u00c7A DE UMA SOCIEDADE!\u201d, AFIRMOU VEREADOR DAMI\u00c3O MEDRADO - Blog do Farn\u00e9sio","isPartOf":{"@id":"https:\/\/blogdofarnesio.com.br\/#website"},"datePublished":"2015-12-04T19:00:18+00:00","breadcrumb":{"@id":"https:\/\/blogdofarnesio.com.br\/?p=134063#breadcrumb"},"inLanguage":"pt-BR","potentialAction":[{"@type":"ReadAction","target":["https:\/\/blogdofarnesio.com.br\/?p=134063"]}]},{"@type":"BreadcrumbList","@id":"https:\/\/blogdofarnesio.com.br\/?p=134063#breadcrumb","itemListElement":[{"@type":"ListItem","position":1,"name":"In\u00edcio","item":"https:\/\/blogdofarnesio.com.br\/"},{"@type":"ListItem","position":2,"name":"\u201cEDUCA\u00c7\u00c3O \u00c9 A BASE PARA A MUDAN\u00c7A DE UMA SOCIEDADE!\u201d, AFIRMOU VEREADOR DAMI\u00c3O MEDRADO"}]},{"@type":"WebSite","@id":"https:\/\/blogdofarnesio.com.br\/#website","url":"https:\/\/blogdofarnesio.com.br\/","name":"Blog do Farn\u00e9sio","description":"Quer Saber Pol\u00edtica?","publisher":{"@id":"https:\/\/blogdofarnesio.com.br\/#organization"},"potentialAction":[{"@type":"SearchAction","target":{"@type":"EntryPoint","urlTemplate":"https:\/\/blogdofarnesio.com.br\/?s={search_term_string}"},"query-input":{"@type":"PropertyValueSpecification","valueRequired":true,"valueName":"search_term_string"}}],"inLanguage":"pt-BR"},{"@type":"Organization","@id":"https:\/\/blogdofarnesio.com.br\/#organization","name":"Blog do Farn\u00e9sio","url":"https:\/\/blogdofarnesio.com.br\/","logo":{"@type":"ImageObject","inLanguage":"pt-BR","@id":"https:\/\/blogdofarnesio.com.br\/#\/schema\/logo\/image\/","url":"https:\/\/blogdofarnesio.com.br\/wp-content\/uploads\/2026\/03\/cropped-logo_new-1.png","contentUrl":"https:\/\/blogdofarnesio.com.br\/wp-content\/uploads\/2026\/03\/cropped-logo_new-1.png","width":881,"height":685,"caption":"Blog do Farn\u00e9sio"},"image":{"@id":"https:\/\/blogdofarnesio.com.br\/#\/schema\/logo\/image\/"},"sameAs":["https:\/\/www.facebook.com\/BlogQuerSaberPolitica\/"]},{"@type":"Person","@id":"","url":"https:\/\/blogdofarnesio.com.br\/?author=7"}]}},"_links":{"self":[{"href":"https:\/\/blogdofarnesio.com.br\/index.php?rest_route=\/wp\/v2\/posts\/134063","targetHints":{"allow":["GET"]}}],"collection":[{"href":"https:\/\/blogdofarnesio.com.br\/index.php?rest_route=\/wp\/v2\/posts"}],"about":[{"href":"https:\/\/blogdofarnesio.com.br\/index.php?rest_route=\/wp\/v2\/types\/post"}],"author":[{"embeddable":true,"href":"https:\/\/blogdofarnesio.com.br\/index.php?rest_route=\/wp\/v2\/users\/7"}],"replies":[{"embeddable":true,"href":"https:\/\/blogdofarnesio.com.br\/index.php?rest_route=%2Fwp%2Fv2%2Fcomments&post=134063"}],"version-history":[{"count":0,"href":"https:\/\/blogdofarnesio.com.br\/index.php?rest_route=\/wp\/v2\/posts\/134063\/revisions"}],"wp:attachment":[{"href":"https:\/\/blogdofarnesio.com.br\/index.php?rest_route=%2Fwp%2Fv2%2Fmedia&parent=134063"}],"wp:term":[{"taxonomy":"category","embeddable":true,"href":"https:\/\/blogdofarnesio.com.br\/index.php?rest_route=%2Fwp%2Fv2%2Fcategories&post=134063"},{"taxonomy":"post_tag","embeddable":true,"href":"https:\/\/blogdofarnesio.com.br\/index.php?rest_route=%2Fwp%2Fv2%2Ftags&post=134063"}],"curies":[{"name":"wp","href":"https:\/\/api.w.org\/{rel}","templated":true}]}}