{"id":133936,"date":"2015-12-01T20:01:15","date_gmt":"2015-12-01T23:01:15","guid":{"rendered":"http:\/\/www.quersaberpolitica.com.br\/?p=133936"},"modified":"2015-12-01T18:16:03","modified_gmt":"2015-12-01T21:16:03","slug":"numeros-para-refletir-brasil-tem-780-mil-portadores-de-hiv-450-mil-em-tratamento","status":"publish","type":"post","link":"https:\/\/blogdofarnesio.com.br\/?p=133936","title":{"rendered":"N\u00daMEROS PARA REFLETIR: BRASIL TEM 780 MIL PORTADORES DE HIV. 450 MIL EM TRATAMENTO"},"content":{"rendered":"<div class=\"box-title\">\n<h2><\/h2>\n<p>por Renata Farias<\/p>\n<\/div>\n<div class=\"box-body\">\n<div class=\"text-center\">\n<div class=\"box-img\"><img decoding=\"async\" class=\"img-center img-responsive aligncenter\" src=\"http:\/\/www.bahianoticias.com.br\/fotos\/saude_noticias\/15842\/IMAGEM_NOTICIA_5.jpg\" alt=\"Brasil tem 780 mil portadores de HIV, dos quais 450 mil est\u00e3o em tratamento, aponta MS\" \/><\/p>\n<div class=\"img-legenda\">Foto: Reprodu\u00e7\u00e3o\/ Facebook<\/div>\n<\/div>\n<\/div>\n<div class=\"text-descricao\" style=\"text-align: justify\">Boletim do Minist\u00e9rio da Sa\u00fade divulgado nesta ter\u00e7a-feira (1\u00ba) apontou a exist\u00eancia de 780 mil portadores de HIV no Brasil, dos quais 450 mil est\u00e3o em tratamento. &#8220;O Governo Federal gasta, com esses tratamentos, aproximadamente R$ 1,1 bilh\u00e3o e precisamos ter a compreens\u00e3o de que a melhor profilaxia da transmiss\u00e3o da Aids \u00e9 o tratamento&#8221;, afirmou o ministro Marcelo Castro, em<span style=\"color: #000000\"> <a style=\"color: #000000\" href=\"http:\/\/www.bahianoticias.com.br\/saude\/noticia\/15841-ministerio-da-saude-lanca-campanha-de-combate-a-aids-voltada-ao-publico-jovem.html\" target=\"_blank\">coletiva para divulga\u00e7\u00e3o de dados e lan\u00e7amento da campanha de combate ao HIV<\/a>.<\/span><\/div>\n<div class=\"text-descricao\" style=\"text-align: justify\"><\/div>\n<div class=\"text-descricao\" style=\"text-align: justify\">Com a estrat\u00e9gia 90-90-90, o Brasil \u00e9 um dos pa\u00edses com maior destaque no combate \u00e0 doen\u00e7a, de acordo com a Organiza\u00e7\u00e3o Mundial da Sa\u00fade (OMS). De acordo com o diretor do Departamento de DST, Aids e Hepatites Virais do Minist\u00e9rio da Sa\u00fade, F\u00e1bio Mesquita, o Brasil registrou a menor taxa de detec\u00e7\u00e3o de casos de Aids no Brasil dos \u00faltimos 12 anos, mesmo com n\u00famero 22,4% maior de testes realizados.<\/div>\n<div class=\"text-descricao\" style=\"text-align: justify\"><\/div>\n<div class=\"text-descricao\" style=\"text-align: justify\">Para Mesquita, o registro de autotestes orais concedido pela Ag\u00eancia Nacional de Vigil\u00e2ncia Sanit\u00e1ria (Anvisa) ampliar\u00e1 ainda mais o n\u00famero de testes realizados na popula\u00e7\u00e3o. &#8220;A gente espera que, at\u00e9 o final do primeiro semestre, qualquer pessoa possa comprar o autoteste em farm\u00e1cias. Isso vai pegar um nicho importante da popula\u00e7\u00e3o que tem vergonha de pedir um teste ao seu m\u00e9dico ou ir a um posto de sa\u00fade para fazer o teste&#8221;, avaliou.<\/div>\n<div class=\"text-descricao\" style=\"text-align: justify\"><\/div>\n<div class=\"text-descricao\" style=\"text-align: justify\">Outra novidade anunciada \u00e9 a disponibiliza\u00e7\u00e3o de um banco de dados com informa\u00e7\u00f5es b\u00e1sicas sobre Aids nos 5.570 munic\u00edpios brasileiros. Por meio da <a href=\"http:\/\/svs.aids.gov.br\/aids\/\" target=\"_blank\">nova ferramenta<\/a>, ser\u00e1 poss\u00edvel consultar indicativos e dados b\u00e1sicos sobre casos de HIV e Aids em todo o Brasil.<\/div>\n<\/div>\n","protected":false},"excerpt":{"rendered":"<p>por Renata Farias Foto: Reprodu\u00e7\u00e3o\/ Facebook Boletim do Minist\u00e9rio da Sa\u00fade divulgado nesta ter\u00e7a-feira (1\u00ba) apontou a exist\u00eancia de 780 mil portadores de HIV no Brasil, dos quais 450 mil est\u00e3o em tratamento. &#8220;O Governo Federal gasta, com esses tratamentos, aproximadamente R$ 1,1 bilh\u00e3o e precisamos ter a compreens\u00e3o de que a melhor profilaxia da transmiss\u00e3o da Aids \u00e9 o tratamento&#8221;, afirmou o ministro Marcelo Castro, em coletiva para divulga\u00e7\u00e3o de dados e lan\u00e7amento da campanha de combate ao HIV. Com a estrat\u00e9gia 90-90-90, o Brasil \u00e9 um dos pa\u00edses com maior destaque no combate \u00e0 doen\u00e7a, de acordo com a Organiza\u00e7\u00e3o Mundial da Sa\u00fade (OMS). De acordo com o diretor do Departamento de DST, Aids e Hepatites Virais do&hellip; <\/p>\n","protected":false},"author":3,"featured_media":0,"comment_status":"open","ping_status":"open","sticky":false,"template":"","format":"standard","meta":{"_acf_changed":false,"footnotes":""},"categories":[4],"tags":[],"class_list":["post-133936","post","type-post","status-publish","format-standard","hentry","category-saude"],"acf":[],"yoast_head":"<!-- This site is optimized with the Yoast SEO plugin v27.4 - https:\/\/yoast.com\/product\/yoast-seo-wordpress\/ -->\n<title>N\u00daMEROS PARA REFLETIR: BRASIL TEM 780 MIL PORTADORES DE HIV. 450 MIL EM TRATAMENTO - Blog do Farn\u00e9sio<\/title>\n<meta name=\"robots\" content=\"index, follow, max-snippet:-1, max-image-preview:large, max-video-preview:-1\" \/>\n<link rel=\"canonical\" href=\"https:\/\/blogdofarnesio.com.br\/?p=133936\" \/>\n<meta property=\"og:locale\" content=\"pt_BR\" \/>\n<meta property=\"og:type\" content=\"article\" \/>\n<meta property=\"og:title\" content=\"N\u00daMEROS PARA REFLETIR: BRASIL TEM 780 MIL PORTADORES DE HIV. 450 MIL EM TRATAMENTO - Blog do Farn\u00e9sio\" \/>\n<meta property=\"og:description\" content=\"por Renata Farias Foto: Reprodu\u00e7\u00e3o\/ Facebook Boletim do Minist\u00e9rio da Sa\u00fade divulgado nesta ter\u00e7a-feira (1\u00ba) apontou a exist\u00eancia de 780 mil portadores de HIV no Brasil, dos quais 450 mil est\u00e3o em tratamento. &#8220;O Governo Federal gasta, com esses tratamentos, aproximadamente R$ 1,1 bilh\u00e3o e precisamos ter a compreens\u00e3o de que a melhor profilaxia da transmiss\u00e3o da Aids \u00e9 o tratamento&#8221;, afirmou o ministro Marcelo Castro, em coletiva para divulga\u00e7\u00e3o de dados e lan\u00e7amento da campanha de combate ao HIV. Com a estrat\u00e9gia 90-90-90, o Brasil \u00e9 um dos pa\u00edses com maior destaque no combate \u00e0 doen\u00e7a, de acordo com a Organiza\u00e7\u00e3o Mundial da Sa\u00fade (OMS). De acordo com o diretor do Departamento de DST, Aids e Hepatites Virais do&hellip;\" \/>\n<meta property=\"og:url\" content=\"https:\/\/blogdofarnesio.com.br\/?p=133936\" \/>\n<meta property=\"og:site_name\" content=\"Blog do Farn\u00e9sio\" \/>\n<meta property=\"article:publisher\" content=\"https:\/\/www.facebook.com\/BlogQuerSaberPolitica\/\" \/>\n<meta property=\"article:published_time\" content=\"2015-12-01T23:01:15+00:00\" \/>\n<meta property=\"og:image\" content=\"http:\/\/www.bahianoticias.com.br\/fotos\/saude_noticias\/15842\/IMAGEM_NOTICIA_5.jpg\" \/>\n<meta name=\"author\" content=\"teste\" \/>\n<meta name=\"twitter:card\" content=\"summary_large_image\" \/>\n<meta name=\"twitter:label1\" content=\"Escrito por\" \/>\n\t<meta name=\"twitter:data1\" content=\"teste\" \/>\n\t<meta name=\"twitter:label2\" content=\"Est. tempo de leitura\" \/>\n\t<meta name=\"twitter:data2\" content=\"1 minuto\" \/>\n<script type=\"application\/ld+json\" class=\"yoast-schema-graph\">{\"@context\":\"https:\\\/\\\/schema.org\",\"@graph\":[{\"@type\":\"Article\",\"@id\":\"https:\\\/\\\/blogdofarnesio.com.br\\\/?p=133936#article\",\"isPartOf\":{\"@id\":\"https:\\\/\\\/blogdofarnesio.com.br\\\/?p=133936\"},\"author\":{\"name\":\"teste\",\"@id\":\"https:\\\/\\\/blogdofarnesio.com.br\\\/#\\\/schema\\\/person\\\/dd1bf5eba40b687199ba45ca6b97dff9\"},\"headline\":\"N\u00daMEROS PARA REFLETIR: BRASIL TEM 780 MIL PORTADORES DE HIV. 450 MIL EM TRATAMENTO\",\"datePublished\":\"2015-12-01T23:01:15+00:00\",\"mainEntityOfPage\":{\"@id\":\"https:\\\/\\\/blogdofarnesio.com.br\\\/?p=133936\"},\"wordCount\":305,\"commentCount\":0,\"publisher\":{\"@id\":\"https:\\\/\\\/blogdofarnesio.com.br\\\/#organization\"},\"image\":{\"@id\":\"https:\\\/\\\/blogdofarnesio.com.br\\\/?p=133936#primaryimage\"},\"thumbnailUrl\":\"http:\\\/\\\/www.bahianoticias.com.br\\\/fotos\\\/saude_noticias\\\/15842\\\/IMAGEM_NOTICIA_5.jpg\",\"articleSection\":[\"Sa\u00fade\"],\"inLanguage\":\"pt-BR\",\"potentialAction\":[{\"@type\":\"CommentAction\",\"name\":\"Comment\",\"target\":[\"https:\\\/\\\/blogdofarnesio.com.br\\\/?p=133936#respond\"]}]},{\"@type\":\"WebPage\",\"@id\":\"https:\\\/\\\/blogdofarnesio.com.br\\\/?p=133936\",\"url\":\"https:\\\/\\\/blogdofarnesio.com.br\\\/?p=133936\",\"name\":\"N\u00daMEROS PARA REFLETIR: BRASIL TEM 780 MIL PORTADORES DE HIV. 450 MIL EM TRATAMENTO - Blog do Farn\u00e9sio\",\"isPartOf\":{\"@id\":\"https:\\\/\\\/blogdofarnesio.com.br\\\/#website\"},\"primaryImageOfPage\":{\"@id\":\"https:\\\/\\\/blogdofarnesio.com.br\\\/?p=133936#primaryimage\"},\"image\":{\"@id\":\"https:\\\/\\\/blogdofarnesio.com.br\\\/?p=133936#primaryimage\"},\"thumbnailUrl\":\"http:\\\/\\\/www.bahianoticias.com.br\\\/fotos\\\/saude_noticias\\\/15842\\\/IMAGEM_NOTICIA_5.jpg\",\"datePublished\":\"2015-12-01T23:01:15+00:00\",\"breadcrumb\":{\"@id\":\"https:\\\/\\\/blogdofarnesio.com.br\\\/?p=133936#breadcrumb\"},\"inLanguage\":\"pt-BR\",\"potentialAction\":[{\"@type\":\"ReadAction\",\"target\":[\"https:\\\/\\\/blogdofarnesio.com.br\\\/?p=133936\"]}]},{\"@type\":\"ImageObject\",\"inLanguage\":\"pt-BR\",\"@id\":\"https:\\\/\\\/blogdofarnesio.com.br\\\/?p=133936#primaryimage\",\"url\":\"http:\\\/\\\/www.bahianoticias.com.br\\\/fotos\\\/saude_noticias\\\/15842\\\/IMAGEM_NOTICIA_5.jpg\",\"contentUrl\":\"http:\\\/\\\/www.bahianoticias.com.br\\\/fotos\\\/saude_noticias\\\/15842\\\/IMAGEM_NOTICIA_5.jpg\"},{\"@type\":\"BreadcrumbList\",\"@id\":\"https:\\\/\\\/blogdofarnesio.com.br\\\/?p=133936#breadcrumb\",\"itemListElement\":[{\"@type\":\"ListItem\",\"position\":1,\"name\":\"In\u00edcio\",\"item\":\"https:\\\/\\\/blogdofarnesio.com.br\\\/\"},{\"@type\":\"ListItem\",\"position\":2,\"name\":\"N\u00daMEROS PARA REFLETIR: BRASIL TEM 780 MIL PORTADORES DE HIV. 450 MIL EM TRATAMENTO\"}]},{\"@type\":\"WebSite\",\"@id\":\"https:\\\/\\\/blogdofarnesio.com.br\\\/#website\",\"url\":\"https:\\\/\\\/blogdofarnesio.com.br\\\/\",\"name\":\"Blog do Farn\u00e9sio\",\"description\":\"Quer Saber Pol\u00edtica?\",\"publisher\":{\"@id\":\"https:\\\/\\\/blogdofarnesio.com.br\\\/#organization\"},\"potentialAction\":[{\"@type\":\"SearchAction\",\"target\":{\"@type\":\"EntryPoint\",\"urlTemplate\":\"https:\\\/\\\/blogdofarnesio.com.br\\\/?s={search_term_string}\"},\"query-input\":{\"@type\":\"PropertyValueSpecification\",\"valueRequired\":true,\"valueName\":\"search_term_string\"}}],\"inLanguage\":\"pt-BR\"},{\"@type\":\"Organization\",\"@id\":\"https:\\\/\\\/blogdofarnesio.com.br\\\/#organization\",\"name\":\"Blog do Farn\u00e9sio\",\"url\":\"https:\\\/\\\/blogdofarnesio.com.br\\\/\",\"logo\":{\"@type\":\"ImageObject\",\"inLanguage\":\"pt-BR\",\"@id\":\"https:\\\/\\\/blogdofarnesio.com.br\\\/#\\\/schema\\\/logo\\\/image\\\/\",\"url\":\"https:\\\/\\\/blogdofarnesio.com.br\\\/wp-content\\\/uploads\\\/2026\\\/03\\\/cropped-logo_new-1.png\",\"contentUrl\":\"https:\\\/\\\/blogdofarnesio.com.br\\\/wp-content\\\/uploads\\\/2026\\\/03\\\/cropped-logo_new-1.png\",\"width\":881,\"height\":685,\"caption\":\"Blog do Farn\u00e9sio\"},\"image\":{\"@id\":\"https:\\\/\\\/blogdofarnesio.com.br\\\/#\\\/schema\\\/logo\\\/image\\\/\"},\"sameAs\":[\"https:\\\/\\\/www.facebook.com\\\/BlogQuerSaberPolitica\\\/\"]},{\"@type\":\"Person\",\"@id\":\"https:\\\/\\\/blogdofarnesio.com.br\\\/#\\\/schema\\\/person\\\/dd1bf5eba40b687199ba45ca6b97dff9\",\"name\":\"teste\",\"image\":{\"@type\":\"ImageObject\",\"inLanguage\":\"pt-BR\",\"@id\":\"https:\\\/\\\/secure.gravatar.com\\\/avatar\\\/2172498d4914b51e1d89a0f97957b035ac4938723a5cac208135d389b6972a6d?s=96&d=mm&r=g\",\"url\":\"https:\\\/\\\/secure.gravatar.com\\\/avatar\\\/2172498d4914b51e1d89a0f97957b035ac4938723a5cac208135d389b6972a6d?s=96&d=mm&r=g\",\"contentUrl\":\"https:\\\/\\\/secure.gravatar.com\\\/avatar\\\/2172498d4914b51e1d89a0f97957b035ac4938723a5cac208135d389b6972a6d?s=96&d=mm&r=g\",\"caption\":\"teste\"},\"url\":\"https:\\\/\\\/blogdofarnesio.com.br\\\/?author=3\"}]}<\/script>\n<!-- \/ Yoast SEO plugin. -->","yoast_head_json":{"title":"N\u00daMEROS PARA REFLETIR: BRASIL TEM 780 MIL PORTADORES DE HIV. 450 MIL EM TRATAMENTO - Blog do Farn\u00e9sio","robots":{"index":"index","follow":"follow","max-snippet":"max-snippet:-1","max-image-preview":"max-image-preview:large","max-video-preview":"max-video-preview:-1"},"canonical":"https:\/\/blogdofarnesio.com.br\/?p=133936","og_locale":"pt_BR","og_type":"article","og_title":"N\u00daMEROS PARA REFLETIR: BRASIL TEM 780 MIL PORTADORES DE HIV. 450 MIL EM TRATAMENTO - Blog do Farn\u00e9sio","og_description":"por Renata Farias Foto: Reprodu\u00e7\u00e3o\/ Facebook Boletim do Minist\u00e9rio da Sa\u00fade divulgado nesta ter\u00e7a-feira (1\u00ba) apontou a exist\u00eancia de 780 mil portadores de HIV no Brasil, dos quais 450 mil est\u00e3o em tratamento. &#8220;O Governo Federal gasta, com esses tratamentos, aproximadamente R$ 1,1 bilh\u00e3o e precisamos ter a compreens\u00e3o de que a melhor profilaxia da transmiss\u00e3o da Aids \u00e9 o tratamento&#8221;, afirmou o ministro Marcelo Castro, em coletiva para divulga\u00e7\u00e3o de dados e lan\u00e7amento da campanha de combate ao HIV. Com a estrat\u00e9gia 90-90-90, o Brasil \u00e9 um dos pa\u00edses com maior destaque no combate \u00e0 doen\u00e7a, de acordo com a Organiza\u00e7\u00e3o Mundial da Sa\u00fade (OMS). De acordo com o diretor do Departamento de DST, Aids e Hepatites Virais do&hellip;","og_url":"https:\/\/blogdofarnesio.com.br\/?p=133936","og_site_name":"Blog do Farn\u00e9sio","article_publisher":"https:\/\/www.facebook.com\/BlogQuerSaberPolitica\/","article_published_time":"2015-12-01T23:01:15+00:00","og_image":[{"url":"http:\/\/www.bahianoticias.com.br\/fotos\/saude_noticias\/15842\/IMAGEM_NOTICIA_5.jpg","type":"","width":"","height":""}],"author":"teste","twitter_card":"summary_large_image","twitter_misc":{"Escrito por":"teste","Est. tempo de leitura":"1 minuto"},"schema":{"@context":"https:\/\/schema.org","@graph":[{"@type":"Article","@id":"https:\/\/blogdofarnesio.com.br\/?p=133936#article","isPartOf":{"@id":"https:\/\/blogdofarnesio.com.br\/?p=133936"},"author":{"name":"teste","@id":"https:\/\/blogdofarnesio.com.br\/#\/schema\/person\/dd1bf5eba40b687199ba45ca6b97dff9"},"headline":"N\u00daMEROS PARA REFLETIR: BRASIL TEM 780 MIL PORTADORES DE HIV. 450 MIL EM TRATAMENTO","datePublished":"2015-12-01T23:01:15+00:00","mainEntityOfPage":{"@id":"https:\/\/blogdofarnesio.com.br\/?p=133936"},"wordCount":305,"commentCount":0,"publisher":{"@id":"https:\/\/blogdofarnesio.com.br\/#organization"},"image":{"@id":"https:\/\/blogdofarnesio.com.br\/?p=133936#primaryimage"},"thumbnailUrl":"http:\/\/www.bahianoticias.com.br\/fotos\/saude_noticias\/15842\/IMAGEM_NOTICIA_5.jpg","articleSection":["Sa\u00fade"],"inLanguage":"pt-BR","potentialAction":[{"@type":"CommentAction","name":"Comment","target":["https:\/\/blogdofarnesio.com.br\/?p=133936#respond"]}]},{"@type":"WebPage","@id":"https:\/\/blogdofarnesio.com.br\/?p=133936","url":"https:\/\/blogdofarnesio.com.br\/?p=133936","name":"N\u00daMEROS PARA REFLETIR: BRASIL TEM 780 MIL PORTADORES DE HIV. 450 MIL EM TRATAMENTO - Blog do Farn\u00e9sio","isPartOf":{"@id":"https:\/\/blogdofarnesio.com.br\/#website"},"primaryImageOfPage":{"@id":"https:\/\/blogdofarnesio.com.br\/?p=133936#primaryimage"},"image":{"@id":"https:\/\/blogdofarnesio.com.br\/?p=133936#primaryimage"},"thumbnailUrl":"http:\/\/www.bahianoticias.com.br\/fotos\/saude_noticias\/15842\/IMAGEM_NOTICIA_5.jpg","datePublished":"2015-12-01T23:01:15+00:00","breadcrumb":{"@id":"https:\/\/blogdofarnesio.com.br\/?p=133936#breadcrumb"},"inLanguage":"pt-BR","potentialAction":[{"@type":"ReadAction","target":["https:\/\/blogdofarnesio.com.br\/?p=133936"]}]},{"@type":"ImageObject","inLanguage":"pt-BR","@id":"https:\/\/blogdofarnesio.com.br\/?p=133936#primaryimage","url":"http:\/\/www.bahianoticias.com.br\/fotos\/saude_noticias\/15842\/IMAGEM_NOTICIA_5.jpg","contentUrl":"http:\/\/www.bahianoticias.com.br\/fotos\/saude_noticias\/15842\/IMAGEM_NOTICIA_5.jpg"},{"@type":"BreadcrumbList","@id":"https:\/\/blogdofarnesio.com.br\/?p=133936#breadcrumb","itemListElement":[{"@type":"ListItem","position":1,"name":"In\u00edcio","item":"https:\/\/blogdofarnesio.com.br\/"},{"@type":"ListItem","position":2,"name":"N\u00daMEROS PARA REFLETIR: BRASIL TEM 780 MIL PORTADORES DE HIV. 450 MIL EM TRATAMENTO"}]},{"@type":"WebSite","@id":"https:\/\/blogdofarnesio.com.br\/#website","url":"https:\/\/blogdofarnesio.com.br\/","name":"Blog do Farn\u00e9sio","description":"Quer Saber Pol\u00edtica?","publisher":{"@id":"https:\/\/blogdofarnesio.com.br\/#organization"},"potentialAction":[{"@type":"SearchAction","target":{"@type":"EntryPoint","urlTemplate":"https:\/\/blogdofarnesio.com.br\/?s={search_term_string}"},"query-input":{"@type":"PropertyValueSpecification","valueRequired":true,"valueName":"search_term_string"}}],"inLanguage":"pt-BR"},{"@type":"Organization","@id":"https:\/\/blogdofarnesio.com.br\/#organization","name":"Blog do Farn\u00e9sio","url":"https:\/\/blogdofarnesio.com.br\/","logo":{"@type":"ImageObject","inLanguage":"pt-BR","@id":"https:\/\/blogdofarnesio.com.br\/#\/schema\/logo\/image\/","url":"https:\/\/blogdofarnesio.com.br\/wp-content\/uploads\/2026\/03\/cropped-logo_new-1.png","contentUrl":"https:\/\/blogdofarnesio.com.br\/wp-content\/uploads\/2026\/03\/cropped-logo_new-1.png","width":881,"height":685,"caption":"Blog do Farn\u00e9sio"},"image":{"@id":"https:\/\/blogdofarnesio.com.br\/#\/schema\/logo\/image\/"},"sameAs":["https:\/\/www.facebook.com\/BlogQuerSaberPolitica\/"]},{"@type":"Person","@id":"https:\/\/blogdofarnesio.com.br\/#\/schema\/person\/dd1bf5eba40b687199ba45ca6b97dff9","name":"teste","image":{"@type":"ImageObject","inLanguage":"pt-BR","@id":"https:\/\/secure.gravatar.com\/avatar\/2172498d4914b51e1d89a0f97957b035ac4938723a5cac208135d389b6972a6d?s=96&d=mm&r=g","url":"https:\/\/secure.gravatar.com\/avatar\/2172498d4914b51e1d89a0f97957b035ac4938723a5cac208135d389b6972a6d?s=96&d=mm&r=g","contentUrl":"https:\/\/secure.gravatar.com\/avatar\/2172498d4914b51e1d89a0f97957b035ac4938723a5cac208135d389b6972a6d?s=96&d=mm&r=g","caption":"teste"},"url":"https:\/\/blogdofarnesio.com.br\/?author=3"}]}},"_links":{"self":[{"href":"https:\/\/blogdofarnesio.com.br\/index.php?rest_route=\/wp\/v2\/posts\/133936","targetHints":{"allow":["GET"]}}],"collection":[{"href":"https:\/\/blogdofarnesio.com.br\/index.php?rest_route=\/wp\/v2\/posts"}],"about":[{"href":"https:\/\/blogdofarnesio.com.br\/index.php?rest_route=\/wp\/v2\/types\/post"}],"author":[{"embeddable":true,"href":"https:\/\/blogdofarnesio.com.br\/index.php?rest_route=\/wp\/v2\/users\/3"}],"replies":[{"embeddable":true,"href":"https:\/\/blogdofarnesio.com.br\/index.php?rest_route=%2Fwp%2Fv2%2Fcomments&post=133936"}],"version-history":[{"count":0,"href":"https:\/\/blogdofarnesio.com.br\/index.php?rest_route=\/wp\/v2\/posts\/133936\/revisions"}],"wp:attachment":[{"href":"https:\/\/blogdofarnesio.com.br\/index.php?rest_route=%2Fwp%2Fv2%2Fmedia&parent=133936"}],"wp:term":[{"taxonomy":"category","embeddable":true,"href":"https:\/\/blogdofarnesio.com.br\/index.php?rest_route=%2Fwp%2Fv2%2Fcategories&post=133936"},{"taxonomy":"post_tag","embeddable":true,"href":"https:\/\/blogdofarnesio.com.br\/index.php?rest_route=%2Fwp%2Fv2%2Ftags&post=133936"}],"curies":[{"name":"wp","href":"https:\/\/api.w.org\/{rel}","templated":true}]}}