{"id":133926,"date":"2015-12-02T08:03:17","date_gmt":"2015-12-02T11:03:17","guid":{"rendered":"http:\/\/www.quersaberpolitica.com.br\/?p=133926"},"modified":"2015-12-01T15:30:10","modified_gmt":"2015-12-01T18:30:10","slug":"promotora-que-iniciou-investigacao-da-telexfree-e-encontrada-morta-com-tiro-na-cabeca-suspeita-e-de-suicidio","status":"publish","type":"post","link":"https:\/\/blogdofarnesio.com.br\/?p=133926","title":{"rendered":"PROMOTORA QUE INICIOU INVESTIGA\u00c7\u00c3O DA TELEXFREE \u00c9 ENCONTRADA MORTA COM TIRO NA CABE\u00c7A; SUSPEITA \u00c9 DE SUIC\u00cdDIO"},"content":{"rendered":"<div id=\"post-body-8669551999468166597\" class=\"post-body entry-content\">\n<div class=\"separator\" style=\"text-align: justify\"><a href=\"http:\/\/2.bp.blogspot.com\/-rYgnQhenCaU\/Vly_FpxsOTI\/AAAAAAAAav0\/-b4002-K7-Q\/s1600\/0-blog-Z%25C3%25A9%2BCarlos%2BBorges-v%25C3%25ADdeo-promotora-suicidio.jpg\"><img loading=\"lazy\" decoding=\"async\" class=\" aligncenter\" src=\"http:\/\/2.bp.blogspot.com\/-rYgnQhenCaU\/Vly_FpxsOTI\/AAAAAAAAav0\/-b4002-K7-Q\/s640\/0-blog-Z%25C3%25A9%2BCarlos%2BBorges-v%25C3%25ADdeo-promotora-suicidio.jpg\" alt=\"\" width=\"452\" height=\"215\" border=\"0\" \/><\/a><\/div>\n<div style=\"text-align: justify\">A promotora de justi\u00e7a Nicole Gonzalez Colombo Arnoldi, que atuava na Comarca do Bujari, morreu na noite deste domingo (29), em seu apartamento, em Rio Branco. Ela morava no Edif\u00edcio Floren\u00e7a, pr\u00f3ximo \u00e0 faculdade Uninorte. As primeiras conclus\u00f5es da per\u00edcia \u00e9 de que tenha havido suic\u00eddio.<\/div>\n<div style=\"text-align: justify\"><\/div>\n<div style=\"text-align: justify\">O corpo apresentava uma perfura\u00e7\u00e3o \u00e0 bala. A Pol\u00edcia T\u00e9cnica n\u00e3o identificou sinais de arrombamento no im\u00f3vel, onde Nicole morava sozinha. A promotora teria efetuado um \u00fanico disparo na cabe\u00e7a. Moradores do mesmo pr\u00e9dio disseram que a promotora era de f\u00e1cil conviv\u00eancia&#8221;, mas ultimamente &#8220;andava depressiva&#8221;.<\/div>\n<div style=\"text-align: justify\"><\/div>\n<div style=\"text-align: justify\">Nicole era de S\u00e3o Paulo e morava no Acre desde 2010, quando assumiu o cargo ap\u00f3s ser aprovada em concurso p\u00fablico. Possu\u00eda gradua\u00e7\u00e3o em Direito pela Universidade Estadual Paulista J\u00falio de Mesquita Filho (2003) e p\u00f3s gradua\u00e7\u00e3o pela Faculdade de Direito Prof. Dam\u00e1sio de Jesus (2005). Atualmente era mestranda da UNESP. \u00c9 advogada e atua nas \u00c1reas Criminal e de Fam\u00edlia.<\/div>\n<div style=\"text-align: justify\"><\/div>\n<div style=\"text-align: justify\"><b>PROMOTORA INICIOU INVESTIGA\u00c7\u00d5ES QUE CONDENARAM A TELEXFREE\u00a0<\/b><\/div>\n<div style=\"text-align: justify\"><\/div>\n<div style=\"text-align: justify\">Partiu da promotora Nicole Gonzalez Colombo, que teria cometido suic\u00eddio na noite deste domingo, a primeira medida, no Acre, para que o mundo inteiro conhecesse a Telexfree como pir\u00e2mide financeira. A a\u00e7\u00e3o movida por ela foi seguida, posteriormente, pelos promotores Alessandra Marques e Marco Aur\u00e9lio.<\/div>\n<div style=\"text-align: justify\"><\/div>\n<div style=\"text-align: justify\">Os tr\u00eas promotores atuaram fortemente na Defesa do Consumidor. Ela ajudou a aferir um quantitativo de cidad\u00e3os lesados: mais de 40 mil no Acre e mais de 1,5 milh\u00e3o em todo o pa\u00eds. Tr\u00eas anos atr\u00e1s, Nicole anunciou o bloqueio dos pagamentos e novas ades\u00f5es \u00e0 Telexfree.<!--more--><\/div>\n<div style=\"text-align: justify\"><\/div>\n<div style=\"text-align: justify\">&#8220;Dinheiro n\u00e3o cai do c\u00e9u&#8221; \u00e9 uma das frases compartilhadas por Nicole com os colegas. Numa das \u00faltimas manifesta\u00e7\u00f5es p\u00fablicas sobre o caso, em coletiva \u00e0 imprensa no dia 22 de setembro, da promotora, informou que os divulgadores da empresa Ympactus, que representa a Telexfree no Brasil, devem comprovar v\u00ednculo com a empresa para serem ressarcidos e precisam pagar R$ 3 milh\u00f5es de indeniza\u00e7\u00e3o por danos morais coletivos, al\u00e9m de devolver o dinheiro investido pelos divulgadores.<\/div>\n<div style=\"text-align: justify\"><\/div>\n<div style=\"text-align: justify\">A a\u00e7\u00e3o movida por ela embasou uma decis\u00e3o judicial que dissolveu a Ympactus. .&#8221;N\u00e3o sabemos precisar agora o valor que cada pessoa tem a receber. As decis\u00f5es foram importantes para evitar que outros milhares de pessoas entrassem na pir\u00e2mide financeira e identificar preju\u00edzo, al\u00e9m de evitar que os j\u00e1 integrantes n\u00e3o colocassem mais dinheiro no esquema fraudulento&#8221;, disse ela.<\/div>\n<div style=\"text-align: justify\"><\/div>\n<div style=\"text-align: justify\">A atua\u00e7\u00e3o de Nicole neste caso mereceu elogios dos colegas de MP e da sociedade. A Assessoria de Imprensa do MP-AC informou que n\u00e3o haver\u00e1 vel\u00f3rio no Acre. O corpo de Nicola seguir\u00e1 para Araraquara (SP), sua cidade natal. A promotora teria falado com a m\u00e3e, instantes antes de atirar na pr\u00f3pria cabe\u00e7a.<\/div>\n<\/div>\n<p>&nbsp;<\/p>\n","protected":false},"excerpt":{"rendered":"<p>A promotora de justi\u00e7a Nicole Gonzalez Colombo Arnoldi, que atuava na Comarca do Bujari, morreu na noite deste domingo (29), em seu apartamento, em Rio Branco. Ela morava no Edif\u00edcio Floren\u00e7a, pr\u00f3ximo \u00e0 faculdade Uninorte. As primeiras conclus\u00f5es da per\u00edcia \u00e9 de que tenha havido suic\u00eddio. O corpo apresentava uma perfura\u00e7\u00e3o \u00e0 bala. A Pol\u00edcia T\u00e9cnica n\u00e3o identificou sinais de arrombamento no im\u00f3vel, onde Nicole morava sozinha. A promotora teria efetuado um \u00fanico disparo na cabe\u00e7a. Moradores do mesmo pr\u00e9dio disseram que a promotora era de f\u00e1cil conviv\u00eancia&#8221;, mas ultimamente &#8220;andava depressiva&#8221;. Nicole era de S\u00e3o Paulo e morava no Acre desde 2010, quando assumiu o cargo ap\u00f3s ser aprovada em concurso p\u00fablico. Possu\u00eda gradua\u00e7\u00e3o em Direito pela Universidade Estadual&hellip; <\/p>\n","protected":false},"author":3,"featured_media":0,"comment_status":"open","ping_status":"open","sticky":false,"template":"","format":"standard","meta":{"_acf_changed":false,"footnotes":""},"categories":[23,9],"tags":[],"class_list":["post-133926","post","type-post","status-publish","format-standard","hentry","category-justica","category-policia"],"acf":[],"yoast_head":"<!-- This site is optimized with the Yoast SEO plugin v27.4 - https:\/\/yoast.com\/product\/yoast-seo-wordpress\/ -->\n<title>PROMOTORA QUE INICIOU INVESTIGA\u00c7\u00c3O DA TELEXFREE \u00c9 ENCONTRADA MORTA COM TIRO NA CABE\u00c7A; SUSPEITA \u00c9 DE SUIC\u00cdDIO - Blog do Farn\u00e9sio<\/title>\n<meta name=\"robots\" content=\"index, follow, max-snippet:-1, max-image-preview:large, max-video-preview:-1\" \/>\n<link rel=\"canonical\" href=\"https:\/\/blogdofarnesio.com.br\/?p=133926\" \/>\n<meta property=\"og:locale\" content=\"pt_BR\" \/>\n<meta property=\"og:type\" content=\"article\" \/>\n<meta property=\"og:title\" content=\"PROMOTORA QUE INICIOU INVESTIGA\u00c7\u00c3O DA TELEXFREE \u00c9 ENCONTRADA MORTA COM TIRO NA CABE\u00c7A; SUSPEITA \u00c9 DE SUIC\u00cdDIO - Blog do Farn\u00e9sio\" \/>\n<meta property=\"og:description\" content=\"A promotora de justi\u00e7a Nicole Gonzalez Colombo Arnoldi, que atuava na Comarca do Bujari, morreu na noite deste domingo (29), em seu apartamento, em Rio Branco. Ela morava no Edif\u00edcio Floren\u00e7a, pr\u00f3ximo \u00e0 faculdade Uninorte. As primeiras conclus\u00f5es da per\u00edcia \u00e9 de que tenha havido suic\u00eddio. O corpo apresentava uma perfura\u00e7\u00e3o \u00e0 bala. A Pol\u00edcia T\u00e9cnica n\u00e3o identificou sinais de arrombamento no im\u00f3vel, onde Nicole morava sozinha. A promotora teria efetuado um \u00fanico disparo na cabe\u00e7a. Moradores do mesmo pr\u00e9dio disseram que a promotora era de f\u00e1cil conviv\u00eancia&#8221;, mas ultimamente &#8220;andava depressiva&#8221;. Nicole era de S\u00e3o Paulo e morava no Acre desde 2010, quando assumiu o cargo ap\u00f3s ser aprovada em concurso p\u00fablico. Possu\u00eda gradua\u00e7\u00e3o em Direito pela Universidade Estadual&hellip;\" \/>\n<meta property=\"og:url\" content=\"https:\/\/blogdofarnesio.com.br\/?p=133926\" \/>\n<meta property=\"og:site_name\" content=\"Blog do Farn\u00e9sio\" \/>\n<meta property=\"article:publisher\" content=\"https:\/\/www.facebook.com\/BlogQuerSaberPolitica\/\" \/>\n<meta property=\"article:published_time\" content=\"2015-12-02T11:03:17+00:00\" \/>\n<meta property=\"og:image\" content=\"http:\/\/2.bp.blogspot.com\/-rYgnQhenCaU\/Vly_FpxsOTI\/AAAAAAAAav0\/-b4002-K7-Q\/s640\/0-blog-Z%25C3%25A9%2BCarlos%2BBorges-v%25C3%25ADdeo-promotora-suicidio.jpg\" \/>\n<meta name=\"author\" content=\"teste\" \/>\n<meta name=\"twitter:card\" content=\"summary_large_image\" \/>\n<meta name=\"twitter:label1\" content=\"Escrito por\" \/>\n\t<meta name=\"twitter:data1\" content=\"teste\" \/>\n\t<meta name=\"twitter:label2\" content=\"Est. tempo de leitura\" \/>\n\t<meta name=\"twitter:data2\" content=\"2 minutos\" \/>\n<script type=\"application\/ld+json\" class=\"yoast-schema-graph\">{\"@context\":\"https:\\\/\\\/schema.org\",\"@graph\":[{\"@type\":\"Article\",\"@id\":\"https:\\\/\\\/blogdofarnesio.com.br\\\/?p=133926#article\",\"isPartOf\":{\"@id\":\"https:\\\/\\\/blogdofarnesio.com.br\\\/?p=133926\"},\"author\":{\"name\":\"teste\",\"@id\":\"https:\\\/\\\/blogdofarnesio.com.br\\\/#\\\/schema\\\/person\\\/dd1bf5eba40b687199ba45ca6b97dff9\"},\"headline\":\"PROMOTORA QUE INICIOU INVESTIGA\u00c7\u00c3O DA TELEXFREE \u00c9 ENCONTRADA MORTA COM TIRO NA CABE\u00c7A; SUSPEITA \u00c9 DE SUIC\u00cdDIO\",\"datePublished\":\"2015-12-02T11:03:17+00:00\",\"mainEntityOfPage\":{\"@id\":\"https:\\\/\\\/blogdofarnesio.com.br\\\/?p=133926\"},\"wordCount\":504,\"commentCount\":0,\"publisher\":{\"@id\":\"https:\\\/\\\/blogdofarnesio.com.br\\\/#organization\"},\"image\":{\"@id\":\"https:\\\/\\\/blogdofarnesio.com.br\\\/?p=133926#primaryimage\"},\"thumbnailUrl\":\"http:\\\/\\\/2.bp.blogspot.com\\\/-rYgnQhenCaU\\\/Vly_FpxsOTI\\\/AAAAAAAAav0\\\/-b4002-K7-Q\\\/s640\\\/0-blog-Z%25C3%25A9%2BCarlos%2BBorges-v%25C3%25ADdeo-promotora-suicidio.jpg\",\"articleSection\":[\"Justi\u00e7a\",\"Pol\u00edcia\"],\"inLanguage\":\"pt-BR\",\"potentialAction\":[{\"@type\":\"CommentAction\",\"name\":\"Comment\",\"target\":[\"https:\\\/\\\/blogdofarnesio.com.br\\\/?p=133926#respond\"]}]},{\"@type\":\"WebPage\",\"@id\":\"https:\\\/\\\/blogdofarnesio.com.br\\\/?p=133926\",\"url\":\"https:\\\/\\\/blogdofarnesio.com.br\\\/?p=133926\",\"name\":\"PROMOTORA QUE INICIOU INVESTIGA\u00c7\u00c3O DA TELEXFREE \u00c9 ENCONTRADA MORTA COM TIRO NA CABE\u00c7A; SUSPEITA \u00c9 DE SUIC\u00cdDIO - Blog do Farn\u00e9sio\",\"isPartOf\":{\"@id\":\"https:\\\/\\\/blogdofarnesio.com.br\\\/#website\"},\"primaryImageOfPage\":{\"@id\":\"https:\\\/\\\/blogdofarnesio.com.br\\\/?p=133926#primaryimage\"},\"image\":{\"@id\":\"https:\\\/\\\/blogdofarnesio.com.br\\\/?p=133926#primaryimage\"},\"thumbnailUrl\":\"http:\\\/\\\/2.bp.blogspot.com\\\/-rYgnQhenCaU\\\/Vly_FpxsOTI\\\/AAAAAAAAav0\\\/-b4002-K7-Q\\\/s640\\\/0-blog-Z%25C3%25A9%2BCarlos%2BBorges-v%25C3%25ADdeo-promotora-suicidio.jpg\",\"datePublished\":\"2015-12-02T11:03:17+00:00\",\"breadcrumb\":{\"@id\":\"https:\\\/\\\/blogdofarnesio.com.br\\\/?p=133926#breadcrumb\"},\"inLanguage\":\"pt-BR\",\"potentialAction\":[{\"@type\":\"ReadAction\",\"target\":[\"https:\\\/\\\/blogdofarnesio.com.br\\\/?p=133926\"]}]},{\"@type\":\"ImageObject\",\"inLanguage\":\"pt-BR\",\"@id\":\"https:\\\/\\\/blogdofarnesio.com.br\\\/?p=133926#primaryimage\",\"url\":\"http:\\\/\\\/2.bp.blogspot.com\\\/-rYgnQhenCaU\\\/Vly_FpxsOTI\\\/AAAAAAAAav0\\\/-b4002-K7-Q\\\/s640\\\/0-blog-Z%25C3%25A9%2BCarlos%2BBorges-v%25C3%25ADdeo-promotora-suicidio.jpg\",\"contentUrl\":\"http:\\\/\\\/2.bp.blogspot.com\\\/-rYgnQhenCaU\\\/Vly_FpxsOTI\\\/AAAAAAAAav0\\\/-b4002-K7-Q\\\/s640\\\/0-blog-Z%25C3%25A9%2BCarlos%2BBorges-v%25C3%25ADdeo-promotora-suicidio.jpg\"},{\"@type\":\"BreadcrumbList\",\"@id\":\"https:\\\/\\\/blogdofarnesio.com.br\\\/?p=133926#breadcrumb\",\"itemListElement\":[{\"@type\":\"ListItem\",\"position\":1,\"name\":\"In\u00edcio\",\"item\":\"https:\\\/\\\/blogdofarnesio.com.br\\\/\"},{\"@type\":\"ListItem\",\"position\":2,\"name\":\"PROMOTORA QUE INICIOU INVESTIGA\u00c7\u00c3O DA TELEXFREE \u00c9 ENCONTRADA MORTA COM TIRO NA CABE\u00c7A; SUSPEITA \u00c9 DE SUIC\u00cdDIO\"}]},{\"@type\":\"WebSite\",\"@id\":\"https:\\\/\\\/blogdofarnesio.com.br\\\/#website\",\"url\":\"https:\\\/\\\/blogdofarnesio.com.br\\\/\",\"name\":\"Blog do Farn\u00e9sio\",\"description\":\"Quer Saber Pol\u00edtica?\",\"publisher\":{\"@id\":\"https:\\\/\\\/blogdofarnesio.com.br\\\/#organization\"},\"potentialAction\":[{\"@type\":\"SearchAction\",\"target\":{\"@type\":\"EntryPoint\",\"urlTemplate\":\"https:\\\/\\\/blogdofarnesio.com.br\\\/?s={search_term_string}\"},\"query-input\":{\"@type\":\"PropertyValueSpecification\",\"valueRequired\":true,\"valueName\":\"search_term_string\"}}],\"inLanguage\":\"pt-BR\"},{\"@type\":\"Organization\",\"@id\":\"https:\\\/\\\/blogdofarnesio.com.br\\\/#organization\",\"name\":\"Blog do Farn\u00e9sio\",\"url\":\"https:\\\/\\\/blogdofarnesio.com.br\\\/\",\"logo\":{\"@type\":\"ImageObject\",\"inLanguage\":\"pt-BR\",\"@id\":\"https:\\\/\\\/blogdofarnesio.com.br\\\/#\\\/schema\\\/logo\\\/image\\\/\",\"url\":\"https:\\\/\\\/blogdofarnesio.com.br\\\/wp-content\\\/uploads\\\/2026\\\/03\\\/cropped-logo_new-1.png\",\"contentUrl\":\"https:\\\/\\\/blogdofarnesio.com.br\\\/wp-content\\\/uploads\\\/2026\\\/03\\\/cropped-logo_new-1.png\",\"width\":881,\"height\":685,\"caption\":\"Blog do Farn\u00e9sio\"},\"image\":{\"@id\":\"https:\\\/\\\/blogdofarnesio.com.br\\\/#\\\/schema\\\/logo\\\/image\\\/\"},\"sameAs\":[\"https:\\\/\\\/www.facebook.com\\\/BlogQuerSaberPolitica\\\/\"]},{\"@type\":\"Person\",\"@id\":\"https:\\\/\\\/blogdofarnesio.com.br\\\/#\\\/schema\\\/person\\\/dd1bf5eba40b687199ba45ca6b97dff9\",\"name\":\"teste\",\"image\":{\"@type\":\"ImageObject\",\"inLanguage\":\"pt-BR\",\"@id\":\"https:\\\/\\\/secure.gravatar.com\\\/avatar\\\/2172498d4914b51e1d89a0f97957b035ac4938723a5cac208135d389b6972a6d?s=96&d=mm&r=g\",\"url\":\"https:\\\/\\\/secure.gravatar.com\\\/avatar\\\/2172498d4914b51e1d89a0f97957b035ac4938723a5cac208135d389b6972a6d?s=96&d=mm&r=g\",\"contentUrl\":\"https:\\\/\\\/secure.gravatar.com\\\/avatar\\\/2172498d4914b51e1d89a0f97957b035ac4938723a5cac208135d389b6972a6d?s=96&d=mm&r=g\",\"caption\":\"teste\"},\"url\":\"https:\\\/\\\/blogdofarnesio.com.br\\\/?author=3\"}]}<\/script>\n<!-- \/ Yoast SEO plugin. -->","yoast_head_json":{"title":"PROMOTORA QUE INICIOU INVESTIGA\u00c7\u00c3O DA TELEXFREE \u00c9 ENCONTRADA MORTA COM TIRO NA CABE\u00c7A; SUSPEITA \u00c9 DE SUIC\u00cdDIO - Blog do Farn\u00e9sio","robots":{"index":"index","follow":"follow","max-snippet":"max-snippet:-1","max-image-preview":"max-image-preview:large","max-video-preview":"max-video-preview:-1"},"canonical":"https:\/\/blogdofarnesio.com.br\/?p=133926","og_locale":"pt_BR","og_type":"article","og_title":"PROMOTORA QUE INICIOU INVESTIGA\u00c7\u00c3O DA TELEXFREE \u00c9 ENCONTRADA MORTA COM TIRO NA CABE\u00c7A; SUSPEITA \u00c9 DE SUIC\u00cdDIO - Blog do Farn\u00e9sio","og_description":"A promotora de justi\u00e7a Nicole Gonzalez Colombo Arnoldi, que atuava na Comarca do Bujari, morreu na noite deste domingo (29), em seu apartamento, em Rio Branco. Ela morava no Edif\u00edcio Floren\u00e7a, pr\u00f3ximo \u00e0 faculdade Uninorte. As primeiras conclus\u00f5es da per\u00edcia \u00e9 de que tenha havido suic\u00eddio. O corpo apresentava uma perfura\u00e7\u00e3o \u00e0 bala. A Pol\u00edcia T\u00e9cnica n\u00e3o identificou sinais de arrombamento no im\u00f3vel, onde Nicole morava sozinha. A promotora teria efetuado um \u00fanico disparo na cabe\u00e7a. Moradores do mesmo pr\u00e9dio disseram que a promotora era de f\u00e1cil conviv\u00eancia&#8221;, mas ultimamente &#8220;andava depressiva&#8221;. Nicole era de S\u00e3o Paulo e morava no Acre desde 2010, quando assumiu o cargo ap\u00f3s ser aprovada em concurso p\u00fablico. Possu\u00eda gradua\u00e7\u00e3o em Direito pela Universidade Estadual&hellip;","og_url":"https:\/\/blogdofarnesio.com.br\/?p=133926","og_site_name":"Blog do Farn\u00e9sio","article_publisher":"https:\/\/www.facebook.com\/BlogQuerSaberPolitica\/","article_published_time":"2015-12-02T11:03:17+00:00","og_image":[{"url":"http:\/\/2.bp.blogspot.com\/-rYgnQhenCaU\/Vly_FpxsOTI\/AAAAAAAAav0\/-b4002-K7-Q\/s640\/0-blog-Z%25C3%25A9%2BCarlos%2BBorges-v%25C3%25ADdeo-promotora-suicidio.jpg","type":"","width":"","height":""}],"author":"teste","twitter_card":"summary_large_image","twitter_misc":{"Escrito por":"teste","Est. tempo de leitura":"2 minutos"},"schema":{"@context":"https:\/\/schema.org","@graph":[{"@type":"Article","@id":"https:\/\/blogdofarnesio.com.br\/?p=133926#article","isPartOf":{"@id":"https:\/\/blogdofarnesio.com.br\/?p=133926"},"author":{"name":"teste","@id":"https:\/\/blogdofarnesio.com.br\/#\/schema\/person\/dd1bf5eba40b687199ba45ca6b97dff9"},"headline":"PROMOTORA QUE INICIOU INVESTIGA\u00c7\u00c3O DA TELEXFREE \u00c9 ENCONTRADA MORTA COM TIRO NA CABE\u00c7A; SUSPEITA \u00c9 DE SUIC\u00cdDIO","datePublished":"2015-12-02T11:03:17+00:00","mainEntityOfPage":{"@id":"https:\/\/blogdofarnesio.com.br\/?p=133926"},"wordCount":504,"commentCount":0,"publisher":{"@id":"https:\/\/blogdofarnesio.com.br\/#organization"},"image":{"@id":"https:\/\/blogdofarnesio.com.br\/?p=133926#primaryimage"},"thumbnailUrl":"http:\/\/2.bp.blogspot.com\/-rYgnQhenCaU\/Vly_FpxsOTI\/AAAAAAAAav0\/-b4002-K7-Q\/s640\/0-blog-Z%25C3%25A9%2BCarlos%2BBorges-v%25C3%25ADdeo-promotora-suicidio.jpg","articleSection":["Justi\u00e7a","Pol\u00edcia"],"inLanguage":"pt-BR","potentialAction":[{"@type":"CommentAction","name":"Comment","target":["https:\/\/blogdofarnesio.com.br\/?p=133926#respond"]}]},{"@type":"WebPage","@id":"https:\/\/blogdofarnesio.com.br\/?p=133926","url":"https:\/\/blogdofarnesio.com.br\/?p=133926","name":"PROMOTORA QUE INICIOU INVESTIGA\u00c7\u00c3O DA TELEXFREE \u00c9 ENCONTRADA MORTA COM TIRO NA CABE\u00c7A; SUSPEITA \u00c9 DE SUIC\u00cdDIO - Blog do Farn\u00e9sio","isPartOf":{"@id":"https:\/\/blogdofarnesio.com.br\/#website"},"primaryImageOfPage":{"@id":"https:\/\/blogdofarnesio.com.br\/?p=133926#primaryimage"},"image":{"@id":"https:\/\/blogdofarnesio.com.br\/?p=133926#primaryimage"},"thumbnailUrl":"http:\/\/2.bp.blogspot.com\/-rYgnQhenCaU\/Vly_FpxsOTI\/AAAAAAAAav0\/-b4002-K7-Q\/s640\/0-blog-Z%25C3%25A9%2BCarlos%2BBorges-v%25C3%25ADdeo-promotora-suicidio.jpg","datePublished":"2015-12-02T11:03:17+00:00","breadcrumb":{"@id":"https:\/\/blogdofarnesio.com.br\/?p=133926#breadcrumb"},"inLanguage":"pt-BR","potentialAction":[{"@type":"ReadAction","target":["https:\/\/blogdofarnesio.com.br\/?p=133926"]}]},{"@type":"ImageObject","inLanguage":"pt-BR","@id":"https:\/\/blogdofarnesio.com.br\/?p=133926#primaryimage","url":"http:\/\/2.bp.blogspot.com\/-rYgnQhenCaU\/Vly_FpxsOTI\/AAAAAAAAav0\/-b4002-K7-Q\/s640\/0-blog-Z%25C3%25A9%2BCarlos%2BBorges-v%25C3%25ADdeo-promotora-suicidio.jpg","contentUrl":"http:\/\/2.bp.blogspot.com\/-rYgnQhenCaU\/Vly_FpxsOTI\/AAAAAAAAav0\/-b4002-K7-Q\/s640\/0-blog-Z%25C3%25A9%2BCarlos%2BBorges-v%25C3%25ADdeo-promotora-suicidio.jpg"},{"@type":"BreadcrumbList","@id":"https:\/\/blogdofarnesio.com.br\/?p=133926#breadcrumb","itemListElement":[{"@type":"ListItem","position":1,"name":"In\u00edcio","item":"https:\/\/blogdofarnesio.com.br\/"},{"@type":"ListItem","position":2,"name":"PROMOTORA QUE INICIOU INVESTIGA\u00c7\u00c3O DA TELEXFREE \u00c9 ENCONTRADA MORTA COM TIRO NA CABE\u00c7A; SUSPEITA \u00c9 DE SUIC\u00cdDIO"}]},{"@type":"WebSite","@id":"https:\/\/blogdofarnesio.com.br\/#website","url":"https:\/\/blogdofarnesio.com.br\/","name":"Blog do Farn\u00e9sio","description":"Quer Saber Pol\u00edtica?","publisher":{"@id":"https:\/\/blogdofarnesio.com.br\/#organization"},"potentialAction":[{"@type":"SearchAction","target":{"@type":"EntryPoint","urlTemplate":"https:\/\/blogdofarnesio.com.br\/?s={search_term_string}"},"query-input":{"@type":"PropertyValueSpecification","valueRequired":true,"valueName":"search_term_string"}}],"inLanguage":"pt-BR"},{"@type":"Organization","@id":"https:\/\/blogdofarnesio.com.br\/#organization","name":"Blog do Farn\u00e9sio","url":"https:\/\/blogdofarnesio.com.br\/","logo":{"@type":"ImageObject","inLanguage":"pt-BR","@id":"https:\/\/blogdofarnesio.com.br\/#\/schema\/logo\/image\/","url":"https:\/\/blogdofarnesio.com.br\/wp-content\/uploads\/2026\/03\/cropped-logo_new-1.png","contentUrl":"https:\/\/blogdofarnesio.com.br\/wp-content\/uploads\/2026\/03\/cropped-logo_new-1.png","width":881,"height":685,"caption":"Blog do Farn\u00e9sio"},"image":{"@id":"https:\/\/blogdofarnesio.com.br\/#\/schema\/logo\/image\/"},"sameAs":["https:\/\/www.facebook.com\/BlogQuerSaberPolitica\/"]},{"@type":"Person","@id":"https:\/\/blogdofarnesio.com.br\/#\/schema\/person\/dd1bf5eba40b687199ba45ca6b97dff9","name":"teste","image":{"@type":"ImageObject","inLanguage":"pt-BR","@id":"https:\/\/secure.gravatar.com\/avatar\/2172498d4914b51e1d89a0f97957b035ac4938723a5cac208135d389b6972a6d?s=96&d=mm&r=g","url":"https:\/\/secure.gravatar.com\/avatar\/2172498d4914b51e1d89a0f97957b035ac4938723a5cac208135d389b6972a6d?s=96&d=mm&r=g","contentUrl":"https:\/\/secure.gravatar.com\/avatar\/2172498d4914b51e1d89a0f97957b035ac4938723a5cac208135d389b6972a6d?s=96&d=mm&r=g","caption":"teste"},"url":"https:\/\/blogdofarnesio.com.br\/?author=3"}]}},"_links":{"self":[{"href":"https:\/\/blogdofarnesio.com.br\/index.php?rest_route=\/wp\/v2\/posts\/133926","targetHints":{"allow":["GET"]}}],"collection":[{"href":"https:\/\/blogdofarnesio.com.br\/index.php?rest_route=\/wp\/v2\/posts"}],"about":[{"href":"https:\/\/blogdofarnesio.com.br\/index.php?rest_route=\/wp\/v2\/types\/post"}],"author":[{"embeddable":true,"href":"https:\/\/blogdofarnesio.com.br\/index.php?rest_route=\/wp\/v2\/users\/3"}],"replies":[{"embeddable":true,"href":"https:\/\/blogdofarnesio.com.br\/index.php?rest_route=%2Fwp%2Fv2%2Fcomments&post=133926"}],"version-history":[{"count":0,"href":"https:\/\/blogdofarnesio.com.br\/index.php?rest_route=\/wp\/v2\/posts\/133926\/revisions"}],"wp:attachment":[{"href":"https:\/\/blogdofarnesio.com.br\/index.php?rest_route=%2Fwp%2Fv2%2Fmedia&parent=133926"}],"wp:term":[{"taxonomy":"category","embeddable":true,"href":"https:\/\/blogdofarnesio.com.br\/index.php?rest_route=%2Fwp%2Fv2%2Fcategories&post=133926"},{"taxonomy":"post_tag","embeddable":true,"href":"https:\/\/blogdofarnesio.com.br\/index.php?rest_route=%2Fwp%2Fv2%2Ftags&post=133926"}],"curies":[{"name":"wp","href":"https:\/\/api.w.org\/{rel}","templated":true}]}}