{"id":133922,"date":"2015-12-02T07:21:05","date_gmt":"2015-12-02T10:21:05","guid":{"rendered":"http:\/\/www.quersaberpolitica.com.br\/?p=133922"},"modified":"2015-12-01T15:00:49","modified_gmt":"2015-12-01T18:00:49","slug":"abertas-ate-sexta-feira-na-bahia-inscricoes-de-selecao-para-contratacao-pelo-reda","status":"publish","type":"post","link":"https:\/\/blogdofarnesio.com.br\/?p=133922","title":{"rendered":"ABERTAS AT\u00c9 SEXTA-FEIRA NA BAHIA, INSCRI\u00c7\u00d5ES DE SELE\u00c7\u00c3O PARA CONTRATA\u00c7\u00c3O PELO REDA"},"content":{"rendered":"<h1 class=\"post-title entry-title\" style=\"text-align: justify\"><a href=\"http:\/\/www.quersaberpolitica.com.br\/2016\/wp-content\/uploads\/2013\/02\/blogqspREDA0.jpg\"><img loading=\"lazy\" decoding=\"async\" class=\"aligncenter  wp-image-27246\" src=\"http:\/\/www.quersaberpolitica.com.br\/2016\/wp-content\/uploads\/2013\/02\/blogqspREDA0.jpg\" alt=\"blogqspREDA0\" width=\"325\" height=\"277\" \/><\/a><\/h1>\n<div id=\"post-body-3411806055232848869\" class=\"post-body entry-content\">\n<div style=\"text-align: justify\">A Secretaria de Administra\u00e7\u00e3o do Estado abriu inscri\u00e7\u00f5es, nesta segunda (30), at\u00e9 sexta-feira (4), no processo seletivo simplificado para contrata\u00e7\u00e3o de pessoal por tempo determinado, pelo Regime Especial de Direito Administrativo (Reda), no Instituto do Patrim\u00f4nio Art\u00edstico e Cultural da Bahia (Ipac). A inscri\u00e7\u00e3o deve ser realizada pela<a href=\"http:\/\/selecao.ba.gov.br\/Default.aspx\" target=\"_blank\">internet<\/a> .<\/div>\n<div style=\"text-align: justify\">O prazo de validade do processo seletivo ser\u00e1 de um ano, contados da data da homologa\u00e7\u00e3o do resultado final, prorrog\u00e1vel por mais um ano. O processo tem uma \u00fanica etapa de an\u00e1lise curricular de car\u00e1ter eliminat\u00f3rio e classificat\u00f3rio. S\u00e3o apenas 19 vagas. Cinco para t\u00e9cnico n\u00edvel m\u00e9dio e dez para t\u00e9cnico n\u00edvel m\u00e9dio operacional, em Salvador; e duas vagas para n\u00edvel m\u00e9dio operacional no munic\u00edpio de Cabaceiras do Paragua\u00e7u. Na capital, s\u00e3o oferecidas mais duas vagas para n\u00edvel superior, uma para graduados em jornalismo e outra em museologia.<\/div>\n<div style=\"text-align: justify\"><\/div>\n<div style=\"text-align: justify\">Os resultados da classifica\u00e7\u00e3o e habilita\u00e7\u00e3o ser\u00e3o divulgados no dia 10 de dezembro, e os recursos poder\u00e3o ser apresentados de 11 a 14 do mesmo m\u00eas. As entrevistas acontecer\u00e3o entre os dias 17 e 22. O resultado final ser\u00e1 veiculado no dia 23, enquanto a convoca\u00e7\u00e3o e entrega de documentos acontecer\u00e3o entre 28 e 30. A contrata\u00e7\u00e3o ser\u00e1 realizada no dia 4 de janeiro de 2016.<\/div>\n<div style=\"text-align: justify\"><\/div>\n<div style=\"text-align: justify\">Mais informa\u00e7\u00f5es podem ser obtidas no Setor de Recursos Humanos do Ipac, pelos telefones <b>3116-6730 e 3116-6908<\/b>, das 8h \u00e0s 12h, e das 13h \u00e0s 17h, ou ainda pelo endere\u00e7o eletr\u00f4nico <b>grh.ipac@ipac.ba.gov.br.<\/b><\/div>\n<\/div>\n","protected":false},"excerpt":{"rendered":"<p>A Secretaria de Administra\u00e7\u00e3o do Estado abriu inscri\u00e7\u00f5es, nesta segunda (30), at\u00e9 sexta-feira (4), no processo seletivo simplificado para contrata\u00e7\u00e3o de pessoal por tempo determinado, pelo Regime Especial de Direito Administrativo (Reda), no Instituto do Patrim\u00f4nio Art\u00edstico e Cultural da Bahia (Ipac). A inscri\u00e7\u00e3o deve ser realizada pelainternet . O prazo de validade do processo seletivo ser\u00e1 de um ano, contados da data da homologa\u00e7\u00e3o do resultado final, prorrog\u00e1vel por mais um ano. O processo tem uma \u00fanica etapa de an\u00e1lise curricular de car\u00e1ter eliminat\u00f3rio e classificat\u00f3rio. S\u00e3o apenas 19 vagas. Cinco para t\u00e9cnico n\u00edvel m\u00e9dio e dez para t\u00e9cnico n\u00edvel m\u00e9dio operacional, em Salvador; e duas vagas para n\u00edvel m\u00e9dio operacional no munic\u00edpio de Cabaceiras do Paragua\u00e7u. Na capital,&hellip; <\/p>\n","protected":false},"author":3,"featured_media":0,"comment_status":"open","ping_status":"open","sticky":false,"template":"","format":"standard","meta":{"_acf_changed":false,"footnotes":""},"categories":[31],"tags":[],"class_list":["post-133922","post","type-post","status-publish","format-standard","hentry","category-concursos"],"acf":[],"yoast_head":"<!-- This site is optimized with the Yoast SEO plugin v27.4 - https:\/\/yoast.com\/product\/yoast-seo-wordpress\/ -->\n<title>ABERTAS AT\u00c9 SEXTA-FEIRA NA BAHIA, INSCRI\u00c7\u00d5ES DE SELE\u00c7\u00c3O PARA CONTRATA\u00c7\u00c3O PELO REDA - Blog do Farn\u00e9sio<\/title>\n<meta name=\"robots\" content=\"index, follow, max-snippet:-1, max-image-preview:large, max-video-preview:-1\" \/>\n<link rel=\"canonical\" href=\"https:\/\/blogdofarnesio.com.br\/?p=133922\" \/>\n<meta property=\"og:locale\" content=\"pt_BR\" \/>\n<meta property=\"og:type\" content=\"article\" \/>\n<meta property=\"og:title\" content=\"ABERTAS AT\u00c9 SEXTA-FEIRA NA BAHIA, INSCRI\u00c7\u00d5ES DE SELE\u00c7\u00c3O PARA CONTRATA\u00c7\u00c3O PELO REDA - Blog do Farn\u00e9sio\" \/>\n<meta property=\"og:description\" content=\"A Secretaria de Administra\u00e7\u00e3o do Estado abriu inscri\u00e7\u00f5es, nesta segunda (30), at\u00e9 sexta-feira (4), no processo seletivo simplificado para contrata\u00e7\u00e3o de pessoal por tempo determinado, pelo Regime Especial de Direito Administrativo (Reda), no Instituto do Patrim\u00f4nio Art\u00edstico e Cultural da Bahia (Ipac). A inscri\u00e7\u00e3o deve ser realizada pelainternet . O prazo de validade do processo seletivo ser\u00e1 de um ano, contados da data da homologa\u00e7\u00e3o do resultado final, prorrog\u00e1vel por mais um ano. O processo tem uma \u00fanica etapa de an\u00e1lise curricular de car\u00e1ter eliminat\u00f3rio e classificat\u00f3rio. S\u00e3o apenas 19 vagas. Cinco para t\u00e9cnico n\u00edvel m\u00e9dio e dez para t\u00e9cnico n\u00edvel m\u00e9dio operacional, em Salvador; e duas vagas para n\u00edvel m\u00e9dio operacional no munic\u00edpio de Cabaceiras do Paragua\u00e7u. Na capital,&hellip;\" \/>\n<meta property=\"og:url\" content=\"https:\/\/blogdofarnesio.com.br\/?p=133922\" \/>\n<meta property=\"og:site_name\" content=\"Blog do Farn\u00e9sio\" \/>\n<meta property=\"article:publisher\" content=\"https:\/\/www.facebook.com\/BlogQuerSaberPolitica\/\" \/>\n<meta property=\"article:published_time\" content=\"2015-12-02T10:21:05+00:00\" \/>\n<meta property=\"og:image\" content=\"http:\/\/www.quersaberpolitica.com.br\/2016\/wp-content\/uploads\/2013\/02\/blogqspREDA0.jpg\" \/>\n<meta name=\"author\" content=\"teste\" \/>\n<meta name=\"twitter:card\" content=\"summary_large_image\" \/>\n<meta name=\"twitter:label1\" content=\"Escrito por\" \/>\n\t<meta name=\"twitter:data1\" content=\"teste\" \/>\n\t<meta name=\"twitter:label2\" content=\"Est. tempo de leitura\" \/>\n\t<meta name=\"twitter:data2\" content=\"1 minuto\" \/>\n<script type=\"application\/ld+json\" class=\"yoast-schema-graph\">{\"@context\":\"https:\\\/\\\/schema.org\",\"@graph\":[{\"@type\":\"Article\",\"@id\":\"https:\\\/\\\/blogdofarnesio.com.br\\\/?p=133922#article\",\"isPartOf\":{\"@id\":\"https:\\\/\\\/blogdofarnesio.com.br\\\/?p=133922\"},\"author\":{\"name\":\"teste\",\"@id\":\"https:\\\/\\\/blogdofarnesio.com.br\\\/#\\\/schema\\\/person\\\/dd1bf5eba40b687199ba45ca6b97dff9\"},\"headline\":\"ABERTAS AT\u00c9 SEXTA-FEIRA NA BAHIA, INSCRI\u00c7\u00d5ES DE SELE\u00c7\u00c3O PARA CONTRATA\u00c7\u00c3O PELO REDA\",\"datePublished\":\"2015-12-02T10:21:05+00:00\",\"mainEntityOfPage\":{\"@id\":\"https:\\\/\\\/blogdofarnesio.com.br\\\/?p=133922\"},\"wordCount\":278,\"commentCount\":0,\"publisher\":{\"@id\":\"https:\\\/\\\/blogdofarnesio.com.br\\\/#organization\"},\"image\":{\"@id\":\"https:\\\/\\\/blogdofarnesio.com.br\\\/?p=133922#primaryimage\"},\"thumbnailUrl\":\"http:\\\/\\\/www.quersaberpolitica.com.br\\\/2016\\\/wp-content\\\/uploads\\\/2013\\\/02\\\/blogqspREDA0.jpg\",\"articleSection\":[\"Concursos\"],\"inLanguage\":\"pt-BR\",\"potentialAction\":[{\"@type\":\"CommentAction\",\"name\":\"Comment\",\"target\":[\"https:\\\/\\\/blogdofarnesio.com.br\\\/?p=133922#respond\"]}]},{\"@type\":\"WebPage\",\"@id\":\"https:\\\/\\\/blogdofarnesio.com.br\\\/?p=133922\",\"url\":\"https:\\\/\\\/blogdofarnesio.com.br\\\/?p=133922\",\"name\":\"ABERTAS AT\u00c9 SEXTA-FEIRA NA BAHIA, INSCRI\u00c7\u00d5ES DE SELE\u00c7\u00c3O PARA CONTRATA\u00c7\u00c3O PELO REDA - Blog do Farn\u00e9sio\",\"isPartOf\":{\"@id\":\"https:\\\/\\\/blogdofarnesio.com.br\\\/#website\"},\"primaryImageOfPage\":{\"@id\":\"https:\\\/\\\/blogdofarnesio.com.br\\\/?p=133922#primaryimage\"},\"image\":{\"@id\":\"https:\\\/\\\/blogdofarnesio.com.br\\\/?p=133922#primaryimage\"},\"thumbnailUrl\":\"http:\\\/\\\/www.quersaberpolitica.com.br\\\/2016\\\/wp-content\\\/uploads\\\/2013\\\/02\\\/blogqspREDA0.jpg\",\"datePublished\":\"2015-12-02T10:21:05+00:00\",\"breadcrumb\":{\"@id\":\"https:\\\/\\\/blogdofarnesio.com.br\\\/?p=133922#breadcrumb\"},\"inLanguage\":\"pt-BR\",\"potentialAction\":[{\"@type\":\"ReadAction\",\"target\":[\"https:\\\/\\\/blogdofarnesio.com.br\\\/?p=133922\"]}]},{\"@type\":\"ImageObject\",\"inLanguage\":\"pt-BR\",\"@id\":\"https:\\\/\\\/blogdofarnesio.com.br\\\/?p=133922#primaryimage\",\"url\":\"http:\\\/\\\/www.quersaberpolitica.com.br\\\/2016\\\/wp-content\\\/uploads\\\/2013\\\/02\\\/blogqspREDA0.jpg\",\"contentUrl\":\"http:\\\/\\\/www.quersaberpolitica.com.br\\\/2016\\\/wp-content\\\/uploads\\\/2013\\\/02\\\/blogqspREDA0.jpg\"},{\"@type\":\"BreadcrumbList\",\"@id\":\"https:\\\/\\\/blogdofarnesio.com.br\\\/?p=133922#breadcrumb\",\"itemListElement\":[{\"@type\":\"ListItem\",\"position\":1,\"name\":\"In\u00edcio\",\"item\":\"https:\\\/\\\/blogdofarnesio.com.br\\\/\"},{\"@type\":\"ListItem\",\"position\":2,\"name\":\"ABERTAS AT\u00c9 SEXTA-FEIRA NA BAHIA, INSCRI\u00c7\u00d5ES DE SELE\u00c7\u00c3O PARA CONTRATA\u00c7\u00c3O PELO REDA\"}]},{\"@type\":\"WebSite\",\"@id\":\"https:\\\/\\\/blogdofarnesio.com.br\\\/#website\",\"url\":\"https:\\\/\\\/blogdofarnesio.com.br\\\/\",\"name\":\"Blog do Farn\u00e9sio\",\"description\":\"Quer Saber Pol\u00edtica?\",\"publisher\":{\"@id\":\"https:\\\/\\\/blogdofarnesio.com.br\\\/#organization\"},\"potentialAction\":[{\"@type\":\"SearchAction\",\"target\":{\"@type\":\"EntryPoint\",\"urlTemplate\":\"https:\\\/\\\/blogdofarnesio.com.br\\\/?s={search_term_string}\"},\"query-input\":{\"@type\":\"PropertyValueSpecification\",\"valueRequired\":true,\"valueName\":\"search_term_string\"}}],\"inLanguage\":\"pt-BR\"},{\"@type\":\"Organization\",\"@id\":\"https:\\\/\\\/blogdofarnesio.com.br\\\/#organization\",\"name\":\"Blog do Farn\u00e9sio\",\"url\":\"https:\\\/\\\/blogdofarnesio.com.br\\\/\",\"logo\":{\"@type\":\"ImageObject\",\"inLanguage\":\"pt-BR\",\"@id\":\"https:\\\/\\\/blogdofarnesio.com.br\\\/#\\\/schema\\\/logo\\\/image\\\/\",\"url\":\"https:\\\/\\\/blogdofarnesio.com.br\\\/wp-content\\\/uploads\\\/2026\\\/03\\\/cropped-logo_new-1.png\",\"contentUrl\":\"https:\\\/\\\/blogdofarnesio.com.br\\\/wp-content\\\/uploads\\\/2026\\\/03\\\/cropped-logo_new-1.png\",\"width\":881,\"height\":685,\"caption\":\"Blog do Farn\u00e9sio\"},\"image\":{\"@id\":\"https:\\\/\\\/blogdofarnesio.com.br\\\/#\\\/schema\\\/logo\\\/image\\\/\"},\"sameAs\":[\"https:\\\/\\\/www.facebook.com\\\/BlogQuerSaberPolitica\\\/\"]},{\"@type\":\"Person\",\"@id\":\"https:\\\/\\\/blogdofarnesio.com.br\\\/#\\\/schema\\\/person\\\/dd1bf5eba40b687199ba45ca6b97dff9\",\"name\":\"teste\",\"image\":{\"@type\":\"ImageObject\",\"inLanguage\":\"pt-BR\",\"@id\":\"https:\\\/\\\/secure.gravatar.com\\\/avatar\\\/2172498d4914b51e1d89a0f97957b035ac4938723a5cac208135d389b6972a6d?s=96&d=mm&r=g\",\"url\":\"https:\\\/\\\/secure.gravatar.com\\\/avatar\\\/2172498d4914b51e1d89a0f97957b035ac4938723a5cac208135d389b6972a6d?s=96&d=mm&r=g\",\"contentUrl\":\"https:\\\/\\\/secure.gravatar.com\\\/avatar\\\/2172498d4914b51e1d89a0f97957b035ac4938723a5cac208135d389b6972a6d?s=96&d=mm&r=g\",\"caption\":\"teste\"},\"url\":\"https:\\\/\\\/blogdofarnesio.com.br\\\/?author=3\"}]}<\/script>\n<!-- \/ Yoast SEO plugin. -->","yoast_head_json":{"title":"ABERTAS AT\u00c9 SEXTA-FEIRA NA BAHIA, INSCRI\u00c7\u00d5ES DE SELE\u00c7\u00c3O PARA CONTRATA\u00c7\u00c3O PELO REDA - Blog do Farn\u00e9sio","robots":{"index":"index","follow":"follow","max-snippet":"max-snippet:-1","max-image-preview":"max-image-preview:large","max-video-preview":"max-video-preview:-1"},"canonical":"https:\/\/blogdofarnesio.com.br\/?p=133922","og_locale":"pt_BR","og_type":"article","og_title":"ABERTAS AT\u00c9 SEXTA-FEIRA NA BAHIA, INSCRI\u00c7\u00d5ES DE SELE\u00c7\u00c3O PARA CONTRATA\u00c7\u00c3O PELO REDA - Blog do Farn\u00e9sio","og_description":"A Secretaria de Administra\u00e7\u00e3o do Estado abriu inscri\u00e7\u00f5es, nesta segunda (30), at\u00e9 sexta-feira (4), no processo seletivo simplificado para contrata\u00e7\u00e3o de pessoal por tempo determinado, pelo Regime Especial de Direito Administrativo (Reda), no Instituto do Patrim\u00f4nio Art\u00edstico e Cultural da Bahia (Ipac). A inscri\u00e7\u00e3o deve ser realizada pelainternet . O prazo de validade do processo seletivo ser\u00e1 de um ano, contados da data da homologa\u00e7\u00e3o do resultado final, prorrog\u00e1vel por mais um ano. O processo tem uma \u00fanica etapa de an\u00e1lise curricular de car\u00e1ter eliminat\u00f3rio e classificat\u00f3rio. S\u00e3o apenas 19 vagas. Cinco para t\u00e9cnico n\u00edvel m\u00e9dio e dez para t\u00e9cnico n\u00edvel m\u00e9dio operacional, em Salvador; e duas vagas para n\u00edvel m\u00e9dio operacional no munic\u00edpio de Cabaceiras do Paragua\u00e7u. Na capital,&hellip;","og_url":"https:\/\/blogdofarnesio.com.br\/?p=133922","og_site_name":"Blog do Farn\u00e9sio","article_publisher":"https:\/\/www.facebook.com\/BlogQuerSaberPolitica\/","article_published_time":"2015-12-02T10:21:05+00:00","og_image":[{"url":"http:\/\/www.quersaberpolitica.com.br\/2016\/wp-content\/uploads\/2013\/02\/blogqspREDA0.jpg","type":"","width":"","height":""}],"author":"teste","twitter_card":"summary_large_image","twitter_misc":{"Escrito por":"teste","Est. tempo de leitura":"1 minuto"},"schema":{"@context":"https:\/\/schema.org","@graph":[{"@type":"Article","@id":"https:\/\/blogdofarnesio.com.br\/?p=133922#article","isPartOf":{"@id":"https:\/\/blogdofarnesio.com.br\/?p=133922"},"author":{"name":"teste","@id":"https:\/\/blogdofarnesio.com.br\/#\/schema\/person\/dd1bf5eba40b687199ba45ca6b97dff9"},"headline":"ABERTAS AT\u00c9 SEXTA-FEIRA NA BAHIA, INSCRI\u00c7\u00d5ES DE SELE\u00c7\u00c3O PARA CONTRATA\u00c7\u00c3O PELO REDA","datePublished":"2015-12-02T10:21:05+00:00","mainEntityOfPage":{"@id":"https:\/\/blogdofarnesio.com.br\/?p=133922"},"wordCount":278,"commentCount":0,"publisher":{"@id":"https:\/\/blogdofarnesio.com.br\/#organization"},"image":{"@id":"https:\/\/blogdofarnesio.com.br\/?p=133922#primaryimage"},"thumbnailUrl":"http:\/\/www.quersaberpolitica.com.br\/2016\/wp-content\/uploads\/2013\/02\/blogqspREDA0.jpg","articleSection":["Concursos"],"inLanguage":"pt-BR","potentialAction":[{"@type":"CommentAction","name":"Comment","target":["https:\/\/blogdofarnesio.com.br\/?p=133922#respond"]}]},{"@type":"WebPage","@id":"https:\/\/blogdofarnesio.com.br\/?p=133922","url":"https:\/\/blogdofarnesio.com.br\/?p=133922","name":"ABERTAS AT\u00c9 SEXTA-FEIRA NA BAHIA, INSCRI\u00c7\u00d5ES DE SELE\u00c7\u00c3O PARA CONTRATA\u00c7\u00c3O PELO REDA - Blog do Farn\u00e9sio","isPartOf":{"@id":"https:\/\/blogdofarnesio.com.br\/#website"},"primaryImageOfPage":{"@id":"https:\/\/blogdofarnesio.com.br\/?p=133922#primaryimage"},"image":{"@id":"https:\/\/blogdofarnesio.com.br\/?p=133922#primaryimage"},"thumbnailUrl":"http:\/\/www.quersaberpolitica.com.br\/2016\/wp-content\/uploads\/2013\/02\/blogqspREDA0.jpg","datePublished":"2015-12-02T10:21:05+00:00","breadcrumb":{"@id":"https:\/\/blogdofarnesio.com.br\/?p=133922#breadcrumb"},"inLanguage":"pt-BR","potentialAction":[{"@type":"ReadAction","target":["https:\/\/blogdofarnesio.com.br\/?p=133922"]}]},{"@type":"ImageObject","inLanguage":"pt-BR","@id":"https:\/\/blogdofarnesio.com.br\/?p=133922#primaryimage","url":"http:\/\/www.quersaberpolitica.com.br\/2016\/wp-content\/uploads\/2013\/02\/blogqspREDA0.jpg","contentUrl":"http:\/\/www.quersaberpolitica.com.br\/2016\/wp-content\/uploads\/2013\/02\/blogqspREDA0.jpg"},{"@type":"BreadcrumbList","@id":"https:\/\/blogdofarnesio.com.br\/?p=133922#breadcrumb","itemListElement":[{"@type":"ListItem","position":1,"name":"In\u00edcio","item":"https:\/\/blogdofarnesio.com.br\/"},{"@type":"ListItem","position":2,"name":"ABERTAS AT\u00c9 SEXTA-FEIRA NA BAHIA, INSCRI\u00c7\u00d5ES DE SELE\u00c7\u00c3O PARA CONTRATA\u00c7\u00c3O PELO REDA"}]},{"@type":"WebSite","@id":"https:\/\/blogdofarnesio.com.br\/#website","url":"https:\/\/blogdofarnesio.com.br\/","name":"Blog do Farn\u00e9sio","description":"Quer Saber Pol\u00edtica?","publisher":{"@id":"https:\/\/blogdofarnesio.com.br\/#organization"},"potentialAction":[{"@type":"SearchAction","target":{"@type":"EntryPoint","urlTemplate":"https:\/\/blogdofarnesio.com.br\/?s={search_term_string}"},"query-input":{"@type":"PropertyValueSpecification","valueRequired":true,"valueName":"search_term_string"}}],"inLanguage":"pt-BR"},{"@type":"Organization","@id":"https:\/\/blogdofarnesio.com.br\/#organization","name":"Blog do Farn\u00e9sio","url":"https:\/\/blogdofarnesio.com.br\/","logo":{"@type":"ImageObject","inLanguage":"pt-BR","@id":"https:\/\/blogdofarnesio.com.br\/#\/schema\/logo\/image\/","url":"https:\/\/blogdofarnesio.com.br\/wp-content\/uploads\/2026\/03\/cropped-logo_new-1.png","contentUrl":"https:\/\/blogdofarnesio.com.br\/wp-content\/uploads\/2026\/03\/cropped-logo_new-1.png","width":881,"height":685,"caption":"Blog do Farn\u00e9sio"},"image":{"@id":"https:\/\/blogdofarnesio.com.br\/#\/schema\/logo\/image\/"},"sameAs":["https:\/\/www.facebook.com\/BlogQuerSaberPolitica\/"]},{"@type":"Person","@id":"https:\/\/blogdofarnesio.com.br\/#\/schema\/person\/dd1bf5eba40b687199ba45ca6b97dff9","name":"teste","image":{"@type":"ImageObject","inLanguage":"pt-BR","@id":"https:\/\/secure.gravatar.com\/avatar\/2172498d4914b51e1d89a0f97957b035ac4938723a5cac208135d389b6972a6d?s=96&d=mm&r=g","url":"https:\/\/secure.gravatar.com\/avatar\/2172498d4914b51e1d89a0f97957b035ac4938723a5cac208135d389b6972a6d?s=96&d=mm&r=g","contentUrl":"https:\/\/secure.gravatar.com\/avatar\/2172498d4914b51e1d89a0f97957b035ac4938723a5cac208135d389b6972a6d?s=96&d=mm&r=g","caption":"teste"},"url":"https:\/\/blogdofarnesio.com.br\/?author=3"}]}},"_links":{"self":[{"href":"https:\/\/blogdofarnesio.com.br\/index.php?rest_route=\/wp\/v2\/posts\/133922","targetHints":{"allow":["GET"]}}],"collection":[{"href":"https:\/\/blogdofarnesio.com.br\/index.php?rest_route=\/wp\/v2\/posts"}],"about":[{"href":"https:\/\/blogdofarnesio.com.br\/index.php?rest_route=\/wp\/v2\/types\/post"}],"author":[{"embeddable":true,"href":"https:\/\/blogdofarnesio.com.br\/index.php?rest_route=\/wp\/v2\/users\/3"}],"replies":[{"embeddable":true,"href":"https:\/\/blogdofarnesio.com.br\/index.php?rest_route=%2Fwp%2Fv2%2Fcomments&post=133922"}],"version-history":[{"count":0,"href":"https:\/\/blogdofarnesio.com.br\/index.php?rest_route=\/wp\/v2\/posts\/133922\/revisions"}],"wp:attachment":[{"href":"https:\/\/blogdofarnesio.com.br\/index.php?rest_route=%2Fwp%2Fv2%2Fmedia&parent=133922"}],"wp:term":[{"taxonomy":"category","embeddable":true,"href":"https:\/\/blogdofarnesio.com.br\/index.php?rest_route=%2Fwp%2Fv2%2Fcategories&post=133922"},{"taxonomy":"post_tag","embeddable":true,"href":"https:\/\/blogdofarnesio.com.br\/index.php?rest_route=%2Fwp%2Fv2%2Ftags&post=133922"}],"curies":[{"name":"wp","href":"https:\/\/api.w.org\/{rel}","templated":true}]}}