{"id":133900,"date":"2015-12-01T16:20:55","date_gmt":"2015-12-01T19:20:55","guid":{"rendered":"http:\/\/www.quersaberpolitica.com.br\/?p=133900"},"modified":"2015-12-01T14:23:06","modified_gmt":"2015-12-01T17:23:06","slug":"complexo-luz-realiza-o-vii-bazar-da-luz-na-praca-no-proximo-sabado-5","status":"publish","type":"post","link":"https:\/\/blogdofarnesio.com.br\/?p=133900","title":{"rendered":"COMPLEXO LUZ REALIZA O VII BAZAR DA LUZ NA PRA\u00c7A NO PR\u00d3XIMO S\u00c1BADO (5)"},"content":{"rendered":"<p><a href=\"http:\/\/www.quersaberpolitica.com.br\/2016\/wp-content\/uploads\/2015\/12\/blogqsp-Complexo-Luz-juazeiro.jpg\"><img loading=\"lazy\" decoding=\"async\" class=\" wp-image-133901 aligncenter\" src=\"http:\/\/www.quersaberpolitica.com.br\/2016\/wp-content\/uploads\/2015\/12\/blogqsp-Complexo-Luz-juazeiro-300x225.jpg\" alt=\"blogqsp-Complexo Luz -juazeiro\" width=\"400\" height=\"300\" srcset=\"https:\/\/blogdofarnesio.com.br\/wp-content\/uploads\/2015\/12\/blogqsp-Complexo-Luz-juazeiro-300x225.jpg 300w, https:\/\/blogdofarnesio.com.br\/wp-content\/uploads\/2015\/12\/blogqsp-Complexo-Luz-juazeiro-400x300.jpg 400w, https:\/\/blogdofarnesio.com.br\/wp-content\/uploads\/2015\/12\/blogqsp-Complexo-Luz-juazeiro.jpg 500w\" sizes=\"auto, (max-width: 400px) 100vw, 400px\" \/><\/a><\/p>\n<p style=\"text-align: justify\">O Complexo Social Luz para Liberta\u00e7\u00e3o realiza o VII Bazar da Luz na Pra\u00e7a, no pr\u00f3ximo s\u00e1bado, cinco de dezembro, na Pra\u00e7a da Miseric\u00f3rdia. O evento come\u00e7a \u00e0s 8h e tem previs\u00e3o de acabar \u00e0s 14h.<\/p>\n<p style=\"text-align: justify\">O Complexo Luz \u00e9 uma institui\u00e7\u00e3o formada pela sociedade civil e tem como objetivo principal cuidar do ser humano atrav\u00e9s de projetos sociais. Uma institui\u00e7\u00e3o sem fins lucrativos. Dessa forma, a ideia de organizar o Bazar da Luz na Pra\u00e7a surge com a finalidade de angariar recursos para realizar pagamento de servidores. \u201cEsse ser\u00e1 o s\u00e9timo ano que realizamos o Bazar da Luz e \u00e9 sempre uma oportunidade maravilhosa. Conseguimos verbas para pagar 13\u00ba sal\u00e1rio de nossos servidores e ainda propiciamos \u00e0 sociedade adquirir bons produtos por pre\u00e7os simb\u00f3licos\u201d, ressalta um dos Coordenadores do evento, Reginaldo Medrado Dias.<\/p>\n<p style=\"text-align: justify\">Roupas e sapatos, masculinos e femininos, bijuterias, artigos infantis, brinquedos, ser\u00e3o alguns dos produtos dispon\u00edveis no Bazar da Luz. S\u00e3o artigos doados por lojistas de Juazeiro e Petrolina e por colaboradores em geral. Al\u00e9m disso, haver\u00e1 apresenta\u00e7\u00f5es art\u00edsticas diversas, assim como venda de comidas, sucos e refrigerantes. \u201cNo evento n\u00f3s contaremos com a ajuda de volunt\u00e1rios, desde os trabalhadores do Complexo Luz \u00e0s pessoas que se juntam para nos ajudar. Quem quiser ajudar ou ainda tiver interesse de fazer alguma doa\u00e7\u00e3o, pode ligar para os n\u00fameros <a href=\"tel:%2874%29%2098819%20-%207555\">(74) 98819 &#8211; 7555<\/a>\/ 98848-7464\/ 98808-5535\u201d, conclui a Colaboradora Regina Mar\u00e7al.<\/p>\n<p style=\"text-align: justify\"><em><span style=\"text-decoration: underline\">Por Ram\u00e1iana Leal<\/span><\/em><\/p>\n","protected":false},"excerpt":{"rendered":"<p>O Complexo Social Luz para Liberta\u00e7\u00e3o realiza o VII Bazar da Luz na Pra\u00e7a, no pr\u00f3ximo s\u00e1bado, cinco de dezembro, na Pra\u00e7a da Miseric\u00f3rdia. O evento come\u00e7a \u00e0s 8h e tem previs\u00e3o de acabar \u00e0s 14h. O Complexo Luz \u00e9 uma institui\u00e7\u00e3o formada pela sociedade civil e tem como objetivo principal cuidar do ser humano atrav\u00e9s de projetos sociais. Uma institui\u00e7\u00e3o sem fins lucrativos. Dessa forma, a ideia de organizar o Bazar da Luz na Pra\u00e7a surge com a finalidade de angariar recursos para realizar pagamento de servidores. \u201cEsse ser\u00e1 o s\u00e9timo ano que realizamos o Bazar da Luz e \u00e9 sempre uma oportunidade maravilhosa. Conseguimos verbas para pagar 13\u00ba sal\u00e1rio de nossos servidores e ainda propiciamos \u00e0 sociedade adquirir&hellip; <\/p>\n","protected":false},"author":7,"featured_media":0,"comment_status":"open","ping_status":"open","sticky":false,"template":"","format":"standard","meta":{"_acf_changed":false,"footnotes":""},"categories":[44],"tags":[],"class_list":["post-133900","post","type-post","status-publish","format-standard","hentry","category-administracao"],"acf":[],"yoast_head":"<!-- This site is optimized with the Yoast SEO plugin v27.4 - https:\/\/yoast.com\/product\/yoast-seo-wordpress\/ -->\n<title>COMPLEXO LUZ REALIZA O VII BAZAR DA LUZ NA PRA\u00c7A NO PR\u00d3XIMO S\u00c1BADO (5) - Blog do Farn\u00e9sio<\/title>\n<meta name=\"robots\" content=\"index, follow, max-snippet:-1, max-image-preview:large, max-video-preview:-1\" \/>\n<link rel=\"canonical\" href=\"https:\/\/blogdofarnesio.com.br\/?p=133900\" \/>\n<meta property=\"og:locale\" content=\"pt_BR\" \/>\n<meta property=\"og:type\" content=\"article\" \/>\n<meta property=\"og:title\" content=\"COMPLEXO LUZ REALIZA O VII BAZAR DA LUZ NA PRA\u00c7A NO PR\u00d3XIMO S\u00c1BADO (5) - Blog do Farn\u00e9sio\" \/>\n<meta property=\"og:description\" content=\"O Complexo Social Luz para Liberta\u00e7\u00e3o realiza o VII Bazar da Luz na Pra\u00e7a, no pr\u00f3ximo s\u00e1bado, cinco de dezembro, na Pra\u00e7a da Miseric\u00f3rdia. O evento come\u00e7a \u00e0s 8h e tem previs\u00e3o de acabar \u00e0s 14h. O Complexo Luz \u00e9 uma institui\u00e7\u00e3o formada pela sociedade civil e tem como objetivo principal cuidar do ser humano atrav\u00e9s de projetos sociais. Uma institui\u00e7\u00e3o sem fins lucrativos. Dessa forma, a ideia de organizar o Bazar da Luz na Pra\u00e7a surge com a finalidade de angariar recursos para realizar pagamento de servidores. \u201cEsse ser\u00e1 o s\u00e9timo ano que realizamos o Bazar da Luz e \u00e9 sempre uma oportunidade maravilhosa. Conseguimos verbas para pagar 13\u00ba sal\u00e1rio de nossos servidores e ainda propiciamos \u00e0 sociedade adquirir&hellip;\" \/>\n<meta property=\"og:url\" content=\"https:\/\/blogdofarnesio.com.br\/?p=133900\" \/>\n<meta property=\"og:site_name\" content=\"Blog do Farn\u00e9sio\" \/>\n<meta property=\"article:publisher\" content=\"https:\/\/www.facebook.com\/BlogQuerSaberPolitica\/\" \/>\n<meta property=\"article:published_time\" content=\"2015-12-01T19:20:55+00:00\" \/>\n<meta property=\"og:image\" content=\"http:\/\/www.quersaberpolitica.com.br\/2016\/wp-content\/uploads\/2015\/12\/blogqsp-Complexo-Luz-juazeiro-300x225.jpg\" \/>\n<meta name=\"twitter:card\" content=\"summary_large_image\" \/>\n<meta name=\"twitter:label1\" content=\"Escrito por\" \/>\n\t<meta name=\"twitter:data1\" content=\"\" \/>\n\t<meta name=\"twitter:label2\" content=\"Est. tempo de leitura\" \/>\n\t<meta name=\"twitter:data2\" content=\"1 minuto\" \/>\n<script type=\"application\/ld+json\" class=\"yoast-schema-graph\">{\"@context\":\"https:\\\/\\\/schema.org\",\"@graph\":[{\"@type\":\"Article\",\"@id\":\"https:\\\/\\\/blogdofarnesio.com.br\\\/?p=133900#article\",\"isPartOf\":{\"@id\":\"https:\\\/\\\/blogdofarnesio.com.br\\\/?p=133900\"},\"author\":{\"name\":\"\",\"@id\":\"\"},\"headline\":\"COMPLEXO LUZ REALIZA O VII BAZAR DA LUZ NA PRA\u00c7A NO PR\u00d3XIMO S\u00c1BADO (5)\",\"datePublished\":\"2015-12-01T19:20:55+00:00\",\"mainEntityOfPage\":{\"@id\":\"https:\\\/\\\/blogdofarnesio.com.br\\\/?p=133900\"},\"wordCount\":271,\"commentCount\":0,\"publisher\":{\"@id\":\"https:\\\/\\\/blogdofarnesio.com.br\\\/#organization\"},\"image\":{\"@id\":\"https:\\\/\\\/blogdofarnesio.com.br\\\/?p=133900#primaryimage\"},\"thumbnailUrl\":\"http:\\\/\\\/www.quersaberpolitica.com.br\\\/2016\\\/wp-content\\\/uploads\\\/2015\\\/12\\\/blogqsp-Complexo-Luz-juazeiro-300x225.jpg\",\"articleSection\":[\"Administra\u00e7\u00e3o\"],\"inLanguage\":\"pt-BR\",\"potentialAction\":[{\"@type\":\"CommentAction\",\"name\":\"Comment\",\"target\":[\"https:\\\/\\\/blogdofarnesio.com.br\\\/?p=133900#respond\"]}]},{\"@type\":\"WebPage\",\"@id\":\"https:\\\/\\\/blogdofarnesio.com.br\\\/?p=133900\",\"url\":\"https:\\\/\\\/blogdofarnesio.com.br\\\/?p=133900\",\"name\":\"COMPLEXO LUZ REALIZA O VII BAZAR DA LUZ NA PRA\u00c7A NO PR\u00d3XIMO S\u00c1BADO (5) - Blog do Farn\u00e9sio\",\"isPartOf\":{\"@id\":\"https:\\\/\\\/blogdofarnesio.com.br\\\/#website\"},\"primaryImageOfPage\":{\"@id\":\"https:\\\/\\\/blogdofarnesio.com.br\\\/?p=133900#primaryimage\"},\"image\":{\"@id\":\"https:\\\/\\\/blogdofarnesio.com.br\\\/?p=133900#primaryimage\"},\"thumbnailUrl\":\"http:\\\/\\\/www.quersaberpolitica.com.br\\\/2016\\\/wp-content\\\/uploads\\\/2015\\\/12\\\/blogqsp-Complexo-Luz-juazeiro-300x225.jpg\",\"datePublished\":\"2015-12-01T19:20:55+00:00\",\"breadcrumb\":{\"@id\":\"https:\\\/\\\/blogdofarnesio.com.br\\\/?p=133900#breadcrumb\"},\"inLanguage\":\"pt-BR\",\"potentialAction\":[{\"@type\":\"ReadAction\",\"target\":[\"https:\\\/\\\/blogdofarnesio.com.br\\\/?p=133900\"]}]},{\"@type\":\"ImageObject\",\"inLanguage\":\"pt-BR\",\"@id\":\"https:\\\/\\\/blogdofarnesio.com.br\\\/?p=133900#primaryimage\",\"url\":\"http:\\\/\\\/www.quersaberpolitica.com.br\\\/2016\\\/wp-content\\\/uploads\\\/2015\\\/12\\\/blogqsp-Complexo-Luz-juazeiro-300x225.jpg\",\"contentUrl\":\"http:\\\/\\\/www.quersaberpolitica.com.br\\\/2016\\\/wp-content\\\/uploads\\\/2015\\\/12\\\/blogqsp-Complexo-Luz-juazeiro-300x225.jpg\"},{\"@type\":\"BreadcrumbList\",\"@id\":\"https:\\\/\\\/blogdofarnesio.com.br\\\/?p=133900#breadcrumb\",\"itemListElement\":[{\"@type\":\"ListItem\",\"position\":1,\"name\":\"In\u00edcio\",\"item\":\"https:\\\/\\\/blogdofarnesio.com.br\\\/\"},{\"@type\":\"ListItem\",\"position\":2,\"name\":\"COMPLEXO LUZ REALIZA O VII BAZAR DA LUZ NA PRA\u00c7A NO PR\u00d3XIMO S\u00c1BADO (5)\"}]},{\"@type\":\"WebSite\",\"@id\":\"https:\\\/\\\/blogdofarnesio.com.br\\\/#website\",\"url\":\"https:\\\/\\\/blogdofarnesio.com.br\\\/\",\"name\":\"Blog do Farn\u00e9sio\",\"description\":\"Quer Saber Pol\u00edtica?\",\"publisher\":{\"@id\":\"https:\\\/\\\/blogdofarnesio.com.br\\\/#organization\"},\"potentialAction\":[{\"@type\":\"SearchAction\",\"target\":{\"@type\":\"EntryPoint\",\"urlTemplate\":\"https:\\\/\\\/blogdofarnesio.com.br\\\/?s={search_term_string}\"},\"query-input\":{\"@type\":\"PropertyValueSpecification\",\"valueRequired\":true,\"valueName\":\"search_term_string\"}}],\"inLanguage\":\"pt-BR\"},{\"@type\":\"Organization\",\"@id\":\"https:\\\/\\\/blogdofarnesio.com.br\\\/#organization\",\"name\":\"Blog do Farn\u00e9sio\",\"url\":\"https:\\\/\\\/blogdofarnesio.com.br\\\/\",\"logo\":{\"@type\":\"ImageObject\",\"inLanguage\":\"pt-BR\",\"@id\":\"https:\\\/\\\/blogdofarnesio.com.br\\\/#\\\/schema\\\/logo\\\/image\\\/\",\"url\":\"https:\\\/\\\/blogdofarnesio.com.br\\\/wp-content\\\/uploads\\\/2026\\\/03\\\/cropped-logo_new-1.png\",\"contentUrl\":\"https:\\\/\\\/blogdofarnesio.com.br\\\/wp-content\\\/uploads\\\/2026\\\/03\\\/cropped-logo_new-1.png\",\"width\":881,\"height\":685,\"caption\":\"Blog do Farn\u00e9sio\"},\"image\":{\"@id\":\"https:\\\/\\\/blogdofarnesio.com.br\\\/#\\\/schema\\\/logo\\\/image\\\/\"},\"sameAs\":[\"https:\\\/\\\/www.facebook.com\\\/BlogQuerSaberPolitica\\\/\"]},{\"@type\":\"Person\",\"@id\":\"\",\"url\":\"https:\\\/\\\/blogdofarnesio.com.br\\\/?author=7\"}]}<\/script>\n<!-- \/ Yoast SEO plugin. -->","yoast_head_json":{"title":"COMPLEXO LUZ REALIZA O VII BAZAR DA LUZ NA PRA\u00c7A NO PR\u00d3XIMO S\u00c1BADO (5) - Blog do Farn\u00e9sio","robots":{"index":"index","follow":"follow","max-snippet":"max-snippet:-1","max-image-preview":"max-image-preview:large","max-video-preview":"max-video-preview:-1"},"canonical":"https:\/\/blogdofarnesio.com.br\/?p=133900","og_locale":"pt_BR","og_type":"article","og_title":"COMPLEXO LUZ REALIZA O VII BAZAR DA LUZ NA PRA\u00c7A NO PR\u00d3XIMO S\u00c1BADO (5) - Blog do Farn\u00e9sio","og_description":"O Complexo Social Luz para Liberta\u00e7\u00e3o realiza o VII Bazar da Luz na Pra\u00e7a, no pr\u00f3ximo s\u00e1bado, cinco de dezembro, na Pra\u00e7a da Miseric\u00f3rdia. O evento come\u00e7a \u00e0s 8h e tem previs\u00e3o de acabar \u00e0s 14h. O Complexo Luz \u00e9 uma institui\u00e7\u00e3o formada pela sociedade civil e tem como objetivo principal cuidar do ser humano atrav\u00e9s de projetos sociais. Uma institui\u00e7\u00e3o sem fins lucrativos. Dessa forma, a ideia de organizar o Bazar da Luz na Pra\u00e7a surge com a finalidade de angariar recursos para realizar pagamento de servidores. \u201cEsse ser\u00e1 o s\u00e9timo ano que realizamos o Bazar da Luz e \u00e9 sempre uma oportunidade maravilhosa. Conseguimos verbas para pagar 13\u00ba sal\u00e1rio de nossos servidores e ainda propiciamos \u00e0 sociedade adquirir&hellip;","og_url":"https:\/\/blogdofarnesio.com.br\/?p=133900","og_site_name":"Blog do Farn\u00e9sio","article_publisher":"https:\/\/www.facebook.com\/BlogQuerSaberPolitica\/","article_published_time":"2015-12-01T19:20:55+00:00","og_image":[{"url":"http:\/\/www.quersaberpolitica.com.br\/2016\/wp-content\/uploads\/2015\/12\/blogqsp-Complexo-Luz-juazeiro-300x225.jpg","type":"","width":"","height":""}],"twitter_card":"summary_large_image","twitter_misc":{"Escrito por":"","Est. tempo de leitura":"1 minuto"},"schema":{"@context":"https:\/\/schema.org","@graph":[{"@type":"Article","@id":"https:\/\/blogdofarnesio.com.br\/?p=133900#article","isPartOf":{"@id":"https:\/\/blogdofarnesio.com.br\/?p=133900"},"author":{"name":"","@id":""},"headline":"COMPLEXO LUZ REALIZA O VII BAZAR DA LUZ NA PRA\u00c7A NO PR\u00d3XIMO S\u00c1BADO (5)","datePublished":"2015-12-01T19:20:55+00:00","mainEntityOfPage":{"@id":"https:\/\/blogdofarnesio.com.br\/?p=133900"},"wordCount":271,"commentCount":0,"publisher":{"@id":"https:\/\/blogdofarnesio.com.br\/#organization"},"image":{"@id":"https:\/\/blogdofarnesio.com.br\/?p=133900#primaryimage"},"thumbnailUrl":"http:\/\/www.quersaberpolitica.com.br\/2016\/wp-content\/uploads\/2015\/12\/blogqsp-Complexo-Luz-juazeiro-300x225.jpg","articleSection":["Administra\u00e7\u00e3o"],"inLanguage":"pt-BR","potentialAction":[{"@type":"CommentAction","name":"Comment","target":["https:\/\/blogdofarnesio.com.br\/?p=133900#respond"]}]},{"@type":"WebPage","@id":"https:\/\/blogdofarnesio.com.br\/?p=133900","url":"https:\/\/blogdofarnesio.com.br\/?p=133900","name":"COMPLEXO LUZ REALIZA O VII BAZAR DA LUZ NA PRA\u00c7A NO PR\u00d3XIMO S\u00c1BADO (5) - Blog do Farn\u00e9sio","isPartOf":{"@id":"https:\/\/blogdofarnesio.com.br\/#website"},"primaryImageOfPage":{"@id":"https:\/\/blogdofarnesio.com.br\/?p=133900#primaryimage"},"image":{"@id":"https:\/\/blogdofarnesio.com.br\/?p=133900#primaryimage"},"thumbnailUrl":"http:\/\/www.quersaberpolitica.com.br\/2016\/wp-content\/uploads\/2015\/12\/blogqsp-Complexo-Luz-juazeiro-300x225.jpg","datePublished":"2015-12-01T19:20:55+00:00","breadcrumb":{"@id":"https:\/\/blogdofarnesio.com.br\/?p=133900#breadcrumb"},"inLanguage":"pt-BR","potentialAction":[{"@type":"ReadAction","target":["https:\/\/blogdofarnesio.com.br\/?p=133900"]}]},{"@type":"ImageObject","inLanguage":"pt-BR","@id":"https:\/\/blogdofarnesio.com.br\/?p=133900#primaryimage","url":"http:\/\/www.quersaberpolitica.com.br\/2016\/wp-content\/uploads\/2015\/12\/blogqsp-Complexo-Luz-juazeiro-300x225.jpg","contentUrl":"http:\/\/www.quersaberpolitica.com.br\/2016\/wp-content\/uploads\/2015\/12\/blogqsp-Complexo-Luz-juazeiro-300x225.jpg"},{"@type":"BreadcrumbList","@id":"https:\/\/blogdofarnesio.com.br\/?p=133900#breadcrumb","itemListElement":[{"@type":"ListItem","position":1,"name":"In\u00edcio","item":"https:\/\/blogdofarnesio.com.br\/"},{"@type":"ListItem","position":2,"name":"COMPLEXO LUZ REALIZA O VII BAZAR DA LUZ NA PRA\u00c7A NO PR\u00d3XIMO S\u00c1BADO (5)"}]},{"@type":"WebSite","@id":"https:\/\/blogdofarnesio.com.br\/#website","url":"https:\/\/blogdofarnesio.com.br\/","name":"Blog do Farn\u00e9sio","description":"Quer Saber Pol\u00edtica?","publisher":{"@id":"https:\/\/blogdofarnesio.com.br\/#organization"},"potentialAction":[{"@type":"SearchAction","target":{"@type":"EntryPoint","urlTemplate":"https:\/\/blogdofarnesio.com.br\/?s={search_term_string}"},"query-input":{"@type":"PropertyValueSpecification","valueRequired":true,"valueName":"search_term_string"}}],"inLanguage":"pt-BR"},{"@type":"Organization","@id":"https:\/\/blogdofarnesio.com.br\/#organization","name":"Blog do Farn\u00e9sio","url":"https:\/\/blogdofarnesio.com.br\/","logo":{"@type":"ImageObject","inLanguage":"pt-BR","@id":"https:\/\/blogdofarnesio.com.br\/#\/schema\/logo\/image\/","url":"https:\/\/blogdofarnesio.com.br\/wp-content\/uploads\/2026\/03\/cropped-logo_new-1.png","contentUrl":"https:\/\/blogdofarnesio.com.br\/wp-content\/uploads\/2026\/03\/cropped-logo_new-1.png","width":881,"height":685,"caption":"Blog do Farn\u00e9sio"},"image":{"@id":"https:\/\/blogdofarnesio.com.br\/#\/schema\/logo\/image\/"},"sameAs":["https:\/\/www.facebook.com\/BlogQuerSaberPolitica\/"]},{"@type":"Person","@id":"","url":"https:\/\/blogdofarnesio.com.br\/?author=7"}]}},"_links":{"self":[{"href":"https:\/\/blogdofarnesio.com.br\/index.php?rest_route=\/wp\/v2\/posts\/133900","targetHints":{"allow":["GET"]}}],"collection":[{"href":"https:\/\/blogdofarnesio.com.br\/index.php?rest_route=\/wp\/v2\/posts"}],"about":[{"href":"https:\/\/blogdofarnesio.com.br\/index.php?rest_route=\/wp\/v2\/types\/post"}],"author":[{"embeddable":true,"href":"https:\/\/blogdofarnesio.com.br\/index.php?rest_route=\/wp\/v2\/users\/7"}],"replies":[{"embeddable":true,"href":"https:\/\/blogdofarnesio.com.br\/index.php?rest_route=%2Fwp%2Fv2%2Fcomments&post=133900"}],"version-history":[{"count":0,"href":"https:\/\/blogdofarnesio.com.br\/index.php?rest_route=\/wp\/v2\/posts\/133900\/revisions"}],"wp:attachment":[{"href":"https:\/\/blogdofarnesio.com.br\/index.php?rest_route=%2Fwp%2Fv2%2Fmedia&parent=133900"}],"wp:term":[{"taxonomy":"category","embeddable":true,"href":"https:\/\/blogdofarnesio.com.br\/index.php?rest_route=%2Fwp%2Fv2%2Fcategories&post=133900"},{"taxonomy":"post_tag","embeddable":true,"href":"https:\/\/blogdofarnesio.com.br\/index.php?rest_route=%2Fwp%2Fv2%2Ftags&post=133900"}],"curies":[{"name":"wp","href":"https:\/\/api.w.org\/{rel}","templated":true}]}}