{"id":133688,"date":"2015-11-26T17:00:57","date_gmt":"2015-11-26T20:00:57","guid":{"rendered":"http:\/\/www.quersaberpolitica.com.br\/?p=133688"},"modified":"2015-11-26T11:28:38","modified_gmt":"2015-11-26T14:28:38","slug":"prefeitura-de-petrolina-realiza-ii-semana-municipal-sobre-drogas","status":"publish","type":"post","link":"https:\/\/blogdofarnesio.com.br\/?p=133688","title":{"rendered":"PREFEITURA DE PETROLINA REALIZA II SEMANA MUNICIPAL SOBRE DROGAS"},"content":{"rendered":"<p style=\"text-align: justify\"><a href=\"http:\/\/www.quersaberpolitica.com.br\/2016\/wp-content\/uploads\/2015\/11\/blogqsp-F\u00f3rum-Intersetorial-de-Pol\u00edticas-sobre-Drogas.png\"><img loading=\"lazy\" decoding=\"async\" class=\" wp-image-133689  aligncenter\" src=\"http:\/\/www.quersaberpolitica.com.br\/2016\/wp-content\/uploads\/2015\/11\/blogqsp-F\u00f3rum-Intersetorial-de-Pol\u00edticas-sobre-Drogas.png\" alt=\"blogqsp-F\u00f3rum Intersetorial de Pol\u00edticas sobre Drogas\" width=\"409\" height=\"208\" \/><\/a><br \/>\nA Prefeitura de Petrolina, atrav\u00e9s da Secretaria de Cidadania, com as parcerias do Comit\u00ea Gestor Crack \u00e9 Poss\u00edvel Vencer e do F\u00f3rum Intersetorial de Pol\u00edticas sobre Drogas, realizam de 30 de Novembro a 04 de dezembro\/2015, a II Semana Municipal de Pol\u00edticas P\u00fablicas sobre Drogas#tamojunto.<\/p>\n<p style=\"text-align: justify\">O Comit\u00ea Gestor Crack \u00e9 Poss\u00edvel Vencer, \u00a0pretende atrav\u00e9s desse evento, refor\u00e7ar suas a\u00e7\u00f5es no foco da import\u00e2ncia das informa\u00e7\u00f5es e do entendimento que os adolescentes e jovens devem ter em rela\u00e7\u00e3o aos malef\u00edcios que as drogas causam \u00e0 sa\u00fade, ao comportamento social e ao desenvolvimento da pessoa humana.<\/p>\n<p style=\"text-align: justify\">A fam\u00edlia tamb\u00e9m \u00e9 de grande import\u00e2ncia na forma\u00e7\u00e3o do car\u00e1ter desses futuros adultos no enfrentamento de desafios no mundo externo, entre os quais est\u00e1 o uso indevido de \u00e1lcool e outras drogas. A transmiss\u00e3o de uma educa\u00e7\u00e3o preventiva pautada em regras, limites, aten\u00e7\u00e3o e uma dose inesgot\u00e1vel de amor aos filhos \u00e9 dever de todos n\u00f3s, seja na fam\u00edlia, na\u00a0<a href=\"http:\/\/www.petrolina.pe.gov.br\/petrolina2015\/noticias.php?id=10309\">escola<\/a>, na comunidade ou nas a\u00e7\u00f5es do governo.\u00a0 O Comit\u00ea gestor far\u00e1 o encerramento da Semana sobre Drogas , com uma \u00a0Panfletagem em pontos estrat\u00e9gicos da cidade, no dia 04 de dezembro.<\/p>\n<p style=\"text-align: justify\"><!--more--><\/p>\n<p style=\"text-align: justify\">Cronograma das A\u00e7\u00f5es durante a semana<\/p>\n<p style=\"text-align: justify\">\n<strong>Eixo Cuidado &#8211; Sa\u00fade\u00a0<\/strong><\/p>\n<p style=\"text-align: justify\">30\/11: Abertura com semin\u00e1rio sobre drogas.<br \/>\nLocal: Univasf<\/p>\n<p style=\"text-align: justify\">Hor\u00e1rio: \u00a08 \u00e1s 14hr<\/p>\n<p style=\"text-align: justify\">Facilitadores: representando do AA, de uma comunidade terap\u00eautica, e redutor de danos.<\/p>\n<p style=\"text-align: justify\">01\/12: Oficina sobre drogas com recepcionistas<br \/>\nda aten\u00e7\u00e3o b\u00e1sica.<\/p>\n<p style=\"text-align: justify\">Local: Audit\u00f3rio da secretaria de sa\u00fade<\/p>\n<p style=\"text-align: justify\">Hor\u00e1rio: 14hr<\/p>\n<p style=\"text-align: justify\">Facilitadoras: \u00a0Poliana (CAPS i), Marianna (CAPS AD), T\u00e1rcia (NASF)<\/p>\n<p style=\"text-align: justify\">\n02\/12: Oficina sobre drogas com recepcionistas da aten\u00e7\u00e3o b\u00e1sica<\/p>\n<p>Objetivos: \u00a0 Entendendo que a recep\u00e7\u00e3o \u00e9 a porta de entrada dos servi\u00e7os de sa\u00fade, essa oficina tem o objetivo de sensibilizar os participantes ao tema das drogas e a forma de acolhimento das pessoas que fazem uso de \u00e1lcool e drogas. Tem tamb\u00e9m como proposta viabilizar momentos de integra\u00e7\u00e3o da rede de sa\u00fade mental e da perspectiva da redu\u00e7\u00e3o de danos.<\/p>\n<p style=\"text-align: justify\">Local: Audit\u00f3rio da secretaria de sa\u00fade.<br \/>\nHor\u00e1rio: 14hr.<\/p>\n<p style=\"text-align: justify\">Facilitadoras: Poliana (CAPS i), Marianna (CAPS AD), T\u00e1rcia (NASF)<\/p>\n<p>03\/12: F\u00f3rum sobre a rede de sa\u00fade mental em Petrolina e a implanta\u00e7\u00e3o do CAPS AD III.<\/p>\n<p>Objetivos: Criar um espa\u00e7o de discuss\u00e3o sobre a rede de sa\u00fade mental e propor espa\u00e7o para questionamentos sobre fluxos e operacionalidade do trabalho multiprofissional e multi servi\u00e7os de sa\u00fade.<\/p>\n<p style=\"text-align: justify\">P\u00fablico alvo: Profissionais da sa\u00fade (de forma geral) e estudantes que queiram debater o tema.<\/p>\n<p style=\"text-align: justify\">Local: Univasf<\/p>\n<p style=\"text-align: justify\">Hor\u00e1rio: 14hr<\/p>\n<p style=\"text-align: justify\">Facilitadoras: CAPS AD, CAPS II e CAPSi<\/p>\n<p style=\"text-align: justify\">\n04\/12: Panfletagem em pontos estrat\u00e9gicos da cidade<\/p>\n<p style=\"text-align: justify\">POSSIBILIDADES: CINECAPS no audit\u00f3rio da UNIVASF \u00a0Parceira com o consult\u00f3rio na rua (divulga\u00e7\u00e3o do servi\u00e7o do CAPS)<\/p>\n<p style=\"text-align: justify\"><strong>Eixo Preven\u00e7\u00e3o &#8211; Educa\u00e7\u00e3o Eixo Autoridade &#8211; Seguran\u00e7a e GM\u00a0<\/strong><\/p>\n<p>Dia 01\/12 (ter\u00e7a-feira): Escola M\u00e3e Vit\u00f3ria, Henrique Leite<br \/>\nPalestra 01: hor\u00e1rio das 10 \u00e0s 11h30min<br \/>\nPalestra 02: hor\u00e1rio das 15 \u00e0s 17h<br \/>\nDia 02\/12 (quarta-feira): Escola Anete Rolin, Pedra Linda<br \/>\nPalestra 01: hor\u00e1rio das 14 \u00e0s 17h<br \/>\nPalestra 02: hor\u00e1rio das 19 \u00e0s 22h<br \/>\nDia 03\/12 (quinta-feira): Escola Jacob Ferreira, Cosme e Dami\u00e3o<br \/>\nPalestra 01: hor\u00e1rio das 14 \u00e0s 17h<br \/>\nPalestra 02: hor\u00e1rio das 19 \u00e0s 22h<\/p>\n<p><strong>Eixo Cuidado &#8211; Cidadania<\/strong><\/p>\n<p>Dias 01, 02 e 03\/12 &#8211; Palestra sobre drogas para o p\u00fablico do bolsa fam\u00edlia;<br \/>\nCRAS &#8211; dias 01, 02 e 03\/12 &#8211; todas as unidades estar\u00e3o com a\u00e7\u00f5es voltadas a tem\u00e1tica da droga com seus usu\u00e1rios.<\/p>\n<p><em>Texto Cauby Fernandes<\/em><\/p>\n","protected":false},"excerpt":{"rendered":"<p>A Prefeitura de Petrolina, atrav\u00e9s da Secretaria de Cidadania, com as parcerias do Comit\u00ea Gestor Crack \u00e9 Poss\u00edvel Vencer e do F\u00f3rum Intersetorial de Pol\u00edticas sobre Drogas, realizam de 30 de Novembro a 04 de dezembro\/2015, a II Semana Municipal de Pol\u00edticas P\u00fablicas sobre Drogas#tamojunto. O Comit\u00ea Gestor Crack \u00e9 Poss\u00edvel Vencer, \u00a0pretende atrav\u00e9s desse evento, refor\u00e7ar suas a\u00e7\u00f5es no foco da import\u00e2ncia das informa\u00e7\u00f5es e do entendimento que os adolescentes e jovens devem ter em rela\u00e7\u00e3o aos malef\u00edcios que as drogas causam \u00e0 sa\u00fade, ao comportamento social e ao desenvolvimento da pessoa humana. A fam\u00edlia tamb\u00e9m \u00e9 de grande import\u00e2ncia na forma\u00e7\u00e3o do car\u00e1ter desses futuros adultos no enfrentamento de desafios no mundo externo, entre os quais est\u00e1 o&hellip; <\/p>\n","protected":false},"author":7,"featured_media":0,"comment_status":"open","ping_status":"open","sticky":false,"template":"","format":"standard","meta":{"_acf_changed":false,"footnotes":""},"categories":[44],"tags":[],"class_list":["post-133688","post","type-post","status-publish","format-standard","hentry","category-administracao"],"acf":[],"yoast_head":"<!-- This site is optimized with the Yoast SEO plugin v27.4 - https:\/\/yoast.com\/product\/yoast-seo-wordpress\/ -->\n<title>PREFEITURA DE PETROLINA REALIZA II SEMANA MUNICIPAL SOBRE DROGAS - Blog do Farn\u00e9sio<\/title>\n<meta name=\"robots\" content=\"index, follow, max-snippet:-1, max-image-preview:large, max-video-preview:-1\" \/>\n<link rel=\"canonical\" href=\"https:\/\/blogdofarnesio.com.br\/?p=133688\" \/>\n<meta property=\"og:locale\" content=\"pt_BR\" \/>\n<meta property=\"og:type\" content=\"article\" \/>\n<meta property=\"og:title\" content=\"PREFEITURA DE PETROLINA REALIZA II SEMANA MUNICIPAL SOBRE DROGAS - Blog do Farn\u00e9sio\" \/>\n<meta property=\"og:description\" content=\"A Prefeitura de Petrolina, atrav\u00e9s da Secretaria de Cidadania, com as parcerias do Comit\u00ea Gestor Crack \u00e9 Poss\u00edvel Vencer e do F\u00f3rum Intersetorial de Pol\u00edticas sobre Drogas, realizam de 30 de Novembro a 04 de dezembro\/2015, a II Semana Municipal de Pol\u00edticas P\u00fablicas sobre Drogas#tamojunto. O Comit\u00ea Gestor Crack \u00e9 Poss\u00edvel Vencer, \u00a0pretende atrav\u00e9s desse evento, refor\u00e7ar suas a\u00e7\u00f5es no foco da import\u00e2ncia das informa\u00e7\u00f5es e do entendimento que os adolescentes e jovens devem ter em rela\u00e7\u00e3o aos malef\u00edcios que as drogas causam \u00e0 sa\u00fade, ao comportamento social e ao desenvolvimento da pessoa humana. A fam\u00edlia tamb\u00e9m \u00e9 de grande import\u00e2ncia na forma\u00e7\u00e3o do car\u00e1ter desses futuros adultos no enfrentamento de desafios no mundo externo, entre os quais est\u00e1 o&hellip;\" \/>\n<meta property=\"og:url\" content=\"https:\/\/blogdofarnesio.com.br\/?p=133688\" \/>\n<meta property=\"og:site_name\" content=\"Blog do Farn\u00e9sio\" \/>\n<meta property=\"article:publisher\" content=\"https:\/\/www.facebook.com\/BlogQuerSaberPolitica\/\" \/>\n<meta property=\"article:published_time\" content=\"2015-11-26T20:00:57+00:00\" \/>\n<meta name=\"twitter:card\" content=\"summary_large_image\" \/>\n<meta name=\"twitter:label1\" content=\"Escrito por\" \/>\n\t<meta name=\"twitter:data1\" content=\"\" \/>\n\t<meta name=\"twitter:label2\" content=\"Est. tempo de leitura\" \/>\n\t<meta name=\"twitter:data2\" content=\"3 minutos\" \/>\n<script type=\"application\/ld+json\" class=\"yoast-schema-graph\">{\"@context\":\"https:\\\/\\\/schema.org\",\"@graph\":[{\"@type\":\"Article\",\"@id\":\"https:\\\/\\\/blogdofarnesio.com.br\\\/?p=133688#article\",\"isPartOf\":{\"@id\":\"https:\\\/\\\/blogdofarnesio.com.br\\\/?p=133688\"},\"author\":{\"name\":\"\",\"@id\":\"\"},\"headline\":\"PREFEITURA DE PETROLINA REALIZA II SEMANA MUNICIPAL SOBRE DROGAS\",\"datePublished\":\"2015-11-26T20:00:57+00:00\",\"mainEntityOfPage\":{\"@id\":\"https:\\\/\\\/blogdofarnesio.com.br\\\/?p=133688\"},\"wordCount\":613,\"commentCount\":0,\"publisher\":{\"@id\":\"https:\\\/\\\/blogdofarnesio.com.br\\\/#organization\"},\"articleSection\":[\"Administra\u00e7\u00e3o\"],\"inLanguage\":\"pt-BR\",\"potentialAction\":[{\"@type\":\"CommentAction\",\"name\":\"Comment\",\"target\":[\"https:\\\/\\\/blogdofarnesio.com.br\\\/?p=133688#respond\"]}]},{\"@type\":\"WebPage\",\"@id\":\"https:\\\/\\\/blogdofarnesio.com.br\\\/?p=133688\",\"url\":\"https:\\\/\\\/blogdofarnesio.com.br\\\/?p=133688\",\"name\":\"PREFEITURA DE PETROLINA REALIZA II SEMANA MUNICIPAL SOBRE DROGAS - Blog do Farn\u00e9sio\",\"isPartOf\":{\"@id\":\"https:\\\/\\\/blogdofarnesio.com.br\\\/#website\"},\"datePublished\":\"2015-11-26T20:00:57+00:00\",\"breadcrumb\":{\"@id\":\"https:\\\/\\\/blogdofarnesio.com.br\\\/?p=133688#breadcrumb\"},\"inLanguage\":\"pt-BR\",\"potentialAction\":[{\"@type\":\"ReadAction\",\"target\":[\"https:\\\/\\\/blogdofarnesio.com.br\\\/?p=133688\"]}]},{\"@type\":\"BreadcrumbList\",\"@id\":\"https:\\\/\\\/blogdofarnesio.com.br\\\/?p=133688#breadcrumb\",\"itemListElement\":[{\"@type\":\"ListItem\",\"position\":1,\"name\":\"In\u00edcio\",\"item\":\"https:\\\/\\\/blogdofarnesio.com.br\\\/\"},{\"@type\":\"ListItem\",\"position\":2,\"name\":\"PREFEITURA DE PETROLINA REALIZA II SEMANA MUNICIPAL SOBRE DROGAS\"}]},{\"@type\":\"WebSite\",\"@id\":\"https:\\\/\\\/blogdofarnesio.com.br\\\/#website\",\"url\":\"https:\\\/\\\/blogdofarnesio.com.br\\\/\",\"name\":\"Blog do Farn\u00e9sio\",\"description\":\"Quer Saber Pol\u00edtica?\",\"publisher\":{\"@id\":\"https:\\\/\\\/blogdofarnesio.com.br\\\/#organization\"},\"potentialAction\":[{\"@type\":\"SearchAction\",\"target\":{\"@type\":\"EntryPoint\",\"urlTemplate\":\"https:\\\/\\\/blogdofarnesio.com.br\\\/?s={search_term_string}\"},\"query-input\":{\"@type\":\"PropertyValueSpecification\",\"valueRequired\":true,\"valueName\":\"search_term_string\"}}],\"inLanguage\":\"pt-BR\"},{\"@type\":\"Organization\",\"@id\":\"https:\\\/\\\/blogdofarnesio.com.br\\\/#organization\",\"name\":\"Blog do Farn\u00e9sio\",\"url\":\"https:\\\/\\\/blogdofarnesio.com.br\\\/\",\"logo\":{\"@type\":\"ImageObject\",\"inLanguage\":\"pt-BR\",\"@id\":\"https:\\\/\\\/blogdofarnesio.com.br\\\/#\\\/schema\\\/logo\\\/image\\\/\",\"url\":\"https:\\\/\\\/blogdofarnesio.com.br\\\/wp-content\\\/uploads\\\/2026\\\/03\\\/cropped-logo_new-1.png\",\"contentUrl\":\"https:\\\/\\\/blogdofarnesio.com.br\\\/wp-content\\\/uploads\\\/2026\\\/03\\\/cropped-logo_new-1.png\",\"width\":881,\"height\":685,\"caption\":\"Blog do Farn\u00e9sio\"},\"image\":{\"@id\":\"https:\\\/\\\/blogdofarnesio.com.br\\\/#\\\/schema\\\/logo\\\/image\\\/\"},\"sameAs\":[\"https:\\\/\\\/www.facebook.com\\\/BlogQuerSaberPolitica\\\/\"]},{\"@type\":\"Person\",\"@id\":\"\",\"url\":\"https:\\\/\\\/blogdofarnesio.com.br\\\/?author=7\"}]}<\/script>\n<!-- \/ Yoast SEO plugin. -->","yoast_head_json":{"title":"PREFEITURA DE PETROLINA REALIZA II SEMANA MUNICIPAL SOBRE DROGAS - Blog do Farn\u00e9sio","robots":{"index":"index","follow":"follow","max-snippet":"max-snippet:-1","max-image-preview":"max-image-preview:large","max-video-preview":"max-video-preview:-1"},"canonical":"https:\/\/blogdofarnesio.com.br\/?p=133688","og_locale":"pt_BR","og_type":"article","og_title":"PREFEITURA DE PETROLINA REALIZA II SEMANA MUNICIPAL SOBRE DROGAS - Blog do Farn\u00e9sio","og_description":"A Prefeitura de Petrolina, atrav\u00e9s da Secretaria de Cidadania, com as parcerias do Comit\u00ea Gestor Crack \u00e9 Poss\u00edvel Vencer e do F\u00f3rum Intersetorial de Pol\u00edticas sobre Drogas, realizam de 30 de Novembro a 04 de dezembro\/2015, a II Semana Municipal de Pol\u00edticas P\u00fablicas sobre Drogas#tamojunto. O Comit\u00ea Gestor Crack \u00e9 Poss\u00edvel Vencer, \u00a0pretende atrav\u00e9s desse evento, refor\u00e7ar suas a\u00e7\u00f5es no foco da import\u00e2ncia das informa\u00e7\u00f5es e do entendimento que os adolescentes e jovens devem ter em rela\u00e7\u00e3o aos malef\u00edcios que as drogas causam \u00e0 sa\u00fade, ao comportamento social e ao desenvolvimento da pessoa humana. A fam\u00edlia tamb\u00e9m \u00e9 de grande import\u00e2ncia na forma\u00e7\u00e3o do car\u00e1ter desses futuros adultos no enfrentamento de desafios no mundo externo, entre os quais est\u00e1 o&hellip;","og_url":"https:\/\/blogdofarnesio.com.br\/?p=133688","og_site_name":"Blog do Farn\u00e9sio","article_publisher":"https:\/\/www.facebook.com\/BlogQuerSaberPolitica\/","article_published_time":"2015-11-26T20:00:57+00:00","twitter_card":"summary_large_image","twitter_misc":{"Escrito por":"","Est. tempo de leitura":"3 minutos"},"schema":{"@context":"https:\/\/schema.org","@graph":[{"@type":"Article","@id":"https:\/\/blogdofarnesio.com.br\/?p=133688#article","isPartOf":{"@id":"https:\/\/blogdofarnesio.com.br\/?p=133688"},"author":{"name":"","@id":""},"headline":"PREFEITURA DE PETROLINA REALIZA II SEMANA MUNICIPAL SOBRE DROGAS","datePublished":"2015-11-26T20:00:57+00:00","mainEntityOfPage":{"@id":"https:\/\/blogdofarnesio.com.br\/?p=133688"},"wordCount":613,"commentCount":0,"publisher":{"@id":"https:\/\/blogdofarnesio.com.br\/#organization"},"articleSection":["Administra\u00e7\u00e3o"],"inLanguage":"pt-BR","potentialAction":[{"@type":"CommentAction","name":"Comment","target":["https:\/\/blogdofarnesio.com.br\/?p=133688#respond"]}]},{"@type":"WebPage","@id":"https:\/\/blogdofarnesio.com.br\/?p=133688","url":"https:\/\/blogdofarnesio.com.br\/?p=133688","name":"PREFEITURA DE PETROLINA REALIZA II SEMANA MUNICIPAL SOBRE DROGAS - Blog do Farn\u00e9sio","isPartOf":{"@id":"https:\/\/blogdofarnesio.com.br\/#website"},"datePublished":"2015-11-26T20:00:57+00:00","breadcrumb":{"@id":"https:\/\/blogdofarnesio.com.br\/?p=133688#breadcrumb"},"inLanguage":"pt-BR","potentialAction":[{"@type":"ReadAction","target":["https:\/\/blogdofarnesio.com.br\/?p=133688"]}]},{"@type":"BreadcrumbList","@id":"https:\/\/blogdofarnesio.com.br\/?p=133688#breadcrumb","itemListElement":[{"@type":"ListItem","position":1,"name":"In\u00edcio","item":"https:\/\/blogdofarnesio.com.br\/"},{"@type":"ListItem","position":2,"name":"PREFEITURA DE PETROLINA REALIZA II SEMANA MUNICIPAL SOBRE DROGAS"}]},{"@type":"WebSite","@id":"https:\/\/blogdofarnesio.com.br\/#website","url":"https:\/\/blogdofarnesio.com.br\/","name":"Blog do Farn\u00e9sio","description":"Quer Saber Pol\u00edtica?","publisher":{"@id":"https:\/\/blogdofarnesio.com.br\/#organization"},"potentialAction":[{"@type":"SearchAction","target":{"@type":"EntryPoint","urlTemplate":"https:\/\/blogdofarnesio.com.br\/?s={search_term_string}"},"query-input":{"@type":"PropertyValueSpecification","valueRequired":true,"valueName":"search_term_string"}}],"inLanguage":"pt-BR"},{"@type":"Organization","@id":"https:\/\/blogdofarnesio.com.br\/#organization","name":"Blog do Farn\u00e9sio","url":"https:\/\/blogdofarnesio.com.br\/","logo":{"@type":"ImageObject","inLanguage":"pt-BR","@id":"https:\/\/blogdofarnesio.com.br\/#\/schema\/logo\/image\/","url":"https:\/\/blogdofarnesio.com.br\/wp-content\/uploads\/2026\/03\/cropped-logo_new-1.png","contentUrl":"https:\/\/blogdofarnesio.com.br\/wp-content\/uploads\/2026\/03\/cropped-logo_new-1.png","width":881,"height":685,"caption":"Blog do Farn\u00e9sio"},"image":{"@id":"https:\/\/blogdofarnesio.com.br\/#\/schema\/logo\/image\/"},"sameAs":["https:\/\/www.facebook.com\/BlogQuerSaberPolitica\/"]},{"@type":"Person","@id":"","url":"https:\/\/blogdofarnesio.com.br\/?author=7"}]}},"_links":{"self":[{"href":"https:\/\/blogdofarnesio.com.br\/index.php?rest_route=\/wp\/v2\/posts\/133688","targetHints":{"allow":["GET"]}}],"collection":[{"href":"https:\/\/blogdofarnesio.com.br\/index.php?rest_route=\/wp\/v2\/posts"}],"about":[{"href":"https:\/\/blogdofarnesio.com.br\/index.php?rest_route=\/wp\/v2\/types\/post"}],"author":[{"embeddable":true,"href":"https:\/\/blogdofarnesio.com.br\/index.php?rest_route=\/wp\/v2\/users\/7"}],"replies":[{"embeddable":true,"href":"https:\/\/blogdofarnesio.com.br\/index.php?rest_route=%2Fwp%2Fv2%2Fcomments&post=133688"}],"version-history":[{"count":0,"href":"https:\/\/blogdofarnesio.com.br\/index.php?rest_route=\/wp\/v2\/posts\/133688\/revisions"}],"wp:attachment":[{"href":"https:\/\/blogdofarnesio.com.br\/index.php?rest_route=%2Fwp%2Fv2%2Fmedia&parent=133688"}],"wp:term":[{"taxonomy":"category","embeddable":true,"href":"https:\/\/blogdofarnesio.com.br\/index.php?rest_route=%2Fwp%2Fv2%2Fcategories&post=133688"},{"taxonomy":"post_tag","embeddable":true,"href":"https:\/\/blogdofarnesio.com.br\/index.php?rest_route=%2Fwp%2Fv2%2Ftags&post=133688"}],"curies":[{"name":"wp","href":"https:\/\/api.w.org\/{rel}","templated":true}]}}