{"id":133686,"date":"2015-11-26T16:40:58","date_gmt":"2015-11-26T19:40:58","guid":{"rendered":"http:\/\/www.quersaberpolitica.com.br\/?p=133686"},"modified":"2015-11-26T16:42:59","modified_gmt":"2015-11-26T19:42:59","slug":"prefeito-isaac-carvalho-confirma-com-a-caixa-e-ministerio-das-cidades-entrega-de-mais-1000-casas-do-mcmv-em-dezembro","status":"publish","type":"post","link":"https:\/\/blogdofarnesio.com.br\/?p=133686","title":{"rendered":"ISAAC CARVALHO CONFIRMA COM A CAIXA E MINIST\u00c9RIO ENTREGA DE MAIS 1000 CASAS DO MCMV"},"content":{"rendered":"<p style=\"text-align: justify\"><a href=\"http:\/\/www.quersaberpolitica.com.br\/2016\/wp-content\/uploads\/2015\/11\/blogqsp-isaac-caixaeconomica.jpg\"><img loading=\"lazy\" decoding=\"async\" class=\" wp-image-133687  aligncenter\" src=\"http:\/\/www.quersaberpolitica.com.br\/2016\/wp-content\/uploads\/2015\/11\/blogqsp-isaac-caixaeconomica.jpg\" alt=\"blogqsp-isaac-caixaeconomica\" width=\"404\" height=\"273\" \/><\/a><\/p>\n<p style=\"text-align: justify\">O prefeito Isaac Carvalho participou na tarde desta quarta-feira,25, de uma videoconfer\u00eancia com representantes da Caixa Econ\u00f4mica Federal, na sede da ag\u00eancia central em Juazeiro, e Minist\u00e9rio das Cidades para tratar da entrega de mais 1000 unidades do Minha Casa Minha Vida no munic\u00edpio, que vai totalizar\u00a08 mil resid\u00eancias nesta gest\u00e3o, at\u00e9 o momento. No encontro, foram dirimidas d\u00favidas\u00a0para dar maior celeridade \u00e0 inaugura\u00e7\u00e3o do Residencial Juazeiro II e tamb\u00e9m foi definido que as casas ser\u00e3o inauguradas no m\u00eas de dezembro. \u201cA popula\u00e7\u00e3o beneficiada vai passar o\u00a0 natal e o r\u00e9veillon com casa\u00a0 nova. At\u00e9 o fim da nossa gest\u00e3o, vamos entregar 11 mil resid\u00eancias no total, diminuindo consideravelmente o deficit habitacional em nossa cidade\u201d, assegurou o prefeito.<\/p>\n<p style=\"text-align: justify\"><em>Ascom\/PMJ<\/em><\/p>\n","protected":false},"excerpt":{"rendered":"<p>O prefeito Isaac Carvalho participou na tarde desta quarta-feira,25, de uma videoconfer\u00eancia com representantes da Caixa Econ\u00f4mica Federal, na sede da ag\u00eancia central em Juazeiro, e Minist\u00e9rio das Cidades para tratar da entrega de mais 1000 unidades do Minha Casa Minha Vida no munic\u00edpio, que vai totalizar\u00a08 mil resid\u00eancias nesta gest\u00e3o, at\u00e9 o momento. No encontro, foram dirimidas d\u00favidas\u00a0para dar maior celeridade \u00e0 inaugura\u00e7\u00e3o do Residencial Juazeiro II e tamb\u00e9m foi definido que as casas ser\u00e3o inauguradas no m\u00eas de dezembro. \u201cA popula\u00e7\u00e3o beneficiada vai passar o\u00a0 natal e o r\u00e9veillon com casa\u00a0 nova. At\u00e9 o fim da nossa gest\u00e3o, vamos entregar 11 mil resid\u00eancias no total, diminuindo consideravelmente o deficit habitacional em nossa cidade\u201d, assegurou o prefeito. Ascom\/PMJ<\/p>\n","protected":false},"author":7,"featured_media":0,"comment_status":"open","ping_status":"open","sticky":false,"template":"","format":"standard","meta":{"_acf_changed":false,"footnotes":""},"categories":[44],"tags":[],"class_list":["post-133686","post","type-post","status-publish","format-standard","hentry","category-administracao"],"acf":[],"yoast_head":"<!-- This site is optimized with the Yoast SEO plugin v27.4 - https:\/\/yoast.com\/product\/yoast-seo-wordpress\/ -->\n<title>ISAAC CARVALHO CONFIRMA COM A CAIXA E MINIST\u00c9RIO ENTREGA DE MAIS 1000 CASAS DO MCMV - Blog do Farn\u00e9sio<\/title>\n<meta name=\"robots\" content=\"index, follow, max-snippet:-1, max-image-preview:large, max-video-preview:-1\" \/>\n<link rel=\"canonical\" href=\"https:\/\/blogdofarnesio.com.br\/?p=133686\" \/>\n<meta property=\"og:locale\" content=\"pt_BR\" \/>\n<meta property=\"og:type\" content=\"article\" \/>\n<meta property=\"og:title\" content=\"ISAAC CARVALHO CONFIRMA COM A CAIXA E MINIST\u00c9RIO ENTREGA DE MAIS 1000 CASAS DO MCMV - Blog do Farn\u00e9sio\" \/>\n<meta property=\"og:description\" content=\"O prefeito Isaac Carvalho participou na tarde desta quarta-feira,25, de uma videoconfer\u00eancia com representantes da Caixa Econ\u00f4mica Federal, na sede da ag\u00eancia central em Juazeiro, e Minist\u00e9rio das Cidades para tratar da entrega de mais 1000 unidades do Minha Casa Minha Vida no munic\u00edpio, que vai totalizar\u00a08 mil resid\u00eancias nesta gest\u00e3o, at\u00e9 o momento. No encontro, foram dirimidas d\u00favidas\u00a0para dar maior celeridade \u00e0 inaugura\u00e7\u00e3o do Residencial Juazeiro II e tamb\u00e9m foi definido que as casas ser\u00e3o inauguradas no m\u00eas de dezembro. \u201cA popula\u00e7\u00e3o beneficiada vai passar o\u00a0 natal e o r\u00e9veillon com casa\u00a0 nova. At\u00e9 o fim da nossa gest\u00e3o, vamos entregar 11 mil resid\u00eancias no total, diminuindo consideravelmente o deficit habitacional em nossa cidade\u201d, assegurou o prefeito. Ascom\/PMJ\" \/>\n<meta property=\"og:url\" content=\"https:\/\/blogdofarnesio.com.br\/?p=133686\" \/>\n<meta property=\"og:site_name\" content=\"Blog do Farn\u00e9sio\" \/>\n<meta property=\"article:publisher\" content=\"https:\/\/www.facebook.com\/BlogQuerSaberPolitica\/\" \/>\n<meta property=\"article:published_time\" content=\"2015-11-26T19:40:58+00:00\" \/>\n<meta property=\"article:modified_time\" content=\"2015-11-26T19:42:59+00:00\" \/>\n<meta property=\"og:image\" content=\"http:\/\/www.quersaberpolitica.com.br\/2016\/wp-content\/uploads\/2015\/11\/blogqsp-isaac-caixaeconomica.jpg\" \/>\n<meta name=\"twitter:card\" content=\"summary_large_image\" \/>\n<meta name=\"twitter:label1\" content=\"Escrito por\" \/>\n\t<meta name=\"twitter:data1\" content=\"\" \/>\n\t<meta name=\"twitter:label2\" content=\"Est. tempo de leitura\" \/>\n\t<meta name=\"twitter:data2\" content=\"1 minuto\" \/>\n<script type=\"application\/ld+json\" class=\"yoast-schema-graph\">{\"@context\":\"https:\\\/\\\/schema.org\",\"@graph\":[{\"@type\":\"Article\",\"@id\":\"https:\\\/\\\/blogdofarnesio.com.br\\\/?p=133686#article\",\"isPartOf\":{\"@id\":\"https:\\\/\\\/blogdofarnesio.com.br\\\/?p=133686\"},\"author\":{\"name\":\"\",\"@id\":\"\"},\"headline\":\"ISAAC CARVALHO CONFIRMA COM A CAIXA E MINIST\u00c9RIO ENTREGA DE MAIS 1000 CASAS DO MCMV\",\"datePublished\":\"2015-11-26T19:40:58+00:00\",\"dateModified\":\"2015-11-26T19:42:59+00:00\",\"mainEntityOfPage\":{\"@id\":\"https:\\\/\\\/blogdofarnesio.com.br\\\/?p=133686\"},\"wordCount\":149,\"commentCount\":0,\"publisher\":{\"@id\":\"https:\\\/\\\/blogdofarnesio.com.br\\\/#organization\"},\"image\":{\"@id\":\"https:\\\/\\\/blogdofarnesio.com.br\\\/?p=133686#primaryimage\"},\"thumbnailUrl\":\"http:\\\/\\\/www.quersaberpolitica.com.br\\\/2016\\\/wp-content\\\/uploads\\\/2015\\\/11\\\/blogqsp-isaac-caixaeconomica.jpg\",\"articleSection\":[\"Administra\u00e7\u00e3o\"],\"inLanguage\":\"pt-BR\",\"potentialAction\":[{\"@type\":\"CommentAction\",\"name\":\"Comment\",\"target\":[\"https:\\\/\\\/blogdofarnesio.com.br\\\/?p=133686#respond\"]}]},{\"@type\":\"WebPage\",\"@id\":\"https:\\\/\\\/blogdofarnesio.com.br\\\/?p=133686\",\"url\":\"https:\\\/\\\/blogdofarnesio.com.br\\\/?p=133686\",\"name\":\"ISAAC CARVALHO CONFIRMA COM A CAIXA E MINIST\u00c9RIO ENTREGA DE MAIS 1000 CASAS DO MCMV - Blog do Farn\u00e9sio\",\"isPartOf\":{\"@id\":\"https:\\\/\\\/blogdofarnesio.com.br\\\/#website\"},\"primaryImageOfPage\":{\"@id\":\"https:\\\/\\\/blogdofarnesio.com.br\\\/?p=133686#primaryimage\"},\"image\":{\"@id\":\"https:\\\/\\\/blogdofarnesio.com.br\\\/?p=133686#primaryimage\"},\"thumbnailUrl\":\"http:\\\/\\\/www.quersaberpolitica.com.br\\\/2016\\\/wp-content\\\/uploads\\\/2015\\\/11\\\/blogqsp-isaac-caixaeconomica.jpg\",\"datePublished\":\"2015-11-26T19:40:58+00:00\",\"dateModified\":\"2015-11-26T19:42:59+00:00\",\"breadcrumb\":{\"@id\":\"https:\\\/\\\/blogdofarnesio.com.br\\\/?p=133686#breadcrumb\"},\"inLanguage\":\"pt-BR\",\"potentialAction\":[{\"@type\":\"ReadAction\",\"target\":[\"https:\\\/\\\/blogdofarnesio.com.br\\\/?p=133686\"]}]},{\"@type\":\"ImageObject\",\"inLanguage\":\"pt-BR\",\"@id\":\"https:\\\/\\\/blogdofarnesio.com.br\\\/?p=133686#primaryimage\",\"url\":\"http:\\\/\\\/www.quersaberpolitica.com.br\\\/2016\\\/wp-content\\\/uploads\\\/2015\\\/11\\\/blogqsp-isaac-caixaeconomica.jpg\",\"contentUrl\":\"http:\\\/\\\/www.quersaberpolitica.com.br\\\/2016\\\/wp-content\\\/uploads\\\/2015\\\/11\\\/blogqsp-isaac-caixaeconomica.jpg\"},{\"@type\":\"BreadcrumbList\",\"@id\":\"https:\\\/\\\/blogdofarnesio.com.br\\\/?p=133686#breadcrumb\",\"itemListElement\":[{\"@type\":\"ListItem\",\"position\":1,\"name\":\"In\u00edcio\",\"item\":\"https:\\\/\\\/blogdofarnesio.com.br\\\/\"},{\"@type\":\"ListItem\",\"position\":2,\"name\":\"ISAAC CARVALHO CONFIRMA COM A CAIXA E MINIST\u00c9RIO ENTREGA DE MAIS 1000 CASAS DO MCMV\"}]},{\"@type\":\"WebSite\",\"@id\":\"https:\\\/\\\/blogdofarnesio.com.br\\\/#website\",\"url\":\"https:\\\/\\\/blogdofarnesio.com.br\\\/\",\"name\":\"Blog do Farn\u00e9sio\",\"description\":\"Quer Saber Pol\u00edtica?\",\"publisher\":{\"@id\":\"https:\\\/\\\/blogdofarnesio.com.br\\\/#organization\"},\"potentialAction\":[{\"@type\":\"SearchAction\",\"target\":{\"@type\":\"EntryPoint\",\"urlTemplate\":\"https:\\\/\\\/blogdofarnesio.com.br\\\/?s={search_term_string}\"},\"query-input\":{\"@type\":\"PropertyValueSpecification\",\"valueRequired\":true,\"valueName\":\"search_term_string\"}}],\"inLanguage\":\"pt-BR\"},{\"@type\":\"Organization\",\"@id\":\"https:\\\/\\\/blogdofarnesio.com.br\\\/#organization\",\"name\":\"Blog do Farn\u00e9sio\",\"url\":\"https:\\\/\\\/blogdofarnesio.com.br\\\/\",\"logo\":{\"@type\":\"ImageObject\",\"inLanguage\":\"pt-BR\",\"@id\":\"https:\\\/\\\/blogdofarnesio.com.br\\\/#\\\/schema\\\/logo\\\/image\\\/\",\"url\":\"https:\\\/\\\/blogdofarnesio.com.br\\\/wp-content\\\/uploads\\\/2026\\\/03\\\/cropped-logo_new-1.png\",\"contentUrl\":\"https:\\\/\\\/blogdofarnesio.com.br\\\/wp-content\\\/uploads\\\/2026\\\/03\\\/cropped-logo_new-1.png\",\"width\":881,\"height\":685,\"caption\":\"Blog do Farn\u00e9sio\"},\"image\":{\"@id\":\"https:\\\/\\\/blogdofarnesio.com.br\\\/#\\\/schema\\\/logo\\\/image\\\/\"},\"sameAs\":[\"https:\\\/\\\/www.facebook.com\\\/BlogQuerSaberPolitica\\\/\"]},{\"@type\":\"Person\",\"@id\":\"\",\"url\":\"https:\\\/\\\/blogdofarnesio.com.br\\\/?author=7\"}]}<\/script>\n<!-- \/ Yoast SEO plugin. -->","yoast_head_json":{"title":"ISAAC CARVALHO CONFIRMA COM A CAIXA E MINIST\u00c9RIO ENTREGA DE MAIS 1000 CASAS DO MCMV - Blog do Farn\u00e9sio","robots":{"index":"index","follow":"follow","max-snippet":"max-snippet:-1","max-image-preview":"max-image-preview:large","max-video-preview":"max-video-preview:-1"},"canonical":"https:\/\/blogdofarnesio.com.br\/?p=133686","og_locale":"pt_BR","og_type":"article","og_title":"ISAAC CARVALHO CONFIRMA COM A CAIXA E MINIST\u00c9RIO ENTREGA DE MAIS 1000 CASAS DO MCMV - Blog do Farn\u00e9sio","og_description":"O prefeito Isaac Carvalho participou na tarde desta quarta-feira,25, de uma videoconfer\u00eancia com representantes da Caixa Econ\u00f4mica Federal, na sede da ag\u00eancia central em Juazeiro, e Minist\u00e9rio das Cidades para tratar da entrega de mais 1000 unidades do Minha Casa Minha Vida no munic\u00edpio, que vai totalizar\u00a08 mil resid\u00eancias nesta gest\u00e3o, at\u00e9 o momento. No encontro, foram dirimidas d\u00favidas\u00a0para dar maior celeridade \u00e0 inaugura\u00e7\u00e3o do Residencial Juazeiro II e tamb\u00e9m foi definido que as casas ser\u00e3o inauguradas no m\u00eas de dezembro. \u201cA popula\u00e7\u00e3o beneficiada vai passar o\u00a0 natal e o r\u00e9veillon com casa\u00a0 nova. At\u00e9 o fim da nossa gest\u00e3o, vamos entregar 11 mil resid\u00eancias no total, diminuindo consideravelmente o deficit habitacional em nossa cidade\u201d, assegurou o prefeito. Ascom\/PMJ","og_url":"https:\/\/blogdofarnesio.com.br\/?p=133686","og_site_name":"Blog do Farn\u00e9sio","article_publisher":"https:\/\/www.facebook.com\/BlogQuerSaberPolitica\/","article_published_time":"2015-11-26T19:40:58+00:00","article_modified_time":"2015-11-26T19:42:59+00:00","og_image":[{"url":"http:\/\/www.quersaberpolitica.com.br\/2016\/wp-content\/uploads\/2015\/11\/blogqsp-isaac-caixaeconomica.jpg","type":"","width":"","height":""}],"twitter_card":"summary_large_image","twitter_misc":{"Escrito por":"","Est. tempo de leitura":"1 minuto"},"schema":{"@context":"https:\/\/schema.org","@graph":[{"@type":"Article","@id":"https:\/\/blogdofarnesio.com.br\/?p=133686#article","isPartOf":{"@id":"https:\/\/blogdofarnesio.com.br\/?p=133686"},"author":{"name":"","@id":""},"headline":"ISAAC CARVALHO CONFIRMA COM A CAIXA E MINIST\u00c9RIO ENTREGA DE MAIS 1000 CASAS DO MCMV","datePublished":"2015-11-26T19:40:58+00:00","dateModified":"2015-11-26T19:42:59+00:00","mainEntityOfPage":{"@id":"https:\/\/blogdofarnesio.com.br\/?p=133686"},"wordCount":149,"commentCount":0,"publisher":{"@id":"https:\/\/blogdofarnesio.com.br\/#organization"},"image":{"@id":"https:\/\/blogdofarnesio.com.br\/?p=133686#primaryimage"},"thumbnailUrl":"http:\/\/www.quersaberpolitica.com.br\/2016\/wp-content\/uploads\/2015\/11\/blogqsp-isaac-caixaeconomica.jpg","articleSection":["Administra\u00e7\u00e3o"],"inLanguage":"pt-BR","potentialAction":[{"@type":"CommentAction","name":"Comment","target":["https:\/\/blogdofarnesio.com.br\/?p=133686#respond"]}]},{"@type":"WebPage","@id":"https:\/\/blogdofarnesio.com.br\/?p=133686","url":"https:\/\/blogdofarnesio.com.br\/?p=133686","name":"ISAAC CARVALHO CONFIRMA COM A CAIXA E MINIST\u00c9RIO ENTREGA DE MAIS 1000 CASAS DO MCMV - Blog do Farn\u00e9sio","isPartOf":{"@id":"https:\/\/blogdofarnesio.com.br\/#website"},"primaryImageOfPage":{"@id":"https:\/\/blogdofarnesio.com.br\/?p=133686#primaryimage"},"image":{"@id":"https:\/\/blogdofarnesio.com.br\/?p=133686#primaryimage"},"thumbnailUrl":"http:\/\/www.quersaberpolitica.com.br\/2016\/wp-content\/uploads\/2015\/11\/blogqsp-isaac-caixaeconomica.jpg","datePublished":"2015-11-26T19:40:58+00:00","dateModified":"2015-11-26T19:42:59+00:00","breadcrumb":{"@id":"https:\/\/blogdofarnesio.com.br\/?p=133686#breadcrumb"},"inLanguage":"pt-BR","potentialAction":[{"@type":"ReadAction","target":["https:\/\/blogdofarnesio.com.br\/?p=133686"]}]},{"@type":"ImageObject","inLanguage":"pt-BR","@id":"https:\/\/blogdofarnesio.com.br\/?p=133686#primaryimage","url":"http:\/\/www.quersaberpolitica.com.br\/2016\/wp-content\/uploads\/2015\/11\/blogqsp-isaac-caixaeconomica.jpg","contentUrl":"http:\/\/www.quersaberpolitica.com.br\/2016\/wp-content\/uploads\/2015\/11\/blogqsp-isaac-caixaeconomica.jpg"},{"@type":"BreadcrumbList","@id":"https:\/\/blogdofarnesio.com.br\/?p=133686#breadcrumb","itemListElement":[{"@type":"ListItem","position":1,"name":"In\u00edcio","item":"https:\/\/blogdofarnesio.com.br\/"},{"@type":"ListItem","position":2,"name":"ISAAC CARVALHO CONFIRMA COM A CAIXA E MINIST\u00c9RIO ENTREGA DE MAIS 1000 CASAS DO MCMV"}]},{"@type":"WebSite","@id":"https:\/\/blogdofarnesio.com.br\/#website","url":"https:\/\/blogdofarnesio.com.br\/","name":"Blog do Farn\u00e9sio","description":"Quer Saber Pol\u00edtica?","publisher":{"@id":"https:\/\/blogdofarnesio.com.br\/#organization"},"potentialAction":[{"@type":"SearchAction","target":{"@type":"EntryPoint","urlTemplate":"https:\/\/blogdofarnesio.com.br\/?s={search_term_string}"},"query-input":{"@type":"PropertyValueSpecification","valueRequired":true,"valueName":"search_term_string"}}],"inLanguage":"pt-BR"},{"@type":"Organization","@id":"https:\/\/blogdofarnesio.com.br\/#organization","name":"Blog do Farn\u00e9sio","url":"https:\/\/blogdofarnesio.com.br\/","logo":{"@type":"ImageObject","inLanguage":"pt-BR","@id":"https:\/\/blogdofarnesio.com.br\/#\/schema\/logo\/image\/","url":"https:\/\/blogdofarnesio.com.br\/wp-content\/uploads\/2026\/03\/cropped-logo_new-1.png","contentUrl":"https:\/\/blogdofarnesio.com.br\/wp-content\/uploads\/2026\/03\/cropped-logo_new-1.png","width":881,"height":685,"caption":"Blog do Farn\u00e9sio"},"image":{"@id":"https:\/\/blogdofarnesio.com.br\/#\/schema\/logo\/image\/"},"sameAs":["https:\/\/www.facebook.com\/BlogQuerSaberPolitica\/"]},{"@type":"Person","@id":"","url":"https:\/\/blogdofarnesio.com.br\/?author=7"}]}},"_links":{"self":[{"href":"https:\/\/blogdofarnesio.com.br\/index.php?rest_route=\/wp\/v2\/posts\/133686","targetHints":{"allow":["GET"]}}],"collection":[{"href":"https:\/\/blogdofarnesio.com.br\/index.php?rest_route=\/wp\/v2\/posts"}],"about":[{"href":"https:\/\/blogdofarnesio.com.br\/index.php?rest_route=\/wp\/v2\/types\/post"}],"author":[{"embeddable":true,"href":"https:\/\/blogdofarnesio.com.br\/index.php?rest_route=\/wp\/v2\/users\/7"}],"replies":[{"embeddable":true,"href":"https:\/\/blogdofarnesio.com.br\/index.php?rest_route=%2Fwp%2Fv2%2Fcomments&post=133686"}],"version-history":[{"count":0,"href":"https:\/\/blogdofarnesio.com.br\/index.php?rest_route=\/wp\/v2\/posts\/133686\/revisions"}],"wp:attachment":[{"href":"https:\/\/blogdofarnesio.com.br\/index.php?rest_route=%2Fwp%2Fv2%2Fmedia&parent=133686"}],"wp:term":[{"taxonomy":"category","embeddable":true,"href":"https:\/\/blogdofarnesio.com.br\/index.php?rest_route=%2Fwp%2Fv2%2Fcategories&post=133686"},{"taxonomy":"post_tag","embeddable":true,"href":"https:\/\/blogdofarnesio.com.br\/index.php?rest_route=%2Fwp%2Fv2%2Ftags&post=133686"}],"curies":[{"name":"wp","href":"https:\/\/api.w.org\/{rel}","templated":true}]}}