{"id":133402,"date":"2015-11-20T12:30:54","date_gmt":"2015-11-20T15:30:54","guid":{"rendered":"http:\/\/www.quersaberpolitica.com.br\/?p=133402"},"modified":"2015-11-20T10:30:39","modified_gmt":"2015-11-20T13:30:39","slug":"eduardo-cunha-usa-cargo-contra-acao-dizem-adversarios","status":"publish","type":"post","link":"https:\/\/blogdofarnesio.com.br\/?p=133402","title":{"rendered":"EDUARDO CUNHA USA CARGO CONTRA A\u00c7\u00c3O, DIZEM ADVERS\u00c1RIOS"},"content":{"rendered":"<p style=\"text-align: justify\"><a href=\"http:\/\/www.quersaberpolitica.com.br\/2016\/wp-content\/uploads\/2015\/07\/blogqsp-Eduardo-Cunha.jpg\"><img loading=\"lazy\" decoding=\"async\" class=\" wp-image-126893  aligncenter\" src=\"http:\/\/www.quersaberpolitica.com.br\/2016\/wp-content\/uploads\/2015\/07\/blogqsp-Eduardo-Cunha.jpg\" alt=\"blogqsp-Eduardo-Cunha\" width=\"415\" height=\"243\" \/><\/a><\/p>\n<p style=\"text-align: justify\">A manobra do presidente da C\u00e2mara, Eduardo Cunha (PMDB-RJ), para anular a sess\u00e3o do Conselho de \u00c9tica em que seria apresentado oficialmente o relat\u00f3rio preliminar favor\u00e1vel ao seu processo de cassa\u00e7\u00e3o revoltou parlamentares de v\u00e1rios partidos. Cunha perdeu o controle do plen\u00e1rio e cerca de 100 deputados abandonaram a sess\u00e3o.<\/p>\n<p style=\"text-align: justify\">As cr\u00edticas partiram de parlamentares da oposi\u00e7\u00e3o que, at\u00e9 recentemente, apoiavam Cunha. O presidente nacional do PPS, deputado Roberto Freire (SP), acusou o presidente da C\u00e2mara de fazer \u201cchicana\u201d, ao tentar estender a sess\u00e3o desta quinta-feira, 19, at\u00e9 as 18h, como pretendia Cunha inicialmente para impedir que a sess\u00e3o do Conselho de \u00c9tica fosse retomada. \u201cEssa Casa vai julgar a imoralidade. N\u00e3o tem chicana que resolva. Pode adiar, mas o momento chega\u201d, disse Freire em plen\u00e1rio.<\/p>\n<p style=\"text-align: justify\">Deputados passaram a ignorar as falas de Cunha e se manifestavam ao mesmo tempo em que o presidente. S\u00f3 houve sil\u00eancio quando a deputada Mara Gabrilli (PSDB-SP) come\u00e7ou a falar. Colocada de p\u00e9 em sua cadeira de rodas, ela falou cara a cara com o presidente. \u201cGostar do senhor me fez perceber que o senhor nos chama de imbecis muitas vezes\u201d, disse a parlamentar. \u201cO senhor tem que dar exemplo. O senhor n\u00e3o est\u00e1 dando exemplo. O senhor est\u00e1 perdendo, a cada dia, a legitimidade de presidir. O senhor est\u00e1 com medo? \u00c9 isso que est\u00e1 acontecendo?\u201d, questionou Mara. \u201cChega, senhor presidente. O senhor n\u00e3o consegue mais presidir. Levante desta cadeira, Eduardo Cunha, por favor\u201d.<\/p>\n<p style=\"text-align: justify\"><strong>Conselho<\/strong><\/p>\n<p style=\"text-align: justify\">A deputada ent\u00e3o convocou os parlamentares a deixarem o plen\u00e1rio e seguirem para a sala onde ocorria a sess\u00e3o do Conselho de \u00c9tica. Servidores sa\u00edram dos gabinetes para aplaudir os deputados que abandonaram o plen\u00e1rio. Do PT, sigla que se aproximou de Cunha recentemente, integrantes da corrente CNB ficaram no plen\u00e1rio.<\/p>\n<p style=\"text-align: justify\">Rouco e diante de um plen\u00e1rio esvaziado, Cunha suspendeu a anula\u00e7\u00e3o da sess\u00e3o, mas continuou sendo alvo de cr\u00edticas. \u201cO fato de hoje derruba de uma vez por todas a autoridade do presidente da Casa. A tentativa de obstruir de forma indevida este trabalho (do Conselho de \u00c9tica), ele perde as condi\u00e7\u00f5es operacionais de tocar o dia a dia do Parlamento. Acho que hoje foi sepultada a presid\u00eancia de Eduardo Cunha\u201d, disse o l\u00edder da Minoria, Bruno Ara\u00fajo (PSDB-PE).<\/p>\n<p style=\"text-align: justify\">Ao deixar o plen\u00e1rio, Cunha se disse alvo de golpe. \u201cNa pr\u00e1tica, tem uns do PT que reclamam que tem golpe contra eles, mas tentam dar o mesmo golpe. Isso que aconteceu.\u201d. O presidente da C\u00e2mara negou que ele e seus aliados tenham manobrado para impedir a vota\u00e7\u00e3o no Conselho de \u00c9tica. \u201cN\u00e3o fiz manobra nenhuma nem vou fazer. N\u00e3o h\u00e1 raz\u00e3o para isso. N\u00e3o estou preocupado.\u201d As informa\u00e7\u00f5es s\u00e3o do jornal O Estado de S. Paulo.<\/p>\n<p style=\"text-align: justify\"><em>Estad\u00e3o Conte\u00fado<\/em><\/p>\n","protected":false},"excerpt":{"rendered":"<p>A manobra do presidente da C\u00e2mara, Eduardo Cunha (PMDB-RJ), para anular a sess\u00e3o do Conselho de \u00c9tica em que seria apresentado oficialmente o relat\u00f3rio preliminar favor\u00e1vel ao seu processo de cassa\u00e7\u00e3o revoltou parlamentares de v\u00e1rios partidos. Cunha perdeu o controle do plen\u00e1rio e cerca de 100 deputados abandonaram a sess\u00e3o. As cr\u00edticas partiram de parlamentares da oposi\u00e7\u00e3o que, at\u00e9 recentemente, apoiavam Cunha. O presidente nacional do PPS, deputado Roberto Freire (SP), acusou o presidente da C\u00e2mara de fazer \u201cchicana\u201d, ao tentar estender a sess\u00e3o desta quinta-feira, 19, at\u00e9 as 18h, como pretendia Cunha inicialmente para impedir que a sess\u00e3o do Conselho de \u00c9tica fosse retomada. \u201cEssa Casa vai julgar a imoralidade. N\u00e3o tem chicana que resolva. Pode adiar, mas o&hellip; <\/p>\n","protected":false},"author":7,"featured_media":0,"comment_status":"open","ping_status":"open","sticky":false,"template":"","format":"standard","meta":{"_acf_changed":false,"footnotes":""},"categories":[1],"tags":[],"class_list":["post-133402","post","type-post","status-publish","format-standard","hentry","category-politica"],"acf":[],"yoast_head":"<!-- This site is optimized with the Yoast SEO plugin v27.4 - https:\/\/yoast.com\/product\/yoast-seo-wordpress\/ -->\n<title>EDUARDO CUNHA USA CARGO CONTRA A\u00c7\u00c3O, DIZEM ADVERS\u00c1RIOS - Blog do Farn\u00e9sio<\/title>\n<meta name=\"robots\" content=\"index, follow, max-snippet:-1, max-image-preview:large, max-video-preview:-1\" \/>\n<link rel=\"canonical\" href=\"https:\/\/blogdofarnesio.com.br\/?p=133402\" \/>\n<meta property=\"og:locale\" content=\"pt_BR\" \/>\n<meta property=\"og:type\" content=\"article\" \/>\n<meta property=\"og:title\" content=\"EDUARDO CUNHA USA CARGO CONTRA A\u00c7\u00c3O, DIZEM ADVERS\u00c1RIOS - Blog do Farn\u00e9sio\" \/>\n<meta property=\"og:description\" content=\"A manobra do presidente da C\u00e2mara, Eduardo Cunha (PMDB-RJ), para anular a sess\u00e3o do Conselho de \u00c9tica em que seria apresentado oficialmente o relat\u00f3rio preliminar favor\u00e1vel ao seu processo de cassa\u00e7\u00e3o revoltou parlamentares de v\u00e1rios partidos. Cunha perdeu o controle do plen\u00e1rio e cerca de 100 deputados abandonaram a sess\u00e3o. As cr\u00edticas partiram de parlamentares da oposi\u00e7\u00e3o que, at\u00e9 recentemente, apoiavam Cunha. O presidente nacional do PPS, deputado Roberto Freire (SP), acusou o presidente da C\u00e2mara de fazer \u201cchicana\u201d, ao tentar estender a sess\u00e3o desta quinta-feira, 19, at\u00e9 as 18h, como pretendia Cunha inicialmente para impedir que a sess\u00e3o do Conselho de \u00c9tica fosse retomada. \u201cEssa Casa vai julgar a imoralidade. N\u00e3o tem chicana que resolva. Pode adiar, mas o&hellip;\" \/>\n<meta property=\"og:url\" content=\"https:\/\/blogdofarnesio.com.br\/?p=133402\" \/>\n<meta property=\"og:site_name\" content=\"Blog do Farn\u00e9sio\" \/>\n<meta property=\"article:publisher\" content=\"https:\/\/www.facebook.com\/BlogQuerSaberPolitica\/\" \/>\n<meta property=\"article:published_time\" content=\"2015-11-20T15:30:54+00:00\" \/>\n<meta property=\"og:image\" content=\"http:\/\/www.quersaberpolitica.com.br\/2016\/wp-content\/uploads\/2015\/07\/blogqsp-Eduardo-Cunha.jpg\" \/>\n<meta name=\"twitter:card\" content=\"summary_large_image\" \/>\n<meta name=\"twitter:label1\" content=\"Escrito por\" \/>\n\t<meta name=\"twitter:data1\" content=\"\" \/>\n\t<meta name=\"twitter:label2\" content=\"Est. tempo de leitura\" \/>\n\t<meta name=\"twitter:data2\" content=\"2 minutos\" \/>\n<script type=\"application\/ld+json\" class=\"yoast-schema-graph\">{\"@context\":\"https:\\\/\\\/schema.org\",\"@graph\":[{\"@type\":\"Article\",\"@id\":\"https:\\\/\\\/blogdofarnesio.com.br\\\/?p=133402#article\",\"isPartOf\":{\"@id\":\"https:\\\/\\\/blogdofarnesio.com.br\\\/?p=133402\"},\"author\":{\"name\":\"\",\"@id\":\"\"},\"headline\":\"EDUARDO CUNHA USA CARGO CONTRA A\u00c7\u00c3O, DIZEM ADVERS\u00c1RIOS\",\"datePublished\":\"2015-11-20T15:30:54+00:00\",\"mainEntityOfPage\":{\"@id\":\"https:\\\/\\\/blogdofarnesio.com.br\\\/?p=133402\"},\"wordCount\":503,\"commentCount\":0,\"publisher\":{\"@id\":\"https:\\\/\\\/blogdofarnesio.com.br\\\/#organization\"},\"image\":{\"@id\":\"https:\\\/\\\/blogdofarnesio.com.br\\\/?p=133402#primaryimage\"},\"thumbnailUrl\":\"http:\\\/\\\/www.quersaberpolitica.com.br\\\/2016\\\/wp-content\\\/uploads\\\/2015\\\/07\\\/blogqsp-Eduardo-Cunha.jpg\",\"articleSection\":[\"Pol\u00edtica\"],\"inLanguage\":\"pt-BR\",\"potentialAction\":[{\"@type\":\"CommentAction\",\"name\":\"Comment\",\"target\":[\"https:\\\/\\\/blogdofarnesio.com.br\\\/?p=133402#respond\"]}]},{\"@type\":\"WebPage\",\"@id\":\"https:\\\/\\\/blogdofarnesio.com.br\\\/?p=133402\",\"url\":\"https:\\\/\\\/blogdofarnesio.com.br\\\/?p=133402\",\"name\":\"EDUARDO CUNHA USA CARGO CONTRA A\u00c7\u00c3O, DIZEM ADVERS\u00c1RIOS - Blog do Farn\u00e9sio\",\"isPartOf\":{\"@id\":\"https:\\\/\\\/blogdofarnesio.com.br\\\/#website\"},\"primaryImageOfPage\":{\"@id\":\"https:\\\/\\\/blogdofarnesio.com.br\\\/?p=133402#primaryimage\"},\"image\":{\"@id\":\"https:\\\/\\\/blogdofarnesio.com.br\\\/?p=133402#primaryimage\"},\"thumbnailUrl\":\"http:\\\/\\\/www.quersaberpolitica.com.br\\\/2016\\\/wp-content\\\/uploads\\\/2015\\\/07\\\/blogqsp-Eduardo-Cunha.jpg\",\"datePublished\":\"2015-11-20T15:30:54+00:00\",\"breadcrumb\":{\"@id\":\"https:\\\/\\\/blogdofarnesio.com.br\\\/?p=133402#breadcrumb\"},\"inLanguage\":\"pt-BR\",\"potentialAction\":[{\"@type\":\"ReadAction\",\"target\":[\"https:\\\/\\\/blogdofarnesio.com.br\\\/?p=133402\"]}]},{\"@type\":\"ImageObject\",\"inLanguage\":\"pt-BR\",\"@id\":\"https:\\\/\\\/blogdofarnesio.com.br\\\/?p=133402#primaryimage\",\"url\":\"http:\\\/\\\/www.quersaberpolitica.com.br\\\/2016\\\/wp-content\\\/uploads\\\/2015\\\/07\\\/blogqsp-Eduardo-Cunha.jpg\",\"contentUrl\":\"http:\\\/\\\/www.quersaberpolitica.com.br\\\/2016\\\/wp-content\\\/uploads\\\/2015\\\/07\\\/blogqsp-Eduardo-Cunha.jpg\"},{\"@type\":\"BreadcrumbList\",\"@id\":\"https:\\\/\\\/blogdofarnesio.com.br\\\/?p=133402#breadcrumb\",\"itemListElement\":[{\"@type\":\"ListItem\",\"position\":1,\"name\":\"In\u00edcio\",\"item\":\"https:\\\/\\\/blogdofarnesio.com.br\\\/\"},{\"@type\":\"ListItem\",\"position\":2,\"name\":\"EDUARDO CUNHA USA CARGO CONTRA A\u00c7\u00c3O, DIZEM ADVERS\u00c1RIOS\"}]},{\"@type\":\"WebSite\",\"@id\":\"https:\\\/\\\/blogdofarnesio.com.br\\\/#website\",\"url\":\"https:\\\/\\\/blogdofarnesio.com.br\\\/\",\"name\":\"Blog do Farn\u00e9sio\",\"description\":\"Quer Saber Pol\u00edtica?\",\"publisher\":{\"@id\":\"https:\\\/\\\/blogdofarnesio.com.br\\\/#organization\"},\"potentialAction\":[{\"@type\":\"SearchAction\",\"target\":{\"@type\":\"EntryPoint\",\"urlTemplate\":\"https:\\\/\\\/blogdofarnesio.com.br\\\/?s={search_term_string}\"},\"query-input\":{\"@type\":\"PropertyValueSpecification\",\"valueRequired\":true,\"valueName\":\"search_term_string\"}}],\"inLanguage\":\"pt-BR\"},{\"@type\":\"Organization\",\"@id\":\"https:\\\/\\\/blogdofarnesio.com.br\\\/#organization\",\"name\":\"Blog do Farn\u00e9sio\",\"url\":\"https:\\\/\\\/blogdofarnesio.com.br\\\/\",\"logo\":{\"@type\":\"ImageObject\",\"inLanguage\":\"pt-BR\",\"@id\":\"https:\\\/\\\/blogdofarnesio.com.br\\\/#\\\/schema\\\/logo\\\/image\\\/\",\"url\":\"https:\\\/\\\/blogdofarnesio.com.br\\\/wp-content\\\/uploads\\\/2026\\\/03\\\/cropped-logo_new-1.png\",\"contentUrl\":\"https:\\\/\\\/blogdofarnesio.com.br\\\/wp-content\\\/uploads\\\/2026\\\/03\\\/cropped-logo_new-1.png\",\"width\":881,\"height\":685,\"caption\":\"Blog do Farn\u00e9sio\"},\"image\":{\"@id\":\"https:\\\/\\\/blogdofarnesio.com.br\\\/#\\\/schema\\\/logo\\\/image\\\/\"},\"sameAs\":[\"https:\\\/\\\/www.facebook.com\\\/BlogQuerSaberPolitica\\\/\"]},{\"@type\":\"Person\",\"@id\":\"\",\"url\":\"https:\\\/\\\/blogdofarnesio.com.br\\\/?author=7\"}]}<\/script>\n<!-- \/ Yoast SEO plugin. -->","yoast_head_json":{"title":"EDUARDO CUNHA USA CARGO CONTRA A\u00c7\u00c3O, DIZEM ADVERS\u00c1RIOS - Blog do Farn\u00e9sio","robots":{"index":"index","follow":"follow","max-snippet":"max-snippet:-1","max-image-preview":"max-image-preview:large","max-video-preview":"max-video-preview:-1"},"canonical":"https:\/\/blogdofarnesio.com.br\/?p=133402","og_locale":"pt_BR","og_type":"article","og_title":"EDUARDO CUNHA USA CARGO CONTRA A\u00c7\u00c3O, DIZEM ADVERS\u00c1RIOS - Blog do Farn\u00e9sio","og_description":"A manobra do presidente da C\u00e2mara, Eduardo Cunha (PMDB-RJ), para anular a sess\u00e3o do Conselho de \u00c9tica em que seria apresentado oficialmente o relat\u00f3rio preliminar favor\u00e1vel ao seu processo de cassa\u00e7\u00e3o revoltou parlamentares de v\u00e1rios partidos. Cunha perdeu o controle do plen\u00e1rio e cerca de 100 deputados abandonaram a sess\u00e3o. As cr\u00edticas partiram de parlamentares da oposi\u00e7\u00e3o que, at\u00e9 recentemente, apoiavam Cunha. O presidente nacional do PPS, deputado Roberto Freire (SP), acusou o presidente da C\u00e2mara de fazer \u201cchicana\u201d, ao tentar estender a sess\u00e3o desta quinta-feira, 19, at\u00e9 as 18h, como pretendia Cunha inicialmente para impedir que a sess\u00e3o do Conselho de \u00c9tica fosse retomada. \u201cEssa Casa vai julgar a imoralidade. N\u00e3o tem chicana que resolva. Pode adiar, mas o&hellip;","og_url":"https:\/\/blogdofarnesio.com.br\/?p=133402","og_site_name":"Blog do Farn\u00e9sio","article_publisher":"https:\/\/www.facebook.com\/BlogQuerSaberPolitica\/","article_published_time":"2015-11-20T15:30:54+00:00","og_image":[{"url":"http:\/\/www.quersaberpolitica.com.br\/2016\/wp-content\/uploads\/2015\/07\/blogqsp-Eduardo-Cunha.jpg","type":"","width":"","height":""}],"twitter_card":"summary_large_image","twitter_misc":{"Escrito por":"","Est. tempo de leitura":"2 minutos"},"schema":{"@context":"https:\/\/schema.org","@graph":[{"@type":"Article","@id":"https:\/\/blogdofarnesio.com.br\/?p=133402#article","isPartOf":{"@id":"https:\/\/blogdofarnesio.com.br\/?p=133402"},"author":{"name":"","@id":""},"headline":"EDUARDO CUNHA USA CARGO CONTRA A\u00c7\u00c3O, DIZEM ADVERS\u00c1RIOS","datePublished":"2015-11-20T15:30:54+00:00","mainEntityOfPage":{"@id":"https:\/\/blogdofarnesio.com.br\/?p=133402"},"wordCount":503,"commentCount":0,"publisher":{"@id":"https:\/\/blogdofarnesio.com.br\/#organization"},"image":{"@id":"https:\/\/blogdofarnesio.com.br\/?p=133402#primaryimage"},"thumbnailUrl":"http:\/\/www.quersaberpolitica.com.br\/2016\/wp-content\/uploads\/2015\/07\/blogqsp-Eduardo-Cunha.jpg","articleSection":["Pol\u00edtica"],"inLanguage":"pt-BR","potentialAction":[{"@type":"CommentAction","name":"Comment","target":["https:\/\/blogdofarnesio.com.br\/?p=133402#respond"]}]},{"@type":"WebPage","@id":"https:\/\/blogdofarnesio.com.br\/?p=133402","url":"https:\/\/blogdofarnesio.com.br\/?p=133402","name":"EDUARDO CUNHA USA CARGO CONTRA A\u00c7\u00c3O, DIZEM ADVERS\u00c1RIOS - Blog do Farn\u00e9sio","isPartOf":{"@id":"https:\/\/blogdofarnesio.com.br\/#website"},"primaryImageOfPage":{"@id":"https:\/\/blogdofarnesio.com.br\/?p=133402#primaryimage"},"image":{"@id":"https:\/\/blogdofarnesio.com.br\/?p=133402#primaryimage"},"thumbnailUrl":"http:\/\/www.quersaberpolitica.com.br\/2016\/wp-content\/uploads\/2015\/07\/blogqsp-Eduardo-Cunha.jpg","datePublished":"2015-11-20T15:30:54+00:00","breadcrumb":{"@id":"https:\/\/blogdofarnesio.com.br\/?p=133402#breadcrumb"},"inLanguage":"pt-BR","potentialAction":[{"@type":"ReadAction","target":["https:\/\/blogdofarnesio.com.br\/?p=133402"]}]},{"@type":"ImageObject","inLanguage":"pt-BR","@id":"https:\/\/blogdofarnesio.com.br\/?p=133402#primaryimage","url":"http:\/\/www.quersaberpolitica.com.br\/2016\/wp-content\/uploads\/2015\/07\/blogqsp-Eduardo-Cunha.jpg","contentUrl":"http:\/\/www.quersaberpolitica.com.br\/2016\/wp-content\/uploads\/2015\/07\/blogqsp-Eduardo-Cunha.jpg"},{"@type":"BreadcrumbList","@id":"https:\/\/blogdofarnesio.com.br\/?p=133402#breadcrumb","itemListElement":[{"@type":"ListItem","position":1,"name":"In\u00edcio","item":"https:\/\/blogdofarnesio.com.br\/"},{"@type":"ListItem","position":2,"name":"EDUARDO CUNHA USA CARGO CONTRA A\u00c7\u00c3O, DIZEM ADVERS\u00c1RIOS"}]},{"@type":"WebSite","@id":"https:\/\/blogdofarnesio.com.br\/#website","url":"https:\/\/blogdofarnesio.com.br\/","name":"Blog do Farn\u00e9sio","description":"Quer Saber Pol\u00edtica?","publisher":{"@id":"https:\/\/blogdofarnesio.com.br\/#organization"},"potentialAction":[{"@type":"SearchAction","target":{"@type":"EntryPoint","urlTemplate":"https:\/\/blogdofarnesio.com.br\/?s={search_term_string}"},"query-input":{"@type":"PropertyValueSpecification","valueRequired":true,"valueName":"search_term_string"}}],"inLanguage":"pt-BR"},{"@type":"Organization","@id":"https:\/\/blogdofarnesio.com.br\/#organization","name":"Blog do Farn\u00e9sio","url":"https:\/\/blogdofarnesio.com.br\/","logo":{"@type":"ImageObject","inLanguage":"pt-BR","@id":"https:\/\/blogdofarnesio.com.br\/#\/schema\/logo\/image\/","url":"https:\/\/blogdofarnesio.com.br\/wp-content\/uploads\/2026\/03\/cropped-logo_new-1.png","contentUrl":"https:\/\/blogdofarnesio.com.br\/wp-content\/uploads\/2026\/03\/cropped-logo_new-1.png","width":881,"height":685,"caption":"Blog do Farn\u00e9sio"},"image":{"@id":"https:\/\/blogdofarnesio.com.br\/#\/schema\/logo\/image\/"},"sameAs":["https:\/\/www.facebook.com\/BlogQuerSaberPolitica\/"]},{"@type":"Person","@id":"","url":"https:\/\/blogdofarnesio.com.br\/?author=7"}]}},"_links":{"self":[{"href":"https:\/\/blogdofarnesio.com.br\/index.php?rest_route=\/wp\/v2\/posts\/133402","targetHints":{"allow":["GET"]}}],"collection":[{"href":"https:\/\/blogdofarnesio.com.br\/index.php?rest_route=\/wp\/v2\/posts"}],"about":[{"href":"https:\/\/blogdofarnesio.com.br\/index.php?rest_route=\/wp\/v2\/types\/post"}],"author":[{"embeddable":true,"href":"https:\/\/blogdofarnesio.com.br\/index.php?rest_route=\/wp\/v2\/users\/7"}],"replies":[{"embeddable":true,"href":"https:\/\/blogdofarnesio.com.br\/index.php?rest_route=%2Fwp%2Fv2%2Fcomments&post=133402"}],"version-history":[{"count":0,"href":"https:\/\/blogdofarnesio.com.br\/index.php?rest_route=\/wp\/v2\/posts\/133402\/revisions"}],"wp:attachment":[{"href":"https:\/\/blogdofarnesio.com.br\/index.php?rest_route=%2Fwp%2Fv2%2Fmedia&parent=133402"}],"wp:term":[{"taxonomy":"category","embeddable":true,"href":"https:\/\/blogdofarnesio.com.br\/index.php?rest_route=%2Fwp%2Fv2%2Fcategories&post=133402"},{"taxonomy":"post_tag","embeddable":true,"href":"https:\/\/blogdofarnesio.com.br\/index.php?rest_route=%2Fwp%2Fv2%2Ftags&post=133402"}],"curies":[{"name":"wp","href":"https:\/\/api.w.org\/{rel}","templated":true}]}}