{"id":133386,"date":"2015-11-20T16:00:31","date_gmt":"2015-11-20T19:00:31","guid":{"rendered":"http:\/\/www.quersaberpolitica.com.br\/?p=133386"},"modified":"2015-11-20T13:56:09","modified_gmt":"2015-11-20T16:56:09","slug":"deputado-federal-jorge-solla-participa-do-programa-bastidores-da-noticia","status":"publish","type":"post","link":"https:\/\/blogdofarnesio.com.br\/?p=133386","title":{"rendered":"DEPUTADO FEDERAL JORGE SOLLA PARTICIPA DO PROGRAMA BASTIDORES DA NOT\u00cdCIA"},"content":{"rendered":"<p style=\"text-align: justify\"><a href=\"http:\/\/www.quersaberpolitica.com.br\/2016\/wp-content\/uploads\/2015\/11\/blogqspjorgesolla.jpg\"><img loading=\"lazy\" decoding=\"async\" class=\" wp-image-133382  aligncenter\" src=\"http:\/\/www.quersaberpolitica.com.br\/2016\/wp-content\/uploads\/2015\/11\/blogqspjorgesolla.jpg\" alt=\"blogqspjorgesolla\" width=\"421\" height=\"283\" \/><\/a><\/p>\n<p style=\"text-align: justify\">Na manh\u00e3 de hoje (20), o Deputado Federal Jorge Solla (PT), participou do <em>Programa Bastidores da Not\u00edcia<\/em> e falou sobre os atendimentos do Programa Sa\u00fade Sem Fronteiras que est\u00e3o sendo no p\u00e1tio da Univasf (Universidade Federal do Vale do S\u00e3o Francisco), em Juazeiro, at\u00e9 o dia 24 de novembro e assuntos ligados \u00e0 pol\u00edtica.<\/p>\n<p style=\"text-align: justify\">\u00a0\u201cJ\u00e1 foram atendidas mais de 1666 pessoas em Juazeiro e toda regi\u00e3o. Este programa \u00e9 uma ferramenta de importante e engloba servi\u00e7os itinerantes de rastreamento do c\u00e2ncer de mama, odontologia, oftalmologia e doa\u00e7\u00e3o de sangue para a popula\u00e7\u00e3o. Na \u00e1rea de oftalmologia, o Sa\u00fade sem Fronteiras oferecer\u00e1 consultas e cirurgias de catarata para idosos a partir de 60 anos de idade e alunos matriculados no Programa TOPA. Ser\u00e3o disponibilizados todos os exames pr\u00e9 e p\u00f3s-operat\u00f3rios relacionados \u00e0 cirurgia oftalmol\u00f3gica, al\u00e9m do col\u00edrio, que dever\u00e1 ser utilizado nos primeiros quinze dias do p\u00f3s-operat\u00f3rio, para todos os pacientes submetidos \u00e0 cirurgia de catarata\u201d, disse Solla.<\/p>\n<p style=\"text-align: justify\">Respondendo as perguntas dos ouvintes, o deputado se comprometeu em destinar algumas emendas para Juazeiro e ajudar na reforma do Mercado Joca. \u201cJ\u00e1 visitei o mercado e vamos ver como \u00e9 que podemos colocar o mandato a disposi\u00e7\u00e3o do munic\u00edpio, quero contribuir e ajudar a cidade\u201d.<\/p>\n<p style=\"text-align: justify\">Sobre as elei\u00e7\u00f5es 2016, ele frisou que o PT ter\u00e1 uma participa\u00e7\u00e3o bastante significativa. \u201cTemos a expectativa que o partido tenha um candidato participando do processo, esse pleito do ano que vem \u00e9 muito importante, inclusive para aprofundar o debate das pol\u00edticas p\u00fablicas e avan\u00e7ar na atua\u00e7\u00e3o dos munic\u00edpios, sem d\u00favida teremos uma decis\u00e3o decisiva\u201d.<\/p>\n<p style=\"text-align: justify\">Com rela\u00e7\u00e3o \u00e0s discuss\u00f5es que vem acontecendo no congresso, onde muitos esc\u00e2ndalos pol\u00edticos est\u00e3o sendo denunciados, ele foi direto. \u201cEu sou calouro, \u00e9 a minha 1\u00b0 experi\u00eancia no legislativo e confesso que foi um choque pesado. A maioria das pautas s\u00e3o agendas de perdas de direitos e nos precisamos avan\u00e7ar, eu n\u00e3o concordo com quem diz que \u00e9 contra a corrup\u00e7\u00e3o e \u00e9 a favor dos investimentos que vem das empresas para a realiza\u00e7\u00e3o das campanhas eleitorais\u201d.<\/p>\n<p style=\"text-align: justify\"><!--more--><\/p>\n<p style=\"text-align: justify\">Na ocasi\u00e3o, Jorge falou da sua atua\u00e7\u00e3o durante as investiga\u00e7\u00f5es da CPI do Lava Jato. \u201cParticipei da CPI do Lava Jato, foi um per\u00edodo importante, onde estivemos o direito de votar. Nas investiga\u00e7\u00f5es recebi dei ex &#8211; funcion\u00e1rio da Odebrecht um dossi\u00ea com in\u00fameras provas de corrup\u00e7\u00e3o praticadas na d\u00e9cada de 80, eram mais de 400 agentes recebendo propina da Odebrecht, entre eles, ministros, pol\u00edticos e outras lideran\u00e7as pol\u00edticas e todos tinham contas bancarias e dep\u00f3sitos e na Su\u00ed\u00e7a\u201d.<\/p>\n<p style=\"text-align: justify\">Por fim, ele falou sobre a aprova\u00e7\u00e3o do Curso de Medicina em Juazeiro. \u201cJuazeiro foi contemplado dentro do Programa \u2018Mais M\u00e9dicos\u2019 com curso de Medicina, atrav\u00e9s do Edital\/MEC n\u00ba. 3, de 22 de outubro de 2013 e estou participando da frente parlamentar. O curso de Medicina em Juazeiro pela Faculdade Est\u00e1cio de S\u00e1 vai permitir a fixa\u00e7\u00e3o dos profissionais no munic\u00edpio e da regi\u00e3o. Como um dos principais problemas no Brasil \u00e9 a falta de m\u00e9dicos em postos de sa\u00fade, o enfoque dos estudos ser\u00e1 a Aten\u00e7\u00e3o B\u00e1sica\u201d, concluiu.<\/p>\n<p style=\"text-align: justify\"><strong><em>Da Reda\u00e7\u00e3o\/BlogQSP<\/em><\/strong><\/p>\n","protected":false},"excerpt":{"rendered":"<p>Na manh\u00e3 de hoje (20), o Deputado Federal Jorge Solla (PT), participou do Programa Bastidores da Not\u00edcia e falou sobre os atendimentos do Programa Sa\u00fade Sem Fronteiras que est\u00e3o sendo no p\u00e1tio da Univasf (Universidade Federal do Vale do S\u00e3o Francisco), em Juazeiro, at\u00e9 o dia 24 de novembro e assuntos ligados \u00e0 pol\u00edtica. \u00a0\u201cJ\u00e1 foram atendidas mais de 1666 pessoas em Juazeiro e toda regi\u00e3o. Este programa \u00e9 uma ferramenta de importante e engloba servi\u00e7os itinerantes de rastreamento do c\u00e2ncer de mama, odontologia, oftalmologia e doa\u00e7\u00e3o de sangue para a popula\u00e7\u00e3o. Na \u00e1rea de oftalmologia, o Sa\u00fade sem Fronteiras oferecer\u00e1 consultas e cirurgias de catarata para idosos a partir de 60 anos de idade e alunos matriculados no Programa&hellip; <\/p>\n","protected":false},"author":7,"featured_media":0,"comment_status":"open","ping_status":"open","sticky":false,"template":"","format":"standard","meta":{"_acf_changed":false,"footnotes":""},"categories":[1],"tags":[],"class_list":["post-133386","post","type-post","status-publish","format-standard","hentry","category-politica"],"acf":[],"yoast_head":"<!-- This site is optimized with the Yoast SEO plugin v27.4 - https:\/\/yoast.com\/product\/yoast-seo-wordpress\/ -->\n<title>DEPUTADO FEDERAL JORGE SOLLA PARTICIPA DO PROGRAMA BASTIDORES DA NOT\u00cdCIA - Blog do Farn\u00e9sio<\/title>\n<meta name=\"robots\" content=\"index, follow, max-snippet:-1, max-image-preview:large, max-video-preview:-1\" \/>\n<link rel=\"canonical\" href=\"https:\/\/blogdofarnesio.com.br\/?p=133386\" \/>\n<meta property=\"og:locale\" content=\"pt_BR\" \/>\n<meta property=\"og:type\" content=\"article\" \/>\n<meta property=\"og:title\" content=\"DEPUTADO FEDERAL JORGE SOLLA PARTICIPA DO PROGRAMA BASTIDORES DA NOT\u00cdCIA - Blog do Farn\u00e9sio\" \/>\n<meta property=\"og:description\" content=\"Na manh\u00e3 de hoje (20), o Deputado Federal Jorge Solla (PT), participou do Programa Bastidores da Not\u00edcia e falou sobre os atendimentos do Programa Sa\u00fade Sem Fronteiras que est\u00e3o sendo no p\u00e1tio da Univasf (Universidade Federal do Vale do S\u00e3o Francisco), em Juazeiro, at\u00e9 o dia 24 de novembro e assuntos ligados \u00e0 pol\u00edtica. \u00a0\u201cJ\u00e1 foram atendidas mais de 1666 pessoas em Juazeiro e toda regi\u00e3o. Este programa \u00e9 uma ferramenta de importante e engloba servi\u00e7os itinerantes de rastreamento do c\u00e2ncer de mama, odontologia, oftalmologia e doa\u00e7\u00e3o de sangue para a popula\u00e7\u00e3o. Na \u00e1rea de oftalmologia, o Sa\u00fade sem Fronteiras oferecer\u00e1 consultas e cirurgias de catarata para idosos a partir de 60 anos de idade e alunos matriculados no Programa&hellip;\" \/>\n<meta property=\"og:url\" content=\"https:\/\/blogdofarnesio.com.br\/?p=133386\" \/>\n<meta property=\"og:site_name\" content=\"Blog do Farn\u00e9sio\" \/>\n<meta property=\"article:publisher\" content=\"https:\/\/www.facebook.com\/BlogQuerSaberPolitica\/\" \/>\n<meta property=\"article:published_time\" content=\"2015-11-20T19:00:31+00:00\" \/>\n<meta property=\"og:image\" content=\"http:\/\/www.quersaberpolitica.com.br\/2016\/wp-content\/uploads\/2015\/11\/blogqspjorgesolla.jpg\" \/>\n<meta name=\"twitter:card\" content=\"summary_large_image\" \/>\n<meta name=\"twitter:label1\" content=\"Escrito por\" \/>\n\t<meta name=\"twitter:data1\" content=\"\" \/>\n\t<meta name=\"twitter:label2\" content=\"Est. tempo de leitura\" \/>\n\t<meta name=\"twitter:data2\" content=\"3 minutos\" \/>\n<script type=\"application\/ld+json\" class=\"yoast-schema-graph\">{\"@context\":\"https:\\\/\\\/schema.org\",\"@graph\":[{\"@type\":\"Article\",\"@id\":\"https:\\\/\\\/blogdofarnesio.com.br\\\/?p=133386#article\",\"isPartOf\":{\"@id\":\"https:\\\/\\\/blogdofarnesio.com.br\\\/?p=133386\"},\"author\":{\"name\":\"\",\"@id\":\"\"},\"headline\":\"DEPUTADO FEDERAL JORGE SOLLA PARTICIPA DO PROGRAMA BASTIDORES DA NOT\u00cdCIA\",\"datePublished\":\"2015-11-20T19:00:31+00:00\",\"mainEntityOfPage\":{\"@id\":\"https:\\\/\\\/blogdofarnesio.com.br\\\/?p=133386\"},\"wordCount\":565,\"commentCount\":1,\"publisher\":{\"@id\":\"https:\\\/\\\/blogdofarnesio.com.br\\\/#organization\"},\"image\":{\"@id\":\"https:\\\/\\\/blogdofarnesio.com.br\\\/?p=133386#primaryimage\"},\"thumbnailUrl\":\"http:\\\/\\\/www.quersaberpolitica.com.br\\\/2016\\\/wp-content\\\/uploads\\\/2015\\\/11\\\/blogqspjorgesolla.jpg\",\"articleSection\":[\"Pol\u00edtica\"],\"inLanguage\":\"pt-BR\",\"potentialAction\":[{\"@type\":\"CommentAction\",\"name\":\"Comment\",\"target\":[\"https:\\\/\\\/blogdofarnesio.com.br\\\/?p=133386#respond\"]}]},{\"@type\":\"WebPage\",\"@id\":\"https:\\\/\\\/blogdofarnesio.com.br\\\/?p=133386\",\"url\":\"https:\\\/\\\/blogdofarnesio.com.br\\\/?p=133386\",\"name\":\"DEPUTADO FEDERAL JORGE SOLLA PARTICIPA DO PROGRAMA BASTIDORES DA NOT\u00cdCIA - Blog do Farn\u00e9sio\",\"isPartOf\":{\"@id\":\"https:\\\/\\\/blogdofarnesio.com.br\\\/#website\"},\"primaryImageOfPage\":{\"@id\":\"https:\\\/\\\/blogdofarnesio.com.br\\\/?p=133386#primaryimage\"},\"image\":{\"@id\":\"https:\\\/\\\/blogdofarnesio.com.br\\\/?p=133386#primaryimage\"},\"thumbnailUrl\":\"http:\\\/\\\/www.quersaberpolitica.com.br\\\/2016\\\/wp-content\\\/uploads\\\/2015\\\/11\\\/blogqspjorgesolla.jpg\",\"datePublished\":\"2015-11-20T19:00:31+00:00\",\"breadcrumb\":{\"@id\":\"https:\\\/\\\/blogdofarnesio.com.br\\\/?p=133386#breadcrumb\"},\"inLanguage\":\"pt-BR\",\"potentialAction\":[{\"@type\":\"ReadAction\",\"target\":[\"https:\\\/\\\/blogdofarnesio.com.br\\\/?p=133386\"]}]},{\"@type\":\"ImageObject\",\"inLanguage\":\"pt-BR\",\"@id\":\"https:\\\/\\\/blogdofarnesio.com.br\\\/?p=133386#primaryimage\",\"url\":\"http:\\\/\\\/www.quersaberpolitica.com.br\\\/2016\\\/wp-content\\\/uploads\\\/2015\\\/11\\\/blogqspjorgesolla.jpg\",\"contentUrl\":\"http:\\\/\\\/www.quersaberpolitica.com.br\\\/2016\\\/wp-content\\\/uploads\\\/2015\\\/11\\\/blogqspjorgesolla.jpg\"},{\"@type\":\"BreadcrumbList\",\"@id\":\"https:\\\/\\\/blogdofarnesio.com.br\\\/?p=133386#breadcrumb\",\"itemListElement\":[{\"@type\":\"ListItem\",\"position\":1,\"name\":\"In\u00edcio\",\"item\":\"https:\\\/\\\/blogdofarnesio.com.br\\\/\"},{\"@type\":\"ListItem\",\"position\":2,\"name\":\"DEPUTADO FEDERAL JORGE SOLLA PARTICIPA DO PROGRAMA BASTIDORES DA NOT\u00cdCIA\"}]},{\"@type\":\"WebSite\",\"@id\":\"https:\\\/\\\/blogdofarnesio.com.br\\\/#website\",\"url\":\"https:\\\/\\\/blogdofarnesio.com.br\\\/\",\"name\":\"Blog do Farn\u00e9sio\",\"description\":\"Quer Saber Pol\u00edtica?\",\"publisher\":{\"@id\":\"https:\\\/\\\/blogdofarnesio.com.br\\\/#organization\"},\"potentialAction\":[{\"@type\":\"SearchAction\",\"target\":{\"@type\":\"EntryPoint\",\"urlTemplate\":\"https:\\\/\\\/blogdofarnesio.com.br\\\/?s={search_term_string}\"},\"query-input\":{\"@type\":\"PropertyValueSpecification\",\"valueRequired\":true,\"valueName\":\"search_term_string\"}}],\"inLanguage\":\"pt-BR\"},{\"@type\":\"Organization\",\"@id\":\"https:\\\/\\\/blogdofarnesio.com.br\\\/#organization\",\"name\":\"Blog do Farn\u00e9sio\",\"url\":\"https:\\\/\\\/blogdofarnesio.com.br\\\/\",\"logo\":{\"@type\":\"ImageObject\",\"inLanguage\":\"pt-BR\",\"@id\":\"https:\\\/\\\/blogdofarnesio.com.br\\\/#\\\/schema\\\/logo\\\/image\\\/\",\"url\":\"https:\\\/\\\/blogdofarnesio.com.br\\\/wp-content\\\/uploads\\\/2026\\\/03\\\/cropped-logo_new-1.png\",\"contentUrl\":\"https:\\\/\\\/blogdofarnesio.com.br\\\/wp-content\\\/uploads\\\/2026\\\/03\\\/cropped-logo_new-1.png\",\"width\":881,\"height\":685,\"caption\":\"Blog do Farn\u00e9sio\"},\"image\":{\"@id\":\"https:\\\/\\\/blogdofarnesio.com.br\\\/#\\\/schema\\\/logo\\\/image\\\/\"},\"sameAs\":[\"https:\\\/\\\/www.facebook.com\\\/BlogQuerSaberPolitica\\\/\"]},{\"@type\":\"Person\",\"@id\":\"\",\"url\":\"https:\\\/\\\/blogdofarnesio.com.br\\\/?author=7\"}]}<\/script>\n<!-- \/ Yoast SEO plugin. -->","yoast_head_json":{"title":"DEPUTADO FEDERAL JORGE SOLLA PARTICIPA DO PROGRAMA BASTIDORES DA NOT\u00cdCIA - Blog do Farn\u00e9sio","robots":{"index":"index","follow":"follow","max-snippet":"max-snippet:-1","max-image-preview":"max-image-preview:large","max-video-preview":"max-video-preview:-1"},"canonical":"https:\/\/blogdofarnesio.com.br\/?p=133386","og_locale":"pt_BR","og_type":"article","og_title":"DEPUTADO FEDERAL JORGE SOLLA PARTICIPA DO PROGRAMA BASTIDORES DA NOT\u00cdCIA - Blog do Farn\u00e9sio","og_description":"Na manh\u00e3 de hoje (20), o Deputado Federal Jorge Solla (PT), participou do Programa Bastidores da Not\u00edcia e falou sobre os atendimentos do Programa Sa\u00fade Sem Fronteiras que est\u00e3o sendo no p\u00e1tio da Univasf (Universidade Federal do Vale do S\u00e3o Francisco), em Juazeiro, at\u00e9 o dia 24 de novembro e assuntos ligados \u00e0 pol\u00edtica. \u00a0\u201cJ\u00e1 foram atendidas mais de 1666 pessoas em Juazeiro e toda regi\u00e3o. Este programa \u00e9 uma ferramenta de importante e engloba servi\u00e7os itinerantes de rastreamento do c\u00e2ncer de mama, odontologia, oftalmologia e doa\u00e7\u00e3o de sangue para a popula\u00e7\u00e3o. Na \u00e1rea de oftalmologia, o Sa\u00fade sem Fronteiras oferecer\u00e1 consultas e cirurgias de catarata para idosos a partir de 60 anos de idade e alunos matriculados no Programa&hellip;","og_url":"https:\/\/blogdofarnesio.com.br\/?p=133386","og_site_name":"Blog do Farn\u00e9sio","article_publisher":"https:\/\/www.facebook.com\/BlogQuerSaberPolitica\/","article_published_time":"2015-11-20T19:00:31+00:00","og_image":[{"url":"http:\/\/www.quersaberpolitica.com.br\/2016\/wp-content\/uploads\/2015\/11\/blogqspjorgesolla.jpg","type":"","width":"","height":""}],"twitter_card":"summary_large_image","twitter_misc":{"Escrito por":"","Est. tempo de leitura":"3 minutos"},"schema":{"@context":"https:\/\/schema.org","@graph":[{"@type":"Article","@id":"https:\/\/blogdofarnesio.com.br\/?p=133386#article","isPartOf":{"@id":"https:\/\/blogdofarnesio.com.br\/?p=133386"},"author":{"name":"","@id":""},"headline":"DEPUTADO FEDERAL JORGE SOLLA PARTICIPA DO PROGRAMA BASTIDORES DA NOT\u00cdCIA","datePublished":"2015-11-20T19:00:31+00:00","mainEntityOfPage":{"@id":"https:\/\/blogdofarnesio.com.br\/?p=133386"},"wordCount":565,"commentCount":1,"publisher":{"@id":"https:\/\/blogdofarnesio.com.br\/#organization"},"image":{"@id":"https:\/\/blogdofarnesio.com.br\/?p=133386#primaryimage"},"thumbnailUrl":"http:\/\/www.quersaberpolitica.com.br\/2016\/wp-content\/uploads\/2015\/11\/blogqspjorgesolla.jpg","articleSection":["Pol\u00edtica"],"inLanguage":"pt-BR","potentialAction":[{"@type":"CommentAction","name":"Comment","target":["https:\/\/blogdofarnesio.com.br\/?p=133386#respond"]}]},{"@type":"WebPage","@id":"https:\/\/blogdofarnesio.com.br\/?p=133386","url":"https:\/\/blogdofarnesio.com.br\/?p=133386","name":"DEPUTADO FEDERAL JORGE SOLLA PARTICIPA DO PROGRAMA BASTIDORES DA NOT\u00cdCIA - Blog do Farn\u00e9sio","isPartOf":{"@id":"https:\/\/blogdofarnesio.com.br\/#website"},"primaryImageOfPage":{"@id":"https:\/\/blogdofarnesio.com.br\/?p=133386#primaryimage"},"image":{"@id":"https:\/\/blogdofarnesio.com.br\/?p=133386#primaryimage"},"thumbnailUrl":"http:\/\/www.quersaberpolitica.com.br\/2016\/wp-content\/uploads\/2015\/11\/blogqspjorgesolla.jpg","datePublished":"2015-11-20T19:00:31+00:00","breadcrumb":{"@id":"https:\/\/blogdofarnesio.com.br\/?p=133386#breadcrumb"},"inLanguage":"pt-BR","potentialAction":[{"@type":"ReadAction","target":["https:\/\/blogdofarnesio.com.br\/?p=133386"]}]},{"@type":"ImageObject","inLanguage":"pt-BR","@id":"https:\/\/blogdofarnesio.com.br\/?p=133386#primaryimage","url":"http:\/\/www.quersaberpolitica.com.br\/2016\/wp-content\/uploads\/2015\/11\/blogqspjorgesolla.jpg","contentUrl":"http:\/\/www.quersaberpolitica.com.br\/2016\/wp-content\/uploads\/2015\/11\/blogqspjorgesolla.jpg"},{"@type":"BreadcrumbList","@id":"https:\/\/blogdofarnesio.com.br\/?p=133386#breadcrumb","itemListElement":[{"@type":"ListItem","position":1,"name":"In\u00edcio","item":"https:\/\/blogdofarnesio.com.br\/"},{"@type":"ListItem","position":2,"name":"DEPUTADO FEDERAL JORGE SOLLA PARTICIPA DO PROGRAMA BASTIDORES DA NOT\u00cdCIA"}]},{"@type":"WebSite","@id":"https:\/\/blogdofarnesio.com.br\/#website","url":"https:\/\/blogdofarnesio.com.br\/","name":"Blog do Farn\u00e9sio","description":"Quer Saber Pol\u00edtica?","publisher":{"@id":"https:\/\/blogdofarnesio.com.br\/#organization"},"potentialAction":[{"@type":"SearchAction","target":{"@type":"EntryPoint","urlTemplate":"https:\/\/blogdofarnesio.com.br\/?s={search_term_string}"},"query-input":{"@type":"PropertyValueSpecification","valueRequired":true,"valueName":"search_term_string"}}],"inLanguage":"pt-BR"},{"@type":"Organization","@id":"https:\/\/blogdofarnesio.com.br\/#organization","name":"Blog do Farn\u00e9sio","url":"https:\/\/blogdofarnesio.com.br\/","logo":{"@type":"ImageObject","inLanguage":"pt-BR","@id":"https:\/\/blogdofarnesio.com.br\/#\/schema\/logo\/image\/","url":"https:\/\/blogdofarnesio.com.br\/wp-content\/uploads\/2026\/03\/cropped-logo_new-1.png","contentUrl":"https:\/\/blogdofarnesio.com.br\/wp-content\/uploads\/2026\/03\/cropped-logo_new-1.png","width":881,"height":685,"caption":"Blog do Farn\u00e9sio"},"image":{"@id":"https:\/\/blogdofarnesio.com.br\/#\/schema\/logo\/image\/"},"sameAs":["https:\/\/www.facebook.com\/BlogQuerSaberPolitica\/"]},{"@type":"Person","@id":"","url":"https:\/\/blogdofarnesio.com.br\/?author=7"}]}},"_links":{"self":[{"href":"https:\/\/blogdofarnesio.com.br\/index.php?rest_route=\/wp\/v2\/posts\/133386","targetHints":{"allow":["GET"]}}],"collection":[{"href":"https:\/\/blogdofarnesio.com.br\/index.php?rest_route=\/wp\/v2\/posts"}],"about":[{"href":"https:\/\/blogdofarnesio.com.br\/index.php?rest_route=\/wp\/v2\/types\/post"}],"author":[{"embeddable":true,"href":"https:\/\/blogdofarnesio.com.br\/index.php?rest_route=\/wp\/v2\/users\/7"}],"replies":[{"embeddable":true,"href":"https:\/\/blogdofarnesio.com.br\/index.php?rest_route=%2Fwp%2Fv2%2Fcomments&post=133386"}],"version-history":[{"count":0,"href":"https:\/\/blogdofarnesio.com.br\/index.php?rest_route=\/wp\/v2\/posts\/133386\/revisions"}],"wp:attachment":[{"href":"https:\/\/blogdofarnesio.com.br\/index.php?rest_route=%2Fwp%2Fv2%2Fmedia&parent=133386"}],"wp:term":[{"taxonomy":"category","embeddable":true,"href":"https:\/\/blogdofarnesio.com.br\/index.php?rest_route=%2Fwp%2Fv2%2Fcategories&post=133386"},{"taxonomy":"post_tag","embeddable":true,"href":"https:\/\/blogdofarnesio.com.br\/index.php?rest_route=%2Fwp%2Fv2%2Ftags&post=133386"}],"curies":[{"name":"wp","href":"https:\/\/api.w.org\/{rel}","templated":true}]}}