{"id":133374,"date":"2015-11-20T11:00:36","date_gmt":"2015-11-20T14:00:36","guid":{"rendered":"http:\/\/www.quersaberpolitica.com.br\/?p=133374"},"modified":"2015-11-20T10:14:08","modified_gmt":"2015-11-20T13:14:08","slug":"casa-nova-celebra-dia-da-consciencia-negra","status":"publish","type":"post","link":"https:\/\/blogdofarnesio.com.br\/2015\/11\/casa-nova-celebra-dia-da-consciencia-negra\/","title":{"rendered":"CASA NOVA CELEBRA DIA DA CONSCI\u00caNCIA NEGRA"},"content":{"rendered":"<div style=\"text-align: center\"><a href=\"http:\/\/www.quersaberpolitica.com.br\/2016\/wp-content\/uploads\/2015\/11\/blogqsp-consci\u00eancinegra-casanova.jpg\">CASA NOVA CELEBRA DIA DA CONSCI\u00caNCIA NEGRA<img loading=\"lazy\" decoding=\"async\" class=\"  wp-image-133375 aligncenter\" src=\"http:\/\/www.quersaberpolitica.com.br\/2016\/wp-content\/uploads\/2015\/11\/blogqsp-consci\u00eancinegra-casanova-300x300.jpg\" alt=\"blogqsp-consci\u00eancinegra-casanova\" width=\"404\" height=\"404\" srcset=\"https:\/\/blogdofarnesio.com.br\/wp-content\/uploads\/2015\/11\/blogqsp-consci\u00eancinegra-casanova-300x300.jpg 300w, https:\/\/blogdofarnesio.com.br\/wp-content\/uploads\/2015\/11\/blogqsp-consci\u00eancinegra-casanova-150x150.jpg 150w, https:\/\/blogdofarnesio.com.br\/wp-content\/uploads\/2015\/11\/blogqsp-consci\u00eancinegra-casanova.jpg 336w\" sizes=\"auto, (max-width: 404px) 100vw, 404px\" \/><\/a><\/div>\n<div style=\"text-align: justify\"><\/div>\n<div style=\"text-align: justify\">O Dia da Consci\u00eancia Negra, celebrado em 20 de novembro, ser\u00e1 marcado por uma s\u00e9rie de atividades em Casa Nova. A data que marca a morte de &#8220;Zumbi dos Palmares&#8221;, escravo l\u00edder do Quilombo dos Palmares, ter\u00e1 uma programa\u00e7\u00e3o que contempla apresenta\u00e7\u00f5es culturais, como Maculel\u00ea, Samba de Veio, Roda de Capoeira, apresenta\u00e7\u00f5es de Candombl\u00e9, al\u00e9m da exibi\u00e7\u00e3o de filme e pe\u00e7a teatral com a tem\u00e1tica.<\/div>\n<div style=\"text-align: justify\"><\/div>\n<div style=\"text-align: justify\">A atividade ser\u00e1 realizada na quadra poliesportiva a partir das 20h. A organiza\u00e7\u00e3o \u00e9 da coordena\u00e7\u00e3o de Cultura e Turismo da cidade.<\/div>\n<div style=\"text-align: justify\"><strong>\u00a0<\/strong><\/div>\n<div style=\"text-align: justify\"><strong>Consci\u00eancia Negra<\/strong><\/div>\n<div style=\"text-align: justify\">O Dia da Consci\u00eancia Negra foi institu\u00eddo oficialmente pela Lei n\u00ba 12.519, de 10 de novembro de 2011. A data faz refer\u00eancia \u00e0 morte de\u00a0Zumbi, o ent\u00e3o l\u00edder do\u00a0Quilombo dos\u00a0Palmares\u00a0\u2013 situado entre os estados de Alagoas e Pernambuco, na regi\u00e3o Nordeste do Brasil. Zumbi foi morto em 1695 por bandeirantes.<\/div>\n<div style=\"text-align: justify\">A data de sua morte, descoberta por historiadores no in\u00edcio da d\u00e9cada de 1970, motivou membros do\u00a0Movimento Negro Unificado contra a Discrimina\u00e7\u00e3o Racial, em um congresso realizado em 1978, a elegerem a figura de Zumbi como um s\u00edmbolo da luta e resist\u00eancia dos negros escravizados no Brasil, bem como da luta por direitos que seus descendentes reivindicam.<\/div>\n<div><\/div>\n<div><em>Ascom<\/em><\/div>\n","protected":false},"excerpt":{"rendered":"<p>CASA NOVA CELEBRA DIA DA CONSCI\u00caNCIA NEGRA O Dia da Consci\u00eancia Negra, celebrado em 20 de novembro, ser\u00e1 marcado por uma s\u00e9rie de atividades em Casa Nova. A data que marca a morte de &#8220;Zumbi dos Palmares&#8221;, escravo l\u00edder do Quilombo dos Palmares, ter\u00e1 uma programa\u00e7\u00e3o que contempla apresenta\u00e7\u00f5es culturais, como Maculel\u00ea, Samba de Veio, Roda de Capoeira, apresenta\u00e7\u00f5es de Candombl\u00e9, al\u00e9m da exibi\u00e7\u00e3o de filme e pe\u00e7a teatral com a tem\u00e1tica. A atividade ser\u00e1 realizada na quadra poliesportiva a partir das 20h. A organiza\u00e7\u00e3o \u00e9 da coordena\u00e7\u00e3o de Cultura e Turismo da cidade. \u00a0 Consci\u00eancia Negra O Dia da Consci\u00eancia Negra foi institu\u00eddo oficialmente pela Lei n\u00ba 12.519, de 10 de novembro de 2011. A data faz refer\u00eancia \u00e0&hellip; <\/p>\n","protected":false},"author":7,"featured_media":0,"comment_status":"open","ping_status":"open","sticky":false,"template":"","format":"standard","meta":{"_acf_changed":false,"footnotes":""},"categories":[44],"tags":[],"class_list":["post-133374","post","type-post","status-publish","format-standard","hentry","category-administracao"],"acf":[],"yoast_head":"<!-- This site is optimized with the Yoast SEO plugin v27.5 - https:\/\/yoast.com\/product\/yoast-seo-wordpress\/ -->\n<title>CASA NOVA CELEBRA DIA DA CONSCI\u00caNCIA NEGRA - Blog do Farn\u00e9sio<\/title>\n<meta name=\"robots\" content=\"index, follow, max-snippet:-1, max-image-preview:large, max-video-preview:-1\" \/>\n<link rel=\"canonical\" href=\"https:\/\/blogdofarnesio.com.br\/2015\/11\/casa-nova-celebra-dia-da-consciencia-negra\/\" \/>\n<meta property=\"og:locale\" content=\"pt_BR\" \/>\n<meta property=\"og:type\" content=\"article\" \/>\n<meta property=\"og:title\" content=\"CASA NOVA CELEBRA DIA DA CONSCI\u00caNCIA NEGRA - Blog do Farn\u00e9sio\" \/>\n<meta property=\"og:description\" content=\"CASA NOVA CELEBRA DIA DA CONSCI\u00caNCIA NEGRA O Dia da Consci\u00eancia Negra, celebrado em 20 de novembro, ser\u00e1 marcado por uma s\u00e9rie de atividades em Casa Nova. A data que marca a morte de &#8220;Zumbi dos Palmares&#8221;, escravo l\u00edder do Quilombo dos Palmares, ter\u00e1 uma programa\u00e7\u00e3o que contempla apresenta\u00e7\u00f5es culturais, como Maculel\u00ea, Samba de Veio, Roda de Capoeira, apresenta\u00e7\u00f5es de Candombl\u00e9, al\u00e9m da exibi\u00e7\u00e3o de filme e pe\u00e7a teatral com a tem\u00e1tica. A atividade ser\u00e1 realizada na quadra poliesportiva a partir das 20h. A organiza\u00e7\u00e3o \u00e9 da coordena\u00e7\u00e3o de Cultura e Turismo da cidade. \u00a0 Consci\u00eancia Negra O Dia da Consci\u00eancia Negra foi institu\u00eddo oficialmente pela Lei n\u00ba 12.519, de 10 de novembro de 2011. A data faz refer\u00eancia \u00e0&hellip;\" \/>\n<meta property=\"og:url\" content=\"https:\/\/blogdofarnesio.com.br\/2015\/11\/casa-nova-celebra-dia-da-consciencia-negra\/\" \/>\n<meta property=\"og:site_name\" content=\"Blog do Farn\u00e9sio\" \/>\n<meta property=\"article:publisher\" content=\"https:\/\/www.facebook.com\/BlogQuerSaberPolitica\/\" \/>\n<meta property=\"article:published_time\" content=\"2015-11-20T14:00:36+00:00\" \/>\n<meta name=\"twitter:card\" content=\"summary_large_image\" \/>\n<meta name=\"twitter:label1\" content=\"Escrito por\" \/>\n\t<meta name=\"twitter:data1\" content=\"\" \/>\n\t<meta name=\"twitter:label2\" content=\"Est. tempo de leitura\" \/>\n\t<meta name=\"twitter:data2\" content=\"1 minuto\" \/>\n<script type=\"application\/ld+json\" class=\"yoast-schema-graph\">{\"@context\":\"https:\\\/\\\/schema.org\",\"@graph\":[{\"@type\":\"Article\",\"@id\":\"https:\\\/\\\/blogdofarnesio.com.br\\\/2015\\\/11\\\/casa-nova-celebra-dia-da-consciencia-negra\\\/#article\",\"isPartOf\":{\"@id\":\"https:\\\/\\\/blogdofarnesio.com.br\\\/2015\\\/11\\\/casa-nova-celebra-dia-da-consciencia-negra\\\/\"},\"author\":{\"name\":\"\",\"@id\":\"\"},\"headline\":\"CASA NOVA CELEBRA DIA DA CONSCI\u00caNCIA NEGRA\",\"datePublished\":\"2015-11-20T14:00:36+00:00\",\"mainEntityOfPage\":{\"@id\":\"https:\\\/\\\/blogdofarnesio.com.br\\\/2015\\\/11\\\/casa-nova-celebra-dia-da-consciencia-negra\\\/\"},\"wordCount\":232,\"commentCount\":0,\"publisher\":{\"@id\":\"https:\\\/\\\/blogdofarnesio.com.br\\\/#organization\"},\"articleSection\":[\"Administra\u00e7\u00e3o\"],\"inLanguage\":\"pt-BR\",\"potentialAction\":[{\"@type\":\"CommentAction\",\"name\":\"Comment\",\"target\":[\"https:\\\/\\\/blogdofarnesio.com.br\\\/2015\\\/11\\\/casa-nova-celebra-dia-da-consciencia-negra\\\/#respond\"]}]},{\"@type\":\"WebPage\",\"@id\":\"https:\\\/\\\/blogdofarnesio.com.br\\\/2015\\\/11\\\/casa-nova-celebra-dia-da-consciencia-negra\\\/\",\"url\":\"https:\\\/\\\/blogdofarnesio.com.br\\\/2015\\\/11\\\/casa-nova-celebra-dia-da-consciencia-negra\\\/\",\"name\":\"CASA NOVA CELEBRA DIA DA CONSCI\u00caNCIA NEGRA - Blog do Farn\u00e9sio\",\"isPartOf\":{\"@id\":\"https:\\\/\\\/blogdofarnesio.com.br\\\/#website\"},\"datePublished\":\"2015-11-20T14:00:36+00:00\",\"breadcrumb\":{\"@id\":\"https:\\\/\\\/blogdofarnesio.com.br\\\/2015\\\/11\\\/casa-nova-celebra-dia-da-consciencia-negra\\\/#breadcrumb\"},\"inLanguage\":\"pt-BR\",\"potentialAction\":[{\"@type\":\"ReadAction\",\"target\":[\"https:\\\/\\\/blogdofarnesio.com.br\\\/2015\\\/11\\\/casa-nova-celebra-dia-da-consciencia-negra\\\/\"]}]},{\"@type\":\"BreadcrumbList\",\"@id\":\"https:\\\/\\\/blogdofarnesio.com.br\\\/2015\\\/11\\\/casa-nova-celebra-dia-da-consciencia-negra\\\/#breadcrumb\",\"itemListElement\":[{\"@type\":\"ListItem\",\"position\":1,\"name\":\"In\u00edcio\",\"item\":\"https:\\\/\\\/blogdofarnesio.com.br\\\/\"},{\"@type\":\"ListItem\",\"position\":2,\"name\":\"CASA NOVA CELEBRA DIA DA CONSCI\u00caNCIA NEGRA\"}]},{\"@type\":\"WebSite\",\"@id\":\"https:\\\/\\\/blogdofarnesio.com.br\\\/#website\",\"url\":\"https:\\\/\\\/blogdofarnesio.com.br\\\/\",\"name\":\"Blog do Farn\u00e9sio\",\"description\":\"Quer Saber Pol\u00edtica?\",\"publisher\":{\"@id\":\"https:\\\/\\\/blogdofarnesio.com.br\\\/#organization\"},\"potentialAction\":[{\"@type\":\"SearchAction\",\"target\":{\"@type\":\"EntryPoint\",\"urlTemplate\":\"https:\\\/\\\/blogdofarnesio.com.br\\\/?s={search_term_string}\"},\"query-input\":{\"@type\":\"PropertyValueSpecification\",\"valueRequired\":true,\"valueName\":\"search_term_string\"}}],\"inLanguage\":\"pt-BR\"},{\"@type\":\"Organization\",\"@id\":\"https:\\\/\\\/blogdofarnesio.com.br\\\/#organization\",\"name\":\"Blog do Farn\u00e9sio\",\"url\":\"https:\\\/\\\/blogdofarnesio.com.br\\\/\",\"logo\":{\"@type\":\"ImageObject\",\"inLanguage\":\"pt-BR\",\"@id\":\"https:\\\/\\\/blogdofarnesio.com.br\\\/#\\\/schema\\\/logo\\\/image\\\/\",\"url\":\"https:\\\/\\\/blogdofarnesio.com.br\\\/wp-content\\\/uploads\\\/2026\\\/03\\\/cropped-logo_new-1.png\",\"contentUrl\":\"https:\\\/\\\/blogdofarnesio.com.br\\\/wp-content\\\/uploads\\\/2026\\\/03\\\/cropped-logo_new-1.png\",\"width\":881,\"height\":685,\"caption\":\"Blog do Farn\u00e9sio\"},\"image\":{\"@id\":\"https:\\\/\\\/blogdofarnesio.com.br\\\/#\\\/schema\\\/logo\\\/image\\\/\"},\"sameAs\":[\"https:\\\/\\\/www.facebook.com\\\/BlogQuerSaberPolitica\\\/\"]},{\"@type\":\"Person\",\"@id\":\"\",\"url\":\"https:\\\/\\\/blogdofarnesio.com.br\\\/author\\\/\"}]}<\/script>\n<!-- \/ Yoast SEO plugin. -->","yoast_head_json":{"title":"CASA NOVA CELEBRA DIA DA CONSCI\u00caNCIA NEGRA - Blog do Farn\u00e9sio","robots":{"index":"index","follow":"follow","max-snippet":"max-snippet:-1","max-image-preview":"max-image-preview:large","max-video-preview":"max-video-preview:-1"},"canonical":"https:\/\/blogdofarnesio.com.br\/2015\/11\/casa-nova-celebra-dia-da-consciencia-negra\/","og_locale":"pt_BR","og_type":"article","og_title":"CASA NOVA CELEBRA DIA DA CONSCI\u00caNCIA NEGRA - Blog do Farn\u00e9sio","og_description":"CASA NOVA CELEBRA DIA DA CONSCI\u00caNCIA NEGRA O Dia da Consci\u00eancia Negra, celebrado em 20 de novembro, ser\u00e1 marcado por uma s\u00e9rie de atividades em Casa Nova. A data que marca a morte de &#8220;Zumbi dos Palmares&#8221;, escravo l\u00edder do Quilombo dos Palmares, ter\u00e1 uma programa\u00e7\u00e3o que contempla apresenta\u00e7\u00f5es culturais, como Maculel\u00ea, Samba de Veio, Roda de Capoeira, apresenta\u00e7\u00f5es de Candombl\u00e9, al\u00e9m da exibi\u00e7\u00e3o de filme e pe\u00e7a teatral com a tem\u00e1tica. A atividade ser\u00e1 realizada na quadra poliesportiva a partir das 20h. A organiza\u00e7\u00e3o \u00e9 da coordena\u00e7\u00e3o de Cultura e Turismo da cidade. \u00a0 Consci\u00eancia Negra O Dia da Consci\u00eancia Negra foi institu\u00eddo oficialmente pela Lei n\u00ba 12.519, de 10 de novembro de 2011. A data faz refer\u00eancia \u00e0&hellip;","og_url":"https:\/\/blogdofarnesio.com.br\/2015\/11\/casa-nova-celebra-dia-da-consciencia-negra\/","og_site_name":"Blog do Farn\u00e9sio","article_publisher":"https:\/\/www.facebook.com\/BlogQuerSaberPolitica\/","article_published_time":"2015-11-20T14:00:36+00:00","twitter_card":"summary_large_image","twitter_misc":{"Escrito por":"","Est. tempo de leitura":"1 minuto"},"schema":{"@context":"https:\/\/schema.org","@graph":[{"@type":"Article","@id":"https:\/\/blogdofarnesio.com.br\/2015\/11\/casa-nova-celebra-dia-da-consciencia-negra\/#article","isPartOf":{"@id":"https:\/\/blogdofarnesio.com.br\/2015\/11\/casa-nova-celebra-dia-da-consciencia-negra\/"},"author":{"name":"","@id":""},"headline":"CASA NOVA CELEBRA DIA DA CONSCI\u00caNCIA NEGRA","datePublished":"2015-11-20T14:00:36+00:00","mainEntityOfPage":{"@id":"https:\/\/blogdofarnesio.com.br\/2015\/11\/casa-nova-celebra-dia-da-consciencia-negra\/"},"wordCount":232,"commentCount":0,"publisher":{"@id":"https:\/\/blogdofarnesio.com.br\/#organization"},"articleSection":["Administra\u00e7\u00e3o"],"inLanguage":"pt-BR","potentialAction":[{"@type":"CommentAction","name":"Comment","target":["https:\/\/blogdofarnesio.com.br\/2015\/11\/casa-nova-celebra-dia-da-consciencia-negra\/#respond"]}]},{"@type":"WebPage","@id":"https:\/\/blogdofarnesio.com.br\/2015\/11\/casa-nova-celebra-dia-da-consciencia-negra\/","url":"https:\/\/blogdofarnesio.com.br\/2015\/11\/casa-nova-celebra-dia-da-consciencia-negra\/","name":"CASA NOVA CELEBRA DIA DA CONSCI\u00caNCIA NEGRA - Blog do Farn\u00e9sio","isPartOf":{"@id":"https:\/\/blogdofarnesio.com.br\/#website"},"datePublished":"2015-11-20T14:00:36+00:00","breadcrumb":{"@id":"https:\/\/blogdofarnesio.com.br\/2015\/11\/casa-nova-celebra-dia-da-consciencia-negra\/#breadcrumb"},"inLanguage":"pt-BR","potentialAction":[{"@type":"ReadAction","target":["https:\/\/blogdofarnesio.com.br\/2015\/11\/casa-nova-celebra-dia-da-consciencia-negra\/"]}]},{"@type":"BreadcrumbList","@id":"https:\/\/blogdofarnesio.com.br\/2015\/11\/casa-nova-celebra-dia-da-consciencia-negra\/#breadcrumb","itemListElement":[{"@type":"ListItem","position":1,"name":"In\u00edcio","item":"https:\/\/blogdofarnesio.com.br\/"},{"@type":"ListItem","position":2,"name":"CASA NOVA CELEBRA DIA DA CONSCI\u00caNCIA NEGRA"}]},{"@type":"WebSite","@id":"https:\/\/blogdofarnesio.com.br\/#website","url":"https:\/\/blogdofarnesio.com.br\/","name":"Blog do Farn\u00e9sio","description":"Quer Saber Pol\u00edtica?","publisher":{"@id":"https:\/\/blogdofarnesio.com.br\/#organization"},"potentialAction":[{"@type":"SearchAction","target":{"@type":"EntryPoint","urlTemplate":"https:\/\/blogdofarnesio.com.br\/?s={search_term_string}"},"query-input":{"@type":"PropertyValueSpecification","valueRequired":true,"valueName":"search_term_string"}}],"inLanguage":"pt-BR"},{"@type":"Organization","@id":"https:\/\/blogdofarnesio.com.br\/#organization","name":"Blog do Farn\u00e9sio","url":"https:\/\/blogdofarnesio.com.br\/","logo":{"@type":"ImageObject","inLanguage":"pt-BR","@id":"https:\/\/blogdofarnesio.com.br\/#\/schema\/logo\/image\/","url":"https:\/\/blogdofarnesio.com.br\/wp-content\/uploads\/2026\/03\/cropped-logo_new-1.png","contentUrl":"https:\/\/blogdofarnesio.com.br\/wp-content\/uploads\/2026\/03\/cropped-logo_new-1.png","width":881,"height":685,"caption":"Blog do Farn\u00e9sio"},"image":{"@id":"https:\/\/blogdofarnesio.com.br\/#\/schema\/logo\/image\/"},"sameAs":["https:\/\/www.facebook.com\/BlogQuerSaberPolitica\/"]},{"@type":"Person","@id":"","url":"https:\/\/blogdofarnesio.com.br\/author\/"}]}},"_links":{"self":[{"href":"https:\/\/blogdofarnesio.com.br\/wp-json\/wp\/v2\/posts\/133374","targetHints":{"allow":["GET"]}}],"collection":[{"href":"https:\/\/blogdofarnesio.com.br\/wp-json\/wp\/v2\/posts"}],"about":[{"href":"https:\/\/blogdofarnesio.com.br\/wp-json\/wp\/v2\/types\/post"}],"author":[{"embeddable":true,"href":"https:\/\/blogdofarnesio.com.br\/wp-json\/wp\/v2\/users\/7"}],"replies":[{"embeddable":true,"href":"https:\/\/blogdofarnesio.com.br\/wp-json\/wp\/v2\/comments?post=133374"}],"version-history":[{"count":0,"href":"https:\/\/blogdofarnesio.com.br\/wp-json\/wp\/v2\/posts\/133374\/revisions"}],"wp:attachment":[{"href":"https:\/\/blogdofarnesio.com.br\/wp-json\/wp\/v2\/media?parent=133374"}],"wp:term":[{"taxonomy":"category","embeddable":true,"href":"https:\/\/blogdofarnesio.com.br\/wp-json\/wp\/v2\/categories?post=133374"},{"taxonomy":"post_tag","embeddable":true,"href":"https:\/\/blogdofarnesio.com.br\/wp-json\/wp\/v2\/tags?post=133374"}],"curies":[{"name":"wp","href":"https:\/\/api.w.org\/{rel}","templated":true}]}}