{"id":13337,"date":"2012-04-24T06:10:04","date_gmt":"2012-04-24T06:10:04","guid":{"rendered":"http:\/\/www.quersaberpolitica.com.br?p=13337"},"modified":"2012-04-23T21:13:12","modified_gmt":"2012-04-23T21:13:12","slug":"aldeia-vale-dancar-promove-intercambio-entre-atracoes-nacionais-e-grupos-regionais","status":"publish","type":"post","link":"https:\/\/blogdofarnesio.com.br\/?p=13337","title":{"rendered":"Aldeia Vale Dan\u00e7ar promove interc\u00e2mbio entre atra\u00e7\u00f5es nacionais e grupos regionais."},"content":{"rendered":"<p>&nbsp;<\/p>\n<p style=\"text-align: justify;\"><span style=\"font-size: medium;\"><strong>Aldeia Vale Dan&ccedil;ar promove interc&acirc;mbio entre&nbsp;atra&ccedil;&otilde;es nacionais e grupos regionais.<\/strong><\/span><\/p>\n<p style=\"text-align: justify;\"><span style=\"font-size: medium;\"><a rel=\"lightbox\" href=\"http:\/\/www.quersaberpolitica.com.br\/2016\/wp-content\/uploads\/2012\/12\/blogqspvaledancare.jpg\"><img loading=\"lazy\" decoding=\"async\" style=\"float: left; margin-top: 5px; margin-bottom: 5px; margin-left: 10px; margin-right: 10px;\" src=\"http:\/\/www.quersaberpolitica.com.br\/2016\/wp-content\/uploads\/2012\/12\/blogqspvaledancare.jpg\" alt=\"\" width=\"200\" height=\"167\" \/><\/a>Atra&ccedil;&otilde;es nacionais e grupos locais prometem dar um brilho todo especial a segunda semana do festival Aldeia Vale Dan&ccedil;ar, que come&ccedil;ou no &uacute;ltimo dia 18 &#8211; movimentando a cena art&iacute;stica de Petrolina com oficinas de dan&ccedil;a, mostras, espet&aacute;culos e semin&aacute;rio, e prossegue at&eacute; a pr&oacute;xima sexta-feira (27), encerrando a programa&ccedil;&atilde;o com o OverDan&ccedil;a, ou seja, 12 horas ininterruptas de atra&ccedil;&otilde;es.<\/span><\/p>\n<p style=\"text-align: justify;\"><span style=\"font-size: medium;\">Na segunda-feira (23), o movimento come&ccedil;a logo cedo, &agrave;s 17h na Biblioteca do Sesc com o Pensamento Girat&oacute;rio, uma das a&ccedil;&otilde;es do cruzamento do Aldeia Vale Dan&ccedil;ar com o Palco Girat&oacute;rio, este que &eacute; considerado um dos principais projetos do Sesc Nacional. A Cia M&aacute;rio Nascimento, de Minas Gerais foi escolhida para encabe&ccedil;ar a interven&ccedil;&atilde;o. A atra&ccedil;&atilde;o seguinte, Aluga-se um Cora&ccedil;&atilde;o, apresentado pela Cia Qualquer Um dos 2 vai chamar a aten&ccedil;&atilde;o do p&uacute;blico para o Palco do Sesc, a partir das 20h30.<\/span><\/p>\n<p style=\"text-align: justify;\"><span style=\"font-size: medium;\">Trata-se de um espet&aacute;culo de dan&ccedil;a contempor&acirc;nea que investiga e exp&otilde;e as rela&ccedil;&otilde;es afetivas, com o que elas carregam de mais humano e temporal. Aluga-se um Cora&ccedil;&atilde;o tem a dire&ccedil;&atilde;o de Jailson Lima e a classifica&ccedil;&atilde;o et&aacute;ria para maiores de 16 anos. Na ter&ccedil;a-feira (24), a Cia M&aacute;rio Nascimento volta &agrave; programa&ccedil;&atilde;o &agrave;s 19h com o espet&aacute;culo, Escapada. Uma ousada proposta que mescla, dan&ccedil;a, m&uacute;sica e teatro para dizer, em movimentos, da fuga do homem das grandes metr&oacute;poles. &#8220;&Egrave; o homem psicologicamente e fisicamente sufocado&#8221;, como bem definiu o diretor, M&aacute;rio Nascimento.<\/span><\/p>\n<p style=\"text-align: justify;\"><span style=\"font-size: medium;\">Popular<\/span><\/p>\n<p style=\"text-align: justify;\"><span style=\"font-size: medium;\">A pra&ccedil;a do Bambuzinho, recebe a partir das 18h, na quarta-feira (25), dois dos mais marcantes espet&aacute;culos de dan&ccedil;a popular deste Aldeia Vale Dan&ccedil;ar. Do terreiro de Sal&uacute;, apresentado pela Cia Balan&ccedil;arte e A Nova Sina de Mateus e Catirina, trazido pela Cia de Dan&ccedil;a Eparre Oya, de Salgueiro-PE. Enquanto a Cia Balan&ccedil;arte, de Petrolina homenageia um dos mais importantes artistas populares de Pernambuco &#8211; Mestre Salustiano Soares ou mestre Salu, os dan&ccedil;arinos de Salgueiro retratam com fidelidade as perip&eacute;cias de Mateus para conseguir satisfazer as vontades da sua esposa gr&aacute;vida, Catirina, que deseja comer a l&iacute;ngua do boi. Personagens por demais conhecidos das hist&oacute;rias populares nordestinas.<\/span><\/p>\n<p style=\"text-align: justify;\"><span style=\"font-size: medium;\">E o movimento continua &agrave;s 20h na Galeria de Artes do Sesc, com a apresenta&ccedil;&atilde;o do v&iacute;deo Muganga, do grupo Peleja, de Recife-PE, que aborda a rela&ccedil;&atilde;o entre sambadores de Cavalo Marinho (manifesta&ccedil;&atilde;o tradicional da Zona da Mata Norte pernambucana), e artistas de teatro e dan&ccedil;a que utilizam elementos desta brincadeira em suas cria&ccedil;&otilde;es. Depois, o grupo Peleja de Salvador-BA, mostra o espet&aacute;culo, Cord&otilde;es que &eacute; o resultado de uma investiga&ccedil;&atilde;o em dan&ccedil;a impulsionada pela experi&ecirc;ncia do encontro entre a dan&ccedil;arina Carolina Laranjeira e a manifesta&ccedil;&atilde;o tradicional do Cavalo Marinho. E encerrando as atividades da quarta-feira, o p&uacute;blico vai conferir o espet&aacute;culo Guarda Sonhos do grupo Peleja de Recife &#8211; PE. Um momento de poesia e situa&ccedil;&otilde;es l&uacute;dicas com encena&ccedil;&atilde;o de Tain&aacute; Barreto, que convida o espectador a uma viagem pelas sensa&ccedil;&otilde;es humanas ao contar hist&oacute;rias com seu corpo.<\/span><\/p>\n<p style=\"text-align: justify;\">&nbsp;<\/p>\n<p style=\"text-align: justify;\">Com informa&ccedil;&otilde;es da Clas Comunica&ccedil;&atilde;o e Marketing<\/p>\n<p>&nbsp;<\/p>\n","protected":false},"excerpt":{"rendered":"<p>&nbsp; Aldeia Vale Dan&ccedil;ar promove interc&acirc;mbio entre&nbsp;atra&ccedil;&otilde;es nacionais e grupos regionais. Atra&ccedil;&otilde;es nacionais e grupos locais prometem dar um brilho todo especial a segunda semana do festival Aldeia Vale Dan&ccedil;ar, que come&ccedil;ou no &uacute;ltimo dia 18 &#8211; movimentando a cena art&iacute;stica de Petrolina com oficinas de dan&ccedil;a, mostras, espet&aacute;culos e semin&aacute;rio, e prossegue at&eacute; a pr&oacute;xima sexta-feira (27), encerrando a programa&ccedil;&atilde;o com o OverDan&ccedil;a, ou seja, 12 horas ininterruptas de atra&ccedil;&otilde;es. Na segunda-feira (23), o movimento come&ccedil;a logo cedo, &agrave;s 17h na Biblioteca do Sesc com o Pensamento Girat&oacute;rio, uma das a&ccedil;&otilde;es do cruzamento do Aldeia Vale Dan&ccedil;ar com o Palco Girat&oacute;rio, este que &eacute; considerado um dos principais projetos do Sesc Nacional. A Cia M&aacute;rio Nascimento, de Minas Gerais&hellip; <\/p>\n","protected":false},"author":0,"featured_media":0,"comment_status":"open","ping_status":"open","sticky":false,"template":"","format":"standard","meta":{"_acf_changed":false,"footnotes":""},"categories":[9],"tags":[],"class_list":["post-13337","post","type-post","status-publish","format-standard","hentry","category-policia"],"acf":[],"yoast_head":"<!-- This site is optimized with the Yoast SEO plugin v27.4 - https:\/\/yoast.com\/product\/yoast-seo-wordpress\/ -->\n<title>Aldeia Vale Dan\u00e7ar promove interc\u00e2mbio entre atra\u00e7\u00f5es nacionais e grupos regionais.  - Blog do Farn\u00e9sio<\/title>\n<meta name=\"robots\" content=\"index, follow, max-snippet:-1, max-image-preview:large, max-video-preview:-1\" \/>\n<link rel=\"canonical\" href=\"https:\/\/blogdofarnesio.com.br\/?p=13337\" \/>\n<meta property=\"og:locale\" content=\"pt_BR\" \/>\n<meta property=\"og:type\" content=\"article\" \/>\n<meta property=\"og:title\" content=\"Aldeia Vale Dan\u00e7ar promove interc\u00e2mbio entre atra\u00e7\u00f5es nacionais e grupos regionais.  - Blog do Farn\u00e9sio\" \/>\n<meta property=\"og:description\" content=\"&nbsp; Aldeia Vale Dan&ccedil;ar promove interc&acirc;mbio entre&nbsp;atra&ccedil;&otilde;es nacionais e grupos regionais. Atra&ccedil;&otilde;es nacionais e grupos locais prometem dar um brilho todo especial a segunda semana do festival Aldeia Vale Dan&ccedil;ar, que come&ccedil;ou no &uacute;ltimo dia 18 &#8211; movimentando a cena art&iacute;stica de Petrolina com oficinas de dan&ccedil;a, mostras, espet&aacute;culos e semin&aacute;rio, e prossegue at&eacute; a pr&oacute;xima sexta-feira (27), encerrando a programa&ccedil;&atilde;o com o OverDan&ccedil;a, ou seja, 12 horas ininterruptas de atra&ccedil;&otilde;es. Na segunda-feira (23), o movimento come&ccedil;a logo cedo, &agrave;s 17h na Biblioteca do Sesc com o Pensamento Girat&oacute;rio, uma das a&ccedil;&otilde;es do cruzamento do Aldeia Vale Dan&ccedil;ar com o Palco Girat&oacute;rio, este que &eacute; considerado um dos principais projetos do Sesc Nacional. A Cia M&aacute;rio Nascimento, de Minas Gerais&hellip;\" \/>\n<meta property=\"og:url\" content=\"https:\/\/blogdofarnesio.com.br\/?p=13337\" \/>\n<meta property=\"og:site_name\" content=\"Blog do Farn\u00e9sio\" \/>\n<meta property=\"article:publisher\" content=\"https:\/\/www.facebook.com\/BlogQuerSaberPolitica\/\" \/>\n<meta property=\"article:published_time\" content=\"2012-04-24T06:10:04+00:00\" \/>\n<meta property=\"og:image\" content=\"http:\/\/www.quersaberpolitica.com.br\/2016\/wp-content\/uploads\/2012\/12\/blogqspvaledancare.jpg\" \/>\n<meta name=\"twitter:card\" content=\"summary_large_image\" \/>\n<meta name=\"twitter:label1\" content=\"Est. tempo de leitura\" \/>\n\t<meta name=\"twitter:data1\" content=\"3 minutos\" \/>\n<script type=\"application\/ld+json\" class=\"yoast-schema-graph\">{\"@context\":\"https:\\\/\\\/schema.org\",\"@graph\":[{\"@type\":\"Article\",\"@id\":\"https:\\\/\\\/blogdofarnesio.com.br\\\/?p=13337#article\",\"isPartOf\":{\"@id\":\"https:\\\/\\\/blogdofarnesio.com.br\\\/?p=13337\"},\"author\":{\"name\":\"\",\"@id\":\"\"},\"headline\":\"Aldeia Vale Dan\u00e7ar promove interc\u00e2mbio entre atra\u00e7\u00f5es nacionais e grupos regionais.\",\"datePublished\":\"2012-04-24T06:10:04+00:00\",\"mainEntityOfPage\":{\"@id\":\"https:\\\/\\\/blogdofarnesio.com.br\\\/?p=13337\"},\"wordCount\":696,\"commentCount\":0,\"publisher\":{\"@id\":\"https:\\\/\\\/blogdofarnesio.com.br\\\/#organization\"},\"image\":{\"@id\":\"https:\\\/\\\/blogdofarnesio.com.br\\\/?p=13337#primaryimage\"},\"thumbnailUrl\":\"http:\\\/\\\/www.quersaberpolitica.com.br\\\/2016\\\/wp-content\\\/uploads\\\/2012\\\/12\\\/blogqspvaledancare.jpg\",\"articleSection\":[\"Pol\u00edcia\"],\"inLanguage\":\"pt-BR\",\"potentialAction\":[{\"@type\":\"CommentAction\",\"name\":\"Comment\",\"target\":[\"https:\\\/\\\/blogdofarnesio.com.br\\\/?p=13337#respond\"]}]},{\"@type\":\"WebPage\",\"@id\":\"https:\\\/\\\/blogdofarnesio.com.br\\\/?p=13337\",\"url\":\"https:\\\/\\\/blogdofarnesio.com.br\\\/?p=13337\",\"name\":\"Aldeia Vale Dan\u00e7ar promove interc\u00e2mbio entre atra\u00e7\u00f5es nacionais e grupos regionais. - Blog do Farn\u00e9sio\",\"isPartOf\":{\"@id\":\"https:\\\/\\\/blogdofarnesio.com.br\\\/#website\"},\"primaryImageOfPage\":{\"@id\":\"https:\\\/\\\/blogdofarnesio.com.br\\\/?p=13337#primaryimage\"},\"image\":{\"@id\":\"https:\\\/\\\/blogdofarnesio.com.br\\\/?p=13337#primaryimage\"},\"thumbnailUrl\":\"http:\\\/\\\/www.quersaberpolitica.com.br\\\/2016\\\/wp-content\\\/uploads\\\/2012\\\/12\\\/blogqspvaledancare.jpg\",\"datePublished\":\"2012-04-24T06:10:04+00:00\",\"breadcrumb\":{\"@id\":\"https:\\\/\\\/blogdofarnesio.com.br\\\/?p=13337#breadcrumb\"},\"inLanguage\":\"pt-BR\",\"potentialAction\":[{\"@type\":\"ReadAction\",\"target\":[\"https:\\\/\\\/blogdofarnesio.com.br\\\/?p=13337\"]}]},{\"@type\":\"ImageObject\",\"inLanguage\":\"pt-BR\",\"@id\":\"https:\\\/\\\/blogdofarnesio.com.br\\\/?p=13337#primaryimage\",\"url\":\"http:\\\/\\\/www.quersaberpolitica.com.br\\\/2016\\\/wp-content\\\/uploads\\\/2012\\\/12\\\/blogqspvaledancare.jpg\",\"contentUrl\":\"http:\\\/\\\/www.quersaberpolitica.com.br\\\/2016\\\/wp-content\\\/uploads\\\/2012\\\/12\\\/blogqspvaledancare.jpg\"},{\"@type\":\"BreadcrumbList\",\"@id\":\"https:\\\/\\\/blogdofarnesio.com.br\\\/?p=13337#breadcrumb\",\"itemListElement\":[{\"@type\":\"ListItem\",\"position\":1,\"name\":\"In\u00edcio\",\"item\":\"https:\\\/\\\/blogdofarnesio.com.br\\\/\"},{\"@type\":\"ListItem\",\"position\":2,\"name\":\"Aldeia Vale Dan\u00e7ar promove interc\u00e2mbio entre atra\u00e7\u00f5es nacionais e grupos regionais.\"}]},{\"@type\":\"WebSite\",\"@id\":\"https:\\\/\\\/blogdofarnesio.com.br\\\/#website\",\"url\":\"https:\\\/\\\/blogdofarnesio.com.br\\\/\",\"name\":\"Blog do Farn\u00e9sio\",\"description\":\"Quer Saber Pol\u00edtica?\",\"publisher\":{\"@id\":\"https:\\\/\\\/blogdofarnesio.com.br\\\/#organization\"},\"potentialAction\":[{\"@type\":\"SearchAction\",\"target\":{\"@type\":\"EntryPoint\",\"urlTemplate\":\"https:\\\/\\\/blogdofarnesio.com.br\\\/?s={search_term_string}\"},\"query-input\":{\"@type\":\"PropertyValueSpecification\",\"valueRequired\":true,\"valueName\":\"search_term_string\"}}],\"inLanguage\":\"pt-BR\"},{\"@type\":\"Organization\",\"@id\":\"https:\\\/\\\/blogdofarnesio.com.br\\\/#organization\",\"name\":\"Blog do Farn\u00e9sio\",\"url\":\"https:\\\/\\\/blogdofarnesio.com.br\\\/\",\"logo\":{\"@type\":\"ImageObject\",\"inLanguage\":\"pt-BR\",\"@id\":\"https:\\\/\\\/blogdofarnesio.com.br\\\/#\\\/schema\\\/logo\\\/image\\\/\",\"url\":\"https:\\\/\\\/blogdofarnesio.com.br\\\/wp-content\\\/uploads\\\/2026\\\/03\\\/cropped-logo_new-1.png\",\"contentUrl\":\"https:\\\/\\\/blogdofarnesio.com.br\\\/wp-content\\\/uploads\\\/2026\\\/03\\\/cropped-logo_new-1.png\",\"width\":881,\"height\":685,\"caption\":\"Blog do Farn\u00e9sio\"},\"image\":{\"@id\":\"https:\\\/\\\/blogdofarnesio.com.br\\\/#\\\/schema\\\/logo\\\/image\\\/\"},\"sameAs\":[\"https:\\\/\\\/www.facebook.com\\\/BlogQuerSaberPolitica\\\/\"]}]}<\/script>\n<!-- \/ Yoast SEO plugin. -->","yoast_head_json":{"title":"Aldeia Vale Dan\u00e7ar promove interc\u00e2mbio entre atra\u00e7\u00f5es nacionais e grupos regionais.  - Blog do Farn\u00e9sio","robots":{"index":"index","follow":"follow","max-snippet":"max-snippet:-1","max-image-preview":"max-image-preview:large","max-video-preview":"max-video-preview:-1"},"canonical":"https:\/\/blogdofarnesio.com.br\/?p=13337","og_locale":"pt_BR","og_type":"article","og_title":"Aldeia Vale Dan\u00e7ar promove interc\u00e2mbio entre atra\u00e7\u00f5es nacionais e grupos regionais.  - Blog do Farn\u00e9sio","og_description":"&nbsp; Aldeia Vale Dan&ccedil;ar promove interc&acirc;mbio entre&nbsp;atra&ccedil;&otilde;es nacionais e grupos regionais. Atra&ccedil;&otilde;es nacionais e grupos locais prometem dar um brilho todo especial a segunda semana do festival Aldeia Vale Dan&ccedil;ar, que come&ccedil;ou no &uacute;ltimo dia 18 &#8211; movimentando a cena art&iacute;stica de Petrolina com oficinas de dan&ccedil;a, mostras, espet&aacute;culos e semin&aacute;rio, e prossegue at&eacute; a pr&oacute;xima sexta-feira (27), encerrando a programa&ccedil;&atilde;o com o OverDan&ccedil;a, ou seja, 12 horas ininterruptas de atra&ccedil;&otilde;es. Na segunda-feira (23), o movimento come&ccedil;a logo cedo, &agrave;s 17h na Biblioteca do Sesc com o Pensamento Girat&oacute;rio, uma das a&ccedil;&otilde;es do cruzamento do Aldeia Vale Dan&ccedil;ar com o Palco Girat&oacute;rio, este que &eacute; considerado um dos principais projetos do Sesc Nacional. A Cia M&aacute;rio Nascimento, de Minas Gerais&hellip;","og_url":"https:\/\/blogdofarnesio.com.br\/?p=13337","og_site_name":"Blog do Farn\u00e9sio","article_publisher":"https:\/\/www.facebook.com\/BlogQuerSaberPolitica\/","article_published_time":"2012-04-24T06:10:04+00:00","og_image":[{"url":"http:\/\/www.quersaberpolitica.com.br\/2016\/wp-content\/uploads\/2012\/12\/blogqspvaledancare.jpg","type":"","width":"","height":""}],"twitter_card":"summary_large_image","twitter_misc":{"Est. tempo de leitura":"3 minutos"},"schema":{"@context":"https:\/\/schema.org","@graph":[{"@type":"Article","@id":"https:\/\/blogdofarnesio.com.br\/?p=13337#article","isPartOf":{"@id":"https:\/\/blogdofarnesio.com.br\/?p=13337"},"author":{"name":"","@id":""},"headline":"Aldeia Vale Dan\u00e7ar promove interc\u00e2mbio entre atra\u00e7\u00f5es nacionais e grupos regionais.","datePublished":"2012-04-24T06:10:04+00:00","mainEntityOfPage":{"@id":"https:\/\/blogdofarnesio.com.br\/?p=13337"},"wordCount":696,"commentCount":0,"publisher":{"@id":"https:\/\/blogdofarnesio.com.br\/#organization"},"image":{"@id":"https:\/\/blogdofarnesio.com.br\/?p=13337#primaryimage"},"thumbnailUrl":"http:\/\/www.quersaberpolitica.com.br\/2016\/wp-content\/uploads\/2012\/12\/blogqspvaledancare.jpg","articleSection":["Pol\u00edcia"],"inLanguage":"pt-BR","potentialAction":[{"@type":"CommentAction","name":"Comment","target":["https:\/\/blogdofarnesio.com.br\/?p=13337#respond"]}]},{"@type":"WebPage","@id":"https:\/\/blogdofarnesio.com.br\/?p=13337","url":"https:\/\/blogdofarnesio.com.br\/?p=13337","name":"Aldeia Vale Dan\u00e7ar promove interc\u00e2mbio entre atra\u00e7\u00f5es nacionais e grupos regionais. - Blog do Farn\u00e9sio","isPartOf":{"@id":"https:\/\/blogdofarnesio.com.br\/#website"},"primaryImageOfPage":{"@id":"https:\/\/blogdofarnesio.com.br\/?p=13337#primaryimage"},"image":{"@id":"https:\/\/blogdofarnesio.com.br\/?p=13337#primaryimage"},"thumbnailUrl":"http:\/\/www.quersaberpolitica.com.br\/2016\/wp-content\/uploads\/2012\/12\/blogqspvaledancare.jpg","datePublished":"2012-04-24T06:10:04+00:00","breadcrumb":{"@id":"https:\/\/blogdofarnesio.com.br\/?p=13337#breadcrumb"},"inLanguage":"pt-BR","potentialAction":[{"@type":"ReadAction","target":["https:\/\/blogdofarnesio.com.br\/?p=13337"]}]},{"@type":"ImageObject","inLanguage":"pt-BR","@id":"https:\/\/blogdofarnesio.com.br\/?p=13337#primaryimage","url":"http:\/\/www.quersaberpolitica.com.br\/2016\/wp-content\/uploads\/2012\/12\/blogqspvaledancare.jpg","contentUrl":"http:\/\/www.quersaberpolitica.com.br\/2016\/wp-content\/uploads\/2012\/12\/blogqspvaledancare.jpg"},{"@type":"BreadcrumbList","@id":"https:\/\/blogdofarnesio.com.br\/?p=13337#breadcrumb","itemListElement":[{"@type":"ListItem","position":1,"name":"In\u00edcio","item":"https:\/\/blogdofarnesio.com.br\/"},{"@type":"ListItem","position":2,"name":"Aldeia Vale Dan\u00e7ar promove interc\u00e2mbio entre atra\u00e7\u00f5es nacionais e grupos regionais."}]},{"@type":"WebSite","@id":"https:\/\/blogdofarnesio.com.br\/#website","url":"https:\/\/blogdofarnesio.com.br\/","name":"Blog do Farn\u00e9sio","description":"Quer Saber Pol\u00edtica?","publisher":{"@id":"https:\/\/blogdofarnesio.com.br\/#organization"},"potentialAction":[{"@type":"SearchAction","target":{"@type":"EntryPoint","urlTemplate":"https:\/\/blogdofarnesio.com.br\/?s={search_term_string}"},"query-input":{"@type":"PropertyValueSpecification","valueRequired":true,"valueName":"search_term_string"}}],"inLanguage":"pt-BR"},{"@type":"Organization","@id":"https:\/\/blogdofarnesio.com.br\/#organization","name":"Blog do Farn\u00e9sio","url":"https:\/\/blogdofarnesio.com.br\/","logo":{"@type":"ImageObject","inLanguage":"pt-BR","@id":"https:\/\/blogdofarnesio.com.br\/#\/schema\/logo\/image\/","url":"https:\/\/blogdofarnesio.com.br\/wp-content\/uploads\/2026\/03\/cropped-logo_new-1.png","contentUrl":"https:\/\/blogdofarnesio.com.br\/wp-content\/uploads\/2026\/03\/cropped-logo_new-1.png","width":881,"height":685,"caption":"Blog do Farn\u00e9sio"},"image":{"@id":"https:\/\/blogdofarnesio.com.br\/#\/schema\/logo\/image\/"},"sameAs":["https:\/\/www.facebook.com\/BlogQuerSaberPolitica\/"]}]}},"_links":{"self":[{"href":"https:\/\/blogdofarnesio.com.br\/index.php?rest_route=\/wp\/v2\/posts\/13337","targetHints":{"allow":["GET"]}}],"collection":[{"href":"https:\/\/blogdofarnesio.com.br\/index.php?rest_route=\/wp\/v2\/posts"}],"about":[{"href":"https:\/\/blogdofarnesio.com.br\/index.php?rest_route=\/wp\/v2\/types\/post"}],"replies":[{"embeddable":true,"href":"https:\/\/blogdofarnesio.com.br\/index.php?rest_route=%2Fwp%2Fv2%2Fcomments&post=13337"}],"version-history":[{"count":0,"href":"https:\/\/blogdofarnesio.com.br\/index.php?rest_route=\/wp\/v2\/posts\/13337\/revisions"}],"wp:attachment":[{"href":"https:\/\/blogdofarnesio.com.br\/index.php?rest_route=%2Fwp%2Fv2%2Fmedia&parent=13337"}],"wp:term":[{"taxonomy":"category","embeddable":true,"href":"https:\/\/blogdofarnesio.com.br\/index.php?rest_route=%2Fwp%2Fv2%2Fcategories&post=13337"},{"taxonomy":"post_tag","embeddable":true,"href":"https:\/\/blogdofarnesio.com.br\/index.php?rest_route=%2Fwp%2Fv2%2Ftags&post=13337"}],"curies":[{"name":"wp","href":"https:\/\/api.w.org\/{rel}","templated":true}]}}