{"id":133366,"date":"2015-11-20T15:20:48","date_gmt":"2015-11-20T18:20:48","guid":{"rendered":"http:\/\/www.quersaberpolitica.com.br\/?p=133366"},"modified":"2015-11-20T09:24:27","modified_gmt":"2015-11-20T12:24:27","slug":"direto-de-sobradinho-307","status":"publish","type":"post","link":"https:\/\/blogdofarnesio.com.br\/?p=133366","title":{"rendered":"DIRETO DE SOBRADINHO"},"content":{"rendered":"<p style=\"text-align: center\"><a href=\"http:\/\/www.quersaberpolitica.com.br\/2016\/wp-content\/uploads\/2015\/11\/blogqsp-sobradinhoparticipa-sa\u00fadesemfronteira.jpg\">PREFEITURA DE SOBRADINHO GARANTE ATENDIMENTO A CENTENAS DE PESSOAS NA FEIRA DE SERVI\u00c7OS- \u00a0SA\u00daDE SEM FRONTEIRAS<img loading=\"lazy\" decoding=\"async\" class=\"  wp-image-133367 aligncenter\" src=\"http:\/\/www.quersaberpolitica.com.br\/2016\/wp-content\/uploads\/2015\/11\/blogqsp-sobradinhoparticipa-sa\u00fadesemfronteira-300x225.jpg\" alt=\"blogqsp-sobradinhoparticipa-sa\u00fadesemfronteira\" width=\"377\" height=\"286\" \/><\/a><\/p>\n<p style=\"text-align: justify\">Iniciada na \u00faltima ter\u00e7a-feira, 17, A Feira de Servi\u00e7os \u2013 Sa\u00fade Sem Fronteiras, vem prestando servi\u00e7os odontol\u00f3gicos (Odontom\u00f3vel), atendimentos oftalmol\u00f3gicos (catarata e glaucoma), rastreamento do c\u00e2ncer de mama (mamografia) e doa\u00e7\u00e3o de sangue (Hem\u00f3vel).<\/p>\n<p style=\"text-align: justify\">O evento, idealizado pelo Governo do Estado da Bahia, est\u00e1 sendo realizado pela\u00a0Universidade Federal do Vale do S\u00e3o Francisco, em Juazeiro e reunindo usu\u00e1rios do\u00a0Sistema \u00danico de Sa\u00fade (SUS) dos dez munic\u00edpios da microrregi\u00e3o (Casa Nova, Sobradinho, Remanso, Pil\u00e3o Arcado, Campo Alegre de Lourdes, Cura\u00e7\u00e1, Uau\u00e1, Canudos, e Sento S\u00e9).<\/p>\n<p style=\"text-align: justify\">Para assegurar o atendimento aos usu\u00e1rios de Sobradinho, a Prefeitura, atrav\u00e9s da Secret\u00e1ria de sa\u00fade, disponibilizou transporte, alimenta\u00e7\u00e3o e agentes de sa\u00fade para orientar e acompanhar os pacientes.<\/p>\n<p style=\"text-align: justify\">Dona Maria Ferreira Coelho, residente em Sobradinho, que estava com s\u00e9rias dificuldades visuais, fez cirurgia de catarata e n\u00e3o escondeu a emo\u00e7\u00e3o de voltar a enxergar &#8221; Estou muito satisfeita. Eu vinha sofrendo muito, sem poder mais fazer nada em casa, nem sair na rua. Fiz minha cirurgia e vou fazer a revis\u00e3o. Nunca vi um atendimento t\u00e3o bom. Eles est\u00e3o trabalhando pra ningu\u00e9m botar defeito. Agrade\u00e7o a Prefeitura de Sobradinho por esta oportunidade de ter a minha vis\u00e3o de volta&#8221;, declarou a aposentada.<\/p>\n<p style=\"text-align: justify\"><!--more--><\/p>\n<p style=\"text-align: justify\">Seu Francisco Manoel de Aquino, tamb\u00e9m de Sobradinho, fez a consulta e j\u00e1 est\u00e1 com a cirurgia marcada para amanh\u00e3, 20. &#8221; Venho sofrendo com esse problema de vis\u00e3o desde muito tempo. Agora, vou voltar a enxergar como antes. Nunca tive uma oportunidade desta. A Prefeitura nos deu total apoio, o que n\u00e3o aconteceu em outras gest\u00f5es. Estou muito agradecido a equipe da prefeitura, que est\u00e1 nos acompanhando e nos trouxe at\u00e9 aqui. Estou muito satisfeito mesmo&#8221;, afirmou Francisco Manoel.<\/p>\n<p style=\"text-align: justify\">A agente comunit\u00e1ria de sa\u00fade de Sobradinho, Cl\u00e1udia Souza e Silva, est\u00e1 acompanhando os pacientes e ressalta a import\u00e2ncia desta a\u00e7\u00e3o, principalmente para os idosos. &#8220;N\u00f3s t\u00ednhamos uma demanda reprimida de cirurgia de catarata e agora nossos idosos est\u00e3o podendo fazer essa cirurgia com excelentes profissionais. A Prefeitura deu total apoio e todos os pacientes est\u00e3o sendo acompanhados desde que saem da cidade at\u00e9 a volta. N\u00f3s estamos aqui para orient\u00e1-los, acolhe-los e dar suporte aos que n\u00e3o puderem trazer acompanhantes. Uma iniciativa muito boa da prefeitura, principalmente para atender a popula\u00e7\u00e3o mais carente&#8221;, esclareceu a agente.<\/p>\n<p style=\"text-align: justify\">&#8221; O Prefeito Luiz Vicente Berti nos orientou a garantir todo suporte aos usu\u00e1rios de Sobradinho. Vamos participar de todos os dias desta feira, trazendo nossos pacientes em \u00f4nibus, Vans e tamb\u00e9m oferecendo alimenta\u00e7\u00e3o e apoio dos agentes de sa\u00fade. At\u00e9 agora 160 pessoas foram atendidas com cirurgias de catarata e consultas. J\u00e1 temos agendados mais 60 e este n\u00famero vai aumentar at\u00e9 o final da feira. Ficamos felizes com a felicidade dos pacientes que trazemos e aqui conseguiram solucionar seus problemas de sa\u00fade e ganharam mais qualidade de vida&#8221;, declarou Ebezion, representante da Secretaria de Sa\u00fade de Sobradinho.<\/p>\n<p style=\"text-align: justify\">O &#8220;Sa\u00fade Sem Fronteiras&#8221;, segue at\u00e9 o dia 24 de novembro e tem como objetivo, reduzir as demandas reprimidas e dar maior celeridade aos procedimentos.\u00a0Esta \u00e9 a primeira feira de servi\u00e7os realizada na regi\u00e3o e que traz uma estrutura que engloba diversos procedimentos atrav\u00e9s de um atendimento humanizado com\u00a0m\u00e9dicos oftalmologistas, anestesiologistas, enfermeiros e t\u00e9cnicos.\u00a0A meta \u00e9 realizar 5.000 atendimentos de triagem para catarata (1.500 cirurgias), 1.800 atendimentos de glaucoma (com a entrega de col\u00edrio para o controle da press\u00e3o ocular), 1.250 mamografias e 770 procedimentos odontol\u00f3gicos.<\/p>\n<p style=\"text-align: justify\">O prefeito de Sobradinho, Luiz Vicente Berti, Presidente do Cons\u00f3rcio do Territ\u00f3rio do S\u00e3o Francisco, agradeceu ao Governo do Estado por esta importante a\u00e7\u00e3o que beneficia a popula\u00e7\u00e3o da regi\u00e3o. &#8221; Est\u00e1 parceria \u00e9 fruto das nossas reivindica\u00e7\u00f5es junto ao Governo do Estado e \u00e9 muito importante para n\u00f3s que representamos os munic\u00edpios de menor porte, pois passamos por dificuldades financeiras e t\u00ednhamos demandas reprimidas neste tipo de atendimento. Como Prefeito de Sobradinho dei prioridade a esta a\u00e7\u00e3o e garantimos todo suporte necess\u00e1rio para que nossa popula\u00e7\u00e3o fosse atendida&#8221;, concluiu Luiz Vicente.<\/p>\n<p style=\"text-align: justify\"><em>Ascom<\/em><\/p>\n","protected":false},"excerpt":{"rendered":"<p>PREFEITURA DE SOBRADINHO GARANTE ATENDIMENTO A CENTENAS DE PESSOAS NA FEIRA DE SERVI\u00c7OS- \u00a0SA\u00daDE SEM FRONTEIRAS Iniciada na \u00faltima ter\u00e7a-feira, 17, A Feira de Servi\u00e7os \u2013 Sa\u00fade Sem Fronteiras, vem prestando servi\u00e7os odontol\u00f3gicos (Odontom\u00f3vel), atendimentos oftalmol\u00f3gicos (catarata e glaucoma), rastreamento do c\u00e2ncer de mama (mamografia) e doa\u00e7\u00e3o de sangue (Hem\u00f3vel). O evento, idealizado pelo Governo do Estado da Bahia, est\u00e1 sendo realizado pela\u00a0Universidade Federal do Vale do S\u00e3o Francisco, em Juazeiro e reunindo usu\u00e1rios do\u00a0Sistema \u00danico de Sa\u00fade (SUS) dos dez munic\u00edpios da microrregi\u00e3o (Casa Nova, Sobradinho, Remanso, Pil\u00e3o Arcado, Campo Alegre de Lourdes, Cura\u00e7\u00e1, Uau\u00e1, Canudos, e Sento S\u00e9). Para assegurar o atendimento aos usu\u00e1rios de Sobradinho, a Prefeitura, atrav\u00e9s da Secret\u00e1ria de sa\u00fade, disponibilizou transporte, alimenta\u00e7\u00e3o e agentes&hellip; <\/p>\n","protected":false},"author":7,"featured_media":0,"comment_status":"open","ping_status":"open","sticky":false,"template":"","format":"standard","meta":{"_acf_changed":false,"footnotes":""},"categories":[44,4],"tags":[],"class_list":["post-133366","post","type-post","status-publish","format-standard","hentry","category-administracao","category-saude"],"acf":[],"yoast_head":"<!-- This site is optimized with the Yoast SEO plugin v27.4 - https:\/\/yoast.com\/product\/yoast-seo-wordpress\/ -->\n<title>DIRETO DE SOBRADINHO - Blog do Farn\u00e9sio<\/title>\n<meta name=\"robots\" content=\"index, follow, max-snippet:-1, max-image-preview:large, max-video-preview:-1\" \/>\n<link rel=\"canonical\" href=\"https:\/\/blogdofarnesio.com.br\/?p=133366\" \/>\n<meta property=\"og:locale\" content=\"pt_BR\" \/>\n<meta property=\"og:type\" content=\"article\" \/>\n<meta property=\"og:title\" content=\"DIRETO DE SOBRADINHO - Blog do Farn\u00e9sio\" \/>\n<meta property=\"og:description\" content=\"PREFEITURA DE SOBRADINHO GARANTE ATENDIMENTO A CENTENAS DE PESSOAS NA FEIRA DE SERVI\u00c7OS- \u00a0SA\u00daDE SEM FRONTEIRAS Iniciada na \u00faltima ter\u00e7a-feira, 17, A Feira de Servi\u00e7os \u2013 Sa\u00fade Sem Fronteiras, vem prestando servi\u00e7os odontol\u00f3gicos (Odontom\u00f3vel), atendimentos oftalmol\u00f3gicos (catarata e glaucoma), rastreamento do c\u00e2ncer de mama (mamografia) e doa\u00e7\u00e3o de sangue (Hem\u00f3vel). O evento, idealizado pelo Governo do Estado da Bahia, est\u00e1 sendo realizado pela\u00a0Universidade Federal do Vale do S\u00e3o Francisco, em Juazeiro e reunindo usu\u00e1rios do\u00a0Sistema \u00danico de Sa\u00fade (SUS) dos dez munic\u00edpios da microrregi\u00e3o (Casa Nova, Sobradinho, Remanso, Pil\u00e3o Arcado, Campo Alegre de Lourdes, Cura\u00e7\u00e1, Uau\u00e1, Canudos, e Sento S\u00e9). Para assegurar o atendimento aos usu\u00e1rios de Sobradinho, a Prefeitura, atrav\u00e9s da Secret\u00e1ria de sa\u00fade, disponibilizou transporte, alimenta\u00e7\u00e3o e agentes&hellip;\" \/>\n<meta property=\"og:url\" content=\"https:\/\/blogdofarnesio.com.br\/?p=133366\" \/>\n<meta property=\"og:site_name\" content=\"Blog do Farn\u00e9sio\" \/>\n<meta property=\"article:publisher\" content=\"https:\/\/www.facebook.com\/BlogQuerSaberPolitica\/\" \/>\n<meta property=\"article:published_time\" content=\"2015-11-20T18:20:48+00:00\" \/>\n<meta name=\"twitter:card\" content=\"summary_large_image\" \/>\n<meta name=\"twitter:label1\" content=\"Escrito por\" \/>\n\t<meta name=\"twitter:data1\" content=\"\" \/>\n\t<meta name=\"twitter:label2\" content=\"Est. tempo de leitura\" \/>\n\t<meta name=\"twitter:data2\" content=\"4 minutos\" \/>\n<script type=\"application\/ld+json\" class=\"yoast-schema-graph\">{\"@context\":\"https:\\\/\\\/schema.org\",\"@graph\":[{\"@type\":\"Article\",\"@id\":\"https:\\\/\\\/blogdofarnesio.com.br\\\/?p=133366#article\",\"isPartOf\":{\"@id\":\"https:\\\/\\\/blogdofarnesio.com.br\\\/?p=133366\"},\"author\":{\"name\":\"\",\"@id\":\"\"},\"headline\":\"DIRETO DE SOBRADINHO\",\"datePublished\":\"2015-11-20T18:20:48+00:00\",\"mainEntityOfPage\":{\"@id\":\"https:\\\/\\\/blogdofarnesio.com.br\\\/?p=133366\"},\"wordCount\":735,\"commentCount\":0,\"publisher\":{\"@id\":\"https:\\\/\\\/blogdofarnesio.com.br\\\/#organization\"},\"articleSection\":[\"Administra\u00e7\u00e3o\",\"Sa\u00fade\"],\"inLanguage\":\"pt-BR\",\"potentialAction\":[{\"@type\":\"CommentAction\",\"name\":\"Comment\",\"target\":[\"https:\\\/\\\/blogdofarnesio.com.br\\\/?p=133366#respond\"]}]},{\"@type\":\"WebPage\",\"@id\":\"https:\\\/\\\/blogdofarnesio.com.br\\\/?p=133366\",\"url\":\"https:\\\/\\\/blogdofarnesio.com.br\\\/?p=133366\",\"name\":\"DIRETO DE SOBRADINHO - Blog do Farn\u00e9sio\",\"isPartOf\":{\"@id\":\"https:\\\/\\\/blogdofarnesio.com.br\\\/#website\"},\"datePublished\":\"2015-11-20T18:20:48+00:00\",\"breadcrumb\":{\"@id\":\"https:\\\/\\\/blogdofarnesio.com.br\\\/?p=133366#breadcrumb\"},\"inLanguage\":\"pt-BR\",\"potentialAction\":[{\"@type\":\"ReadAction\",\"target\":[\"https:\\\/\\\/blogdofarnesio.com.br\\\/?p=133366\"]}]},{\"@type\":\"BreadcrumbList\",\"@id\":\"https:\\\/\\\/blogdofarnesio.com.br\\\/?p=133366#breadcrumb\",\"itemListElement\":[{\"@type\":\"ListItem\",\"position\":1,\"name\":\"In\u00edcio\",\"item\":\"https:\\\/\\\/blogdofarnesio.com.br\\\/\"},{\"@type\":\"ListItem\",\"position\":2,\"name\":\"DIRETO DE SOBRADINHO\"}]},{\"@type\":\"WebSite\",\"@id\":\"https:\\\/\\\/blogdofarnesio.com.br\\\/#website\",\"url\":\"https:\\\/\\\/blogdofarnesio.com.br\\\/\",\"name\":\"Blog do Farn\u00e9sio\",\"description\":\"Quer Saber Pol\u00edtica?\",\"publisher\":{\"@id\":\"https:\\\/\\\/blogdofarnesio.com.br\\\/#organization\"},\"potentialAction\":[{\"@type\":\"SearchAction\",\"target\":{\"@type\":\"EntryPoint\",\"urlTemplate\":\"https:\\\/\\\/blogdofarnesio.com.br\\\/?s={search_term_string}\"},\"query-input\":{\"@type\":\"PropertyValueSpecification\",\"valueRequired\":true,\"valueName\":\"search_term_string\"}}],\"inLanguage\":\"pt-BR\"},{\"@type\":\"Organization\",\"@id\":\"https:\\\/\\\/blogdofarnesio.com.br\\\/#organization\",\"name\":\"Blog do Farn\u00e9sio\",\"url\":\"https:\\\/\\\/blogdofarnesio.com.br\\\/\",\"logo\":{\"@type\":\"ImageObject\",\"inLanguage\":\"pt-BR\",\"@id\":\"https:\\\/\\\/blogdofarnesio.com.br\\\/#\\\/schema\\\/logo\\\/image\\\/\",\"url\":\"https:\\\/\\\/blogdofarnesio.com.br\\\/wp-content\\\/uploads\\\/2026\\\/03\\\/cropped-logo_new-1.png\",\"contentUrl\":\"https:\\\/\\\/blogdofarnesio.com.br\\\/wp-content\\\/uploads\\\/2026\\\/03\\\/cropped-logo_new-1.png\",\"width\":881,\"height\":685,\"caption\":\"Blog do Farn\u00e9sio\"},\"image\":{\"@id\":\"https:\\\/\\\/blogdofarnesio.com.br\\\/#\\\/schema\\\/logo\\\/image\\\/\"},\"sameAs\":[\"https:\\\/\\\/www.facebook.com\\\/BlogQuerSaberPolitica\\\/\"]},{\"@type\":\"Person\",\"@id\":\"\",\"url\":\"https:\\\/\\\/blogdofarnesio.com.br\\\/?author=7\"}]}<\/script>\n<!-- \/ Yoast SEO plugin. -->","yoast_head_json":{"title":"DIRETO DE SOBRADINHO - Blog do Farn\u00e9sio","robots":{"index":"index","follow":"follow","max-snippet":"max-snippet:-1","max-image-preview":"max-image-preview:large","max-video-preview":"max-video-preview:-1"},"canonical":"https:\/\/blogdofarnesio.com.br\/?p=133366","og_locale":"pt_BR","og_type":"article","og_title":"DIRETO DE SOBRADINHO - Blog do Farn\u00e9sio","og_description":"PREFEITURA DE SOBRADINHO GARANTE ATENDIMENTO A CENTENAS DE PESSOAS NA FEIRA DE SERVI\u00c7OS- \u00a0SA\u00daDE SEM FRONTEIRAS Iniciada na \u00faltima ter\u00e7a-feira, 17, A Feira de Servi\u00e7os \u2013 Sa\u00fade Sem Fronteiras, vem prestando servi\u00e7os odontol\u00f3gicos (Odontom\u00f3vel), atendimentos oftalmol\u00f3gicos (catarata e glaucoma), rastreamento do c\u00e2ncer de mama (mamografia) e doa\u00e7\u00e3o de sangue (Hem\u00f3vel). O evento, idealizado pelo Governo do Estado da Bahia, est\u00e1 sendo realizado pela\u00a0Universidade Federal do Vale do S\u00e3o Francisco, em Juazeiro e reunindo usu\u00e1rios do\u00a0Sistema \u00danico de Sa\u00fade (SUS) dos dez munic\u00edpios da microrregi\u00e3o (Casa Nova, Sobradinho, Remanso, Pil\u00e3o Arcado, Campo Alegre de Lourdes, Cura\u00e7\u00e1, Uau\u00e1, Canudos, e Sento S\u00e9). Para assegurar o atendimento aos usu\u00e1rios de Sobradinho, a Prefeitura, atrav\u00e9s da Secret\u00e1ria de sa\u00fade, disponibilizou transporte, alimenta\u00e7\u00e3o e agentes&hellip;","og_url":"https:\/\/blogdofarnesio.com.br\/?p=133366","og_site_name":"Blog do Farn\u00e9sio","article_publisher":"https:\/\/www.facebook.com\/BlogQuerSaberPolitica\/","article_published_time":"2015-11-20T18:20:48+00:00","twitter_card":"summary_large_image","twitter_misc":{"Escrito por":"","Est. tempo de leitura":"4 minutos"},"schema":{"@context":"https:\/\/schema.org","@graph":[{"@type":"Article","@id":"https:\/\/blogdofarnesio.com.br\/?p=133366#article","isPartOf":{"@id":"https:\/\/blogdofarnesio.com.br\/?p=133366"},"author":{"name":"","@id":""},"headline":"DIRETO DE SOBRADINHO","datePublished":"2015-11-20T18:20:48+00:00","mainEntityOfPage":{"@id":"https:\/\/blogdofarnesio.com.br\/?p=133366"},"wordCount":735,"commentCount":0,"publisher":{"@id":"https:\/\/blogdofarnesio.com.br\/#organization"},"articleSection":["Administra\u00e7\u00e3o","Sa\u00fade"],"inLanguage":"pt-BR","potentialAction":[{"@type":"CommentAction","name":"Comment","target":["https:\/\/blogdofarnesio.com.br\/?p=133366#respond"]}]},{"@type":"WebPage","@id":"https:\/\/blogdofarnesio.com.br\/?p=133366","url":"https:\/\/blogdofarnesio.com.br\/?p=133366","name":"DIRETO DE SOBRADINHO - Blog do Farn\u00e9sio","isPartOf":{"@id":"https:\/\/blogdofarnesio.com.br\/#website"},"datePublished":"2015-11-20T18:20:48+00:00","breadcrumb":{"@id":"https:\/\/blogdofarnesio.com.br\/?p=133366#breadcrumb"},"inLanguage":"pt-BR","potentialAction":[{"@type":"ReadAction","target":["https:\/\/blogdofarnesio.com.br\/?p=133366"]}]},{"@type":"BreadcrumbList","@id":"https:\/\/blogdofarnesio.com.br\/?p=133366#breadcrumb","itemListElement":[{"@type":"ListItem","position":1,"name":"In\u00edcio","item":"https:\/\/blogdofarnesio.com.br\/"},{"@type":"ListItem","position":2,"name":"DIRETO DE SOBRADINHO"}]},{"@type":"WebSite","@id":"https:\/\/blogdofarnesio.com.br\/#website","url":"https:\/\/blogdofarnesio.com.br\/","name":"Blog do Farn\u00e9sio","description":"Quer Saber Pol\u00edtica?","publisher":{"@id":"https:\/\/blogdofarnesio.com.br\/#organization"},"potentialAction":[{"@type":"SearchAction","target":{"@type":"EntryPoint","urlTemplate":"https:\/\/blogdofarnesio.com.br\/?s={search_term_string}"},"query-input":{"@type":"PropertyValueSpecification","valueRequired":true,"valueName":"search_term_string"}}],"inLanguage":"pt-BR"},{"@type":"Organization","@id":"https:\/\/blogdofarnesio.com.br\/#organization","name":"Blog do Farn\u00e9sio","url":"https:\/\/blogdofarnesio.com.br\/","logo":{"@type":"ImageObject","inLanguage":"pt-BR","@id":"https:\/\/blogdofarnesio.com.br\/#\/schema\/logo\/image\/","url":"https:\/\/blogdofarnesio.com.br\/wp-content\/uploads\/2026\/03\/cropped-logo_new-1.png","contentUrl":"https:\/\/blogdofarnesio.com.br\/wp-content\/uploads\/2026\/03\/cropped-logo_new-1.png","width":881,"height":685,"caption":"Blog do Farn\u00e9sio"},"image":{"@id":"https:\/\/blogdofarnesio.com.br\/#\/schema\/logo\/image\/"},"sameAs":["https:\/\/www.facebook.com\/BlogQuerSaberPolitica\/"]},{"@type":"Person","@id":"","url":"https:\/\/blogdofarnesio.com.br\/?author=7"}]}},"_links":{"self":[{"href":"https:\/\/blogdofarnesio.com.br\/index.php?rest_route=\/wp\/v2\/posts\/133366","targetHints":{"allow":["GET"]}}],"collection":[{"href":"https:\/\/blogdofarnesio.com.br\/index.php?rest_route=\/wp\/v2\/posts"}],"about":[{"href":"https:\/\/blogdofarnesio.com.br\/index.php?rest_route=\/wp\/v2\/types\/post"}],"author":[{"embeddable":true,"href":"https:\/\/blogdofarnesio.com.br\/index.php?rest_route=\/wp\/v2\/users\/7"}],"replies":[{"embeddable":true,"href":"https:\/\/blogdofarnesio.com.br\/index.php?rest_route=%2Fwp%2Fv2%2Fcomments&post=133366"}],"version-history":[{"count":0,"href":"https:\/\/blogdofarnesio.com.br\/index.php?rest_route=\/wp\/v2\/posts\/133366\/revisions"}],"wp:attachment":[{"href":"https:\/\/blogdofarnesio.com.br\/index.php?rest_route=%2Fwp%2Fv2%2Fmedia&parent=133366"}],"wp:term":[{"taxonomy":"category","embeddable":true,"href":"https:\/\/blogdofarnesio.com.br\/index.php?rest_route=%2Fwp%2Fv2%2Fcategories&post=133366"},{"taxonomy":"post_tag","embeddable":true,"href":"https:\/\/blogdofarnesio.com.br\/index.php?rest_route=%2Fwp%2Fv2%2Ftags&post=133366"}],"curies":[{"name":"wp","href":"https:\/\/api.w.org\/{rel}","templated":true}]}}