{"id":133337,"date":"2015-11-20T13:00:14","date_gmt":"2015-11-20T16:00:14","guid":{"rendered":"http:\/\/www.quersaberpolitica.com.br\/?p=133337"},"modified":"2015-11-20T11:29:42","modified_gmt":"2015-11-20T14:29:42","slug":"show-noche-cubana-movimenta-petrolina-e-juazeiro-neste-final-de-semana","status":"publish","type":"post","link":"https:\/\/blogdofarnesio.com.br\/?p=133337","title":{"rendered":"SHOW NOCHE CUBANA MOVIMENTA  PETROLINA E JUAZEIRO  NESTE FINAL DE SEMANA"},"content":{"rendered":"<p style=\"text-align: justify\"><a href=\"http:\/\/www.quersaberpolitica.com.br\/2016\/wp-content\/uploads\/2015\/11\/blogqsp-show-Noche-Cubana-Cartaz.jpg\"><img loading=\"lazy\" decoding=\"async\" class=\"  wp-image-133338 alignleft\" src=\"http:\/\/www.quersaberpolitica.com.br\/2016\/wp-content\/uploads\/2015\/11\/blogqsp-show-Noche-Cubana-Cartaz-206x300.jpg\" alt=\"blogqsp-show Noche Cubana-Cartaz\" width=\"280\" height=\"401\" \/><\/a><\/p>\n<p style=\"text-align: justify\">Uma aut\u00eantica noite em Havana, com direito a fortes lembran\u00e7as do Buena Vista Social Club, sua identidade sonora percussiva, quente e irresistivelmente dan\u00e7ante e seus m\u00fasicos inesquec\u00edveis. Esta \u00e9 a proposta do show Noche Cubana, que Ivan El Cubano e Brasil Band apresenta hoje\u00a0(20), no Teatro Dona Am\u00e9lia (Sesc Petrolina), e no s\u00e1bado (21) no Centro de Cultura Jo\u00e3o Gilberto, em Juazeiro \u2013 BA.<\/p>\n<p style=\"text-align: justify\">O show, que come\u00e7a \u00e0s 20h30, traz \u00e0 regi\u00e3o o m\u00fasico, compositor e instrumentista Ivan Delgado Puentes, que est\u00e1 no Brasil h\u00e1 pouco tempo e divide as aten\u00e7\u00f5es entre a m\u00fasica e a medicina. Com um repert\u00f3rio, que inclui can\u00e7\u00f5es, a exemplo de Chan Chan, El Carretero e a emblem\u00e1tica Guantanamera, de Jos\u00e9 Marti e Josito Fernandez, o artista completa a audi\u00e7\u00e3o com v\u00e1rias can\u00e7\u00f5es autorais como San Francisco Rio Mio, Samba com Mambo de La Havana e No Queiro La Fama.<\/p>\n<p style=\"text-align: justify\">Nas apresenta\u00e7\u00f5es em Petrolina e Juazeiro, o grupo Ivan El Cubano &amp; Brasil Band, vai contar com os m\u00fasicos Pedro Luiz (percuss\u00e3o), Silvino Junior (percuss\u00e3o), Claudia Menezes (cantora) e Eug\u00eanio Cruz (viol\u00e3o), que tamb\u00e9m assina a dire\u00e7\u00e3o musical do projeto, al\u00e9m da participa\u00e7\u00e3o especial da cantora Fabiana Santiago, Cleybson Bol\u00e3o (percuss\u00e3o) e Edson Lima (violinista).<\/p>\n<p style=\"text-align: justify\">A produ\u00e7\u00e3o e realiza\u00e7\u00e3o \u00e9 da Carranca Sonora Pro Artes e os ingressos para estas noites de boleros, mambos, salsas e afins, j\u00e1 est\u00e3o \u00e0 disposi\u00e7\u00e3o no valor de R$ 20,00(inteira) e R$ 10,00 (meia), e tamb\u00e9m podem ser adquiridos no dia e local. Mais informa\u00e7\u00f5es e contrata\u00e7\u00e3o do show: <a href=\"tel:%2887%29%2098823%200269\">(87) 98823 0269<\/a> (WhatsApp). Apoio cultural: Centro de Cultura Jo\u00e3o Gilberto, Carranca Sonora e Clas Comunica\u00e7\u00e3o &amp; Marketing.<\/p>\n<p><em>Clas Comunica\u00e7\u00e3o &amp; Marketing<\/em><\/p>\n","protected":false},"excerpt":{"rendered":"<p>Uma aut\u00eantica noite em Havana, com direito a fortes lembran\u00e7as do Buena Vista Social Club, sua identidade sonora percussiva, quente e irresistivelmente dan\u00e7ante e seus m\u00fasicos inesquec\u00edveis. Esta \u00e9 a proposta do show Noche Cubana, que Ivan El Cubano e Brasil Band apresenta hoje\u00a0(20), no Teatro Dona Am\u00e9lia (Sesc Petrolina), e no s\u00e1bado (21) no Centro de Cultura Jo\u00e3o Gilberto, em Juazeiro \u2013 BA. O show, que come\u00e7a \u00e0s 20h30, traz \u00e0 regi\u00e3o o m\u00fasico, compositor e instrumentista Ivan Delgado Puentes, que est\u00e1 no Brasil h\u00e1 pouco tempo e divide as aten\u00e7\u00f5es entre a m\u00fasica e a medicina. Com um repert\u00f3rio, que inclui can\u00e7\u00f5es, a exemplo de Chan Chan, El Carretero e a emblem\u00e1tica Guantanamera, de Jos\u00e9 Marti e Josito&hellip; <\/p>\n","protected":false},"author":7,"featured_media":0,"comment_status":"open","ping_status":"open","sticky":false,"template":"","format":"standard","meta":{"_acf_changed":false,"footnotes":""},"categories":[44,10],"tags":[],"class_list":["post-133337","post","type-post","status-publish","format-standard","hentry","category-administracao","category-cultura"],"acf":[],"yoast_head":"<!-- This site is optimized with the Yoast SEO plugin v27.4 - https:\/\/yoast.com\/product\/yoast-seo-wordpress\/ -->\n<title>SHOW NOCHE CUBANA MOVIMENTA PETROLINA E JUAZEIRO NESTE FINAL DE SEMANA - Blog do Farn\u00e9sio<\/title>\n<meta name=\"robots\" content=\"index, follow, max-snippet:-1, max-image-preview:large, max-video-preview:-1\" \/>\n<link rel=\"canonical\" href=\"https:\/\/blogdofarnesio.com.br\/?p=133337\" \/>\n<meta property=\"og:locale\" content=\"pt_BR\" \/>\n<meta property=\"og:type\" content=\"article\" \/>\n<meta property=\"og:title\" content=\"SHOW NOCHE CUBANA MOVIMENTA PETROLINA E JUAZEIRO NESTE FINAL DE SEMANA - Blog do Farn\u00e9sio\" \/>\n<meta property=\"og:description\" content=\"Uma aut\u00eantica noite em Havana, com direito a fortes lembran\u00e7as do Buena Vista Social Club, sua identidade sonora percussiva, quente e irresistivelmente dan\u00e7ante e seus m\u00fasicos inesquec\u00edveis. Esta \u00e9 a proposta do show Noche Cubana, que Ivan El Cubano e Brasil Band apresenta hoje\u00a0(20), no Teatro Dona Am\u00e9lia (Sesc Petrolina), e no s\u00e1bado (21) no Centro de Cultura Jo\u00e3o Gilberto, em Juazeiro \u2013 BA. O show, que come\u00e7a \u00e0s 20h30, traz \u00e0 regi\u00e3o o m\u00fasico, compositor e instrumentista Ivan Delgado Puentes, que est\u00e1 no Brasil h\u00e1 pouco tempo e divide as aten\u00e7\u00f5es entre a m\u00fasica e a medicina. Com um repert\u00f3rio, que inclui can\u00e7\u00f5es, a exemplo de Chan Chan, El Carretero e a emblem\u00e1tica Guantanamera, de Jos\u00e9 Marti e Josito&hellip;\" \/>\n<meta property=\"og:url\" content=\"https:\/\/blogdofarnesio.com.br\/?p=133337\" \/>\n<meta property=\"og:site_name\" content=\"Blog do Farn\u00e9sio\" \/>\n<meta property=\"article:publisher\" content=\"https:\/\/www.facebook.com\/BlogQuerSaberPolitica\/\" \/>\n<meta property=\"article:published_time\" content=\"2015-11-20T16:00:14+00:00\" \/>\n<meta property=\"og:image\" content=\"http:\/\/www.quersaberpolitica.com.br\/2016\/wp-content\/uploads\/2015\/11\/blogqsp-show-Noche-Cubana-Cartaz-206x300.jpg\" \/>\n<meta name=\"twitter:card\" content=\"summary_large_image\" \/>\n<meta name=\"twitter:label1\" content=\"Escrito por\" \/>\n\t<meta name=\"twitter:data1\" content=\"\" \/>\n\t<meta name=\"twitter:label2\" content=\"Est. tempo de leitura\" \/>\n\t<meta name=\"twitter:data2\" content=\"2 minutos\" \/>\n<script type=\"application\/ld+json\" class=\"yoast-schema-graph\">{\"@context\":\"https:\\\/\\\/schema.org\",\"@graph\":[{\"@type\":\"Article\",\"@id\":\"https:\\\/\\\/blogdofarnesio.com.br\\\/?p=133337#article\",\"isPartOf\":{\"@id\":\"https:\\\/\\\/blogdofarnesio.com.br\\\/?p=133337\"},\"author\":{\"name\":\"\",\"@id\":\"\"},\"headline\":\"SHOW NOCHE CUBANA MOVIMENTA PETROLINA E JUAZEIRO NESTE FINAL DE SEMANA\",\"datePublished\":\"2015-11-20T16:00:14+00:00\",\"mainEntityOfPage\":{\"@id\":\"https:\\\/\\\/blogdofarnesio.com.br\\\/?p=133337\"},\"wordCount\":315,\"commentCount\":0,\"publisher\":{\"@id\":\"https:\\\/\\\/blogdofarnesio.com.br\\\/#organization\"},\"image\":{\"@id\":\"https:\\\/\\\/blogdofarnesio.com.br\\\/?p=133337#primaryimage\"},\"thumbnailUrl\":\"http:\\\/\\\/www.quersaberpolitica.com.br\\\/2016\\\/wp-content\\\/uploads\\\/2015\\\/11\\\/blogqsp-show-Noche-Cubana-Cartaz-206x300.jpg\",\"articleSection\":[\"Administra\u00e7\u00e3o\",\"Cultura\"],\"inLanguage\":\"pt-BR\",\"potentialAction\":[{\"@type\":\"CommentAction\",\"name\":\"Comment\",\"target\":[\"https:\\\/\\\/blogdofarnesio.com.br\\\/?p=133337#respond\"]}]},{\"@type\":\"WebPage\",\"@id\":\"https:\\\/\\\/blogdofarnesio.com.br\\\/?p=133337\",\"url\":\"https:\\\/\\\/blogdofarnesio.com.br\\\/?p=133337\",\"name\":\"SHOW NOCHE CUBANA MOVIMENTA PETROLINA E JUAZEIRO NESTE FINAL DE SEMANA - Blog do Farn\u00e9sio\",\"isPartOf\":{\"@id\":\"https:\\\/\\\/blogdofarnesio.com.br\\\/#website\"},\"primaryImageOfPage\":{\"@id\":\"https:\\\/\\\/blogdofarnesio.com.br\\\/?p=133337#primaryimage\"},\"image\":{\"@id\":\"https:\\\/\\\/blogdofarnesio.com.br\\\/?p=133337#primaryimage\"},\"thumbnailUrl\":\"http:\\\/\\\/www.quersaberpolitica.com.br\\\/2016\\\/wp-content\\\/uploads\\\/2015\\\/11\\\/blogqsp-show-Noche-Cubana-Cartaz-206x300.jpg\",\"datePublished\":\"2015-11-20T16:00:14+00:00\",\"breadcrumb\":{\"@id\":\"https:\\\/\\\/blogdofarnesio.com.br\\\/?p=133337#breadcrumb\"},\"inLanguage\":\"pt-BR\",\"potentialAction\":[{\"@type\":\"ReadAction\",\"target\":[\"https:\\\/\\\/blogdofarnesio.com.br\\\/?p=133337\"]}]},{\"@type\":\"ImageObject\",\"inLanguage\":\"pt-BR\",\"@id\":\"https:\\\/\\\/blogdofarnesio.com.br\\\/?p=133337#primaryimage\",\"url\":\"http:\\\/\\\/www.quersaberpolitica.com.br\\\/2016\\\/wp-content\\\/uploads\\\/2015\\\/11\\\/blogqsp-show-Noche-Cubana-Cartaz-206x300.jpg\",\"contentUrl\":\"http:\\\/\\\/www.quersaberpolitica.com.br\\\/2016\\\/wp-content\\\/uploads\\\/2015\\\/11\\\/blogqsp-show-Noche-Cubana-Cartaz-206x300.jpg\"},{\"@type\":\"BreadcrumbList\",\"@id\":\"https:\\\/\\\/blogdofarnesio.com.br\\\/?p=133337#breadcrumb\",\"itemListElement\":[{\"@type\":\"ListItem\",\"position\":1,\"name\":\"In\u00edcio\",\"item\":\"https:\\\/\\\/blogdofarnesio.com.br\\\/\"},{\"@type\":\"ListItem\",\"position\":2,\"name\":\"SHOW NOCHE CUBANA MOVIMENTA PETROLINA E JUAZEIRO NESTE FINAL DE SEMANA\"}]},{\"@type\":\"WebSite\",\"@id\":\"https:\\\/\\\/blogdofarnesio.com.br\\\/#website\",\"url\":\"https:\\\/\\\/blogdofarnesio.com.br\\\/\",\"name\":\"Blog do Farn\u00e9sio\",\"description\":\"Quer Saber Pol\u00edtica?\",\"publisher\":{\"@id\":\"https:\\\/\\\/blogdofarnesio.com.br\\\/#organization\"},\"potentialAction\":[{\"@type\":\"SearchAction\",\"target\":{\"@type\":\"EntryPoint\",\"urlTemplate\":\"https:\\\/\\\/blogdofarnesio.com.br\\\/?s={search_term_string}\"},\"query-input\":{\"@type\":\"PropertyValueSpecification\",\"valueRequired\":true,\"valueName\":\"search_term_string\"}}],\"inLanguage\":\"pt-BR\"},{\"@type\":\"Organization\",\"@id\":\"https:\\\/\\\/blogdofarnesio.com.br\\\/#organization\",\"name\":\"Blog do Farn\u00e9sio\",\"url\":\"https:\\\/\\\/blogdofarnesio.com.br\\\/\",\"logo\":{\"@type\":\"ImageObject\",\"inLanguage\":\"pt-BR\",\"@id\":\"https:\\\/\\\/blogdofarnesio.com.br\\\/#\\\/schema\\\/logo\\\/image\\\/\",\"url\":\"https:\\\/\\\/blogdofarnesio.com.br\\\/wp-content\\\/uploads\\\/2026\\\/03\\\/cropped-logo_new-1.png\",\"contentUrl\":\"https:\\\/\\\/blogdofarnesio.com.br\\\/wp-content\\\/uploads\\\/2026\\\/03\\\/cropped-logo_new-1.png\",\"width\":881,\"height\":685,\"caption\":\"Blog do Farn\u00e9sio\"},\"image\":{\"@id\":\"https:\\\/\\\/blogdofarnesio.com.br\\\/#\\\/schema\\\/logo\\\/image\\\/\"},\"sameAs\":[\"https:\\\/\\\/www.facebook.com\\\/BlogQuerSaberPolitica\\\/\"]},{\"@type\":\"Person\",\"@id\":\"\",\"url\":\"https:\\\/\\\/blogdofarnesio.com.br\\\/?author=7\"}]}<\/script>\n<!-- \/ Yoast SEO plugin. -->","yoast_head_json":{"title":"SHOW NOCHE CUBANA MOVIMENTA PETROLINA E JUAZEIRO NESTE FINAL DE SEMANA - Blog do Farn\u00e9sio","robots":{"index":"index","follow":"follow","max-snippet":"max-snippet:-1","max-image-preview":"max-image-preview:large","max-video-preview":"max-video-preview:-1"},"canonical":"https:\/\/blogdofarnesio.com.br\/?p=133337","og_locale":"pt_BR","og_type":"article","og_title":"SHOW NOCHE CUBANA MOVIMENTA PETROLINA E JUAZEIRO NESTE FINAL DE SEMANA - Blog do Farn\u00e9sio","og_description":"Uma aut\u00eantica noite em Havana, com direito a fortes lembran\u00e7as do Buena Vista Social Club, sua identidade sonora percussiva, quente e irresistivelmente dan\u00e7ante e seus m\u00fasicos inesquec\u00edveis. Esta \u00e9 a proposta do show Noche Cubana, que Ivan El Cubano e Brasil Band apresenta hoje\u00a0(20), no Teatro Dona Am\u00e9lia (Sesc Petrolina), e no s\u00e1bado (21) no Centro de Cultura Jo\u00e3o Gilberto, em Juazeiro \u2013 BA. O show, que come\u00e7a \u00e0s 20h30, traz \u00e0 regi\u00e3o o m\u00fasico, compositor e instrumentista Ivan Delgado Puentes, que est\u00e1 no Brasil h\u00e1 pouco tempo e divide as aten\u00e7\u00f5es entre a m\u00fasica e a medicina. Com um repert\u00f3rio, que inclui can\u00e7\u00f5es, a exemplo de Chan Chan, El Carretero e a emblem\u00e1tica Guantanamera, de Jos\u00e9 Marti e Josito&hellip;","og_url":"https:\/\/blogdofarnesio.com.br\/?p=133337","og_site_name":"Blog do Farn\u00e9sio","article_publisher":"https:\/\/www.facebook.com\/BlogQuerSaberPolitica\/","article_published_time":"2015-11-20T16:00:14+00:00","og_image":[{"url":"http:\/\/www.quersaberpolitica.com.br\/2016\/wp-content\/uploads\/2015\/11\/blogqsp-show-Noche-Cubana-Cartaz-206x300.jpg","type":"","width":"","height":""}],"twitter_card":"summary_large_image","twitter_misc":{"Escrito por":"","Est. tempo de leitura":"2 minutos"},"schema":{"@context":"https:\/\/schema.org","@graph":[{"@type":"Article","@id":"https:\/\/blogdofarnesio.com.br\/?p=133337#article","isPartOf":{"@id":"https:\/\/blogdofarnesio.com.br\/?p=133337"},"author":{"name":"","@id":""},"headline":"SHOW NOCHE CUBANA MOVIMENTA PETROLINA E JUAZEIRO NESTE FINAL DE SEMANA","datePublished":"2015-11-20T16:00:14+00:00","mainEntityOfPage":{"@id":"https:\/\/blogdofarnesio.com.br\/?p=133337"},"wordCount":315,"commentCount":0,"publisher":{"@id":"https:\/\/blogdofarnesio.com.br\/#organization"},"image":{"@id":"https:\/\/blogdofarnesio.com.br\/?p=133337#primaryimage"},"thumbnailUrl":"http:\/\/www.quersaberpolitica.com.br\/2016\/wp-content\/uploads\/2015\/11\/blogqsp-show-Noche-Cubana-Cartaz-206x300.jpg","articleSection":["Administra\u00e7\u00e3o","Cultura"],"inLanguage":"pt-BR","potentialAction":[{"@type":"CommentAction","name":"Comment","target":["https:\/\/blogdofarnesio.com.br\/?p=133337#respond"]}]},{"@type":"WebPage","@id":"https:\/\/blogdofarnesio.com.br\/?p=133337","url":"https:\/\/blogdofarnesio.com.br\/?p=133337","name":"SHOW NOCHE CUBANA MOVIMENTA PETROLINA E JUAZEIRO NESTE FINAL DE SEMANA - Blog do Farn\u00e9sio","isPartOf":{"@id":"https:\/\/blogdofarnesio.com.br\/#website"},"primaryImageOfPage":{"@id":"https:\/\/blogdofarnesio.com.br\/?p=133337#primaryimage"},"image":{"@id":"https:\/\/blogdofarnesio.com.br\/?p=133337#primaryimage"},"thumbnailUrl":"http:\/\/www.quersaberpolitica.com.br\/2016\/wp-content\/uploads\/2015\/11\/blogqsp-show-Noche-Cubana-Cartaz-206x300.jpg","datePublished":"2015-11-20T16:00:14+00:00","breadcrumb":{"@id":"https:\/\/blogdofarnesio.com.br\/?p=133337#breadcrumb"},"inLanguage":"pt-BR","potentialAction":[{"@type":"ReadAction","target":["https:\/\/blogdofarnesio.com.br\/?p=133337"]}]},{"@type":"ImageObject","inLanguage":"pt-BR","@id":"https:\/\/blogdofarnesio.com.br\/?p=133337#primaryimage","url":"http:\/\/www.quersaberpolitica.com.br\/2016\/wp-content\/uploads\/2015\/11\/blogqsp-show-Noche-Cubana-Cartaz-206x300.jpg","contentUrl":"http:\/\/www.quersaberpolitica.com.br\/2016\/wp-content\/uploads\/2015\/11\/blogqsp-show-Noche-Cubana-Cartaz-206x300.jpg"},{"@type":"BreadcrumbList","@id":"https:\/\/blogdofarnesio.com.br\/?p=133337#breadcrumb","itemListElement":[{"@type":"ListItem","position":1,"name":"In\u00edcio","item":"https:\/\/blogdofarnesio.com.br\/"},{"@type":"ListItem","position":2,"name":"SHOW NOCHE CUBANA MOVIMENTA PETROLINA E JUAZEIRO NESTE FINAL DE SEMANA"}]},{"@type":"WebSite","@id":"https:\/\/blogdofarnesio.com.br\/#website","url":"https:\/\/blogdofarnesio.com.br\/","name":"Blog do Farn\u00e9sio","description":"Quer Saber Pol\u00edtica?","publisher":{"@id":"https:\/\/blogdofarnesio.com.br\/#organization"},"potentialAction":[{"@type":"SearchAction","target":{"@type":"EntryPoint","urlTemplate":"https:\/\/blogdofarnesio.com.br\/?s={search_term_string}"},"query-input":{"@type":"PropertyValueSpecification","valueRequired":true,"valueName":"search_term_string"}}],"inLanguage":"pt-BR"},{"@type":"Organization","@id":"https:\/\/blogdofarnesio.com.br\/#organization","name":"Blog do Farn\u00e9sio","url":"https:\/\/blogdofarnesio.com.br\/","logo":{"@type":"ImageObject","inLanguage":"pt-BR","@id":"https:\/\/blogdofarnesio.com.br\/#\/schema\/logo\/image\/","url":"https:\/\/blogdofarnesio.com.br\/wp-content\/uploads\/2026\/03\/cropped-logo_new-1.png","contentUrl":"https:\/\/blogdofarnesio.com.br\/wp-content\/uploads\/2026\/03\/cropped-logo_new-1.png","width":881,"height":685,"caption":"Blog do Farn\u00e9sio"},"image":{"@id":"https:\/\/blogdofarnesio.com.br\/#\/schema\/logo\/image\/"},"sameAs":["https:\/\/www.facebook.com\/BlogQuerSaberPolitica\/"]},{"@type":"Person","@id":"","url":"https:\/\/blogdofarnesio.com.br\/?author=7"}]}},"_links":{"self":[{"href":"https:\/\/blogdofarnesio.com.br\/index.php?rest_route=\/wp\/v2\/posts\/133337","targetHints":{"allow":["GET"]}}],"collection":[{"href":"https:\/\/blogdofarnesio.com.br\/index.php?rest_route=\/wp\/v2\/posts"}],"about":[{"href":"https:\/\/blogdofarnesio.com.br\/index.php?rest_route=\/wp\/v2\/types\/post"}],"author":[{"embeddable":true,"href":"https:\/\/blogdofarnesio.com.br\/index.php?rest_route=\/wp\/v2\/users\/7"}],"replies":[{"embeddable":true,"href":"https:\/\/blogdofarnesio.com.br\/index.php?rest_route=%2Fwp%2Fv2%2Fcomments&post=133337"}],"version-history":[{"count":0,"href":"https:\/\/blogdofarnesio.com.br\/index.php?rest_route=\/wp\/v2\/posts\/133337\/revisions"}],"wp:attachment":[{"href":"https:\/\/blogdofarnesio.com.br\/index.php?rest_route=%2Fwp%2Fv2%2Fmedia&parent=133337"}],"wp:term":[{"taxonomy":"category","embeddable":true,"href":"https:\/\/blogdofarnesio.com.br\/index.php?rest_route=%2Fwp%2Fv2%2Fcategories&post=133337"},{"taxonomy":"post_tag","embeddable":true,"href":"https:\/\/blogdofarnesio.com.br\/index.php?rest_route=%2Fwp%2Fv2%2Ftags&post=133337"}],"curies":[{"name":"wp","href":"https:\/\/api.w.org\/{rel}","templated":true}]}}