{"id":13333,"date":"2012-04-23T17:00:03","date_gmt":"2012-04-23T17:00:03","guid":{"rendered":"http:\/\/www.quersaberpolitica.com.br?p=13333"},"modified":"-0001-11-30T00:00:00","modified_gmt":"-0001-11-30T03:00:00","slug":"oncologia-do-hrj-realiza-acoes-socioeducativas-de-combate-ao-cancer","status":"publish","type":"post","link":"https:\/\/blogdofarnesio.com.br\/?p=13333","title":{"rendered":"Oncologia do HRJ realiza a\u00e7\u00f5es s\u00f3cio-educativas de combate ao c\u00e2ncer"},"content":{"rendered":"<p><p style=\"text-align: justify;\"><span style=\"font-size: medium;\"><strong>Oncologia do HRJ realiza a&ccedil;&otilde;es s&oacute;cio-educativas de combate ao c&acirc;ncer<\/strong><\/span><\/p>\n<p style=\"text-align: justify;\"><span style=\"font-size: medium;\"><a rel=\"lightbox\" href=\"http:\/\/www.quersaberpolitica.com.br\/2016\/wp-content\/uploads\/2012\/12\/blogqsphrj.jpg\"><img loading=\"lazy\" decoding=\"async\" style=\"float: left; margin-top: 5px; margin-bottom: 5px; margin-left: 10px; margin-right: 10px;\" src=\"http:\/\/www.quersaberpolitica.com.br\/2016\/wp-content\/uploads\/2012\/12\/blogqsphrj.jpg\" alt=\"\" width=\"200\" height=\"150\" \/><\/a>Em comemora&ccedil;&atilde;o ao Dia Mundial do C&acirc;ncer (08 de abril), o Servi&ccedil;o Social do Centro de Oncologia do Hospital Regional de Juazeiro (gest&atilde;o IMIP) est&aacute; realizando uma s&eacute;rie de atividades s&oacute;cio-educativas com seus pacientes. A a&ccedil;&atilde;o est&aacute; sendo desenvolvida ao longo de todo o m&ecirc;s de abril &#8211; duas vezes por semana, as ter&ccedil;as e quintas &#8211; na sala de espera do Ambulat&oacute;rio de Oncologia.<\/span><\/p>\n<p style=\"text-align: justify;\"><span style=\"font-size: medium;\">A atividade tem como objetivo trazer esclarecimentos sobre a preven&ccedil;&atilde;o do c&acirc;ncer e informar aos pacientes sobre os principais direitos que lhes s&atilde;o garantidos por lei. Cada encontro dura em m&eacute;dia 20 minutos e trabalha temas como Aux&iacute;lio-doen&ccedil;a, Isen&ccedil;&atilde;o de IPTU, Aposentadoria por Invalidez, Benef&iacute;cio de Presta&ccedil;&atilde;o Continuada e Tratamento Fora de Domic&iacute;lio, dentre outros.<\/span><\/p>\n<p style=\"text-align: justify;\"><span style=\"font-size: medium;\">De acordo com a assistente social do Centro de Oncologia do HRJ, Jeane Alves da Silva, o projeto tem se revelado uma importante ferramenta de esclarecimento aos pacientes, que costumam participar fazendo coment&aacute;rios e tirando d&uacute;vidas. No &uacute;ltimo encontro, o tema trabalhado foi o Tratamento Fora de Domic&iacute;lio. &#8220;Como n&oacute;s temos muitos pacientes de outros munic&iacute;pios, achamos que esse seria um assunto interessante de ser abordado. O Tratamento Fora de Domic&iacute;lio (TFD) &eacute; um instrumento legal que visa garantir, atrav&eacute;s do SUS, uma ajuda de custo ao paciente (e, em alguns casos, tamb&eacute;m ao acompanhante) que &eacute; encaminhado por ordem m&eacute;dica para tratamento em unidades de sa&uacute;de fora de sua localidade de resid&ecirc;ncia. O benef&iacute;cio &eacute; concedido no per&iacute;odo do tratamento, desde que haja possibilidade de cura total ou parcial&#8221;, conclui.<\/span><\/p>\n<p style=\"text-align: justify;\"><span style=\"font-size: medium;\"><br \/><\/span><\/p>\n<p style=\"text-align: justify;\">Com informa&ccedil;&otilde;es da Ascom\/HRJ<\/p><\/p>\n","protected":false},"excerpt":{"rendered":"<p>Oncologia do HRJ realiza a&ccedil;&otilde;es s&oacute;cio-educativas de combate ao c&acirc;ncer Em comemora&ccedil;&atilde;o ao Dia Mundial do C&acirc;ncer (08 de abril), o Servi&ccedil;o Social do Centro de Oncologia do Hospital Regional de Juazeiro (gest&atilde;o IMIP) est&aacute; realizando uma s&eacute;rie de atividades s&oacute;cio-educativas com seus pacientes. A a&ccedil;&atilde;o est&aacute; sendo desenvolvida ao longo de todo o m&ecirc;s de abril &#8211; duas vezes por semana, as ter&ccedil;as e quintas &#8211; na sala de espera do Ambulat&oacute;rio de Oncologia. A atividade tem como objetivo trazer esclarecimentos sobre a preven&ccedil;&atilde;o do c&acirc;ncer e informar aos pacientes sobre os principais direitos que lhes s&atilde;o garantidos por lei. Cada encontro dura em m&eacute;dia 20 minutos e trabalha temas como Aux&iacute;lio-doen&ccedil;a, Isen&ccedil;&atilde;o de IPTU, Aposentadoria por Invalidez, Benef&iacute;cio&hellip; <\/p>\n","protected":false},"author":0,"featured_media":0,"comment_status":"open","ping_status":"open","sticky":false,"template":"","format":"standard","meta":{"_acf_changed":false,"footnotes":""},"categories":[3],"tags":[],"class_list":["post-13333","post","type-post","status-publish","format-standard","hentry","category-entretenimento"],"acf":[],"yoast_head":"<!-- This site is optimized with the Yoast SEO plugin v27.4 - https:\/\/yoast.com\/product\/yoast-seo-wordpress\/ -->\n<title>Oncologia do HRJ realiza a\u00e7\u00f5es s\u00f3cio-educativas de combate ao c\u00e2ncer  - Blog do Farn\u00e9sio<\/title>\n<meta name=\"robots\" content=\"index, follow, max-snippet:-1, max-image-preview:large, max-video-preview:-1\" \/>\n<link rel=\"canonical\" href=\"https:\/\/blogdofarnesio.com.br\/?p=13333\" \/>\n<meta property=\"og:locale\" content=\"pt_BR\" \/>\n<meta property=\"og:type\" content=\"article\" \/>\n<meta property=\"og:title\" content=\"Oncologia do HRJ realiza a\u00e7\u00f5es s\u00f3cio-educativas de combate ao c\u00e2ncer  - Blog do Farn\u00e9sio\" \/>\n<meta property=\"og:description\" content=\"Oncologia do HRJ realiza a&ccedil;&otilde;es s&oacute;cio-educativas de combate ao c&acirc;ncer Em comemora&ccedil;&atilde;o ao Dia Mundial do C&acirc;ncer (08 de abril), o Servi&ccedil;o Social do Centro de Oncologia do Hospital Regional de Juazeiro (gest&atilde;o IMIP) est&aacute; realizando uma s&eacute;rie de atividades s&oacute;cio-educativas com seus pacientes. A a&ccedil;&atilde;o est&aacute; sendo desenvolvida ao longo de todo o m&ecirc;s de abril &#8211; duas vezes por semana, as ter&ccedil;as e quintas &#8211; na sala de espera do Ambulat&oacute;rio de Oncologia. A atividade tem como objetivo trazer esclarecimentos sobre a preven&ccedil;&atilde;o do c&acirc;ncer e informar aos pacientes sobre os principais direitos que lhes s&atilde;o garantidos por lei. Cada encontro dura em m&eacute;dia 20 minutos e trabalha temas como Aux&iacute;lio-doen&ccedil;a, Isen&ccedil;&atilde;o de IPTU, Aposentadoria por Invalidez, Benef&iacute;cio&hellip;\" \/>\n<meta property=\"og:url\" content=\"https:\/\/blogdofarnesio.com.br\/?p=13333\" \/>\n<meta property=\"og:site_name\" content=\"Blog do Farn\u00e9sio\" \/>\n<meta property=\"article:publisher\" content=\"https:\/\/www.facebook.com\/BlogQuerSaberPolitica\/\" \/>\n<meta property=\"article:published_time\" content=\"2012-04-23T17:00:03+00:00\" \/>\n<meta property=\"og:image\" content=\"http:\/\/www.quersaberpolitica.com.br\/2016\/wp-content\/uploads\/2012\/12\/blogqsphrj.jpg\" \/>\n<meta name=\"twitter:card\" content=\"summary_large_image\" \/>\n<meta name=\"twitter:label1\" content=\"Est. tempo de leitura\" \/>\n\t<meta name=\"twitter:data1\" content=\"2 minutos\" \/>\n<script type=\"application\/ld+json\" class=\"yoast-schema-graph\">{\"@context\":\"https:\\\/\\\/schema.org\",\"@graph\":[{\"@type\":\"Article\",\"@id\":\"https:\\\/\\\/blogdofarnesio.com.br\\\/?p=13333#article\",\"isPartOf\":{\"@id\":\"https:\\\/\\\/blogdofarnesio.com.br\\\/?p=13333\"},\"author\":{\"name\":\"\",\"@id\":\"\"},\"headline\":\"Oncologia do HRJ realiza a\u00e7\u00f5es s\u00f3cio-educativas de combate ao c\u00e2ncer\",\"datePublished\":\"2012-04-23T17:00:03+00:00\",\"mainEntityOfPage\":{\"@id\":\"https:\\\/\\\/blogdofarnesio.com.br\\\/?p=13333\"},\"wordCount\":361,\"commentCount\":0,\"publisher\":{\"@id\":\"https:\\\/\\\/blogdofarnesio.com.br\\\/#organization\"},\"image\":{\"@id\":\"https:\\\/\\\/blogdofarnesio.com.br\\\/?p=13333#primaryimage\"},\"thumbnailUrl\":\"http:\\\/\\\/www.quersaberpolitica.com.br\\\/2016\\\/wp-content\\\/uploads\\\/2012\\\/12\\\/blogqsphrj.jpg\",\"articleSection\":[\"Entretenimento\"],\"inLanguage\":\"pt-BR\",\"potentialAction\":[{\"@type\":\"CommentAction\",\"name\":\"Comment\",\"target\":[\"https:\\\/\\\/blogdofarnesio.com.br\\\/?p=13333#respond\"]}]},{\"@type\":\"WebPage\",\"@id\":\"https:\\\/\\\/blogdofarnesio.com.br\\\/?p=13333\",\"url\":\"https:\\\/\\\/blogdofarnesio.com.br\\\/?p=13333\",\"name\":\"Oncologia do HRJ realiza a\u00e7\u00f5es s\u00f3cio-educativas de combate ao c\u00e2ncer - Blog do Farn\u00e9sio\",\"isPartOf\":{\"@id\":\"https:\\\/\\\/blogdofarnesio.com.br\\\/#website\"},\"primaryImageOfPage\":{\"@id\":\"https:\\\/\\\/blogdofarnesio.com.br\\\/?p=13333#primaryimage\"},\"image\":{\"@id\":\"https:\\\/\\\/blogdofarnesio.com.br\\\/?p=13333#primaryimage\"},\"thumbnailUrl\":\"http:\\\/\\\/www.quersaberpolitica.com.br\\\/2016\\\/wp-content\\\/uploads\\\/2012\\\/12\\\/blogqsphrj.jpg\",\"datePublished\":\"2012-04-23T17:00:03+00:00\",\"breadcrumb\":{\"@id\":\"https:\\\/\\\/blogdofarnesio.com.br\\\/?p=13333#breadcrumb\"},\"inLanguage\":\"pt-BR\",\"potentialAction\":[{\"@type\":\"ReadAction\",\"target\":[\"https:\\\/\\\/blogdofarnesio.com.br\\\/?p=13333\"]}]},{\"@type\":\"ImageObject\",\"inLanguage\":\"pt-BR\",\"@id\":\"https:\\\/\\\/blogdofarnesio.com.br\\\/?p=13333#primaryimage\",\"url\":\"http:\\\/\\\/www.quersaberpolitica.com.br\\\/2016\\\/wp-content\\\/uploads\\\/2012\\\/12\\\/blogqsphrj.jpg\",\"contentUrl\":\"http:\\\/\\\/www.quersaberpolitica.com.br\\\/2016\\\/wp-content\\\/uploads\\\/2012\\\/12\\\/blogqsphrj.jpg\"},{\"@type\":\"BreadcrumbList\",\"@id\":\"https:\\\/\\\/blogdofarnesio.com.br\\\/?p=13333#breadcrumb\",\"itemListElement\":[{\"@type\":\"ListItem\",\"position\":1,\"name\":\"In\u00edcio\",\"item\":\"https:\\\/\\\/blogdofarnesio.com.br\\\/\"},{\"@type\":\"ListItem\",\"position\":2,\"name\":\"Oncologia do HRJ realiza a\u00e7\u00f5es s\u00f3cio-educativas de combate ao c\u00e2ncer\"}]},{\"@type\":\"WebSite\",\"@id\":\"https:\\\/\\\/blogdofarnesio.com.br\\\/#website\",\"url\":\"https:\\\/\\\/blogdofarnesio.com.br\\\/\",\"name\":\"Blog do Farn\u00e9sio\",\"description\":\"Quer Saber Pol\u00edtica?\",\"publisher\":{\"@id\":\"https:\\\/\\\/blogdofarnesio.com.br\\\/#organization\"},\"potentialAction\":[{\"@type\":\"SearchAction\",\"target\":{\"@type\":\"EntryPoint\",\"urlTemplate\":\"https:\\\/\\\/blogdofarnesio.com.br\\\/?s={search_term_string}\"},\"query-input\":{\"@type\":\"PropertyValueSpecification\",\"valueRequired\":true,\"valueName\":\"search_term_string\"}}],\"inLanguage\":\"pt-BR\"},{\"@type\":\"Organization\",\"@id\":\"https:\\\/\\\/blogdofarnesio.com.br\\\/#organization\",\"name\":\"Blog do Farn\u00e9sio\",\"url\":\"https:\\\/\\\/blogdofarnesio.com.br\\\/\",\"logo\":{\"@type\":\"ImageObject\",\"inLanguage\":\"pt-BR\",\"@id\":\"https:\\\/\\\/blogdofarnesio.com.br\\\/#\\\/schema\\\/logo\\\/image\\\/\",\"url\":\"https:\\\/\\\/blogdofarnesio.com.br\\\/wp-content\\\/uploads\\\/2026\\\/03\\\/cropped-logo_new-1.png\",\"contentUrl\":\"https:\\\/\\\/blogdofarnesio.com.br\\\/wp-content\\\/uploads\\\/2026\\\/03\\\/cropped-logo_new-1.png\",\"width\":881,\"height\":685,\"caption\":\"Blog do Farn\u00e9sio\"},\"image\":{\"@id\":\"https:\\\/\\\/blogdofarnesio.com.br\\\/#\\\/schema\\\/logo\\\/image\\\/\"},\"sameAs\":[\"https:\\\/\\\/www.facebook.com\\\/BlogQuerSaberPolitica\\\/\"]}]}<\/script>\n<!-- \/ Yoast SEO plugin. -->","yoast_head_json":{"title":"Oncologia do HRJ realiza a\u00e7\u00f5es s\u00f3cio-educativas de combate ao c\u00e2ncer  - Blog do Farn\u00e9sio","robots":{"index":"index","follow":"follow","max-snippet":"max-snippet:-1","max-image-preview":"max-image-preview:large","max-video-preview":"max-video-preview:-1"},"canonical":"https:\/\/blogdofarnesio.com.br\/?p=13333","og_locale":"pt_BR","og_type":"article","og_title":"Oncologia do HRJ realiza a\u00e7\u00f5es s\u00f3cio-educativas de combate ao c\u00e2ncer  - Blog do Farn\u00e9sio","og_description":"Oncologia do HRJ realiza a&ccedil;&otilde;es s&oacute;cio-educativas de combate ao c&acirc;ncer Em comemora&ccedil;&atilde;o ao Dia Mundial do C&acirc;ncer (08 de abril), o Servi&ccedil;o Social do Centro de Oncologia do Hospital Regional de Juazeiro (gest&atilde;o IMIP) est&aacute; realizando uma s&eacute;rie de atividades s&oacute;cio-educativas com seus pacientes. A a&ccedil;&atilde;o est&aacute; sendo desenvolvida ao longo de todo o m&ecirc;s de abril &#8211; duas vezes por semana, as ter&ccedil;as e quintas &#8211; na sala de espera do Ambulat&oacute;rio de Oncologia. A atividade tem como objetivo trazer esclarecimentos sobre a preven&ccedil;&atilde;o do c&acirc;ncer e informar aos pacientes sobre os principais direitos que lhes s&atilde;o garantidos por lei. Cada encontro dura em m&eacute;dia 20 minutos e trabalha temas como Aux&iacute;lio-doen&ccedil;a, Isen&ccedil;&atilde;o de IPTU, Aposentadoria por Invalidez, Benef&iacute;cio&hellip;","og_url":"https:\/\/blogdofarnesio.com.br\/?p=13333","og_site_name":"Blog do Farn\u00e9sio","article_publisher":"https:\/\/www.facebook.com\/BlogQuerSaberPolitica\/","article_published_time":"2012-04-23T17:00:03+00:00","og_image":[{"url":"http:\/\/www.quersaberpolitica.com.br\/2016\/wp-content\/uploads\/2012\/12\/blogqsphrj.jpg","type":"","width":"","height":""}],"twitter_card":"summary_large_image","twitter_misc":{"Est. tempo de leitura":"2 minutos"},"schema":{"@context":"https:\/\/schema.org","@graph":[{"@type":"Article","@id":"https:\/\/blogdofarnesio.com.br\/?p=13333#article","isPartOf":{"@id":"https:\/\/blogdofarnesio.com.br\/?p=13333"},"author":{"name":"","@id":""},"headline":"Oncologia do HRJ realiza a\u00e7\u00f5es s\u00f3cio-educativas de combate ao c\u00e2ncer","datePublished":"2012-04-23T17:00:03+00:00","mainEntityOfPage":{"@id":"https:\/\/blogdofarnesio.com.br\/?p=13333"},"wordCount":361,"commentCount":0,"publisher":{"@id":"https:\/\/blogdofarnesio.com.br\/#organization"},"image":{"@id":"https:\/\/blogdofarnesio.com.br\/?p=13333#primaryimage"},"thumbnailUrl":"http:\/\/www.quersaberpolitica.com.br\/2016\/wp-content\/uploads\/2012\/12\/blogqsphrj.jpg","articleSection":["Entretenimento"],"inLanguage":"pt-BR","potentialAction":[{"@type":"CommentAction","name":"Comment","target":["https:\/\/blogdofarnesio.com.br\/?p=13333#respond"]}]},{"@type":"WebPage","@id":"https:\/\/blogdofarnesio.com.br\/?p=13333","url":"https:\/\/blogdofarnesio.com.br\/?p=13333","name":"Oncologia do HRJ realiza a\u00e7\u00f5es s\u00f3cio-educativas de combate ao c\u00e2ncer - Blog do Farn\u00e9sio","isPartOf":{"@id":"https:\/\/blogdofarnesio.com.br\/#website"},"primaryImageOfPage":{"@id":"https:\/\/blogdofarnesio.com.br\/?p=13333#primaryimage"},"image":{"@id":"https:\/\/blogdofarnesio.com.br\/?p=13333#primaryimage"},"thumbnailUrl":"http:\/\/www.quersaberpolitica.com.br\/2016\/wp-content\/uploads\/2012\/12\/blogqsphrj.jpg","datePublished":"2012-04-23T17:00:03+00:00","breadcrumb":{"@id":"https:\/\/blogdofarnesio.com.br\/?p=13333#breadcrumb"},"inLanguage":"pt-BR","potentialAction":[{"@type":"ReadAction","target":["https:\/\/blogdofarnesio.com.br\/?p=13333"]}]},{"@type":"ImageObject","inLanguage":"pt-BR","@id":"https:\/\/blogdofarnesio.com.br\/?p=13333#primaryimage","url":"http:\/\/www.quersaberpolitica.com.br\/2016\/wp-content\/uploads\/2012\/12\/blogqsphrj.jpg","contentUrl":"http:\/\/www.quersaberpolitica.com.br\/2016\/wp-content\/uploads\/2012\/12\/blogqsphrj.jpg"},{"@type":"BreadcrumbList","@id":"https:\/\/blogdofarnesio.com.br\/?p=13333#breadcrumb","itemListElement":[{"@type":"ListItem","position":1,"name":"In\u00edcio","item":"https:\/\/blogdofarnesio.com.br\/"},{"@type":"ListItem","position":2,"name":"Oncologia do HRJ realiza a\u00e7\u00f5es s\u00f3cio-educativas de combate ao c\u00e2ncer"}]},{"@type":"WebSite","@id":"https:\/\/blogdofarnesio.com.br\/#website","url":"https:\/\/blogdofarnesio.com.br\/","name":"Blog do Farn\u00e9sio","description":"Quer Saber Pol\u00edtica?","publisher":{"@id":"https:\/\/blogdofarnesio.com.br\/#organization"},"potentialAction":[{"@type":"SearchAction","target":{"@type":"EntryPoint","urlTemplate":"https:\/\/blogdofarnesio.com.br\/?s={search_term_string}"},"query-input":{"@type":"PropertyValueSpecification","valueRequired":true,"valueName":"search_term_string"}}],"inLanguage":"pt-BR"},{"@type":"Organization","@id":"https:\/\/blogdofarnesio.com.br\/#organization","name":"Blog do Farn\u00e9sio","url":"https:\/\/blogdofarnesio.com.br\/","logo":{"@type":"ImageObject","inLanguage":"pt-BR","@id":"https:\/\/blogdofarnesio.com.br\/#\/schema\/logo\/image\/","url":"https:\/\/blogdofarnesio.com.br\/wp-content\/uploads\/2026\/03\/cropped-logo_new-1.png","contentUrl":"https:\/\/blogdofarnesio.com.br\/wp-content\/uploads\/2026\/03\/cropped-logo_new-1.png","width":881,"height":685,"caption":"Blog do Farn\u00e9sio"},"image":{"@id":"https:\/\/blogdofarnesio.com.br\/#\/schema\/logo\/image\/"},"sameAs":["https:\/\/www.facebook.com\/BlogQuerSaberPolitica\/"]}]}},"_links":{"self":[{"href":"https:\/\/blogdofarnesio.com.br\/index.php?rest_route=\/wp\/v2\/posts\/13333","targetHints":{"allow":["GET"]}}],"collection":[{"href":"https:\/\/blogdofarnesio.com.br\/index.php?rest_route=\/wp\/v2\/posts"}],"about":[{"href":"https:\/\/blogdofarnesio.com.br\/index.php?rest_route=\/wp\/v2\/types\/post"}],"replies":[{"embeddable":true,"href":"https:\/\/blogdofarnesio.com.br\/index.php?rest_route=%2Fwp%2Fv2%2Fcomments&post=13333"}],"version-history":[{"count":0,"href":"https:\/\/blogdofarnesio.com.br\/index.php?rest_route=\/wp\/v2\/posts\/13333\/revisions"}],"wp:attachment":[{"href":"https:\/\/blogdofarnesio.com.br\/index.php?rest_route=%2Fwp%2Fv2%2Fmedia&parent=13333"}],"wp:term":[{"taxonomy":"category","embeddable":true,"href":"https:\/\/blogdofarnesio.com.br\/index.php?rest_route=%2Fwp%2Fv2%2Fcategories&post=13333"},{"taxonomy":"post_tag","embeddable":true,"href":"https:\/\/blogdofarnesio.com.br\/index.php?rest_route=%2Fwp%2Fv2%2Ftags&post=13333"}],"curies":[{"name":"wp","href":"https:\/\/api.w.org\/{rel}","templated":true}]}}