{"id":133327,"date":"2015-11-20T17:30:50","date_gmt":"2015-11-20T20:30:50","guid":{"rendered":"http:\/\/www.quersaberpolitica.com.br\/?p=133327"},"modified":"2015-11-20T14:08:58","modified_gmt":"2015-11-20T17:08:58","slug":"estao-abertas-inscricoes-para-as-oficinas-da-mostra-14-de-danca","status":"publish","type":"post","link":"https:\/\/blogdofarnesio.com.br\/?p=133327","title":{"rendered":"EST\u00c3O ABERTAS INSCRI\u00c7\u00d5ES PARA AS OFICINAS DA &#8216;MOSTRA 14 DE DAN\u00c7A&#8217;"},"content":{"rendered":"<p style=\"text-align: justify\" align=\"justify\"><a href=\"http:\/\/www.quersaberpolitica.com.br\/2016\/wp-content\/uploads\/2015\/11\/blogqsp-Mostra-14-de-Dan\u00e7a.jpg\"><img loading=\"lazy\" decoding=\"async\" class=\"wp-image-133328 aligncenter\" src=\"http:\/\/www.quersaberpolitica.com.br\/2016\/wp-content\/uploads\/2015\/11\/blogqsp-Mostra-14-de-Dan\u00e7a-300x200.jpg\" alt=\"blogqsp-Mostra 14 de Dan\u00e7a\" width=\"381\" height=\"259\" \/><\/a><\/p>\n<p style=\"text-align: justify\">Dezembro est\u00e1 chegando e com ele mais uma edi\u00e7\u00e3o da &#8216;Mostra 14 de Dan\u00e7a&#8217;, projeto realizado anualmente pela Qualquer Um dos 2 Cia. de Dan\u00e7a, desde 2012, em homenagem ao bailarino Ailton Marcos. Nessa edi\u00e7\u00e3o, al\u00e9m dos espet\u00e1culos, tamb\u00e9m ganham destaque as atividades formativas, sendo que algumas precisam de inscri\u00e7\u00e3o pr\u00e9via, que j\u00e1 podem ser feitas.<\/p>\n<p style=\"text-align: justify\">Ao todo, ser\u00e3o quatro conversas com artistas e 11 oficinas de dan\u00e7a, oito delas em escolas p\u00fablicas. Essas a\u00e7\u00f5es s\u00e3o um investimento do projeto para o fortalecimento da linguagem na regi\u00e3o. \u201cS\u00e3o espa\u00e7os para reflex\u00e3o e a\u00e7\u00e3o diante dos desafios da dan\u00e7a na contemporaneidade\u201d, explica Jaison Lima, coordenador da mostra.<\/p>\n<p style=\"text-align: justify\">Os bailarinos interessados j\u00e1 podem se inscrever nas duas capacita\u00e7\u00f5es dispon\u00edveis, s\u00e3o elas: uma oficina de dan\u00e7a contempor\u00e2nea com Juliana Moraes (S\u00e3o Paulo-SP) e a oficina \u2018O Corpo da Palavra\u2019 de Renata Pimentel (Recife-PE). As aulas acontecem entre 09 e 18 de Dezembro, com 20 participantes por turma, totalizando 40 vagas ofertadas. A inscri\u00e7\u00e3o \u00e9 gratuita e pode ser feita no Sesc Petrolina, at\u00e9 o preenchimento das vagas. Tamb\u00e9m ser\u00e1 oferecida uma oficina para pessoas com baixa mobilidade, ministrada pela artista Daniela Santos (Recife-PE), que acontecer\u00e1 na sede da Associa\u00e7\u00e3o de Pessoas com Defici\u00eancia de Petrolina, que fica no Centro Social Urbano, o CSU de Petrolina, onde tamb\u00e9m j\u00e1 est\u00e3o acontecendo as inscri\u00e7\u00f5es. J\u00e1 para quem se interessar em participar das conversas, n\u00e3o \u00e9 necess\u00e1rio se inscrever.<\/p>\n<p style=\"text-align: justify\"><!--more--><\/p>\n<p style=\"text-align: justify\">A Mostra 14, que esse ano traz como foco o int\u00e9rprete criador na dan\u00e7a, conta com o incentivo da Secretaria de Cultura do Governo do Estado de Pernambuco, atrav\u00e9s do Edital Funcultura 2013\/2014 da Fundarpe, e com o apoio cultural do Sesc Petrolina. Mais informa\u00e7\u00f5es no telefone (87) 3866-7454.<\/p>\n<p><em>Ascom<\/em><\/p>\n","protected":false},"excerpt":{"rendered":"<p>Dezembro est\u00e1 chegando e com ele mais uma edi\u00e7\u00e3o da &#8216;Mostra 14 de Dan\u00e7a&#8217;, projeto realizado anualmente pela Qualquer Um dos 2 Cia. de Dan\u00e7a, desde 2012, em homenagem ao bailarino Ailton Marcos. Nessa edi\u00e7\u00e3o, al\u00e9m dos espet\u00e1culos, tamb\u00e9m ganham destaque as atividades formativas, sendo que algumas precisam de inscri\u00e7\u00e3o pr\u00e9via, que j\u00e1 podem ser feitas. Ao todo, ser\u00e3o quatro conversas com artistas e 11 oficinas de dan\u00e7a, oito delas em escolas p\u00fablicas. Essas a\u00e7\u00f5es s\u00e3o um investimento do projeto para o fortalecimento da linguagem na regi\u00e3o. \u201cS\u00e3o espa\u00e7os para reflex\u00e3o e a\u00e7\u00e3o diante dos desafios da dan\u00e7a na contemporaneidade\u201d, explica Jaison Lima, coordenador da mostra. Os bailarinos interessados j\u00e1 podem se inscrever nas duas capacita\u00e7\u00f5es dispon\u00edveis, s\u00e3o elas: uma&hellip; <\/p>\n","protected":false},"author":7,"featured_media":0,"comment_status":"open","ping_status":"open","sticky":false,"template":"","format":"standard","meta":{"_acf_changed":false,"footnotes":""},"categories":[44],"tags":[],"class_list":["post-133327","post","type-post","status-publish","format-standard","hentry","category-administracao"],"acf":[],"yoast_head":"<!-- This site is optimized with the Yoast SEO plugin v27.4 - https:\/\/yoast.com\/product\/yoast-seo-wordpress\/ -->\n<title>EST\u00c3O ABERTAS INSCRI\u00c7\u00d5ES PARA AS OFICINAS DA &#039;MOSTRA 14 DE DAN\u00c7A&#039; - Blog do Farn\u00e9sio<\/title>\n<meta name=\"robots\" content=\"index, follow, max-snippet:-1, max-image-preview:large, max-video-preview:-1\" \/>\n<link rel=\"canonical\" href=\"https:\/\/blogdofarnesio.com.br\/?p=133327\" \/>\n<meta property=\"og:locale\" content=\"pt_BR\" \/>\n<meta property=\"og:type\" content=\"article\" \/>\n<meta property=\"og:title\" content=\"EST\u00c3O ABERTAS INSCRI\u00c7\u00d5ES PARA AS OFICINAS DA &#039;MOSTRA 14 DE DAN\u00c7A&#039; - Blog do Farn\u00e9sio\" \/>\n<meta property=\"og:description\" content=\"Dezembro est\u00e1 chegando e com ele mais uma edi\u00e7\u00e3o da &#8216;Mostra 14 de Dan\u00e7a&#8217;, projeto realizado anualmente pela Qualquer Um dos 2 Cia. de Dan\u00e7a, desde 2012, em homenagem ao bailarino Ailton Marcos. Nessa edi\u00e7\u00e3o, al\u00e9m dos espet\u00e1culos, tamb\u00e9m ganham destaque as atividades formativas, sendo que algumas precisam de inscri\u00e7\u00e3o pr\u00e9via, que j\u00e1 podem ser feitas. Ao todo, ser\u00e3o quatro conversas com artistas e 11 oficinas de dan\u00e7a, oito delas em escolas p\u00fablicas. Essas a\u00e7\u00f5es s\u00e3o um investimento do projeto para o fortalecimento da linguagem na regi\u00e3o. \u201cS\u00e3o espa\u00e7os para reflex\u00e3o e a\u00e7\u00e3o diante dos desafios da dan\u00e7a na contemporaneidade\u201d, explica Jaison Lima, coordenador da mostra. Os bailarinos interessados j\u00e1 podem se inscrever nas duas capacita\u00e7\u00f5es dispon\u00edveis, s\u00e3o elas: uma&hellip;\" \/>\n<meta property=\"og:url\" content=\"https:\/\/blogdofarnesio.com.br\/?p=133327\" \/>\n<meta property=\"og:site_name\" content=\"Blog do Farn\u00e9sio\" \/>\n<meta property=\"article:publisher\" content=\"https:\/\/www.facebook.com\/BlogQuerSaberPolitica\/\" \/>\n<meta property=\"article:published_time\" content=\"2015-11-20T20:30:50+00:00\" \/>\n<meta name=\"twitter:card\" content=\"summary_large_image\" \/>\n<meta name=\"twitter:label1\" content=\"Escrito por\" \/>\n\t<meta name=\"twitter:data1\" content=\"\" \/>\n\t<meta name=\"twitter:label2\" content=\"Est. tempo de leitura\" \/>\n\t<meta name=\"twitter:data2\" content=\"2 minutos\" \/>\n<script type=\"application\/ld+json\" class=\"yoast-schema-graph\">{\"@context\":\"https:\\\/\\\/schema.org\",\"@graph\":[{\"@type\":\"Article\",\"@id\":\"https:\\\/\\\/blogdofarnesio.com.br\\\/?p=133327#article\",\"isPartOf\":{\"@id\":\"https:\\\/\\\/blogdofarnesio.com.br\\\/?p=133327\"},\"author\":{\"name\":\"\",\"@id\":\"\"},\"headline\":\"EST\u00c3O ABERTAS INSCRI\u00c7\u00d5ES PARA AS OFICINAS DA &#8216;MOSTRA 14 DE DAN\u00c7A&#8217;\",\"datePublished\":\"2015-11-20T20:30:50+00:00\",\"mainEntityOfPage\":{\"@id\":\"https:\\\/\\\/blogdofarnesio.com.br\\\/?p=133327\"},\"wordCount\":322,\"commentCount\":0,\"publisher\":{\"@id\":\"https:\\\/\\\/blogdofarnesio.com.br\\\/#organization\"},\"articleSection\":[\"Administra\u00e7\u00e3o\"],\"inLanguage\":\"pt-BR\",\"potentialAction\":[{\"@type\":\"CommentAction\",\"name\":\"Comment\",\"target\":[\"https:\\\/\\\/blogdofarnesio.com.br\\\/?p=133327#respond\"]}]},{\"@type\":\"WebPage\",\"@id\":\"https:\\\/\\\/blogdofarnesio.com.br\\\/?p=133327\",\"url\":\"https:\\\/\\\/blogdofarnesio.com.br\\\/?p=133327\",\"name\":\"EST\u00c3O ABERTAS INSCRI\u00c7\u00d5ES PARA AS OFICINAS DA 'MOSTRA 14 DE DAN\u00c7A' - Blog do Farn\u00e9sio\",\"isPartOf\":{\"@id\":\"https:\\\/\\\/blogdofarnesio.com.br\\\/#website\"},\"datePublished\":\"2015-11-20T20:30:50+00:00\",\"breadcrumb\":{\"@id\":\"https:\\\/\\\/blogdofarnesio.com.br\\\/?p=133327#breadcrumb\"},\"inLanguage\":\"pt-BR\",\"potentialAction\":[{\"@type\":\"ReadAction\",\"target\":[\"https:\\\/\\\/blogdofarnesio.com.br\\\/?p=133327\"]}]},{\"@type\":\"BreadcrumbList\",\"@id\":\"https:\\\/\\\/blogdofarnesio.com.br\\\/?p=133327#breadcrumb\",\"itemListElement\":[{\"@type\":\"ListItem\",\"position\":1,\"name\":\"In\u00edcio\",\"item\":\"https:\\\/\\\/blogdofarnesio.com.br\\\/\"},{\"@type\":\"ListItem\",\"position\":2,\"name\":\"EST\u00c3O ABERTAS INSCRI\u00c7\u00d5ES PARA AS OFICINAS DA &#8216;MOSTRA 14 DE DAN\u00c7A&#8217;\"}]},{\"@type\":\"WebSite\",\"@id\":\"https:\\\/\\\/blogdofarnesio.com.br\\\/#website\",\"url\":\"https:\\\/\\\/blogdofarnesio.com.br\\\/\",\"name\":\"Blog do Farn\u00e9sio\",\"description\":\"Quer Saber Pol\u00edtica?\",\"publisher\":{\"@id\":\"https:\\\/\\\/blogdofarnesio.com.br\\\/#organization\"},\"potentialAction\":[{\"@type\":\"SearchAction\",\"target\":{\"@type\":\"EntryPoint\",\"urlTemplate\":\"https:\\\/\\\/blogdofarnesio.com.br\\\/?s={search_term_string}\"},\"query-input\":{\"@type\":\"PropertyValueSpecification\",\"valueRequired\":true,\"valueName\":\"search_term_string\"}}],\"inLanguage\":\"pt-BR\"},{\"@type\":\"Organization\",\"@id\":\"https:\\\/\\\/blogdofarnesio.com.br\\\/#organization\",\"name\":\"Blog do Farn\u00e9sio\",\"url\":\"https:\\\/\\\/blogdofarnesio.com.br\\\/\",\"logo\":{\"@type\":\"ImageObject\",\"inLanguage\":\"pt-BR\",\"@id\":\"https:\\\/\\\/blogdofarnesio.com.br\\\/#\\\/schema\\\/logo\\\/image\\\/\",\"url\":\"https:\\\/\\\/blogdofarnesio.com.br\\\/wp-content\\\/uploads\\\/2026\\\/03\\\/cropped-logo_new-1.png\",\"contentUrl\":\"https:\\\/\\\/blogdofarnesio.com.br\\\/wp-content\\\/uploads\\\/2026\\\/03\\\/cropped-logo_new-1.png\",\"width\":881,\"height\":685,\"caption\":\"Blog do Farn\u00e9sio\"},\"image\":{\"@id\":\"https:\\\/\\\/blogdofarnesio.com.br\\\/#\\\/schema\\\/logo\\\/image\\\/\"},\"sameAs\":[\"https:\\\/\\\/www.facebook.com\\\/BlogQuerSaberPolitica\\\/\"]},{\"@type\":\"Person\",\"@id\":\"\",\"url\":\"https:\\\/\\\/blogdofarnesio.com.br\\\/?author=7\"}]}<\/script>\n<!-- \/ Yoast SEO plugin. -->","yoast_head_json":{"title":"EST\u00c3O ABERTAS INSCRI\u00c7\u00d5ES PARA AS OFICINAS DA 'MOSTRA 14 DE DAN\u00c7A' - Blog do Farn\u00e9sio","robots":{"index":"index","follow":"follow","max-snippet":"max-snippet:-1","max-image-preview":"max-image-preview:large","max-video-preview":"max-video-preview:-1"},"canonical":"https:\/\/blogdofarnesio.com.br\/?p=133327","og_locale":"pt_BR","og_type":"article","og_title":"EST\u00c3O ABERTAS INSCRI\u00c7\u00d5ES PARA AS OFICINAS DA 'MOSTRA 14 DE DAN\u00c7A' - Blog do Farn\u00e9sio","og_description":"Dezembro est\u00e1 chegando e com ele mais uma edi\u00e7\u00e3o da &#8216;Mostra 14 de Dan\u00e7a&#8217;, projeto realizado anualmente pela Qualquer Um dos 2 Cia. de Dan\u00e7a, desde 2012, em homenagem ao bailarino Ailton Marcos. Nessa edi\u00e7\u00e3o, al\u00e9m dos espet\u00e1culos, tamb\u00e9m ganham destaque as atividades formativas, sendo que algumas precisam de inscri\u00e7\u00e3o pr\u00e9via, que j\u00e1 podem ser feitas. Ao todo, ser\u00e3o quatro conversas com artistas e 11 oficinas de dan\u00e7a, oito delas em escolas p\u00fablicas. Essas a\u00e7\u00f5es s\u00e3o um investimento do projeto para o fortalecimento da linguagem na regi\u00e3o. \u201cS\u00e3o espa\u00e7os para reflex\u00e3o e a\u00e7\u00e3o diante dos desafios da dan\u00e7a na contemporaneidade\u201d, explica Jaison Lima, coordenador da mostra. Os bailarinos interessados j\u00e1 podem se inscrever nas duas capacita\u00e7\u00f5es dispon\u00edveis, s\u00e3o elas: uma&hellip;","og_url":"https:\/\/blogdofarnesio.com.br\/?p=133327","og_site_name":"Blog do Farn\u00e9sio","article_publisher":"https:\/\/www.facebook.com\/BlogQuerSaberPolitica\/","article_published_time":"2015-11-20T20:30:50+00:00","twitter_card":"summary_large_image","twitter_misc":{"Escrito por":"","Est. tempo de leitura":"2 minutos"},"schema":{"@context":"https:\/\/schema.org","@graph":[{"@type":"Article","@id":"https:\/\/blogdofarnesio.com.br\/?p=133327#article","isPartOf":{"@id":"https:\/\/blogdofarnesio.com.br\/?p=133327"},"author":{"name":"","@id":""},"headline":"EST\u00c3O ABERTAS INSCRI\u00c7\u00d5ES PARA AS OFICINAS DA &#8216;MOSTRA 14 DE DAN\u00c7A&#8217;","datePublished":"2015-11-20T20:30:50+00:00","mainEntityOfPage":{"@id":"https:\/\/blogdofarnesio.com.br\/?p=133327"},"wordCount":322,"commentCount":0,"publisher":{"@id":"https:\/\/blogdofarnesio.com.br\/#organization"},"articleSection":["Administra\u00e7\u00e3o"],"inLanguage":"pt-BR","potentialAction":[{"@type":"CommentAction","name":"Comment","target":["https:\/\/blogdofarnesio.com.br\/?p=133327#respond"]}]},{"@type":"WebPage","@id":"https:\/\/blogdofarnesio.com.br\/?p=133327","url":"https:\/\/blogdofarnesio.com.br\/?p=133327","name":"EST\u00c3O ABERTAS INSCRI\u00c7\u00d5ES PARA AS OFICINAS DA 'MOSTRA 14 DE DAN\u00c7A' - Blog do Farn\u00e9sio","isPartOf":{"@id":"https:\/\/blogdofarnesio.com.br\/#website"},"datePublished":"2015-11-20T20:30:50+00:00","breadcrumb":{"@id":"https:\/\/blogdofarnesio.com.br\/?p=133327#breadcrumb"},"inLanguage":"pt-BR","potentialAction":[{"@type":"ReadAction","target":["https:\/\/blogdofarnesio.com.br\/?p=133327"]}]},{"@type":"BreadcrumbList","@id":"https:\/\/blogdofarnesio.com.br\/?p=133327#breadcrumb","itemListElement":[{"@type":"ListItem","position":1,"name":"In\u00edcio","item":"https:\/\/blogdofarnesio.com.br\/"},{"@type":"ListItem","position":2,"name":"EST\u00c3O ABERTAS INSCRI\u00c7\u00d5ES PARA AS OFICINAS DA &#8216;MOSTRA 14 DE DAN\u00c7A&#8217;"}]},{"@type":"WebSite","@id":"https:\/\/blogdofarnesio.com.br\/#website","url":"https:\/\/blogdofarnesio.com.br\/","name":"Blog do Farn\u00e9sio","description":"Quer Saber Pol\u00edtica?","publisher":{"@id":"https:\/\/blogdofarnesio.com.br\/#organization"},"potentialAction":[{"@type":"SearchAction","target":{"@type":"EntryPoint","urlTemplate":"https:\/\/blogdofarnesio.com.br\/?s={search_term_string}"},"query-input":{"@type":"PropertyValueSpecification","valueRequired":true,"valueName":"search_term_string"}}],"inLanguage":"pt-BR"},{"@type":"Organization","@id":"https:\/\/blogdofarnesio.com.br\/#organization","name":"Blog do Farn\u00e9sio","url":"https:\/\/blogdofarnesio.com.br\/","logo":{"@type":"ImageObject","inLanguage":"pt-BR","@id":"https:\/\/blogdofarnesio.com.br\/#\/schema\/logo\/image\/","url":"https:\/\/blogdofarnesio.com.br\/wp-content\/uploads\/2026\/03\/cropped-logo_new-1.png","contentUrl":"https:\/\/blogdofarnesio.com.br\/wp-content\/uploads\/2026\/03\/cropped-logo_new-1.png","width":881,"height":685,"caption":"Blog do Farn\u00e9sio"},"image":{"@id":"https:\/\/blogdofarnesio.com.br\/#\/schema\/logo\/image\/"},"sameAs":["https:\/\/www.facebook.com\/BlogQuerSaberPolitica\/"]},{"@type":"Person","@id":"","url":"https:\/\/blogdofarnesio.com.br\/?author=7"}]}},"_links":{"self":[{"href":"https:\/\/blogdofarnesio.com.br\/index.php?rest_route=\/wp\/v2\/posts\/133327","targetHints":{"allow":["GET"]}}],"collection":[{"href":"https:\/\/blogdofarnesio.com.br\/index.php?rest_route=\/wp\/v2\/posts"}],"about":[{"href":"https:\/\/blogdofarnesio.com.br\/index.php?rest_route=\/wp\/v2\/types\/post"}],"author":[{"embeddable":true,"href":"https:\/\/blogdofarnesio.com.br\/index.php?rest_route=\/wp\/v2\/users\/7"}],"replies":[{"embeddable":true,"href":"https:\/\/blogdofarnesio.com.br\/index.php?rest_route=%2Fwp%2Fv2%2Fcomments&post=133327"}],"version-history":[{"count":0,"href":"https:\/\/blogdofarnesio.com.br\/index.php?rest_route=\/wp\/v2\/posts\/133327\/revisions"}],"wp:attachment":[{"href":"https:\/\/blogdofarnesio.com.br\/index.php?rest_route=%2Fwp%2Fv2%2Fmedia&parent=133327"}],"wp:term":[{"taxonomy":"category","embeddable":true,"href":"https:\/\/blogdofarnesio.com.br\/index.php?rest_route=%2Fwp%2Fv2%2Fcategories&post=133327"},{"taxonomy":"post_tag","embeddable":true,"href":"https:\/\/blogdofarnesio.com.br\/index.php?rest_route=%2Fwp%2Fv2%2Ftags&post=133327"}],"curies":[{"name":"wp","href":"https:\/\/api.w.org\/{rel}","templated":true}]}}