{"id":133277,"date":"2015-11-21T10:00:57","date_gmt":"2015-11-21T13:00:57","guid":{"rendered":"http:\/\/www.quersaberpolitica.com.br\/?p=133277"},"modified":"2015-11-20T19:13:11","modified_gmt":"2015-11-20T22:13:11","slug":"mucopolissacaridoses-mps-foi-tema-de-palestras-em-juazeiro","status":"publish","type":"post","link":"https:\/\/blogdofarnesio.com.br\/?p=133277","title":{"rendered":"MUCOPOLISSACARIDOSES (MPS) FOI TEMA DE PALESTRAS EM JUAZEIRO"},"content":{"rendered":"<p style=\"text-align: justify\"><a href=\"http:\/\/www.quersaberpolitica.com.br\/2016\/wp-content\/uploads\/2015\/11\/blogqsp-palestraemjuazeiro.jpg\"><img loading=\"lazy\" decoding=\"async\" class=\"  wp-image-133278 aligncenter\" src=\"http:\/\/www.quersaberpolitica.com.br\/2016\/wp-content\/uploads\/2015\/11\/blogqsp-palestraemjuazeiro-300x169.jpg\" alt=\"blogqsp-palestraemjuazeiro\" width=\"379\" height=\"220\" \/><\/a><\/p>\n<p style=\"text-align: justify\">Com o objetivo de informar sobre as Mucopolissacaridoses (MPS), doen\u00e7as raras e heredit\u00e1rias que afetam o metabolismo de mol\u00e9culas no organismo humano, a Secretaria Municipal de Sa\u00fade em parceria com a Associa\u00e7\u00e3o Baiana de Pacientes Portadores de Mucopolissacaridoses (ABAMPS) realizam no audit\u00f3rio do Centro de Sa\u00fade III em Juazeiro, palestras de conscientiza\u00e7\u00e3o para profissionais da \u00e1rea de sa\u00fade &#8211; enfermeiros, t\u00e9cnicos de enfermagem, m\u00e9dicos, dentistas, fisioterapeutas, agentes comunit\u00e1rios, dentre outros.<\/p>\n<p style=\"text-align: justify\">Ana Alzira Sobral, enfermeira do Hospital Geral Roberto Santos e Consultora da Associa\u00e7\u00e3o Baiana de Pacientes Portadores de MPS e Doen\u00e7as Renais (ABAMPS) \u00e9 uma das palestrantes. \u00a0\u201cO objetivo desse curso \u00e9 transmitir a informa\u00e7\u00e3o para que os profissionais de sa\u00fade identifiquem o mais precocemente poss\u00edvel a s\u00edndrome nas crian\u00e7as. J\u00e1 com a doen\u00e7a detectada a fam\u00edlia passa pelo aconselhamento gen\u00e9tico, realizado no ambulat\u00f3rio de gen\u00e9tica que informa a possibilidade da fam\u00edlia ter filhos ou netos com essa s\u00edndrome\u201d, destacou. Ana tamb\u00e9m informou que o n\u00famero de casos no estado da Bahia aumentou bastante por causa da divulga\u00e7\u00e3o da doen\u00e7a, \u201cn\u00f3s ajudamos as pessoas que j\u00e1 tinham a doen\u00e7a a identific\u00e1-las\u201d, disse.<\/p>\n<p style=\"text-align: justify\">Os sinais das MPS do tipo VI, tamb\u00e9m conhecida como s\u00edndrome de Maroteaux-Lamy, s\u00e3o caracter\u00edsticas faciais t\u00edpicas (opacifica\u00e7\u00e3o de c\u00f3rnea, macroglossia), altera\u00e7\u00f5es osteoarticulares (m\u00e3os em garra, rigidez articular, baixa estatura), patologia card\u00edaca, infec\u00e7\u00f5es de vias a\u00e9reas de repeti\u00e7\u00e3o, apneia do sono, diarreia cr\u00f4nica, hepatoesplenomegalia ou presen\u00e7a de h\u00e9rnia umbilical e\/ou inguinal.<\/p>\n<p style=\"text-align: justify\">Para Maria de F\u00e1tima Cardoso de Oliveira, visitadora sanit\u00e1ria do N\u00facleo de Educa\u00e7\u00e3o e Comunica\u00e7\u00e3o e Sa\u00fade (NECON) de Juazeiro, a palestra foi muito importante. \u201cEu com 35 anos na \u00e1rea de sa\u00fade nunca ouvir falar dessa doen\u00e7a e agora ap\u00f3s todas as explica\u00e7\u00f5es e orienta\u00e7\u00f5es pretendo propag\u00e1-la no meu local de trabalho, para que a mesma seja diagnosticada precocemente. Muitas pessoas que n\u00e3o sabem que a possuem, devem ser devidamente informadas\u201d, frisou. De acordo com a enfermeira Camila da Silva Carvalho, as orienta\u00e7\u00f5es foram satisfat\u00f3rias. \u201cAdquirimos conhecimentos importantes em rela\u00e7\u00e3o ao diagn\u00f3stico da doen\u00e7a, tendo em vista que \u00e9 uma doen\u00e7a rara e pouco conhecida. Acredito que com todo esse conhecimento poderemos ajudar algumas fam\u00edlias a come\u00e7ar o tratamento\u201d, destacou.<\/p>\n<p style=\"text-align: justify\">Existem pelo menos seis tipos de MPS, sendo que alguns dos pacientes podem desenvolver defici\u00eancia intelectual. A terapia especial consiste em uma prote\u00edna que eles n\u00e3o produzem, o que melhora a qualidade de vida de muitos deles.<\/p>\n<p style=\"text-align: justify\"><em>Lene Radina\/ ASCOM PMJ<\/em><\/p>\n","protected":false},"excerpt":{"rendered":"<p>Com o objetivo de informar sobre as Mucopolissacaridoses (MPS), doen\u00e7as raras e heredit\u00e1rias que afetam o metabolismo de mol\u00e9culas no organismo humano, a Secretaria Municipal de Sa\u00fade em parceria com a Associa\u00e7\u00e3o Baiana de Pacientes Portadores de Mucopolissacaridoses (ABAMPS) realizam no audit\u00f3rio do Centro de Sa\u00fade III em Juazeiro, palestras de conscientiza\u00e7\u00e3o para profissionais da \u00e1rea de sa\u00fade &#8211; enfermeiros, t\u00e9cnicos de enfermagem, m\u00e9dicos, dentistas, fisioterapeutas, agentes comunit\u00e1rios, dentre outros. Ana Alzira Sobral, enfermeira do Hospital Geral Roberto Santos e Consultora da Associa\u00e7\u00e3o Baiana de Pacientes Portadores de MPS e Doen\u00e7as Renais (ABAMPS) \u00e9 uma das palestrantes. \u00a0\u201cO objetivo desse curso \u00e9 transmitir a informa\u00e7\u00e3o para que os profissionais de sa\u00fade identifiquem o mais precocemente poss\u00edvel a s\u00edndrome nas crian\u00e7as.&hellip; <\/p>\n","protected":false},"author":7,"featured_media":0,"comment_status":"open","ping_status":"open","sticky":false,"template":"","format":"standard","meta":{"_acf_changed":false,"footnotes":""},"categories":[44],"tags":[],"class_list":["post-133277","post","type-post","status-publish","format-standard","hentry","category-administracao"],"acf":[],"yoast_head":"<!-- This site is optimized with the Yoast SEO plugin v27.4 - https:\/\/yoast.com\/product\/yoast-seo-wordpress\/ -->\n<title>MUCOPOLISSACARIDOSES (MPS) FOI TEMA DE PALESTRAS EM JUAZEIRO - Blog do Farn\u00e9sio<\/title>\n<meta name=\"robots\" content=\"index, follow, max-snippet:-1, max-image-preview:large, max-video-preview:-1\" \/>\n<link rel=\"canonical\" href=\"https:\/\/blogdofarnesio.com.br\/?p=133277\" \/>\n<meta property=\"og:locale\" content=\"pt_BR\" \/>\n<meta property=\"og:type\" content=\"article\" \/>\n<meta property=\"og:title\" content=\"MUCOPOLISSACARIDOSES (MPS) FOI TEMA DE PALESTRAS EM JUAZEIRO - Blog do Farn\u00e9sio\" \/>\n<meta property=\"og:description\" content=\"Com o objetivo de informar sobre as Mucopolissacaridoses (MPS), doen\u00e7as raras e heredit\u00e1rias que afetam o metabolismo de mol\u00e9culas no organismo humano, a Secretaria Municipal de Sa\u00fade em parceria com a Associa\u00e7\u00e3o Baiana de Pacientes Portadores de Mucopolissacaridoses (ABAMPS) realizam no audit\u00f3rio do Centro de Sa\u00fade III em Juazeiro, palestras de conscientiza\u00e7\u00e3o para profissionais da \u00e1rea de sa\u00fade &#8211; enfermeiros, t\u00e9cnicos de enfermagem, m\u00e9dicos, dentistas, fisioterapeutas, agentes comunit\u00e1rios, dentre outros. Ana Alzira Sobral, enfermeira do Hospital Geral Roberto Santos e Consultora da Associa\u00e7\u00e3o Baiana de Pacientes Portadores de MPS e Doen\u00e7as Renais (ABAMPS) \u00e9 uma das palestrantes. \u00a0\u201cO objetivo desse curso \u00e9 transmitir a informa\u00e7\u00e3o para que os profissionais de sa\u00fade identifiquem o mais precocemente poss\u00edvel a s\u00edndrome nas crian\u00e7as.&hellip;\" \/>\n<meta property=\"og:url\" content=\"https:\/\/blogdofarnesio.com.br\/?p=133277\" \/>\n<meta property=\"og:site_name\" content=\"Blog do Farn\u00e9sio\" \/>\n<meta property=\"article:publisher\" content=\"https:\/\/www.facebook.com\/BlogQuerSaberPolitica\/\" \/>\n<meta property=\"article:published_time\" content=\"2015-11-21T13:00:57+00:00\" \/>\n<meta property=\"og:image\" content=\"http:\/\/www.quersaberpolitica.com.br\/2016\/wp-content\/uploads\/2015\/11\/blogqsp-palestraemjuazeiro-300x169.jpg\" \/>\n<meta name=\"twitter:card\" content=\"summary_large_image\" \/>\n<meta name=\"twitter:label1\" content=\"Escrito por\" \/>\n\t<meta name=\"twitter:data1\" content=\"\" \/>\n\t<meta name=\"twitter:label2\" content=\"Est. tempo de leitura\" \/>\n\t<meta name=\"twitter:data2\" content=\"2 minutos\" \/>\n<script type=\"application\/ld+json\" class=\"yoast-schema-graph\">{\"@context\":\"https:\\\/\\\/schema.org\",\"@graph\":[{\"@type\":\"Article\",\"@id\":\"https:\\\/\\\/blogdofarnesio.com.br\\\/?p=133277#article\",\"isPartOf\":{\"@id\":\"https:\\\/\\\/blogdofarnesio.com.br\\\/?p=133277\"},\"author\":{\"name\":\"\",\"@id\":\"\"},\"headline\":\"MUCOPOLISSACARIDOSES (MPS) FOI TEMA DE PALESTRAS EM JUAZEIRO\",\"datePublished\":\"2015-11-21T13:00:57+00:00\",\"mainEntityOfPage\":{\"@id\":\"https:\\\/\\\/blogdofarnesio.com.br\\\/?p=133277\"},\"wordCount\":473,\"commentCount\":0,\"publisher\":{\"@id\":\"https:\\\/\\\/blogdofarnesio.com.br\\\/#organization\"},\"image\":{\"@id\":\"https:\\\/\\\/blogdofarnesio.com.br\\\/?p=133277#primaryimage\"},\"thumbnailUrl\":\"http:\\\/\\\/www.quersaberpolitica.com.br\\\/2016\\\/wp-content\\\/uploads\\\/2015\\\/11\\\/blogqsp-palestraemjuazeiro-300x169.jpg\",\"articleSection\":[\"Administra\u00e7\u00e3o\"],\"inLanguage\":\"pt-BR\",\"potentialAction\":[{\"@type\":\"CommentAction\",\"name\":\"Comment\",\"target\":[\"https:\\\/\\\/blogdofarnesio.com.br\\\/?p=133277#respond\"]}]},{\"@type\":\"WebPage\",\"@id\":\"https:\\\/\\\/blogdofarnesio.com.br\\\/?p=133277\",\"url\":\"https:\\\/\\\/blogdofarnesio.com.br\\\/?p=133277\",\"name\":\"MUCOPOLISSACARIDOSES (MPS) FOI TEMA DE PALESTRAS EM JUAZEIRO - Blog do Farn\u00e9sio\",\"isPartOf\":{\"@id\":\"https:\\\/\\\/blogdofarnesio.com.br\\\/#website\"},\"primaryImageOfPage\":{\"@id\":\"https:\\\/\\\/blogdofarnesio.com.br\\\/?p=133277#primaryimage\"},\"image\":{\"@id\":\"https:\\\/\\\/blogdofarnesio.com.br\\\/?p=133277#primaryimage\"},\"thumbnailUrl\":\"http:\\\/\\\/www.quersaberpolitica.com.br\\\/2016\\\/wp-content\\\/uploads\\\/2015\\\/11\\\/blogqsp-palestraemjuazeiro-300x169.jpg\",\"datePublished\":\"2015-11-21T13:00:57+00:00\",\"breadcrumb\":{\"@id\":\"https:\\\/\\\/blogdofarnesio.com.br\\\/?p=133277#breadcrumb\"},\"inLanguage\":\"pt-BR\",\"potentialAction\":[{\"@type\":\"ReadAction\",\"target\":[\"https:\\\/\\\/blogdofarnesio.com.br\\\/?p=133277\"]}]},{\"@type\":\"ImageObject\",\"inLanguage\":\"pt-BR\",\"@id\":\"https:\\\/\\\/blogdofarnesio.com.br\\\/?p=133277#primaryimage\",\"url\":\"http:\\\/\\\/www.quersaberpolitica.com.br\\\/2016\\\/wp-content\\\/uploads\\\/2015\\\/11\\\/blogqsp-palestraemjuazeiro-300x169.jpg\",\"contentUrl\":\"http:\\\/\\\/www.quersaberpolitica.com.br\\\/2016\\\/wp-content\\\/uploads\\\/2015\\\/11\\\/blogqsp-palestraemjuazeiro-300x169.jpg\"},{\"@type\":\"BreadcrumbList\",\"@id\":\"https:\\\/\\\/blogdofarnesio.com.br\\\/?p=133277#breadcrumb\",\"itemListElement\":[{\"@type\":\"ListItem\",\"position\":1,\"name\":\"In\u00edcio\",\"item\":\"https:\\\/\\\/blogdofarnesio.com.br\\\/\"},{\"@type\":\"ListItem\",\"position\":2,\"name\":\"MUCOPOLISSACARIDOSES (MPS) FOI TEMA DE PALESTRAS EM JUAZEIRO\"}]},{\"@type\":\"WebSite\",\"@id\":\"https:\\\/\\\/blogdofarnesio.com.br\\\/#website\",\"url\":\"https:\\\/\\\/blogdofarnesio.com.br\\\/\",\"name\":\"Blog do Farn\u00e9sio\",\"description\":\"Quer Saber Pol\u00edtica?\",\"publisher\":{\"@id\":\"https:\\\/\\\/blogdofarnesio.com.br\\\/#organization\"},\"potentialAction\":[{\"@type\":\"SearchAction\",\"target\":{\"@type\":\"EntryPoint\",\"urlTemplate\":\"https:\\\/\\\/blogdofarnesio.com.br\\\/?s={search_term_string}\"},\"query-input\":{\"@type\":\"PropertyValueSpecification\",\"valueRequired\":true,\"valueName\":\"search_term_string\"}}],\"inLanguage\":\"pt-BR\"},{\"@type\":\"Organization\",\"@id\":\"https:\\\/\\\/blogdofarnesio.com.br\\\/#organization\",\"name\":\"Blog do Farn\u00e9sio\",\"url\":\"https:\\\/\\\/blogdofarnesio.com.br\\\/\",\"logo\":{\"@type\":\"ImageObject\",\"inLanguage\":\"pt-BR\",\"@id\":\"https:\\\/\\\/blogdofarnesio.com.br\\\/#\\\/schema\\\/logo\\\/image\\\/\",\"url\":\"https:\\\/\\\/blogdofarnesio.com.br\\\/wp-content\\\/uploads\\\/2026\\\/03\\\/cropped-logo_new-1.png\",\"contentUrl\":\"https:\\\/\\\/blogdofarnesio.com.br\\\/wp-content\\\/uploads\\\/2026\\\/03\\\/cropped-logo_new-1.png\",\"width\":881,\"height\":685,\"caption\":\"Blog do Farn\u00e9sio\"},\"image\":{\"@id\":\"https:\\\/\\\/blogdofarnesio.com.br\\\/#\\\/schema\\\/logo\\\/image\\\/\"},\"sameAs\":[\"https:\\\/\\\/www.facebook.com\\\/BlogQuerSaberPolitica\\\/\"]},{\"@type\":\"Person\",\"@id\":\"\",\"url\":\"https:\\\/\\\/blogdofarnesio.com.br\\\/?author=7\"}]}<\/script>\n<!-- \/ Yoast SEO plugin. -->","yoast_head_json":{"title":"MUCOPOLISSACARIDOSES (MPS) FOI TEMA DE PALESTRAS EM JUAZEIRO - Blog do Farn\u00e9sio","robots":{"index":"index","follow":"follow","max-snippet":"max-snippet:-1","max-image-preview":"max-image-preview:large","max-video-preview":"max-video-preview:-1"},"canonical":"https:\/\/blogdofarnesio.com.br\/?p=133277","og_locale":"pt_BR","og_type":"article","og_title":"MUCOPOLISSACARIDOSES (MPS) FOI TEMA DE PALESTRAS EM JUAZEIRO - Blog do Farn\u00e9sio","og_description":"Com o objetivo de informar sobre as Mucopolissacaridoses (MPS), doen\u00e7as raras e heredit\u00e1rias que afetam o metabolismo de mol\u00e9culas no organismo humano, a Secretaria Municipal de Sa\u00fade em parceria com a Associa\u00e7\u00e3o Baiana de Pacientes Portadores de Mucopolissacaridoses (ABAMPS) realizam no audit\u00f3rio do Centro de Sa\u00fade III em Juazeiro, palestras de conscientiza\u00e7\u00e3o para profissionais da \u00e1rea de sa\u00fade &#8211; enfermeiros, t\u00e9cnicos de enfermagem, m\u00e9dicos, dentistas, fisioterapeutas, agentes comunit\u00e1rios, dentre outros. Ana Alzira Sobral, enfermeira do Hospital Geral Roberto Santos e Consultora da Associa\u00e7\u00e3o Baiana de Pacientes Portadores de MPS e Doen\u00e7as Renais (ABAMPS) \u00e9 uma das palestrantes. \u00a0\u201cO objetivo desse curso \u00e9 transmitir a informa\u00e7\u00e3o para que os profissionais de sa\u00fade identifiquem o mais precocemente poss\u00edvel a s\u00edndrome nas crian\u00e7as.&hellip;","og_url":"https:\/\/blogdofarnesio.com.br\/?p=133277","og_site_name":"Blog do Farn\u00e9sio","article_publisher":"https:\/\/www.facebook.com\/BlogQuerSaberPolitica\/","article_published_time":"2015-11-21T13:00:57+00:00","og_image":[{"url":"http:\/\/www.quersaberpolitica.com.br\/2016\/wp-content\/uploads\/2015\/11\/blogqsp-palestraemjuazeiro-300x169.jpg","type":"","width":"","height":""}],"twitter_card":"summary_large_image","twitter_misc":{"Escrito por":"","Est. tempo de leitura":"2 minutos"},"schema":{"@context":"https:\/\/schema.org","@graph":[{"@type":"Article","@id":"https:\/\/blogdofarnesio.com.br\/?p=133277#article","isPartOf":{"@id":"https:\/\/blogdofarnesio.com.br\/?p=133277"},"author":{"name":"","@id":""},"headline":"MUCOPOLISSACARIDOSES (MPS) FOI TEMA DE PALESTRAS EM JUAZEIRO","datePublished":"2015-11-21T13:00:57+00:00","mainEntityOfPage":{"@id":"https:\/\/blogdofarnesio.com.br\/?p=133277"},"wordCount":473,"commentCount":0,"publisher":{"@id":"https:\/\/blogdofarnesio.com.br\/#organization"},"image":{"@id":"https:\/\/blogdofarnesio.com.br\/?p=133277#primaryimage"},"thumbnailUrl":"http:\/\/www.quersaberpolitica.com.br\/2016\/wp-content\/uploads\/2015\/11\/blogqsp-palestraemjuazeiro-300x169.jpg","articleSection":["Administra\u00e7\u00e3o"],"inLanguage":"pt-BR","potentialAction":[{"@type":"CommentAction","name":"Comment","target":["https:\/\/blogdofarnesio.com.br\/?p=133277#respond"]}]},{"@type":"WebPage","@id":"https:\/\/blogdofarnesio.com.br\/?p=133277","url":"https:\/\/blogdofarnesio.com.br\/?p=133277","name":"MUCOPOLISSACARIDOSES (MPS) FOI TEMA DE PALESTRAS EM JUAZEIRO - Blog do Farn\u00e9sio","isPartOf":{"@id":"https:\/\/blogdofarnesio.com.br\/#website"},"primaryImageOfPage":{"@id":"https:\/\/blogdofarnesio.com.br\/?p=133277#primaryimage"},"image":{"@id":"https:\/\/blogdofarnesio.com.br\/?p=133277#primaryimage"},"thumbnailUrl":"http:\/\/www.quersaberpolitica.com.br\/2016\/wp-content\/uploads\/2015\/11\/blogqsp-palestraemjuazeiro-300x169.jpg","datePublished":"2015-11-21T13:00:57+00:00","breadcrumb":{"@id":"https:\/\/blogdofarnesio.com.br\/?p=133277#breadcrumb"},"inLanguage":"pt-BR","potentialAction":[{"@type":"ReadAction","target":["https:\/\/blogdofarnesio.com.br\/?p=133277"]}]},{"@type":"ImageObject","inLanguage":"pt-BR","@id":"https:\/\/blogdofarnesio.com.br\/?p=133277#primaryimage","url":"http:\/\/www.quersaberpolitica.com.br\/2016\/wp-content\/uploads\/2015\/11\/blogqsp-palestraemjuazeiro-300x169.jpg","contentUrl":"http:\/\/www.quersaberpolitica.com.br\/2016\/wp-content\/uploads\/2015\/11\/blogqsp-palestraemjuazeiro-300x169.jpg"},{"@type":"BreadcrumbList","@id":"https:\/\/blogdofarnesio.com.br\/?p=133277#breadcrumb","itemListElement":[{"@type":"ListItem","position":1,"name":"In\u00edcio","item":"https:\/\/blogdofarnesio.com.br\/"},{"@type":"ListItem","position":2,"name":"MUCOPOLISSACARIDOSES (MPS) FOI TEMA DE PALESTRAS EM JUAZEIRO"}]},{"@type":"WebSite","@id":"https:\/\/blogdofarnesio.com.br\/#website","url":"https:\/\/blogdofarnesio.com.br\/","name":"Blog do Farn\u00e9sio","description":"Quer Saber Pol\u00edtica?","publisher":{"@id":"https:\/\/blogdofarnesio.com.br\/#organization"},"potentialAction":[{"@type":"SearchAction","target":{"@type":"EntryPoint","urlTemplate":"https:\/\/blogdofarnesio.com.br\/?s={search_term_string}"},"query-input":{"@type":"PropertyValueSpecification","valueRequired":true,"valueName":"search_term_string"}}],"inLanguage":"pt-BR"},{"@type":"Organization","@id":"https:\/\/blogdofarnesio.com.br\/#organization","name":"Blog do Farn\u00e9sio","url":"https:\/\/blogdofarnesio.com.br\/","logo":{"@type":"ImageObject","inLanguage":"pt-BR","@id":"https:\/\/blogdofarnesio.com.br\/#\/schema\/logo\/image\/","url":"https:\/\/blogdofarnesio.com.br\/wp-content\/uploads\/2026\/03\/cropped-logo_new-1.png","contentUrl":"https:\/\/blogdofarnesio.com.br\/wp-content\/uploads\/2026\/03\/cropped-logo_new-1.png","width":881,"height":685,"caption":"Blog do Farn\u00e9sio"},"image":{"@id":"https:\/\/blogdofarnesio.com.br\/#\/schema\/logo\/image\/"},"sameAs":["https:\/\/www.facebook.com\/BlogQuerSaberPolitica\/"]},{"@type":"Person","@id":"","url":"https:\/\/blogdofarnesio.com.br\/?author=7"}]}},"_links":{"self":[{"href":"https:\/\/blogdofarnesio.com.br\/index.php?rest_route=\/wp\/v2\/posts\/133277","targetHints":{"allow":["GET"]}}],"collection":[{"href":"https:\/\/blogdofarnesio.com.br\/index.php?rest_route=\/wp\/v2\/posts"}],"about":[{"href":"https:\/\/blogdofarnesio.com.br\/index.php?rest_route=\/wp\/v2\/types\/post"}],"author":[{"embeddable":true,"href":"https:\/\/blogdofarnesio.com.br\/index.php?rest_route=\/wp\/v2\/users\/7"}],"replies":[{"embeddable":true,"href":"https:\/\/blogdofarnesio.com.br\/index.php?rest_route=%2Fwp%2Fv2%2Fcomments&post=133277"}],"version-history":[{"count":0,"href":"https:\/\/blogdofarnesio.com.br\/index.php?rest_route=\/wp\/v2\/posts\/133277\/revisions"}],"wp:attachment":[{"href":"https:\/\/blogdofarnesio.com.br\/index.php?rest_route=%2Fwp%2Fv2%2Fmedia&parent=133277"}],"wp:term":[{"taxonomy":"category","embeddable":true,"href":"https:\/\/blogdofarnesio.com.br\/index.php?rest_route=%2Fwp%2Fv2%2Fcategories&post=133277"},{"taxonomy":"post_tag","embeddable":true,"href":"https:\/\/blogdofarnesio.com.br\/index.php?rest_route=%2Fwp%2Fv2%2Ftags&post=133277"}],"curies":[{"name":"wp","href":"https:\/\/api.w.org\/{rel}","templated":true}]}}