{"id":133268,"date":"2015-11-19T09:00:54","date_gmt":"2015-11-19T12:00:54","guid":{"rendered":"http:\/\/www.quersaberpolitica.com.br\/?p=133268"},"modified":"2015-11-18T20:21:50","modified_gmt":"2015-11-18T23:21:50","slug":"el-nino-ganha-forca-e-sera-um-dos-tres-piores-da-historia-afirma-onu","status":"publish","type":"post","link":"https:\/\/blogdofarnesio.com.br\/?p=133268","title":{"rendered":"EL NI\u00d1O GANHA FOR\u00c7A E SER\u00c1 UM DOS TR\u00caS PIORES DA HIST\u00d3RIA, AFIRMA ONU"},"content":{"rendered":"<p style=\"text-align: justify\"><a href=\"http:\/\/www.quersaberpolitica.com.br\/2016\/wp-content\/uploads\/2015\/11\/blogqsp-el_nino_2015.jpg\"><img loading=\"lazy\" decoding=\"async\" class=\"  wp-image-133269 aligncenter\" src=\"http:\/\/www.quersaberpolitica.com.br\/2016\/wp-content\/uploads\/2015\/11\/blogqsp-el_nino_2015-300x169.jpg\" alt=\"blogqsp-el_nino_2015\" width=\"421\" height=\"244\" \/><\/a><\/p>\n<p style=\"text-align: justify\">O fen\u00f4meno El Ni\u00f1o, o superaquecimento das \u00e1guas de superf\u00edcie do Pac\u00edfico, deve se fortalecer ainda mais antes do fim do ano e se tornar um dos mais intensos j\u00e1 registrados, afirma a OMM (Organiza\u00e7\u00e3o Meteorol\u00f3gica Mundial).<\/p>\n<p style=\"text-align: justify\">Por ser conectado ao clima global &#8212; associado a secas, tempestades e inunda\u00e7\u00f5es em outros lugares &#8212; essa anomalia causa preocupa\u00e7\u00e3o. O atual El Ni\u00f1o j\u00e1 \u00e9 o mais forte registrado nos \u00faltimos 15 anos, e segundo os meteorologistas j\u00e1 est\u00e1 &#8220;forte e maduro&#8221; em novembro.<\/p>\n<p style=\"text-align: justify\">O El Ni\u00f1o \u00e9 causado por uma desacelera\u00e7\u00e3o dos ventos al\u00edsios, que sopram na dire\u00e7\u00e3o oeste perto do equador. Na falta de algo que transporte o calor na dire\u00e7\u00e3o do \u00cdndico, as \u00e1guas do Pac\u00edfico ficam cozinhando ao sol, sem se moverem muito, e acabam mais quentes.<\/p>\n<p style=\"text-align: justify\">Desta vez, a m\u00e9dia de temperatura ao longo de tr\u00eas meses j\u00e1 est\u00e1 2\u00b0C acima do normal. Isso p\u00f5e o El Ni\u00f1o atual j\u00e1 no mesmo patamar que os de 1972\/73, de 1982\/83 e de 1997\/98<br \/>\n\u201cAgora achamos que ele realmente vai ser um dos tr\u00eas mais fortes j\u00e1 registrados, sen\u00e3o um dos dois mais fortes, mas ainda n\u00e3o sabemos\u201d, disse ontem Michel Jarraud, secret\u00e1rio-geral da OMM, que \u00e9 um bra\u00e7o da ONU (Organiza\u00e7\u00e3o das Na\u00e7\u00f5es Unidas).<\/p>\n<p style=\"text-align: justify\"><strong>Territ\u00f3rio desconhecido<!--more--><\/strong><br \/>\nSegundo a entidade, o mundo est\u00e1 mais bem preparado para enfrentar esse El Ni\u00f1o do que em anos anteriores, e os pa\u00edses mais afetados j\u00e1 est\u00e3o se antecipando a poss\u00edveis impactos na agricultura, nos recursos pesqueiros, na \u00e1gua e na sa\u00fade. Planos de gerenciamento de desastres est\u00e3o sendo renovados.<\/p>\n<p style=\"text-align: justify\">&#8220;Apesar disso, o evento atual est\u00e1 ocorrendo em territ\u00f3rio desconhecido&#8221;, afirmou Jarraud. &#8220;Nosso planeta se alterou drasticamente por causa da mudan\u00e7a clim\u00e1tica, a tend\u00eancia geral a oceanos mais quentes, a perda de gelo marinho \u00e1rtico e mais de 1 milh\u00e3o de km\u00b2 de cobertura de neve de ver\u00e3o no hemisf\u00e9rio norte.&#8221;<\/p>\n<p style=\"text-align: justify\">&#8220;Esse El Ni\u00f1o, que \u00e9 um fen\u00f4meno natural, e a mudan\u00e7a clim\u00e1tica, alimentada por humanos, v\u00e3o interagir e modificar um ao outro de maneiras que nunca experimentamos&#8221;, afirmou. &#8220;Mesmo antes do in\u00edcio do El Ni\u00f1o, temperaturas m\u00e9dias de superf\u00edcie na Terra j\u00e1 estavam batendo recordes. O El Ni\u00f1o est\u00e1 elevando o calor ainda mais.&#8221;<\/p>\n<p style=\"text-align: justify\"><strong>Previs\u00e3o do tempo<\/strong><br \/>\nOndas de calor ser\u00e3o mais quentes e mais frequentes e mais lugares ficar\u00e3o sob risco de inunda\u00e7\u00e3o, disse Jarraud, enquanto as tempestades mais severas &#8212; como furac\u00f5es de categorias 4 e 5 &#8212; poder\u00e3o ocorrer com mais frequ\u00eancia.<\/p>\n<p style=\"text-align: justify\">Al\u00e9m disso, o aumento do n\u00edvel do mar significa que tsunamis e ressacas ter\u00e3o mais alcance e infligir mais dano quando atingirem a terra, afirmou Jarraud.<\/p>\n<p style=\"text-align: justify\">As condi\u00e7\u00f5es do El Ni\u00f1o em geral atingem for\u00e7a m\u00e1xima entre outubro e janeiro e persistem pela maior parte do primeiro trimestre do ano, mas neste ano pode ser diferente.<\/p>\n<p style=\"text-align: justify\">&#8220;Antecipamos que o El Ni\u00f1o ter\u00e1 pico dentro dos pr\u00f3ximos meses e, progressivamente &#8212; quando entrarmos em maio, junho e julho, quando entrarmos n segundo trimestre &#8211;, entrar\u00e1 em condi\u00e7\u00f5es mais neutras&#8221; afirmou Jarraud.<\/p>\n<p style=\"text-align: justify\"><em>Globo<\/em><\/p>\n","protected":false},"excerpt":{"rendered":"<p>O fen\u00f4meno El Ni\u00f1o, o superaquecimento das \u00e1guas de superf\u00edcie do Pac\u00edfico, deve se fortalecer ainda mais antes do fim do ano e se tornar um dos mais intensos j\u00e1 registrados, afirma a OMM (Organiza\u00e7\u00e3o Meteorol\u00f3gica Mundial). Por ser conectado ao clima global &#8212; associado a secas, tempestades e inunda\u00e7\u00f5es em outros lugares &#8212; essa anomalia causa preocupa\u00e7\u00e3o. O atual El Ni\u00f1o j\u00e1 \u00e9 o mais forte registrado nos \u00faltimos 15 anos, e segundo os meteorologistas j\u00e1 est\u00e1 &#8220;forte e maduro&#8221; em novembro. O El Ni\u00f1o \u00e9 causado por uma desacelera\u00e7\u00e3o dos ventos al\u00edsios, que sopram na dire\u00e7\u00e3o oeste perto do equador. Na falta de algo que transporte o calor na dire\u00e7\u00e3o do \u00cdndico, as \u00e1guas do Pac\u00edfico ficam cozinhando&hellip; <\/p>\n","protected":false},"author":7,"featured_media":0,"comment_status":"open","ping_status":"open","sticky":false,"template":"","format":"standard","meta":{"_acf_changed":false,"footnotes":""},"categories":[29],"tags":[],"class_list":["post-133268","post","type-post","status-publish","format-standard","hentry","category-meio-ambiente"],"acf":[],"yoast_head":"<!-- This site is optimized with the Yoast SEO plugin v27.4 - https:\/\/yoast.com\/product\/yoast-seo-wordpress\/ -->\n<title>EL NI\u00d1O GANHA FOR\u00c7A E SER\u00c1 UM DOS TR\u00caS PIORES DA HIST\u00d3RIA, AFIRMA ONU - Blog do Farn\u00e9sio<\/title>\n<meta name=\"robots\" content=\"index, follow, max-snippet:-1, max-image-preview:large, max-video-preview:-1\" \/>\n<link rel=\"canonical\" href=\"https:\/\/blogdofarnesio.com.br\/?p=133268\" \/>\n<meta property=\"og:locale\" content=\"pt_BR\" \/>\n<meta property=\"og:type\" content=\"article\" \/>\n<meta property=\"og:title\" content=\"EL NI\u00d1O GANHA FOR\u00c7A E SER\u00c1 UM DOS TR\u00caS PIORES DA HIST\u00d3RIA, AFIRMA ONU - Blog do Farn\u00e9sio\" \/>\n<meta property=\"og:description\" content=\"O fen\u00f4meno El Ni\u00f1o, o superaquecimento das \u00e1guas de superf\u00edcie do Pac\u00edfico, deve se fortalecer ainda mais antes do fim do ano e se tornar um dos mais intensos j\u00e1 registrados, afirma a OMM (Organiza\u00e7\u00e3o Meteorol\u00f3gica Mundial). Por ser conectado ao clima global &#8212; associado a secas, tempestades e inunda\u00e7\u00f5es em outros lugares &#8212; essa anomalia causa preocupa\u00e7\u00e3o. O atual El Ni\u00f1o j\u00e1 \u00e9 o mais forte registrado nos \u00faltimos 15 anos, e segundo os meteorologistas j\u00e1 est\u00e1 &#8220;forte e maduro&#8221; em novembro. O El Ni\u00f1o \u00e9 causado por uma desacelera\u00e7\u00e3o dos ventos al\u00edsios, que sopram na dire\u00e7\u00e3o oeste perto do equador. Na falta de algo que transporte o calor na dire\u00e7\u00e3o do \u00cdndico, as \u00e1guas do Pac\u00edfico ficam cozinhando&hellip;\" \/>\n<meta property=\"og:url\" content=\"https:\/\/blogdofarnesio.com.br\/?p=133268\" \/>\n<meta property=\"og:site_name\" content=\"Blog do Farn\u00e9sio\" \/>\n<meta property=\"article:publisher\" content=\"https:\/\/www.facebook.com\/BlogQuerSaberPolitica\/\" \/>\n<meta property=\"article:published_time\" content=\"2015-11-19T12:00:54+00:00\" \/>\n<meta property=\"og:image\" content=\"http:\/\/www.quersaberpolitica.com.br\/2016\/wp-content\/uploads\/2015\/11\/blogqsp-el_nino_2015-300x169.jpg\" \/>\n<meta name=\"twitter:card\" content=\"summary_large_image\" \/>\n<meta name=\"twitter:label1\" content=\"Escrito por\" \/>\n\t<meta name=\"twitter:data1\" content=\"\" \/>\n\t<meta name=\"twitter:label2\" content=\"Est. tempo de leitura\" \/>\n\t<meta name=\"twitter:data2\" content=\"3 minutos\" \/>\n<script type=\"application\/ld+json\" class=\"yoast-schema-graph\">{\"@context\":\"https:\\\/\\\/schema.org\",\"@graph\":[{\"@type\":\"Article\",\"@id\":\"https:\\\/\\\/blogdofarnesio.com.br\\\/?p=133268#article\",\"isPartOf\":{\"@id\":\"https:\\\/\\\/blogdofarnesio.com.br\\\/?p=133268\"},\"author\":{\"name\":\"\",\"@id\":\"\"},\"headline\":\"EL NI\u00d1O GANHA FOR\u00c7A E SER\u00c1 UM DOS TR\u00caS PIORES DA HIST\u00d3RIA, AFIRMA ONU\",\"datePublished\":\"2015-11-19T12:00:54+00:00\",\"mainEntityOfPage\":{\"@id\":\"https:\\\/\\\/blogdofarnesio.com.br\\\/?p=133268\"},\"wordCount\":569,\"commentCount\":0,\"publisher\":{\"@id\":\"https:\\\/\\\/blogdofarnesio.com.br\\\/#organization\"},\"image\":{\"@id\":\"https:\\\/\\\/blogdofarnesio.com.br\\\/?p=133268#primaryimage\"},\"thumbnailUrl\":\"http:\\\/\\\/www.quersaberpolitica.com.br\\\/2016\\\/wp-content\\\/uploads\\\/2015\\\/11\\\/blogqsp-el_nino_2015-300x169.jpg\",\"articleSection\":[\"Meio Ambiente\"],\"inLanguage\":\"pt-BR\",\"potentialAction\":[{\"@type\":\"CommentAction\",\"name\":\"Comment\",\"target\":[\"https:\\\/\\\/blogdofarnesio.com.br\\\/?p=133268#respond\"]}]},{\"@type\":\"WebPage\",\"@id\":\"https:\\\/\\\/blogdofarnesio.com.br\\\/?p=133268\",\"url\":\"https:\\\/\\\/blogdofarnesio.com.br\\\/?p=133268\",\"name\":\"EL NI\u00d1O GANHA FOR\u00c7A E SER\u00c1 UM DOS TR\u00caS PIORES DA HIST\u00d3RIA, AFIRMA ONU - Blog do Farn\u00e9sio\",\"isPartOf\":{\"@id\":\"https:\\\/\\\/blogdofarnesio.com.br\\\/#website\"},\"primaryImageOfPage\":{\"@id\":\"https:\\\/\\\/blogdofarnesio.com.br\\\/?p=133268#primaryimage\"},\"image\":{\"@id\":\"https:\\\/\\\/blogdofarnesio.com.br\\\/?p=133268#primaryimage\"},\"thumbnailUrl\":\"http:\\\/\\\/www.quersaberpolitica.com.br\\\/2016\\\/wp-content\\\/uploads\\\/2015\\\/11\\\/blogqsp-el_nino_2015-300x169.jpg\",\"datePublished\":\"2015-11-19T12:00:54+00:00\",\"breadcrumb\":{\"@id\":\"https:\\\/\\\/blogdofarnesio.com.br\\\/?p=133268#breadcrumb\"},\"inLanguage\":\"pt-BR\",\"potentialAction\":[{\"@type\":\"ReadAction\",\"target\":[\"https:\\\/\\\/blogdofarnesio.com.br\\\/?p=133268\"]}]},{\"@type\":\"ImageObject\",\"inLanguage\":\"pt-BR\",\"@id\":\"https:\\\/\\\/blogdofarnesio.com.br\\\/?p=133268#primaryimage\",\"url\":\"http:\\\/\\\/www.quersaberpolitica.com.br\\\/2016\\\/wp-content\\\/uploads\\\/2015\\\/11\\\/blogqsp-el_nino_2015-300x169.jpg\",\"contentUrl\":\"http:\\\/\\\/www.quersaberpolitica.com.br\\\/2016\\\/wp-content\\\/uploads\\\/2015\\\/11\\\/blogqsp-el_nino_2015-300x169.jpg\"},{\"@type\":\"BreadcrumbList\",\"@id\":\"https:\\\/\\\/blogdofarnesio.com.br\\\/?p=133268#breadcrumb\",\"itemListElement\":[{\"@type\":\"ListItem\",\"position\":1,\"name\":\"In\u00edcio\",\"item\":\"https:\\\/\\\/blogdofarnesio.com.br\\\/\"},{\"@type\":\"ListItem\",\"position\":2,\"name\":\"EL NI\u00d1O GANHA FOR\u00c7A E SER\u00c1 UM DOS TR\u00caS PIORES DA HIST\u00d3RIA, AFIRMA ONU\"}]},{\"@type\":\"WebSite\",\"@id\":\"https:\\\/\\\/blogdofarnesio.com.br\\\/#website\",\"url\":\"https:\\\/\\\/blogdofarnesio.com.br\\\/\",\"name\":\"Blog do Farn\u00e9sio\",\"description\":\"Quer Saber Pol\u00edtica?\",\"publisher\":{\"@id\":\"https:\\\/\\\/blogdofarnesio.com.br\\\/#organization\"},\"potentialAction\":[{\"@type\":\"SearchAction\",\"target\":{\"@type\":\"EntryPoint\",\"urlTemplate\":\"https:\\\/\\\/blogdofarnesio.com.br\\\/?s={search_term_string}\"},\"query-input\":{\"@type\":\"PropertyValueSpecification\",\"valueRequired\":true,\"valueName\":\"search_term_string\"}}],\"inLanguage\":\"pt-BR\"},{\"@type\":\"Organization\",\"@id\":\"https:\\\/\\\/blogdofarnesio.com.br\\\/#organization\",\"name\":\"Blog do Farn\u00e9sio\",\"url\":\"https:\\\/\\\/blogdofarnesio.com.br\\\/\",\"logo\":{\"@type\":\"ImageObject\",\"inLanguage\":\"pt-BR\",\"@id\":\"https:\\\/\\\/blogdofarnesio.com.br\\\/#\\\/schema\\\/logo\\\/image\\\/\",\"url\":\"https:\\\/\\\/blogdofarnesio.com.br\\\/wp-content\\\/uploads\\\/2026\\\/03\\\/cropped-logo_new-1.png\",\"contentUrl\":\"https:\\\/\\\/blogdofarnesio.com.br\\\/wp-content\\\/uploads\\\/2026\\\/03\\\/cropped-logo_new-1.png\",\"width\":881,\"height\":685,\"caption\":\"Blog do Farn\u00e9sio\"},\"image\":{\"@id\":\"https:\\\/\\\/blogdofarnesio.com.br\\\/#\\\/schema\\\/logo\\\/image\\\/\"},\"sameAs\":[\"https:\\\/\\\/www.facebook.com\\\/BlogQuerSaberPolitica\\\/\"]},{\"@type\":\"Person\",\"@id\":\"\",\"url\":\"https:\\\/\\\/blogdofarnesio.com.br\\\/?author=7\"}]}<\/script>\n<!-- \/ Yoast SEO plugin. -->","yoast_head_json":{"title":"EL NI\u00d1O GANHA FOR\u00c7A E SER\u00c1 UM DOS TR\u00caS PIORES DA HIST\u00d3RIA, AFIRMA ONU - Blog do Farn\u00e9sio","robots":{"index":"index","follow":"follow","max-snippet":"max-snippet:-1","max-image-preview":"max-image-preview:large","max-video-preview":"max-video-preview:-1"},"canonical":"https:\/\/blogdofarnesio.com.br\/?p=133268","og_locale":"pt_BR","og_type":"article","og_title":"EL NI\u00d1O GANHA FOR\u00c7A E SER\u00c1 UM DOS TR\u00caS PIORES DA HIST\u00d3RIA, AFIRMA ONU - Blog do Farn\u00e9sio","og_description":"O fen\u00f4meno El Ni\u00f1o, o superaquecimento das \u00e1guas de superf\u00edcie do Pac\u00edfico, deve se fortalecer ainda mais antes do fim do ano e se tornar um dos mais intensos j\u00e1 registrados, afirma a OMM (Organiza\u00e7\u00e3o Meteorol\u00f3gica Mundial). Por ser conectado ao clima global &#8212; associado a secas, tempestades e inunda\u00e7\u00f5es em outros lugares &#8212; essa anomalia causa preocupa\u00e7\u00e3o. O atual El Ni\u00f1o j\u00e1 \u00e9 o mais forte registrado nos \u00faltimos 15 anos, e segundo os meteorologistas j\u00e1 est\u00e1 &#8220;forte e maduro&#8221; em novembro. O El Ni\u00f1o \u00e9 causado por uma desacelera\u00e7\u00e3o dos ventos al\u00edsios, que sopram na dire\u00e7\u00e3o oeste perto do equador. Na falta de algo que transporte o calor na dire\u00e7\u00e3o do \u00cdndico, as \u00e1guas do Pac\u00edfico ficam cozinhando&hellip;","og_url":"https:\/\/blogdofarnesio.com.br\/?p=133268","og_site_name":"Blog do Farn\u00e9sio","article_publisher":"https:\/\/www.facebook.com\/BlogQuerSaberPolitica\/","article_published_time":"2015-11-19T12:00:54+00:00","og_image":[{"url":"http:\/\/www.quersaberpolitica.com.br\/2016\/wp-content\/uploads\/2015\/11\/blogqsp-el_nino_2015-300x169.jpg","type":"","width":"","height":""}],"twitter_card":"summary_large_image","twitter_misc":{"Escrito por":"","Est. tempo de leitura":"3 minutos"},"schema":{"@context":"https:\/\/schema.org","@graph":[{"@type":"Article","@id":"https:\/\/blogdofarnesio.com.br\/?p=133268#article","isPartOf":{"@id":"https:\/\/blogdofarnesio.com.br\/?p=133268"},"author":{"name":"","@id":""},"headline":"EL NI\u00d1O GANHA FOR\u00c7A E SER\u00c1 UM DOS TR\u00caS PIORES DA HIST\u00d3RIA, AFIRMA ONU","datePublished":"2015-11-19T12:00:54+00:00","mainEntityOfPage":{"@id":"https:\/\/blogdofarnesio.com.br\/?p=133268"},"wordCount":569,"commentCount":0,"publisher":{"@id":"https:\/\/blogdofarnesio.com.br\/#organization"},"image":{"@id":"https:\/\/blogdofarnesio.com.br\/?p=133268#primaryimage"},"thumbnailUrl":"http:\/\/www.quersaberpolitica.com.br\/2016\/wp-content\/uploads\/2015\/11\/blogqsp-el_nino_2015-300x169.jpg","articleSection":["Meio Ambiente"],"inLanguage":"pt-BR","potentialAction":[{"@type":"CommentAction","name":"Comment","target":["https:\/\/blogdofarnesio.com.br\/?p=133268#respond"]}]},{"@type":"WebPage","@id":"https:\/\/blogdofarnesio.com.br\/?p=133268","url":"https:\/\/blogdofarnesio.com.br\/?p=133268","name":"EL NI\u00d1O GANHA FOR\u00c7A E SER\u00c1 UM DOS TR\u00caS PIORES DA HIST\u00d3RIA, AFIRMA ONU - Blog do Farn\u00e9sio","isPartOf":{"@id":"https:\/\/blogdofarnesio.com.br\/#website"},"primaryImageOfPage":{"@id":"https:\/\/blogdofarnesio.com.br\/?p=133268#primaryimage"},"image":{"@id":"https:\/\/blogdofarnesio.com.br\/?p=133268#primaryimage"},"thumbnailUrl":"http:\/\/www.quersaberpolitica.com.br\/2016\/wp-content\/uploads\/2015\/11\/blogqsp-el_nino_2015-300x169.jpg","datePublished":"2015-11-19T12:00:54+00:00","breadcrumb":{"@id":"https:\/\/blogdofarnesio.com.br\/?p=133268#breadcrumb"},"inLanguage":"pt-BR","potentialAction":[{"@type":"ReadAction","target":["https:\/\/blogdofarnesio.com.br\/?p=133268"]}]},{"@type":"ImageObject","inLanguage":"pt-BR","@id":"https:\/\/blogdofarnesio.com.br\/?p=133268#primaryimage","url":"http:\/\/www.quersaberpolitica.com.br\/2016\/wp-content\/uploads\/2015\/11\/blogqsp-el_nino_2015-300x169.jpg","contentUrl":"http:\/\/www.quersaberpolitica.com.br\/2016\/wp-content\/uploads\/2015\/11\/blogqsp-el_nino_2015-300x169.jpg"},{"@type":"BreadcrumbList","@id":"https:\/\/blogdofarnesio.com.br\/?p=133268#breadcrumb","itemListElement":[{"@type":"ListItem","position":1,"name":"In\u00edcio","item":"https:\/\/blogdofarnesio.com.br\/"},{"@type":"ListItem","position":2,"name":"EL NI\u00d1O GANHA FOR\u00c7A E SER\u00c1 UM DOS TR\u00caS PIORES DA HIST\u00d3RIA, AFIRMA ONU"}]},{"@type":"WebSite","@id":"https:\/\/blogdofarnesio.com.br\/#website","url":"https:\/\/blogdofarnesio.com.br\/","name":"Blog do Farn\u00e9sio","description":"Quer Saber Pol\u00edtica?","publisher":{"@id":"https:\/\/blogdofarnesio.com.br\/#organization"},"potentialAction":[{"@type":"SearchAction","target":{"@type":"EntryPoint","urlTemplate":"https:\/\/blogdofarnesio.com.br\/?s={search_term_string}"},"query-input":{"@type":"PropertyValueSpecification","valueRequired":true,"valueName":"search_term_string"}}],"inLanguage":"pt-BR"},{"@type":"Organization","@id":"https:\/\/blogdofarnesio.com.br\/#organization","name":"Blog do Farn\u00e9sio","url":"https:\/\/blogdofarnesio.com.br\/","logo":{"@type":"ImageObject","inLanguage":"pt-BR","@id":"https:\/\/blogdofarnesio.com.br\/#\/schema\/logo\/image\/","url":"https:\/\/blogdofarnesio.com.br\/wp-content\/uploads\/2026\/03\/cropped-logo_new-1.png","contentUrl":"https:\/\/blogdofarnesio.com.br\/wp-content\/uploads\/2026\/03\/cropped-logo_new-1.png","width":881,"height":685,"caption":"Blog do Farn\u00e9sio"},"image":{"@id":"https:\/\/blogdofarnesio.com.br\/#\/schema\/logo\/image\/"},"sameAs":["https:\/\/www.facebook.com\/BlogQuerSaberPolitica\/"]},{"@type":"Person","@id":"","url":"https:\/\/blogdofarnesio.com.br\/?author=7"}]}},"_links":{"self":[{"href":"https:\/\/blogdofarnesio.com.br\/index.php?rest_route=\/wp\/v2\/posts\/133268","targetHints":{"allow":["GET"]}}],"collection":[{"href":"https:\/\/blogdofarnesio.com.br\/index.php?rest_route=\/wp\/v2\/posts"}],"about":[{"href":"https:\/\/blogdofarnesio.com.br\/index.php?rest_route=\/wp\/v2\/types\/post"}],"author":[{"embeddable":true,"href":"https:\/\/blogdofarnesio.com.br\/index.php?rest_route=\/wp\/v2\/users\/7"}],"replies":[{"embeddable":true,"href":"https:\/\/blogdofarnesio.com.br\/index.php?rest_route=%2Fwp%2Fv2%2Fcomments&post=133268"}],"version-history":[{"count":0,"href":"https:\/\/blogdofarnesio.com.br\/index.php?rest_route=\/wp\/v2\/posts\/133268\/revisions"}],"wp:attachment":[{"href":"https:\/\/blogdofarnesio.com.br\/index.php?rest_route=%2Fwp%2Fv2%2Fmedia&parent=133268"}],"wp:term":[{"taxonomy":"category","embeddable":true,"href":"https:\/\/blogdofarnesio.com.br\/index.php?rest_route=%2Fwp%2Fv2%2Fcategories&post=133268"},{"taxonomy":"post_tag","embeddable":true,"href":"https:\/\/blogdofarnesio.com.br\/index.php?rest_route=%2Fwp%2Fv2%2Ftags&post=133268"}],"curies":[{"name":"wp","href":"https:\/\/api.w.org\/{rel}","templated":true}]}}