{"id":13325,"date":"2012-04-23T19:00:01","date_gmt":"2012-04-23T19:00:01","guid":{"rendered":"http:\/\/www.quersaberpolitica.com.br?p=13325"},"modified":"-0001-11-30T00:00:00","modified_gmt":"-0001-11-30T03:00:00","slug":"cursos-de-letras-do-plano-nacional-de-formacao-de-professores-realizam-videoconferencia-sobre-estagio-supervisionado-amanha-24","status":"publish","type":"post","link":"https:\/\/blogdofarnesio.com.br\/?p=13325","title":{"rendered":"Cursos de letras do plano nacional de forma\u00e7\u00e3o de professores realizam videoconfer\u00eancia sobre est\u00e1gio supervisionado amanh\u00e3 (24)"},"content":{"rendered":"<p><p style=\"text-align: justify;\"><span style=\"font-size: medium;\"><strong>Cursos de letras do plano nacional de forma&ccedil;&atilde;o&nbsp;de professores realizam videoconfer&ecirc;ncia sobre est&aacute;gio supervisionado amanh&atilde; (24)<br \/><\/strong><br \/><a rel=\"lightbox\" href=\"http:\/\/www.quersaberpolitica.com.br\/2016\/wp-content\/uploads\/2012\/12\/blogfarnesiouneb.jpg\"><img loading=\"lazy\" decoding=\"async\" style=\"float: left; margin-top: 5px; margin-bottom: 5px; margin-left: 10px; margin-right: 10px;\" src=\"http:\/\/www.quersaberpolitica.com.br\/2016\/wp-content\/uploads\/2012\/12\/blogfarnesiouneb.jpg\" alt=\"\" width=\"200\" height=\"125\" \/><\/a>Os colegiados dos cursos de letras da UNEB, vinculados ao Plano Nacional de Forma&ccedil;&atilde;o de Professores da Educa&ccedil;&atilde;o B&aacute;sica (Parfor), v&atilde;o iniciar amanh&atilde; (24), o Ciclo de Videoconfer&ecirc;ncia de Est&aacute;gio Curricular Supervisionado.<\/p>\n<p>A primeira videoconfer&ecirc;ncia abordar&aacute; o tema O est&aacute;gio na forma&ccedil;&atilde;o continuada do professor e contar&aacute; com a participa&ccedil;&atilde;o das professoras da universidade Ana L&uacute;cia Gomes e D&iacute;dima Andrade.<\/p>\n<p>A iniciativa, que acontece das 8h &agrave;s 12h, no Polo Universit&aacute;rio Santo Amaro do Ipitanga (Pusai), em Lauro de Freitas, ser&aacute; transmitida para os 19 departamentos que possuem turmas do curso de Letras do Parfor.<\/p>\n<p>A atividade visa levantar discuss&otilde;es sobre est&aacute;gio para professores em exerc&iacute;cio, al&eacute;m de possibilitar a compreens&atilde;o da disciplina como espa&ccedil;o onde a identidade profissional do professor-estudante &eacute; constru&iacute;da.<\/p>\n<p>A a&ccedil;&atilde;o &eacute; voltada para os coordenadores locais e professores formadores dos componentes curriculares est&aacute;gio supervisionado e fundamentos te&oacute;ricos da a&ccedil;&atilde;o pedag&oacute;gica IV dos cursos de Letras do Parfor.<\/p>\n<p>O ciclo ser&aacute; composto de tr&ecirc;s videoconfer&ecirc;ncias. As datas das pr&oacute;ximas atividades ser&atilde;o divulgadas posteriormente.<\/p>\n<p>Mais informa&ccedil;&otilde;es no site www.uneb.br.<\/span><\/p>\n<p style=\"text-align: justify;\">&nbsp;<\/p>\n<p style=\"text-align: justify;\"><span style=\"font-size: medium;\">Ascom\/UNEB<\/span><\/p><\/p>\n","protected":false},"excerpt":{"rendered":"<p>Cursos de letras do plano nacional de forma&ccedil;&atilde;o&nbsp;de professores realizam videoconfer&ecirc;ncia sobre est&aacute;gio supervisionado amanh&atilde; (24)Os colegiados dos cursos de letras da UNEB, vinculados ao Plano Nacional de Forma&ccedil;&atilde;o de Professores da Educa&ccedil;&atilde;o B&aacute;sica (Parfor), v&atilde;o iniciar amanh&atilde; (24), o Ciclo de Videoconfer&ecirc;ncia de Est&aacute;gio Curricular Supervisionado. A primeira videoconfer&ecirc;ncia abordar&aacute; o tema O est&aacute;gio na forma&ccedil;&atilde;o continuada do professor e contar&aacute; com a participa&ccedil;&atilde;o das professoras da universidade Ana L&uacute;cia Gomes e D&iacute;dima Andrade. A iniciativa, que acontece das 8h &agrave;s 12h, no Polo Universit&aacute;rio Santo Amaro do Ipitanga (Pusai), em Lauro de Freitas, ser&aacute; transmitida para os 19 departamentos que possuem turmas do curso de Letras do Parfor. A atividade visa levantar discuss&otilde;es sobre est&aacute;gio para professores em&hellip; <\/p>\n","protected":false},"author":0,"featured_media":0,"comment_status":"open","ping_status":"open","sticky":false,"template":"","format":"standard","meta":{"_acf_changed":false,"footnotes":""},"categories":[5],"tags":[],"class_list":["post-13325","post","type-post","status-publish","format-standard","hentry","category-seguranca"],"acf":[],"yoast_head":"<!-- This site is optimized with the Yoast SEO plugin v27.4 - https:\/\/yoast.com\/product\/yoast-seo-wordpress\/ -->\n<title>Cursos de letras do plano nacional de forma\u00e7\u00e3o de professores realizam videoconfer\u00eancia sobre est\u00e1gio supervisionado amanh\u00e3 (24)  - Blog do Farn\u00e9sio<\/title>\n<meta name=\"robots\" content=\"index, follow, max-snippet:-1, max-image-preview:large, max-video-preview:-1\" \/>\n<link rel=\"canonical\" href=\"https:\/\/blogdofarnesio.com.br\/?p=13325\" \/>\n<meta property=\"og:locale\" content=\"pt_BR\" \/>\n<meta property=\"og:type\" content=\"article\" \/>\n<meta property=\"og:title\" content=\"Cursos de letras do plano nacional de forma\u00e7\u00e3o de professores realizam videoconfer\u00eancia sobre est\u00e1gio supervisionado amanh\u00e3 (24)  - Blog do Farn\u00e9sio\" \/>\n<meta property=\"og:description\" content=\"Cursos de letras do plano nacional de forma&ccedil;&atilde;o&nbsp;de professores realizam videoconfer&ecirc;ncia sobre est&aacute;gio supervisionado amanh&atilde; (24)Os colegiados dos cursos de letras da UNEB, vinculados ao Plano Nacional de Forma&ccedil;&atilde;o de Professores da Educa&ccedil;&atilde;o B&aacute;sica (Parfor), v&atilde;o iniciar amanh&atilde; (24), o Ciclo de Videoconfer&ecirc;ncia de Est&aacute;gio Curricular Supervisionado. A primeira videoconfer&ecirc;ncia abordar&aacute; o tema O est&aacute;gio na forma&ccedil;&atilde;o continuada do professor e contar&aacute; com a participa&ccedil;&atilde;o das professoras da universidade Ana L&uacute;cia Gomes e D&iacute;dima Andrade. A iniciativa, que acontece das 8h &agrave;s 12h, no Polo Universit&aacute;rio Santo Amaro do Ipitanga (Pusai), em Lauro de Freitas, ser&aacute; transmitida para os 19 departamentos que possuem turmas do curso de Letras do Parfor. A atividade visa levantar discuss&otilde;es sobre est&aacute;gio para professores em&hellip;\" \/>\n<meta property=\"og:url\" content=\"https:\/\/blogdofarnesio.com.br\/?p=13325\" \/>\n<meta property=\"og:site_name\" content=\"Blog do Farn\u00e9sio\" \/>\n<meta property=\"article:publisher\" content=\"https:\/\/www.facebook.com\/BlogQuerSaberPolitica\/\" \/>\n<meta property=\"article:published_time\" content=\"2012-04-23T19:00:01+00:00\" \/>\n<meta property=\"og:image\" content=\"http:\/\/www.quersaberpolitica.com.br\/2016\/wp-content\/uploads\/2012\/12\/blogfarnesiouneb.jpg\" \/>\n<meta name=\"twitter:card\" content=\"summary_large_image\" \/>\n<meta name=\"twitter:label1\" content=\"Est. tempo de leitura\" \/>\n\t<meta name=\"twitter:data1\" content=\"1 minuto\" \/>\n<script type=\"application\/ld+json\" class=\"yoast-schema-graph\">{\"@context\":\"https:\\\/\\\/schema.org\",\"@graph\":[{\"@type\":\"Article\",\"@id\":\"https:\\\/\\\/blogdofarnesio.com.br\\\/?p=13325#article\",\"isPartOf\":{\"@id\":\"https:\\\/\\\/blogdofarnesio.com.br\\\/?p=13325\"},\"author\":{\"name\":\"\",\"@id\":\"\"},\"headline\":\"Cursos de letras do plano nacional de forma\u00e7\u00e3o de professores realizam videoconfer\u00eancia sobre est\u00e1gio supervisionado amanh\u00e3 (24)\",\"datePublished\":\"2012-04-23T19:00:01+00:00\",\"mainEntityOfPage\":{\"@id\":\"https:\\\/\\\/blogdofarnesio.com.br\\\/?p=13325\"},\"wordCount\":292,\"commentCount\":0,\"publisher\":{\"@id\":\"https:\\\/\\\/blogdofarnesio.com.br\\\/#organization\"},\"image\":{\"@id\":\"https:\\\/\\\/blogdofarnesio.com.br\\\/?p=13325#primaryimage\"},\"thumbnailUrl\":\"http:\\\/\\\/www.quersaberpolitica.com.br\\\/2016\\\/wp-content\\\/uploads\\\/2012\\\/12\\\/blogfarnesiouneb.jpg\",\"articleSection\":[\"Seguran\u00e7a\"],\"inLanguage\":\"pt-BR\",\"potentialAction\":[{\"@type\":\"CommentAction\",\"name\":\"Comment\",\"target\":[\"https:\\\/\\\/blogdofarnesio.com.br\\\/?p=13325#respond\"]}]},{\"@type\":\"WebPage\",\"@id\":\"https:\\\/\\\/blogdofarnesio.com.br\\\/?p=13325\",\"url\":\"https:\\\/\\\/blogdofarnesio.com.br\\\/?p=13325\",\"name\":\"Cursos de letras do plano nacional de forma\u00e7\u00e3o de professores realizam videoconfer\u00eancia sobre est\u00e1gio supervisionado amanh\u00e3 (24) - Blog do Farn\u00e9sio\",\"isPartOf\":{\"@id\":\"https:\\\/\\\/blogdofarnesio.com.br\\\/#website\"},\"primaryImageOfPage\":{\"@id\":\"https:\\\/\\\/blogdofarnesio.com.br\\\/?p=13325#primaryimage\"},\"image\":{\"@id\":\"https:\\\/\\\/blogdofarnesio.com.br\\\/?p=13325#primaryimage\"},\"thumbnailUrl\":\"http:\\\/\\\/www.quersaberpolitica.com.br\\\/2016\\\/wp-content\\\/uploads\\\/2012\\\/12\\\/blogfarnesiouneb.jpg\",\"datePublished\":\"2012-04-23T19:00:01+00:00\",\"breadcrumb\":{\"@id\":\"https:\\\/\\\/blogdofarnesio.com.br\\\/?p=13325#breadcrumb\"},\"inLanguage\":\"pt-BR\",\"potentialAction\":[{\"@type\":\"ReadAction\",\"target\":[\"https:\\\/\\\/blogdofarnesio.com.br\\\/?p=13325\"]}]},{\"@type\":\"ImageObject\",\"inLanguage\":\"pt-BR\",\"@id\":\"https:\\\/\\\/blogdofarnesio.com.br\\\/?p=13325#primaryimage\",\"url\":\"http:\\\/\\\/www.quersaberpolitica.com.br\\\/2016\\\/wp-content\\\/uploads\\\/2012\\\/12\\\/blogfarnesiouneb.jpg\",\"contentUrl\":\"http:\\\/\\\/www.quersaberpolitica.com.br\\\/2016\\\/wp-content\\\/uploads\\\/2012\\\/12\\\/blogfarnesiouneb.jpg\"},{\"@type\":\"BreadcrumbList\",\"@id\":\"https:\\\/\\\/blogdofarnesio.com.br\\\/?p=13325#breadcrumb\",\"itemListElement\":[{\"@type\":\"ListItem\",\"position\":1,\"name\":\"In\u00edcio\",\"item\":\"https:\\\/\\\/blogdofarnesio.com.br\\\/\"},{\"@type\":\"ListItem\",\"position\":2,\"name\":\"Cursos de letras do plano nacional de forma\u00e7\u00e3o de professores realizam videoconfer\u00eancia sobre est\u00e1gio supervisionado amanh\u00e3 (24)\"}]},{\"@type\":\"WebSite\",\"@id\":\"https:\\\/\\\/blogdofarnesio.com.br\\\/#website\",\"url\":\"https:\\\/\\\/blogdofarnesio.com.br\\\/\",\"name\":\"Blog do Farn\u00e9sio\",\"description\":\"Quer Saber Pol\u00edtica?\",\"publisher\":{\"@id\":\"https:\\\/\\\/blogdofarnesio.com.br\\\/#organization\"},\"potentialAction\":[{\"@type\":\"SearchAction\",\"target\":{\"@type\":\"EntryPoint\",\"urlTemplate\":\"https:\\\/\\\/blogdofarnesio.com.br\\\/?s={search_term_string}\"},\"query-input\":{\"@type\":\"PropertyValueSpecification\",\"valueRequired\":true,\"valueName\":\"search_term_string\"}}],\"inLanguage\":\"pt-BR\"},{\"@type\":\"Organization\",\"@id\":\"https:\\\/\\\/blogdofarnesio.com.br\\\/#organization\",\"name\":\"Blog do Farn\u00e9sio\",\"url\":\"https:\\\/\\\/blogdofarnesio.com.br\\\/\",\"logo\":{\"@type\":\"ImageObject\",\"inLanguage\":\"pt-BR\",\"@id\":\"https:\\\/\\\/blogdofarnesio.com.br\\\/#\\\/schema\\\/logo\\\/image\\\/\",\"url\":\"https:\\\/\\\/blogdofarnesio.com.br\\\/wp-content\\\/uploads\\\/2026\\\/03\\\/cropped-logo_new-1.png\",\"contentUrl\":\"https:\\\/\\\/blogdofarnesio.com.br\\\/wp-content\\\/uploads\\\/2026\\\/03\\\/cropped-logo_new-1.png\",\"width\":881,\"height\":685,\"caption\":\"Blog do Farn\u00e9sio\"},\"image\":{\"@id\":\"https:\\\/\\\/blogdofarnesio.com.br\\\/#\\\/schema\\\/logo\\\/image\\\/\"},\"sameAs\":[\"https:\\\/\\\/www.facebook.com\\\/BlogQuerSaberPolitica\\\/\"]}]}<\/script>\n<!-- \/ Yoast SEO plugin. -->","yoast_head_json":{"title":"Cursos de letras do plano nacional de forma\u00e7\u00e3o de professores realizam videoconfer\u00eancia sobre est\u00e1gio supervisionado amanh\u00e3 (24)  - Blog do Farn\u00e9sio","robots":{"index":"index","follow":"follow","max-snippet":"max-snippet:-1","max-image-preview":"max-image-preview:large","max-video-preview":"max-video-preview:-1"},"canonical":"https:\/\/blogdofarnesio.com.br\/?p=13325","og_locale":"pt_BR","og_type":"article","og_title":"Cursos de letras do plano nacional de forma\u00e7\u00e3o de professores realizam videoconfer\u00eancia sobre est\u00e1gio supervisionado amanh\u00e3 (24)  - Blog do Farn\u00e9sio","og_description":"Cursos de letras do plano nacional de forma&ccedil;&atilde;o&nbsp;de professores realizam videoconfer&ecirc;ncia sobre est&aacute;gio supervisionado amanh&atilde; (24)Os colegiados dos cursos de letras da UNEB, vinculados ao Plano Nacional de Forma&ccedil;&atilde;o de Professores da Educa&ccedil;&atilde;o B&aacute;sica (Parfor), v&atilde;o iniciar amanh&atilde; (24), o Ciclo de Videoconfer&ecirc;ncia de Est&aacute;gio Curricular Supervisionado. A primeira videoconfer&ecirc;ncia abordar&aacute; o tema O est&aacute;gio na forma&ccedil;&atilde;o continuada do professor e contar&aacute; com a participa&ccedil;&atilde;o das professoras da universidade Ana L&uacute;cia Gomes e D&iacute;dima Andrade. A iniciativa, que acontece das 8h &agrave;s 12h, no Polo Universit&aacute;rio Santo Amaro do Ipitanga (Pusai), em Lauro de Freitas, ser&aacute; transmitida para os 19 departamentos que possuem turmas do curso de Letras do Parfor. A atividade visa levantar discuss&otilde;es sobre est&aacute;gio para professores em&hellip;","og_url":"https:\/\/blogdofarnesio.com.br\/?p=13325","og_site_name":"Blog do Farn\u00e9sio","article_publisher":"https:\/\/www.facebook.com\/BlogQuerSaberPolitica\/","article_published_time":"2012-04-23T19:00:01+00:00","og_image":[{"url":"http:\/\/www.quersaberpolitica.com.br\/2016\/wp-content\/uploads\/2012\/12\/blogfarnesiouneb.jpg","type":"","width":"","height":""}],"twitter_card":"summary_large_image","twitter_misc":{"Est. tempo de leitura":"1 minuto"},"schema":{"@context":"https:\/\/schema.org","@graph":[{"@type":"Article","@id":"https:\/\/blogdofarnesio.com.br\/?p=13325#article","isPartOf":{"@id":"https:\/\/blogdofarnesio.com.br\/?p=13325"},"author":{"name":"","@id":""},"headline":"Cursos de letras do plano nacional de forma\u00e7\u00e3o de professores realizam videoconfer\u00eancia sobre est\u00e1gio supervisionado amanh\u00e3 (24)","datePublished":"2012-04-23T19:00:01+00:00","mainEntityOfPage":{"@id":"https:\/\/blogdofarnesio.com.br\/?p=13325"},"wordCount":292,"commentCount":0,"publisher":{"@id":"https:\/\/blogdofarnesio.com.br\/#organization"},"image":{"@id":"https:\/\/blogdofarnesio.com.br\/?p=13325#primaryimage"},"thumbnailUrl":"http:\/\/www.quersaberpolitica.com.br\/2016\/wp-content\/uploads\/2012\/12\/blogfarnesiouneb.jpg","articleSection":["Seguran\u00e7a"],"inLanguage":"pt-BR","potentialAction":[{"@type":"CommentAction","name":"Comment","target":["https:\/\/blogdofarnesio.com.br\/?p=13325#respond"]}]},{"@type":"WebPage","@id":"https:\/\/blogdofarnesio.com.br\/?p=13325","url":"https:\/\/blogdofarnesio.com.br\/?p=13325","name":"Cursos de letras do plano nacional de forma\u00e7\u00e3o de professores realizam videoconfer\u00eancia sobre est\u00e1gio supervisionado amanh\u00e3 (24) - Blog do Farn\u00e9sio","isPartOf":{"@id":"https:\/\/blogdofarnesio.com.br\/#website"},"primaryImageOfPage":{"@id":"https:\/\/blogdofarnesio.com.br\/?p=13325#primaryimage"},"image":{"@id":"https:\/\/blogdofarnesio.com.br\/?p=13325#primaryimage"},"thumbnailUrl":"http:\/\/www.quersaberpolitica.com.br\/2016\/wp-content\/uploads\/2012\/12\/blogfarnesiouneb.jpg","datePublished":"2012-04-23T19:00:01+00:00","breadcrumb":{"@id":"https:\/\/blogdofarnesio.com.br\/?p=13325#breadcrumb"},"inLanguage":"pt-BR","potentialAction":[{"@type":"ReadAction","target":["https:\/\/blogdofarnesio.com.br\/?p=13325"]}]},{"@type":"ImageObject","inLanguage":"pt-BR","@id":"https:\/\/blogdofarnesio.com.br\/?p=13325#primaryimage","url":"http:\/\/www.quersaberpolitica.com.br\/2016\/wp-content\/uploads\/2012\/12\/blogfarnesiouneb.jpg","contentUrl":"http:\/\/www.quersaberpolitica.com.br\/2016\/wp-content\/uploads\/2012\/12\/blogfarnesiouneb.jpg"},{"@type":"BreadcrumbList","@id":"https:\/\/blogdofarnesio.com.br\/?p=13325#breadcrumb","itemListElement":[{"@type":"ListItem","position":1,"name":"In\u00edcio","item":"https:\/\/blogdofarnesio.com.br\/"},{"@type":"ListItem","position":2,"name":"Cursos de letras do plano nacional de forma\u00e7\u00e3o de professores realizam videoconfer\u00eancia sobre est\u00e1gio supervisionado amanh\u00e3 (24)"}]},{"@type":"WebSite","@id":"https:\/\/blogdofarnesio.com.br\/#website","url":"https:\/\/blogdofarnesio.com.br\/","name":"Blog do Farn\u00e9sio","description":"Quer Saber Pol\u00edtica?","publisher":{"@id":"https:\/\/blogdofarnesio.com.br\/#organization"},"potentialAction":[{"@type":"SearchAction","target":{"@type":"EntryPoint","urlTemplate":"https:\/\/blogdofarnesio.com.br\/?s={search_term_string}"},"query-input":{"@type":"PropertyValueSpecification","valueRequired":true,"valueName":"search_term_string"}}],"inLanguage":"pt-BR"},{"@type":"Organization","@id":"https:\/\/blogdofarnesio.com.br\/#organization","name":"Blog do Farn\u00e9sio","url":"https:\/\/blogdofarnesio.com.br\/","logo":{"@type":"ImageObject","inLanguage":"pt-BR","@id":"https:\/\/blogdofarnesio.com.br\/#\/schema\/logo\/image\/","url":"https:\/\/blogdofarnesio.com.br\/wp-content\/uploads\/2026\/03\/cropped-logo_new-1.png","contentUrl":"https:\/\/blogdofarnesio.com.br\/wp-content\/uploads\/2026\/03\/cropped-logo_new-1.png","width":881,"height":685,"caption":"Blog do Farn\u00e9sio"},"image":{"@id":"https:\/\/blogdofarnesio.com.br\/#\/schema\/logo\/image\/"},"sameAs":["https:\/\/www.facebook.com\/BlogQuerSaberPolitica\/"]}]}},"_links":{"self":[{"href":"https:\/\/blogdofarnesio.com.br\/index.php?rest_route=\/wp\/v2\/posts\/13325","targetHints":{"allow":["GET"]}}],"collection":[{"href":"https:\/\/blogdofarnesio.com.br\/index.php?rest_route=\/wp\/v2\/posts"}],"about":[{"href":"https:\/\/blogdofarnesio.com.br\/index.php?rest_route=\/wp\/v2\/types\/post"}],"replies":[{"embeddable":true,"href":"https:\/\/blogdofarnesio.com.br\/index.php?rest_route=%2Fwp%2Fv2%2Fcomments&post=13325"}],"version-history":[{"count":0,"href":"https:\/\/blogdofarnesio.com.br\/index.php?rest_route=\/wp\/v2\/posts\/13325\/revisions"}],"wp:attachment":[{"href":"https:\/\/blogdofarnesio.com.br\/index.php?rest_route=%2Fwp%2Fv2%2Fmedia&parent=13325"}],"wp:term":[{"taxonomy":"category","embeddable":true,"href":"https:\/\/blogdofarnesio.com.br\/index.php?rest_route=%2Fwp%2Fv2%2Fcategories&post=13325"},{"taxonomy":"post_tag","embeddable":true,"href":"https:\/\/blogdofarnesio.com.br\/index.php?rest_route=%2Fwp%2Fv2%2Ftags&post=13325"}],"curies":[{"name":"wp","href":"https:\/\/api.w.org\/{rel}","templated":true}]}}