{"id":13315,"date":"2012-04-23T12:00:06","date_gmt":"2012-04-23T12:00:06","guid":{"rendered":"http:\/\/www.quersaberpolitica.com.br?p=13315"},"modified":"-0001-11-30T00:00:00","modified_gmt":"-0001-11-30T03:00:00","slug":"pt-baiano-reune-membros-do-diretorio-com-o-governador-para-divulgar-orientacoes","status":"publish","type":"post","link":"https:\/\/blogdofarnesio.com.br\/?p=13315","title":{"rendered":"PT baiano re\u00fane membros do Diret\u00f3rio com o governador para divulgar orienta\u00e7\u00f5es"},"content":{"rendered":"<p><img loading=\"lazy\" decoding=\"async\" style=\"float: right; margin-top: 5px; margin-bottom: 5px; margin-left: 10px; margin-right: 10px;\" src=\"http:\/\/www.quersaberpolitica.com.br\/2016\/wp-content\/uploads\/2012\/12\/blogqsppptestrela_rachada.jpg\" alt=\"\" width=\"200\" height=\"179\" \/><\/p>\n<p style=\"text-align: justify;\"><span style=\"font-size: medium;\">De acordo com o presidente Jonas Paulo, o encontro serviu para nivelar a compreens&atilde;o sobre as tarefas, t&aacute;ticas, calend&aacute;rio eleitoral e organiza&ccedil;&atilde;o do partido para o processo eleitoral de 2012.<br \/>Com a presen&ccedil;a do Governador do Estado, Jaques Wagner, de prefeitos, deputados -estaduais e federais- vereadores e membros do Diret&oacute;rio Estadual, o Partido dos Trabalhadores da Bahia, reafirmou neste domingo (22), as diretrizes que ir&atilde;o orientar a atua&ccedil;&atilde;o dos petistas para as elei&ccedil;&otilde;es municipais de 2012 nas 35 maiores cidades do estado.&nbsp;<br \/>A compreens&atilde;o das tarefas com base na intensifica&ccedil;&atilde;o do di&aacute;logo, fortalecimento da democracia interna, manuten&ccedil;&atilde;o do projeto petista na Bahia, &#8211; inclusive para 2014-, a pol&iacute;tica de alian&ccedil;as, t&aacute;ticas de vit&oacute;rias (priorizando as maiores cidades e o isolamento da oposi&ccedil;&atilde;o nos principais p&oacute;los), foram as pautas defendidas pelos presentes. &#8220;O PT\/BA, decidiu que o caminho para a constru&ccedil;&atilde;o de t&aacute;ticas de vit&oacute;rias em 2012 &eacute; o que possibilite o crescimento do partido e aliados de olho em 2014, priorizando cidades, alian&ccedil;as e o isolamento da oposi&ccedil;&atilde;o&#8221;, destacou o presidente estadual.&nbsp;<br \/>Jonas Paulo refor&ccedil;ou ainda que o objetivo &eacute; repetir no estado, a mesma f&oacute;rmula que tem dado certo nacionalmente e no plano estadual, com a consolida&ccedil;&atilde;o da candidatura de Nelson Pelegrino e dos nomes dos companheiros petistas que disputar&atilde;o as elei&ccedil;&otilde;es municipais no interior baiano.&nbsp;<br \/>Em clima de festa, os membros do Diret&oacute;rio comemoraram com o governador Jaques Wagner a aprova&ccedil;&atilde;o de 93% do governo Dilma, divulgados pela pesquisa Datafolha. &#8220;Quase dois anos depois, se as elei&ccedil;&otilde;es fossem hoje, a Dilma Rousseff ganharia com margem ainda maior. Isso revela que vamos para elei&ccedil;&atilde;o em excelentes condi&ccedil;&otilde;es&#8221;, comemorou Jonas Paulo.&nbsp;<br \/>A seca e desenvolvimento do estado, tamb&eacute;m foram pautas debatidas durante o encontro, trazidas pelo presidente da UPB, Luiz Caetano, que fez uma abordagem detalhada sobre o cen&aacute;rio da seca no Nordeste, e pelo secretario de Planejamento, Sergio Gabriel, que discorreu sobre o desenvolvimento do estado.&nbsp;<br \/>35 maiores cidades&nbsp;<br \/>Entre os meses de abril e junho, os dirigentes do Partido dos Trabalhadores percorrer&atilde;o o estado para acompanhar o andamento das candidaturas petistas nas 35 maiores cidades. Para tanto, um GTE (Grupo de Trabalho Eleitoral) foi montado durante a reuni&atilde;o para realizar o acompanhamento de cada munic&iacute;pio.&nbsp;<br \/>A divulga&ccedil;&atilde;o das tr&ecirc;s Resolu&ccedil;&otilde;es ( todas aprovadas na &iacute;ntegra, durante o encontro estadual), estar&aacute; dispon&iacute;vel em breve, no site do PT estadual.&nbsp;<br \/>Ascom PT BA.De acordo com o presidente Jonas Paulo, o encontro serviu para nivelar a compreens&atilde;o sobre as tarefas, t&aacute;ticas, calend&aacute;rio eleitoral e organiza&ccedil;&atilde;o do partido para o processo eleitoral de 2012.<\/span><\/p>\n<p style=\"text-align: justify;\"><span style=\"font-size: medium;\">Com a presen&ccedil;a do Governador do Estado, Jaques Wagner, de prefeitos, deputados -estaduais e federais- vereadores e membros do Diret&oacute;rio Estadual, o Partido dos Trabalhadores da Bahia, reafirmou neste domingo (22), as diretrizes que ir&atilde;o orientar a atua&ccedil;&atilde;o dos petistas para as elei&ccedil;&otilde;es municipais de 2012 nas 35 maiores cidades do estado.&nbsp;<br \/>A compreens&atilde;o das tarefas com base na intensifica&ccedil;&atilde;o do di&aacute;logo, fortalecimento da democracia interna, manuten&ccedil;&atilde;o do projeto petista na Bahia, &#8211; inclusive para 2014-, a pol&iacute;tica de alian&ccedil;as, t&aacute;ticas de vit&oacute;rias (priorizando as maiores cidades e o isolamento da oposi&ccedil;&atilde;o nos principais p&oacute;los), foram as pautas defendidas pelos presentes. &#8220;O PT\/BA, decidiu que o caminho para a constru&ccedil;&atilde;o de t&aacute;ticas de vit&oacute;rias em 2012 &eacute; o que possibilite o crescimento do partido e aliados de olho em 2014, priorizando cidades, alian&ccedil;as e o isolamento da oposi&ccedil;&atilde;o&#8221;, destacou o presidente estadual.&nbsp;<br \/>Jonas Paulo refor&ccedil;ou ainda que o objetivo &eacute; repetir no estado, a mesma f&oacute;rmula que tem dado certo nacionalmente e no plano estadual, com a consolida&ccedil;&atilde;o da candidatura de Nelson Pelegrino e dos nomes dos companheiros petistas que disputar&atilde;o as elei&ccedil;&otilde;es municipais no interior baiano.&nbsp;<br \/>Em clima de festa, os membros do Diret&oacute;rio comemoraram com o governador Jaques Wagner a aprova&ccedil;&atilde;o de 93% do governo Dilma, divulgados pela pesquisa Datafolha. &#8220;Quase dois anos depois, se as elei&ccedil;&otilde;es fossem hoje, a Dilma Rousseff ganharia com margem ainda maior. Isso revela que vamos para elei&ccedil;&atilde;o em excelentes condi&ccedil;&otilde;es&#8221;, comemorou Jonas Paulo.&nbsp;<br \/>A seca e desenvolvimento do estado, tamb&eacute;m foram pautas debatidas durante o encontro, trazidas pelo presidente da UPB, Luiz Caetano, que fez uma abordagem detalhada sobre o cen&aacute;rio da seca no Nordeste, e pelo secretario de Planejamento, Sergio Gabriel, que discorreu sobre o desenvolvimento do estado.&nbsp;<br \/>35 maiores cidades&nbsp;<br \/>Entre os meses de abril e junho, os dirigentes do Partido dos Trabalhadores percorrer&atilde;o o estado para acompanhar o andamento das candidaturas petistas nas 35 maiores cidades. Para tanto, um GTE (Grupo de Trabalho Eleitoral) foi montado durante a reuni&atilde;o para realizar o acompanhamento de cada munic&iacute;pio.&nbsp;<br \/>A divulga&ccedil;&atilde;o das tr&ecirc;s Resolu&ccedil;&otilde;es ( todas aprovadas na &iacute;ntegra, durante o encontro estadual), estar&aacute; dispon&iacute;vel em breve, no site do PT estadual.&nbsp;<br \/>Ascom PT BA.<\/span><\/p>\n","protected":false},"excerpt":{"rendered":"<p>De acordo com o presidente Jonas Paulo, o encontro serviu para nivelar a compreens&atilde;o sobre as tarefas, t&aacute;ticas, calend&aacute;rio eleitoral e organiza&ccedil;&atilde;o do partido para o processo eleitoral de 2012.Com a presen&ccedil;a do Governador do Estado, Jaques Wagner, de prefeitos, deputados -estaduais e federais- vereadores e membros do Diret&oacute;rio Estadual, o Partido dos Trabalhadores da Bahia, reafirmou neste domingo (22), as diretrizes que ir&atilde;o orientar a atua&ccedil;&atilde;o dos petistas para as elei&ccedil;&otilde;es municipais de 2012 nas 35 maiores cidades do estado.&nbsp;A compreens&atilde;o das tarefas com base na intensifica&ccedil;&atilde;o do di&aacute;logo, fortalecimento da democracia interna, manuten&ccedil;&atilde;o do projeto petista na Bahia, &#8211; inclusive para 2014-, a pol&iacute;tica de alian&ccedil;as, t&aacute;ticas de vit&oacute;rias (priorizando as maiores cidades e o isolamento da oposi&ccedil;&atilde;o&hellip; <\/p>\n","protected":false},"author":0,"featured_media":0,"comment_status":"open","ping_status":"open","sticky":false,"template":"","format":"standard","meta":{"_acf_changed":false,"footnotes":""},"categories":[43],"tags":[],"class_list":["post-13315","post","type-post","status-publish","format-standard","hentry","category-sem-categoria"],"acf":[],"yoast_head":"<!-- This site is optimized with the Yoast SEO plugin v27.4 - https:\/\/yoast.com\/product\/yoast-seo-wordpress\/ -->\n<title>PT baiano re\u00fane membros do Diret\u00f3rio com o governador para divulgar orienta\u00e7\u00f5es  - Blog do Farn\u00e9sio<\/title>\n<meta name=\"robots\" content=\"index, follow, max-snippet:-1, max-image-preview:large, max-video-preview:-1\" \/>\n<link rel=\"canonical\" href=\"https:\/\/blogdofarnesio.com.br\/?p=13315\" \/>\n<meta property=\"og:locale\" content=\"pt_BR\" \/>\n<meta property=\"og:type\" content=\"article\" \/>\n<meta property=\"og:title\" content=\"PT baiano re\u00fane membros do Diret\u00f3rio com o governador para divulgar orienta\u00e7\u00f5es  - Blog do Farn\u00e9sio\" \/>\n<meta property=\"og:description\" content=\"De acordo com o presidente Jonas Paulo, o encontro serviu para nivelar a compreens&atilde;o sobre as tarefas, t&aacute;ticas, calend&aacute;rio eleitoral e organiza&ccedil;&atilde;o do partido para o processo eleitoral de 2012.Com a presen&ccedil;a do Governador do Estado, Jaques Wagner, de prefeitos, deputados -estaduais e federais- vereadores e membros do Diret&oacute;rio Estadual, o Partido dos Trabalhadores da Bahia, reafirmou neste domingo (22), as diretrizes que ir&atilde;o orientar a atua&ccedil;&atilde;o dos petistas para as elei&ccedil;&otilde;es municipais de 2012 nas 35 maiores cidades do estado.&nbsp;A compreens&atilde;o das tarefas com base na intensifica&ccedil;&atilde;o do di&aacute;logo, fortalecimento da democracia interna, manuten&ccedil;&atilde;o do projeto petista na Bahia, &#8211; inclusive para 2014-, a pol&iacute;tica de alian&ccedil;as, t&aacute;ticas de vit&oacute;rias (priorizando as maiores cidades e o isolamento da oposi&ccedil;&atilde;o&hellip;\" \/>\n<meta property=\"og:url\" content=\"https:\/\/blogdofarnesio.com.br\/?p=13315\" \/>\n<meta property=\"og:site_name\" content=\"Blog do Farn\u00e9sio\" \/>\n<meta property=\"article:publisher\" content=\"https:\/\/www.facebook.com\/BlogQuerSaberPolitica\/\" \/>\n<meta property=\"article:published_time\" content=\"2012-04-23T12:00:06+00:00\" \/>\n<meta property=\"og:image\" content=\"http:\/\/www.quersaberpolitica.com.br\/2016\/wp-content\/uploads\/2012\/12\/blogqsppptestrela_rachada.jpg\" \/>\n<meta name=\"twitter:card\" content=\"summary_large_image\" \/>\n<meta name=\"twitter:label1\" content=\"Est. tempo de leitura\" \/>\n\t<meta name=\"twitter:data1\" content=\"5 minutos\" \/>\n<script type=\"application\/ld+json\" class=\"yoast-schema-graph\">{\"@context\":\"https:\\\/\\\/schema.org\",\"@graph\":[{\"@type\":\"Article\",\"@id\":\"https:\\\/\\\/blogdofarnesio.com.br\\\/?p=13315#article\",\"isPartOf\":{\"@id\":\"https:\\\/\\\/blogdofarnesio.com.br\\\/?p=13315\"},\"author\":{\"name\":\"\",\"@id\":\"\"},\"headline\":\"PT baiano re\u00fane membros do Diret\u00f3rio com o governador para divulgar orienta\u00e7\u00f5es\",\"datePublished\":\"2012-04-23T12:00:06+00:00\",\"mainEntityOfPage\":{\"@id\":\"https:\\\/\\\/blogdofarnesio.com.br\\\/?p=13315\"},\"wordCount\":1007,\"commentCount\":0,\"publisher\":{\"@id\":\"https:\\\/\\\/blogdofarnesio.com.br\\\/#organization\"},\"image\":{\"@id\":\"https:\\\/\\\/blogdofarnesio.com.br\\\/?p=13315#primaryimage\"},\"thumbnailUrl\":\"http:\\\/\\\/www.quersaberpolitica.com.br\\\/2016\\\/wp-content\\\/uploads\\\/2012\\\/12\\\/blogqsppptestrela_rachada.jpg\",\"inLanguage\":\"pt-BR\",\"potentialAction\":[{\"@type\":\"CommentAction\",\"name\":\"Comment\",\"target\":[\"https:\\\/\\\/blogdofarnesio.com.br\\\/?p=13315#respond\"]}]},{\"@type\":\"WebPage\",\"@id\":\"https:\\\/\\\/blogdofarnesio.com.br\\\/?p=13315\",\"url\":\"https:\\\/\\\/blogdofarnesio.com.br\\\/?p=13315\",\"name\":\"PT baiano re\u00fane membros do Diret\u00f3rio com o governador para divulgar orienta\u00e7\u00f5es - Blog do Farn\u00e9sio\",\"isPartOf\":{\"@id\":\"https:\\\/\\\/blogdofarnesio.com.br\\\/#website\"},\"primaryImageOfPage\":{\"@id\":\"https:\\\/\\\/blogdofarnesio.com.br\\\/?p=13315#primaryimage\"},\"image\":{\"@id\":\"https:\\\/\\\/blogdofarnesio.com.br\\\/?p=13315#primaryimage\"},\"thumbnailUrl\":\"http:\\\/\\\/www.quersaberpolitica.com.br\\\/2016\\\/wp-content\\\/uploads\\\/2012\\\/12\\\/blogqsppptestrela_rachada.jpg\",\"datePublished\":\"2012-04-23T12:00:06+00:00\",\"breadcrumb\":{\"@id\":\"https:\\\/\\\/blogdofarnesio.com.br\\\/?p=13315#breadcrumb\"},\"inLanguage\":\"pt-BR\",\"potentialAction\":[{\"@type\":\"ReadAction\",\"target\":[\"https:\\\/\\\/blogdofarnesio.com.br\\\/?p=13315\"]}]},{\"@type\":\"ImageObject\",\"inLanguage\":\"pt-BR\",\"@id\":\"https:\\\/\\\/blogdofarnesio.com.br\\\/?p=13315#primaryimage\",\"url\":\"http:\\\/\\\/www.quersaberpolitica.com.br\\\/2016\\\/wp-content\\\/uploads\\\/2012\\\/12\\\/blogqsppptestrela_rachada.jpg\",\"contentUrl\":\"http:\\\/\\\/www.quersaberpolitica.com.br\\\/2016\\\/wp-content\\\/uploads\\\/2012\\\/12\\\/blogqsppptestrela_rachada.jpg\"},{\"@type\":\"BreadcrumbList\",\"@id\":\"https:\\\/\\\/blogdofarnesio.com.br\\\/?p=13315#breadcrumb\",\"itemListElement\":[{\"@type\":\"ListItem\",\"position\":1,\"name\":\"In\u00edcio\",\"item\":\"https:\\\/\\\/blogdofarnesio.com.br\\\/\"},{\"@type\":\"ListItem\",\"position\":2,\"name\":\"PT baiano re\u00fane membros do Diret\u00f3rio com o governador para divulgar orienta\u00e7\u00f5es\"}]},{\"@type\":\"WebSite\",\"@id\":\"https:\\\/\\\/blogdofarnesio.com.br\\\/#website\",\"url\":\"https:\\\/\\\/blogdofarnesio.com.br\\\/\",\"name\":\"Blog do Farn\u00e9sio\",\"description\":\"Quer Saber Pol\u00edtica?\",\"publisher\":{\"@id\":\"https:\\\/\\\/blogdofarnesio.com.br\\\/#organization\"},\"potentialAction\":[{\"@type\":\"SearchAction\",\"target\":{\"@type\":\"EntryPoint\",\"urlTemplate\":\"https:\\\/\\\/blogdofarnesio.com.br\\\/?s={search_term_string}\"},\"query-input\":{\"@type\":\"PropertyValueSpecification\",\"valueRequired\":true,\"valueName\":\"search_term_string\"}}],\"inLanguage\":\"pt-BR\"},{\"@type\":\"Organization\",\"@id\":\"https:\\\/\\\/blogdofarnesio.com.br\\\/#organization\",\"name\":\"Blog do Farn\u00e9sio\",\"url\":\"https:\\\/\\\/blogdofarnesio.com.br\\\/\",\"logo\":{\"@type\":\"ImageObject\",\"inLanguage\":\"pt-BR\",\"@id\":\"https:\\\/\\\/blogdofarnesio.com.br\\\/#\\\/schema\\\/logo\\\/image\\\/\",\"url\":\"https:\\\/\\\/blogdofarnesio.com.br\\\/wp-content\\\/uploads\\\/2026\\\/03\\\/cropped-logo_new-1.png\",\"contentUrl\":\"https:\\\/\\\/blogdofarnesio.com.br\\\/wp-content\\\/uploads\\\/2026\\\/03\\\/cropped-logo_new-1.png\",\"width\":881,\"height\":685,\"caption\":\"Blog do Farn\u00e9sio\"},\"image\":{\"@id\":\"https:\\\/\\\/blogdofarnesio.com.br\\\/#\\\/schema\\\/logo\\\/image\\\/\"},\"sameAs\":[\"https:\\\/\\\/www.facebook.com\\\/BlogQuerSaberPolitica\\\/\"]}]}<\/script>\n<!-- \/ Yoast SEO plugin. -->","yoast_head_json":{"title":"PT baiano re\u00fane membros do Diret\u00f3rio com o governador para divulgar orienta\u00e7\u00f5es  - Blog do Farn\u00e9sio","robots":{"index":"index","follow":"follow","max-snippet":"max-snippet:-1","max-image-preview":"max-image-preview:large","max-video-preview":"max-video-preview:-1"},"canonical":"https:\/\/blogdofarnesio.com.br\/?p=13315","og_locale":"pt_BR","og_type":"article","og_title":"PT baiano re\u00fane membros do Diret\u00f3rio com o governador para divulgar orienta\u00e7\u00f5es  - Blog do Farn\u00e9sio","og_description":"De acordo com o presidente Jonas Paulo, o encontro serviu para nivelar a compreens&atilde;o sobre as tarefas, t&aacute;ticas, calend&aacute;rio eleitoral e organiza&ccedil;&atilde;o do partido para o processo eleitoral de 2012.Com a presen&ccedil;a do Governador do Estado, Jaques Wagner, de prefeitos, deputados -estaduais e federais- vereadores e membros do Diret&oacute;rio Estadual, o Partido dos Trabalhadores da Bahia, reafirmou neste domingo (22), as diretrizes que ir&atilde;o orientar a atua&ccedil;&atilde;o dos petistas para as elei&ccedil;&otilde;es municipais de 2012 nas 35 maiores cidades do estado.&nbsp;A compreens&atilde;o das tarefas com base na intensifica&ccedil;&atilde;o do di&aacute;logo, fortalecimento da democracia interna, manuten&ccedil;&atilde;o do projeto petista na Bahia, &#8211; inclusive para 2014-, a pol&iacute;tica de alian&ccedil;as, t&aacute;ticas de vit&oacute;rias (priorizando as maiores cidades e o isolamento da oposi&ccedil;&atilde;o&hellip;","og_url":"https:\/\/blogdofarnesio.com.br\/?p=13315","og_site_name":"Blog do Farn\u00e9sio","article_publisher":"https:\/\/www.facebook.com\/BlogQuerSaberPolitica\/","article_published_time":"2012-04-23T12:00:06+00:00","og_image":[{"url":"http:\/\/www.quersaberpolitica.com.br\/2016\/wp-content\/uploads\/2012\/12\/blogqsppptestrela_rachada.jpg","type":"","width":"","height":""}],"twitter_card":"summary_large_image","twitter_misc":{"Est. tempo de leitura":"5 minutos"},"schema":{"@context":"https:\/\/schema.org","@graph":[{"@type":"Article","@id":"https:\/\/blogdofarnesio.com.br\/?p=13315#article","isPartOf":{"@id":"https:\/\/blogdofarnesio.com.br\/?p=13315"},"author":{"name":"","@id":""},"headline":"PT baiano re\u00fane membros do Diret\u00f3rio com o governador para divulgar orienta\u00e7\u00f5es","datePublished":"2012-04-23T12:00:06+00:00","mainEntityOfPage":{"@id":"https:\/\/blogdofarnesio.com.br\/?p=13315"},"wordCount":1007,"commentCount":0,"publisher":{"@id":"https:\/\/blogdofarnesio.com.br\/#organization"},"image":{"@id":"https:\/\/blogdofarnesio.com.br\/?p=13315#primaryimage"},"thumbnailUrl":"http:\/\/www.quersaberpolitica.com.br\/2016\/wp-content\/uploads\/2012\/12\/blogqsppptestrela_rachada.jpg","inLanguage":"pt-BR","potentialAction":[{"@type":"CommentAction","name":"Comment","target":["https:\/\/blogdofarnesio.com.br\/?p=13315#respond"]}]},{"@type":"WebPage","@id":"https:\/\/blogdofarnesio.com.br\/?p=13315","url":"https:\/\/blogdofarnesio.com.br\/?p=13315","name":"PT baiano re\u00fane membros do Diret\u00f3rio com o governador para divulgar orienta\u00e7\u00f5es - Blog do Farn\u00e9sio","isPartOf":{"@id":"https:\/\/blogdofarnesio.com.br\/#website"},"primaryImageOfPage":{"@id":"https:\/\/blogdofarnesio.com.br\/?p=13315#primaryimage"},"image":{"@id":"https:\/\/blogdofarnesio.com.br\/?p=13315#primaryimage"},"thumbnailUrl":"http:\/\/www.quersaberpolitica.com.br\/2016\/wp-content\/uploads\/2012\/12\/blogqsppptestrela_rachada.jpg","datePublished":"2012-04-23T12:00:06+00:00","breadcrumb":{"@id":"https:\/\/blogdofarnesio.com.br\/?p=13315#breadcrumb"},"inLanguage":"pt-BR","potentialAction":[{"@type":"ReadAction","target":["https:\/\/blogdofarnesio.com.br\/?p=13315"]}]},{"@type":"ImageObject","inLanguage":"pt-BR","@id":"https:\/\/blogdofarnesio.com.br\/?p=13315#primaryimage","url":"http:\/\/www.quersaberpolitica.com.br\/2016\/wp-content\/uploads\/2012\/12\/blogqsppptestrela_rachada.jpg","contentUrl":"http:\/\/www.quersaberpolitica.com.br\/2016\/wp-content\/uploads\/2012\/12\/blogqsppptestrela_rachada.jpg"},{"@type":"BreadcrumbList","@id":"https:\/\/blogdofarnesio.com.br\/?p=13315#breadcrumb","itemListElement":[{"@type":"ListItem","position":1,"name":"In\u00edcio","item":"https:\/\/blogdofarnesio.com.br\/"},{"@type":"ListItem","position":2,"name":"PT baiano re\u00fane membros do Diret\u00f3rio com o governador para divulgar orienta\u00e7\u00f5es"}]},{"@type":"WebSite","@id":"https:\/\/blogdofarnesio.com.br\/#website","url":"https:\/\/blogdofarnesio.com.br\/","name":"Blog do Farn\u00e9sio","description":"Quer Saber Pol\u00edtica?","publisher":{"@id":"https:\/\/blogdofarnesio.com.br\/#organization"},"potentialAction":[{"@type":"SearchAction","target":{"@type":"EntryPoint","urlTemplate":"https:\/\/blogdofarnesio.com.br\/?s={search_term_string}"},"query-input":{"@type":"PropertyValueSpecification","valueRequired":true,"valueName":"search_term_string"}}],"inLanguage":"pt-BR"},{"@type":"Organization","@id":"https:\/\/blogdofarnesio.com.br\/#organization","name":"Blog do Farn\u00e9sio","url":"https:\/\/blogdofarnesio.com.br\/","logo":{"@type":"ImageObject","inLanguage":"pt-BR","@id":"https:\/\/blogdofarnesio.com.br\/#\/schema\/logo\/image\/","url":"https:\/\/blogdofarnesio.com.br\/wp-content\/uploads\/2026\/03\/cropped-logo_new-1.png","contentUrl":"https:\/\/blogdofarnesio.com.br\/wp-content\/uploads\/2026\/03\/cropped-logo_new-1.png","width":881,"height":685,"caption":"Blog do Farn\u00e9sio"},"image":{"@id":"https:\/\/blogdofarnesio.com.br\/#\/schema\/logo\/image\/"},"sameAs":["https:\/\/www.facebook.com\/BlogQuerSaberPolitica\/"]}]}},"_links":{"self":[{"href":"https:\/\/blogdofarnesio.com.br\/index.php?rest_route=\/wp\/v2\/posts\/13315","targetHints":{"allow":["GET"]}}],"collection":[{"href":"https:\/\/blogdofarnesio.com.br\/index.php?rest_route=\/wp\/v2\/posts"}],"about":[{"href":"https:\/\/blogdofarnesio.com.br\/index.php?rest_route=\/wp\/v2\/types\/post"}],"replies":[{"embeddable":true,"href":"https:\/\/blogdofarnesio.com.br\/index.php?rest_route=%2Fwp%2Fv2%2Fcomments&post=13315"}],"version-history":[{"count":0,"href":"https:\/\/blogdofarnesio.com.br\/index.php?rest_route=\/wp\/v2\/posts\/13315\/revisions"}],"wp:attachment":[{"href":"https:\/\/blogdofarnesio.com.br\/index.php?rest_route=%2Fwp%2Fv2%2Fmedia&parent=13315"}],"wp:term":[{"taxonomy":"category","embeddable":true,"href":"https:\/\/blogdofarnesio.com.br\/index.php?rest_route=%2Fwp%2Fv2%2Fcategories&post=13315"},{"taxonomy":"post_tag","embeddable":true,"href":"https:\/\/blogdofarnesio.com.br\/index.php?rest_route=%2Fwp%2Fv2%2Ftags&post=13315"}],"curies":[{"name":"wp","href":"https:\/\/api.w.org\/{rel}","templated":true}]}}