{"id":133053,"date":"2015-11-16T07:41:23","date_gmt":"2015-11-16T10:41:23","guid":{"rendered":"http:\/\/www.quersaberpolitica.com.br\/?p=133053"},"modified":"2015-11-16T10:33:32","modified_gmt":"2015-11-16T13:33:32","slug":"vereador-anderson-da-iluminacao-vai-a-salvador-tentar-pegar-o-partido-de-tia-eron","status":"publish","type":"post","link":"https:\/\/blogdofarnesio.com.br\/?p=133053","title":{"rendered":"VEREADOR ANDERSON DA ILUMINA\u00c7\u00c3O VAI DEIXAR O PP E SE MOVIMENTA EM DIRE\u00c7\u00c3O AO PARTIDO DA TIA ERON O PRB"},"content":{"rendered":"<p style=\"text-align: justify\"><a href=\"http:\/\/www.quersaberpolitica.com.br\/2016\/wp-content\/uploads\/2015\/10\/blogqsp-Vereador-Anderson-e-Santa-Casa.jpg\"><img loading=\"lazy\" decoding=\"async\" class=\" wp-image-131720 size-full aligncenter\" src=\"http:\/\/www.quersaberpolitica.com.br\/2016\/wp-content\/uploads\/2015\/10\/blogqsp-Vereador-Anderson-e-Santa-Casa.jpg\" alt=\"blogqsp-Vereador Anderson e Santa Casa\" width=\"448\" height=\"298\" srcset=\"https:\/\/blogdofarnesio.com.br\/wp-content\/uploads\/2015\/10\/blogqsp-Vereador-Anderson-e-Santa-Casa.jpg 448w, https:\/\/blogdofarnesio.com.br\/wp-content\/uploads\/2015\/10\/blogqsp-Vereador-Anderson-e-Santa-Casa-300x200.jpg 300w\" sizes=\"auto, (max-width: 448px) 100vw, 448px\" \/><\/a><\/p>\n<p style=\"text-align: justify\">Em e-mail enviado a Reda\u00e7\u00e3o do <em>BlogQSP<\/em>, a cidad\u00e3 \u00a0Marizalda Alves, afirmou que o vereador Anderson da Ilumina\u00e7\u00e3o atualmente no PP vai a salvador tentar pegar o partido de Tia Eron.<\/p>\n<p style=\"text-align: justify\">Confira:<\/p>\n<p style=\"text-align: justify\">O vereador Anderson da Ilumina\u00e7\u00e3o est\u00e1 de viagem marcada para Salvador, informa\u00e7\u00f5es d\u00e3o conta que o mesmo est\u00e1 indo tentar pegar o partido de Eron Vasconcelos Carvalho, mais conhecida como Tia Eron, o PRB &#8211; que pertence ao grupo de ACM Neto.<\/p>\n<p style=\"text-align: justify\">Ser\u00e1 que ele vai pular de partido? Vamos aguardar!<\/p>\n","protected":false},"excerpt":{"rendered":"<p>Em e-mail enviado a Reda\u00e7\u00e3o do BlogQSP, a cidad\u00e3 \u00a0Marizalda Alves, afirmou que o vereador Anderson da Ilumina\u00e7\u00e3o atualmente no PP vai a salvador tentar pegar o partido de Tia Eron. Confira: O vereador Anderson da Ilumina\u00e7\u00e3o est\u00e1 de viagem marcada para Salvador, informa\u00e7\u00f5es d\u00e3o conta que o mesmo est\u00e1 indo tentar pegar o partido de Eron Vasconcelos Carvalho, mais conhecida como Tia Eron, o PRB &#8211; que pertence ao grupo de ACM Neto. Ser\u00e1 que ele vai pular de partido? Vamos aguardar!<\/p>\n","protected":false},"author":7,"featured_media":0,"comment_status":"open","ping_status":"open","sticky":false,"template":"","format":"standard","meta":{"_acf_changed":false,"footnotes":""},"categories":[1],"tags":[],"class_list":["post-133053","post","type-post","status-publish","format-standard","hentry","category-politica"],"acf":[],"yoast_head":"<!-- This site is optimized with the Yoast SEO plugin v27.4 - https:\/\/yoast.com\/product\/yoast-seo-wordpress\/ -->\n<title>VEREADOR ANDERSON DA ILUMINA\u00c7\u00c3O VAI DEIXAR O PP E SE MOVIMENTA EM DIRE\u00c7\u00c3O AO PARTIDO DA TIA ERON O PRB - Blog do Farn\u00e9sio<\/title>\n<meta name=\"robots\" content=\"index, follow, max-snippet:-1, max-image-preview:large, max-video-preview:-1\" \/>\n<link rel=\"canonical\" href=\"https:\/\/blogdofarnesio.com.br\/?p=133053\" \/>\n<meta property=\"og:locale\" content=\"pt_BR\" \/>\n<meta property=\"og:type\" content=\"article\" \/>\n<meta property=\"og:title\" content=\"VEREADOR ANDERSON DA ILUMINA\u00c7\u00c3O VAI DEIXAR O PP E SE MOVIMENTA EM DIRE\u00c7\u00c3O AO PARTIDO DA TIA ERON O PRB - Blog do Farn\u00e9sio\" \/>\n<meta property=\"og:description\" content=\"Em e-mail enviado a Reda\u00e7\u00e3o do BlogQSP, a cidad\u00e3 \u00a0Marizalda Alves, afirmou que o vereador Anderson da Ilumina\u00e7\u00e3o atualmente no PP vai a salvador tentar pegar o partido de Tia Eron. Confira: O vereador Anderson da Ilumina\u00e7\u00e3o est\u00e1 de viagem marcada para Salvador, informa\u00e7\u00f5es d\u00e3o conta que o mesmo est\u00e1 indo tentar pegar o partido de Eron Vasconcelos Carvalho, mais conhecida como Tia Eron, o PRB &#8211; que pertence ao grupo de ACM Neto. Ser\u00e1 que ele vai pular de partido? Vamos aguardar!\" \/>\n<meta property=\"og:url\" content=\"https:\/\/blogdofarnesio.com.br\/?p=133053\" \/>\n<meta property=\"og:site_name\" content=\"Blog do Farn\u00e9sio\" \/>\n<meta property=\"article:publisher\" content=\"https:\/\/www.facebook.com\/BlogQuerSaberPolitica\/\" \/>\n<meta property=\"article:published_time\" content=\"2015-11-16T10:41:23+00:00\" \/>\n<meta property=\"article:modified_time\" content=\"2015-11-16T13:33:32+00:00\" \/>\n<meta property=\"og:image\" content=\"http:\/\/www.quersaberpolitica.com.br\/2016\/wp-content\/uploads\/2015\/10\/blogqsp-Vereador-Anderson-e-Santa-Casa.jpg\" \/>\n<meta name=\"twitter:card\" content=\"summary_large_image\" \/>\n<meta name=\"twitter:label1\" content=\"Escrito por\" \/>\n\t<meta name=\"twitter:data1\" content=\"\" \/>\n<script type=\"application\/ld+json\" class=\"yoast-schema-graph\">{\"@context\":\"https:\\\/\\\/schema.org\",\"@graph\":[{\"@type\":\"Article\",\"@id\":\"https:\\\/\\\/blogdofarnesio.com.br\\\/?p=133053#article\",\"isPartOf\":{\"@id\":\"https:\\\/\\\/blogdofarnesio.com.br\\\/?p=133053\"},\"author\":{\"name\":\"\",\"@id\":\"\"},\"headline\":\"VEREADOR ANDERSON DA ILUMINA\u00c7\u00c3O VAI DEIXAR O PP E SE MOVIMENTA EM DIRE\u00c7\u00c3O AO PARTIDO DA TIA ERON O PRB\",\"datePublished\":\"2015-11-16T10:41:23+00:00\",\"dateModified\":\"2015-11-16T13:33:32+00:00\",\"mainEntityOfPage\":{\"@id\":\"https:\\\/\\\/blogdofarnesio.com.br\\\/?p=133053\"},\"wordCount\":110,\"commentCount\":0,\"publisher\":{\"@id\":\"https:\\\/\\\/blogdofarnesio.com.br\\\/#organization\"},\"image\":{\"@id\":\"https:\\\/\\\/blogdofarnesio.com.br\\\/?p=133053#primaryimage\"},\"thumbnailUrl\":\"http:\\\/\\\/www.quersaberpolitica.com.br\\\/2016\\\/wp-content\\\/uploads\\\/2015\\\/10\\\/blogqsp-Vereador-Anderson-e-Santa-Casa.jpg\",\"articleSection\":[\"Pol\u00edtica\"],\"inLanguage\":\"pt-BR\",\"potentialAction\":[{\"@type\":\"CommentAction\",\"name\":\"Comment\",\"target\":[\"https:\\\/\\\/blogdofarnesio.com.br\\\/?p=133053#respond\"]}]},{\"@type\":\"WebPage\",\"@id\":\"https:\\\/\\\/blogdofarnesio.com.br\\\/?p=133053\",\"url\":\"https:\\\/\\\/blogdofarnesio.com.br\\\/?p=133053\",\"name\":\"VEREADOR ANDERSON DA ILUMINA\u00c7\u00c3O VAI DEIXAR O PP E SE MOVIMENTA EM DIRE\u00c7\u00c3O AO PARTIDO DA TIA ERON O PRB - Blog do Farn\u00e9sio\",\"isPartOf\":{\"@id\":\"https:\\\/\\\/blogdofarnesio.com.br\\\/#website\"},\"primaryImageOfPage\":{\"@id\":\"https:\\\/\\\/blogdofarnesio.com.br\\\/?p=133053#primaryimage\"},\"image\":{\"@id\":\"https:\\\/\\\/blogdofarnesio.com.br\\\/?p=133053#primaryimage\"},\"thumbnailUrl\":\"http:\\\/\\\/www.quersaberpolitica.com.br\\\/2016\\\/wp-content\\\/uploads\\\/2015\\\/10\\\/blogqsp-Vereador-Anderson-e-Santa-Casa.jpg\",\"datePublished\":\"2015-11-16T10:41:23+00:00\",\"dateModified\":\"2015-11-16T13:33:32+00:00\",\"breadcrumb\":{\"@id\":\"https:\\\/\\\/blogdofarnesio.com.br\\\/?p=133053#breadcrumb\"},\"inLanguage\":\"pt-BR\",\"potentialAction\":[{\"@type\":\"ReadAction\",\"target\":[\"https:\\\/\\\/blogdofarnesio.com.br\\\/?p=133053\"]}]},{\"@type\":\"ImageObject\",\"inLanguage\":\"pt-BR\",\"@id\":\"https:\\\/\\\/blogdofarnesio.com.br\\\/?p=133053#primaryimage\",\"url\":\"http:\\\/\\\/www.quersaberpolitica.com.br\\\/2016\\\/wp-content\\\/uploads\\\/2015\\\/10\\\/blogqsp-Vereador-Anderson-e-Santa-Casa.jpg\",\"contentUrl\":\"http:\\\/\\\/www.quersaberpolitica.com.br\\\/2016\\\/wp-content\\\/uploads\\\/2015\\\/10\\\/blogqsp-Vereador-Anderson-e-Santa-Casa.jpg\"},{\"@type\":\"BreadcrumbList\",\"@id\":\"https:\\\/\\\/blogdofarnesio.com.br\\\/?p=133053#breadcrumb\",\"itemListElement\":[{\"@type\":\"ListItem\",\"position\":1,\"name\":\"In\u00edcio\",\"item\":\"https:\\\/\\\/blogdofarnesio.com.br\\\/\"},{\"@type\":\"ListItem\",\"position\":2,\"name\":\"VEREADOR ANDERSON DA ILUMINA\u00c7\u00c3O VAI DEIXAR O PP E SE MOVIMENTA EM DIRE\u00c7\u00c3O AO PARTIDO DA TIA ERON O PRB\"}]},{\"@type\":\"WebSite\",\"@id\":\"https:\\\/\\\/blogdofarnesio.com.br\\\/#website\",\"url\":\"https:\\\/\\\/blogdofarnesio.com.br\\\/\",\"name\":\"Blog do Farn\u00e9sio\",\"description\":\"Quer Saber Pol\u00edtica?\",\"publisher\":{\"@id\":\"https:\\\/\\\/blogdofarnesio.com.br\\\/#organization\"},\"potentialAction\":[{\"@type\":\"SearchAction\",\"target\":{\"@type\":\"EntryPoint\",\"urlTemplate\":\"https:\\\/\\\/blogdofarnesio.com.br\\\/?s={search_term_string}\"},\"query-input\":{\"@type\":\"PropertyValueSpecification\",\"valueRequired\":true,\"valueName\":\"search_term_string\"}}],\"inLanguage\":\"pt-BR\"},{\"@type\":\"Organization\",\"@id\":\"https:\\\/\\\/blogdofarnesio.com.br\\\/#organization\",\"name\":\"Blog do Farn\u00e9sio\",\"url\":\"https:\\\/\\\/blogdofarnesio.com.br\\\/\",\"logo\":{\"@type\":\"ImageObject\",\"inLanguage\":\"pt-BR\",\"@id\":\"https:\\\/\\\/blogdofarnesio.com.br\\\/#\\\/schema\\\/logo\\\/image\\\/\",\"url\":\"https:\\\/\\\/blogdofarnesio.com.br\\\/wp-content\\\/uploads\\\/2026\\\/03\\\/cropped-logo_new-1.png\",\"contentUrl\":\"https:\\\/\\\/blogdofarnesio.com.br\\\/wp-content\\\/uploads\\\/2026\\\/03\\\/cropped-logo_new-1.png\",\"width\":881,\"height\":685,\"caption\":\"Blog do Farn\u00e9sio\"},\"image\":{\"@id\":\"https:\\\/\\\/blogdofarnesio.com.br\\\/#\\\/schema\\\/logo\\\/image\\\/\"},\"sameAs\":[\"https:\\\/\\\/www.facebook.com\\\/BlogQuerSaberPolitica\\\/\"]},{\"@type\":\"Person\",\"@id\":\"\",\"url\":\"https:\\\/\\\/blogdofarnesio.com.br\\\/?author=7\"}]}<\/script>\n<!-- \/ Yoast SEO plugin. -->","yoast_head_json":{"title":"VEREADOR ANDERSON DA ILUMINA\u00c7\u00c3O VAI DEIXAR O PP E SE MOVIMENTA EM DIRE\u00c7\u00c3O AO PARTIDO DA TIA ERON O PRB - Blog do Farn\u00e9sio","robots":{"index":"index","follow":"follow","max-snippet":"max-snippet:-1","max-image-preview":"max-image-preview:large","max-video-preview":"max-video-preview:-1"},"canonical":"https:\/\/blogdofarnesio.com.br\/?p=133053","og_locale":"pt_BR","og_type":"article","og_title":"VEREADOR ANDERSON DA ILUMINA\u00c7\u00c3O VAI DEIXAR O PP E SE MOVIMENTA EM DIRE\u00c7\u00c3O AO PARTIDO DA TIA ERON O PRB - Blog do Farn\u00e9sio","og_description":"Em e-mail enviado a Reda\u00e7\u00e3o do BlogQSP, a cidad\u00e3 \u00a0Marizalda Alves, afirmou que o vereador Anderson da Ilumina\u00e7\u00e3o atualmente no PP vai a salvador tentar pegar o partido de Tia Eron. Confira: O vereador Anderson da Ilumina\u00e7\u00e3o est\u00e1 de viagem marcada para Salvador, informa\u00e7\u00f5es d\u00e3o conta que o mesmo est\u00e1 indo tentar pegar o partido de Eron Vasconcelos Carvalho, mais conhecida como Tia Eron, o PRB &#8211; que pertence ao grupo de ACM Neto. Ser\u00e1 que ele vai pular de partido? Vamos aguardar!","og_url":"https:\/\/blogdofarnesio.com.br\/?p=133053","og_site_name":"Blog do Farn\u00e9sio","article_publisher":"https:\/\/www.facebook.com\/BlogQuerSaberPolitica\/","article_published_time":"2015-11-16T10:41:23+00:00","article_modified_time":"2015-11-16T13:33:32+00:00","og_image":[{"url":"http:\/\/www.quersaberpolitica.com.br\/2016\/wp-content\/uploads\/2015\/10\/blogqsp-Vereador-Anderson-e-Santa-Casa.jpg","type":"","width":"","height":""}],"twitter_card":"summary_large_image","twitter_misc":{"Escrito por":""},"schema":{"@context":"https:\/\/schema.org","@graph":[{"@type":"Article","@id":"https:\/\/blogdofarnesio.com.br\/?p=133053#article","isPartOf":{"@id":"https:\/\/blogdofarnesio.com.br\/?p=133053"},"author":{"name":"","@id":""},"headline":"VEREADOR ANDERSON DA ILUMINA\u00c7\u00c3O VAI DEIXAR O PP E SE MOVIMENTA EM DIRE\u00c7\u00c3O AO PARTIDO DA TIA ERON O PRB","datePublished":"2015-11-16T10:41:23+00:00","dateModified":"2015-11-16T13:33:32+00:00","mainEntityOfPage":{"@id":"https:\/\/blogdofarnesio.com.br\/?p=133053"},"wordCount":110,"commentCount":0,"publisher":{"@id":"https:\/\/blogdofarnesio.com.br\/#organization"},"image":{"@id":"https:\/\/blogdofarnesio.com.br\/?p=133053#primaryimage"},"thumbnailUrl":"http:\/\/www.quersaberpolitica.com.br\/2016\/wp-content\/uploads\/2015\/10\/blogqsp-Vereador-Anderson-e-Santa-Casa.jpg","articleSection":["Pol\u00edtica"],"inLanguage":"pt-BR","potentialAction":[{"@type":"CommentAction","name":"Comment","target":["https:\/\/blogdofarnesio.com.br\/?p=133053#respond"]}]},{"@type":"WebPage","@id":"https:\/\/blogdofarnesio.com.br\/?p=133053","url":"https:\/\/blogdofarnesio.com.br\/?p=133053","name":"VEREADOR ANDERSON DA ILUMINA\u00c7\u00c3O VAI DEIXAR O PP E SE MOVIMENTA EM DIRE\u00c7\u00c3O AO PARTIDO DA TIA ERON O PRB - Blog do Farn\u00e9sio","isPartOf":{"@id":"https:\/\/blogdofarnesio.com.br\/#website"},"primaryImageOfPage":{"@id":"https:\/\/blogdofarnesio.com.br\/?p=133053#primaryimage"},"image":{"@id":"https:\/\/blogdofarnesio.com.br\/?p=133053#primaryimage"},"thumbnailUrl":"http:\/\/www.quersaberpolitica.com.br\/2016\/wp-content\/uploads\/2015\/10\/blogqsp-Vereador-Anderson-e-Santa-Casa.jpg","datePublished":"2015-11-16T10:41:23+00:00","dateModified":"2015-11-16T13:33:32+00:00","breadcrumb":{"@id":"https:\/\/blogdofarnesio.com.br\/?p=133053#breadcrumb"},"inLanguage":"pt-BR","potentialAction":[{"@type":"ReadAction","target":["https:\/\/blogdofarnesio.com.br\/?p=133053"]}]},{"@type":"ImageObject","inLanguage":"pt-BR","@id":"https:\/\/blogdofarnesio.com.br\/?p=133053#primaryimage","url":"http:\/\/www.quersaberpolitica.com.br\/2016\/wp-content\/uploads\/2015\/10\/blogqsp-Vereador-Anderson-e-Santa-Casa.jpg","contentUrl":"http:\/\/www.quersaberpolitica.com.br\/2016\/wp-content\/uploads\/2015\/10\/blogqsp-Vereador-Anderson-e-Santa-Casa.jpg"},{"@type":"BreadcrumbList","@id":"https:\/\/blogdofarnesio.com.br\/?p=133053#breadcrumb","itemListElement":[{"@type":"ListItem","position":1,"name":"In\u00edcio","item":"https:\/\/blogdofarnesio.com.br\/"},{"@type":"ListItem","position":2,"name":"VEREADOR ANDERSON DA ILUMINA\u00c7\u00c3O VAI DEIXAR O PP E SE MOVIMENTA EM DIRE\u00c7\u00c3O AO PARTIDO DA TIA ERON O PRB"}]},{"@type":"WebSite","@id":"https:\/\/blogdofarnesio.com.br\/#website","url":"https:\/\/blogdofarnesio.com.br\/","name":"Blog do Farn\u00e9sio","description":"Quer Saber Pol\u00edtica?","publisher":{"@id":"https:\/\/blogdofarnesio.com.br\/#organization"},"potentialAction":[{"@type":"SearchAction","target":{"@type":"EntryPoint","urlTemplate":"https:\/\/blogdofarnesio.com.br\/?s={search_term_string}"},"query-input":{"@type":"PropertyValueSpecification","valueRequired":true,"valueName":"search_term_string"}}],"inLanguage":"pt-BR"},{"@type":"Organization","@id":"https:\/\/blogdofarnesio.com.br\/#organization","name":"Blog do Farn\u00e9sio","url":"https:\/\/blogdofarnesio.com.br\/","logo":{"@type":"ImageObject","inLanguage":"pt-BR","@id":"https:\/\/blogdofarnesio.com.br\/#\/schema\/logo\/image\/","url":"https:\/\/blogdofarnesio.com.br\/wp-content\/uploads\/2026\/03\/cropped-logo_new-1.png","contentUrl":"https:\/\/blogdofarnesio.com.br\/wp-content\/uploads\/2026\/03\/cropped-logo_new-1.png","width":881,"height":685,"caption":"Blog do Farn\u00e9sio"},"image":{"@id":"https:\/\/blogdofarnesio.com.br\/#\/schema\/logo\/image\/"},"sameAs":["https:\/\/www.facebook.com\/BlogQuerSaberPolitica\/"]},{"@type":"Person","@id":"","url":"https:\/\/blogdofarnesio.com.br\/?author=7"}]}},"_links":{"self":[{"href":"https:\/\/blogdofarnesio.com.br\/index.php?rest_route=\/wp\/v2\/posts\/133053","targetHints":{"allow":["GET"]}}],"collection":[{"href":"https:\/\/blogdofarnesio.com.br\/index.php?rest_route=\/wp\/v2\/posts"}],"about":[{"href":"https:\/\/blogdofarnesio.com.br\/index.php?rest_route=\/wp\/v2\/types\/post"}],"author":[{"embeddable":true,"href":"https:\/\/blogdofarnesio.com.br\/index.php?rest_route=\/wp\/v2\/users\/7"}],"replies":[{"embeddable":true,"href":"https:\/\/blogdofarnesio.com.br\/index.php?rest_route=%2Fwp%2Fv2%2Fcomments&post=133053"}],"version-history":[{"count":0,"href":"https:\/\/blogdofarnesio.com.br\/index.php?rest_route=\/wp\/v2\/posts\/133053\/revisions"}],"wp:attachment":[{"href":"https:\/\/blogdofarnesio.com.br\/index.php?rest_route=%2Fwp%2Fv2%2Fmedia&parent=133053"}],"wp:term":[{"taxonomy":"category","embeddable":true,"href":"https:\/\/blogdofarnesio.com.br\/index.php?rest_route=%2Fwp%2Fv2%2Fcategories&post=133053"},{"taxonomy":"post_tag","embeddable":true,"href":"https:\/\/blogdofarnesio.com.br\/index.php?rest_route=%2Fwp%2Fv2%2Ftags&post=133053"}],"curies":[{"name":"wp","href":"https:\/\/api.w.org\/{rel}","templated":true}]}}