{"id":132953,"date":"2015-11-12T17:32:12","date_gmt":"2015-11-12T20:32:12","guid":{"rendered":"http:\/\/www.quersaberpolitica.com.br\/?p=132953"},"modified":"2015-11-12T16:53:13","modified_gmt":"2015-11-12T19:53:13","slug":"na-contra-mao-da-situacao-governo-de-pernambuco-retira-carros-pipa-de-areas-de-seca","status":"publish","type":"post","link":"https:\/\/blogdofarnesio.com.br\/?p=132953","title":{"rendered":"NA CONTRA M\u00c3O DA SITUA\u00c7\u00c3O, GOVERNO DE PERNAMBUCO RETIRA CARROS PIPA DE \u00c1REAS DE SECA"},"content":{"rendered":"<p style=\"text-align: justify\"><a href=\"http:\/\/www.quersaberpolitica.com.br\/2016\/wp-content\/uploads\/2013\/10\/blogqspcuracapipa.jpg\"><img loading=\"lazy\" decoding=\"async\" class=\"aligncenter  wp-image-62192\" src=\"http:\/\/www.quersaberpolitica.com.br\/2016\/wp-content\/uploads\/2013\/10\/blogqspcuracapipa.jpg\" alt=\"blogqspcuracapipa\" width=\"424\" height=\"322\" \/><\/a>A crise h\u00eddrica se agrava no Sert\u00e3o do S\u00e3o Francisco. O problema n\u00e3o se limita apenas aos produtores dos per\u00edmetros irrigados. O novo cap\u00edtulo nessa hist\u00f3ria \u00e9 o corte no fornecimento de \u00e1gua com carros-pipa na zona rural, que atinge a popula\u00e7\u00e3o e os agricultores familiares. A gravidade \u00e9 tanta que a distribui\u00e7\u00e3o deixou de ser feita historicamente pelo IPA e est\u00e1 nas m\u00e3os da Defesa Civil. Agora \u00e9 a Codecipe que vai gerir a situa\u00e7\u00e3o de emerg\u00eancia em seis munic\u00edpios da regi\u00e3o. Com a redu\u00e7\u00e3o dos n\u00edveis de \u00e1gua nos reservat\u00f3rios na regi\u00e3o, a ordem \u00e9 prover o estritamente necess\u00e1rio para se viver.<\/p>\n<p style=\"text-align: justify\">A Organiza\u00e7\u00e3o das Na\u00e7\u00f5es Unidas aconselha o consumo per capita de 110 litros por dia. Em Petrolina, por exemplo, o n\u00famero de carros-pipa ser\u00e1 reduzido a menos de um quarto, passando de 73 para 17. Em Dormentes e Lagoa Grande, caiu de 20 para sete carros-pipa. A Codecipe justifica que \u00e9 necess\u00e1rio fazer a gest\u00e3o dos poucos recursos dispon\u00edveis, lembrando que s\u00e3o 126 munic\u00edpios em situa\u00e7\u00e3o de emerg\u00eancia no Estado. O deputado estadual Miguel Coelho \u00e9 uma das vozes tentando reverter os cortes. Se a popula\u00e7\u00e3o j\u00e1 sofre com a irregularidade dos pipas, imagine com essa redu\u00e7\u00e3o.<\/p>\n<p style=\"text-align: justify\">O governo do Estado vai realizar audi\u00eancias p\u00fablicas nos munic\u00edpios do Sert\u00e3o do S\u00e3o Francisco para explicar o corte no n\u00famero de carros-pipa que abastecem a regi\u00e3o. Hoje acontece em Santa Maria da Boa Vista e amanh\u00e3 em Petrolina e Afr\u00e2nio. N\u00e3o \u00e9 dif\u00edcil prever a confus\u00e3o que ser\u00e1 explicar \u00e0 popula\u00e7\u00e3o que ela vai receber menos \u00e1gua em plena seca.<\/p>\n","protected":false},"excerpt":{"rendered":"<p>A crise h\u00eddrica se agrava no Sert\u00e3o do S\u00e3o Francisco. O problema n\u00e3o se limita apenas aos produtores dos per\u00edmetros irrigados. O novo cap\u00edtulo nessa hist\u00f3ria \u00e9 o corte no fornecimento de \u00e1gua com carros-pipa na zona rural, que atinge a popula\u00e7\u00e3o e os agricultores familiares. A gravidade \u00e9 tanta que a distribui\u00e7\u00e3o deixou de ser feita historicamente pelo IPA e est\u00e1 nas m\u00e3os da Defesa Civil. Agora \u00e9 a Codecipe que vai gerir a situa\u00e7\u00e3o de emerg\u00eancia em seis munic\u00edpios da regi\u00e3o. Com a redu\u00e7\u00e3o dos n\u00edveis de \u00e1gua nos reservat\u00f3rios na regi\u00e3o, a ordem \u00e9 prover o estritamente necess\u00e1rio para se viver. A Organiza\u00e7\u00e3o das Na\u00e7\u00f5es Unidas aconselha o consumo per capita de 110 litros por dia. Em&hellip; <\/p>\n","protected":false},"author":3,"featured_media":0,"comment_status":"open","ping_status":"open","sticky":false,"template":"","format":"standard","meta":{"_acf_changed":false,"footnotes":""},"categories":[44,26],"tags":[],"class_list":["post-132953","post","type-post","status-publish","format-standard","hentry","category-administracao","category-agricultura"],"acf":[],"yoast_head":"<!-- This site is optimized with the Yoast SEO plugin v27.4 - https:\/\/yoast.com\/product\/yoast-seo-wordpress\/ -->\n<title>NA CONTRA M\u00c3O DA SITUA\u00c7\u00c3O, GOVERNO DE PERNAMBUCO RETIRA CARROS PIPA DE \u00c1REAS DE SECA - Blog do Farn\u00e9sio<\/title>\n<meta name=\"robots\" content=\"index, follow, max-snippet:-1, max-image-preview:large, max-video-preview:-1\" \/>\n<link rel=\"canonical\" href=\"https:\/\/blogdofarnesio.com.br\/?p=132953\" \/>\n<meta property=\"og:locale\" content=\"pt_BR\" \/>\n<meta property=\"og:type\" content=\"article\" \/>\n<meta property=\"og:title\" content=\"NA CONTRA M\u00c3O DA SITUA\u00c7\u00c3O, GOVERNO DE PERNAMBUCO RETIRA CARROS PIPA DE \u00c1REAS DE SECA - Blog do Farn\u00e9sio\" \/>\n<meta property=\"og:description\" content=\"A crise h\u00eddrica se agrava no Sert\u00e3o do S\u00e3o Francisco. O problema n\u00e3o se limita apenas aos produtores dos per\u00edmetros irrigados. O novo cap\u00edtulo nessa hist\u00f3ria \u00e9 o corte no fornecimento de \u00e1gua com carros-pipa na zona rural, que atinge a popula\u00e7\u00e3o e os agricultores familiares. A gravidade \u00e9 tanta que a distribui\u00e7\u00e3o deixou de ser feita historicamente pelo IPA e est\u00e1 nas m\u00e3os da Defesa Civil. Agora \u00e9 a Codecipe que vai gerir a situa\u00e7\u00e3o de emerg\u00eancia em seis munic\u00edpios da regi\u00e3o. Com a redu\u00e7\u00e3o dos n\u00edveis de \u00e1gua nos reservat\u00f3rios na regi\u00e3o, a ordem \u00e9 prover o estritamente necess\u00e1rio para se viver. A Organiza\u00e7\u00e3o das Na\u00e7\u00f5es Unidas aconselha o consumo per capita de 110 litros por dia. Em&hellip;\" \/>\n<meta property=\"og:url\" content=\"https:\/\/blogdofarnesio.com.br\/?p=132953\" \/>\n<meta property=\"og:site_name\" content=\"Blog do Farn\u00e9sio\" \/>\n<meta property=\"article:publisher\" content=\"https:\/\/www.facebook.com\/BlogQuerSaberPolitica\/\" \/>\n<meta property=\"article:published_time\" content=\"2015-11-12T20:32:12+00:00\" \/>\n<meta property=\"og:image\" content=\"http:\/\/www.quersaberpolitica.com.br\/2016\/wp-content\/uploads\/2013\/10\/blogqspcuracapipa.jpg\" \/>\n<meta name=\"author\" content=\"teste\" \/>\n<meta name=\"twitter:card\" content=\"summary_large_image\" \/>\n<meta name=\"twitter:label1\" content=\"Escrito por\" \/>\n\t<meta name=\"twitter:data1\" content=\"teste\" \/>\n\t<meta name=\"twitter:label2\" content=\"Est. tempo de leitura\" \/>\n\t<meta name=\"twitter:data2\" content=\"1 minuto\" \/>\n<script type=\"application\/ld+json\" class=\"yoast-schema-graph\">{\"@context\":\"https:\\\/\\\/schema.org\",\"@graph\":[{\"@type\":\"Article\",\"@id\":\"https:\\\/\\\/blogdofarnesio.com.br\\\/?p=132953#article\",\"isPartOf\":{\"@id\":\"https:\\\/\\\/blogdofarnesio.com.br\\\/?p=132953\"},\"author\":{\"name\":\"teste\",\"@id\":\"https:\\\/\\\/blogdofarnesio.com.br\\\/#\\\/schema\\\/person\\\/dd1bf5eba40b687199ba45ca6b97dff9\"},\"headline\":\"NA CONTRA M\u00c3O DA SITUA\u00c7\u00c3O, GOVERNO DE PERNAMBUCO RETIRA CARROS PIPA DE \u00c1REAS DE SECA\",\"datePublished\":\"2015-11-12T20:32:12+00:00\",\"mainEntityOfPage\":{\"@id\":\"https:\\\/\\\/blogdofarnesio.com.br\\\/?p=132953\"},\"wordCount\":309,\"commentCount\":0,\"publisher\":{\"@id\":\"https:\\\/\\\/blogdofarnesio.com.br\\\/#organization\"},\"image\":{\"@id\":\"https:\\\/\\\/blogdofarnesio.com.br\\\/?p=132953#primaryimage\"},\"thumbnailUrl\":\"http:\\\/\\\/www.quersaberpolitica.com.br\\\/2016\\\/wp-content\\\/uploads\\\/2013\\\/10\\\/blogqspcuracapipa.jpg\",\"articleSection\":[\"Administra\u00e7\u00e3o\",\"Agricultura\"],\"inLanguage\":\"pt-BR\",\"potentialAction\":[{\"@type\":\"CommentAction\",\"name\":\"Comment\",\"target\":[\"https:\\\/\\\/blogdofarnesio.com.br\\\/?p=132953#respond\"]}]},{\"@type\":\"WebPage\",\"@id\":\"https:\\\/\\\/blogdofarnesio.com.br\\\/?p=132953\",\"url\":\"https:\\\/\\\/blogdofarnesio.com.br\\\/?p=132953\",\"name\":\"NA CONTRA M\u00c3O DA SITUA\u00c7\u00c3O, GOVERNO DE PERNAMBUCO RETIRA CARROS PIPA DE \u00c1REAS DE SECA - Blog do Farn\u00e9sio\",\"isPartOf\":{\"@id\":\"https:\\\/\\\/blogdofarnesio.com.br\\\/#website\"},\"primaryImageOfPage\":{\"@id\":\"https:\\\/\\\/blogdofarnesio.com.br\\\/?p=132953#primaryimage\"},\"image\":{\"@id\":\"https:\\\/\\\/blogdofarnesio.com.br\\\/?p=132953#primaryimage\"},\"thumbnailUrl\":\"http:\\\/\\\/www.quersaberpolitica.com.br\\\/2016\\\/wp-content\\\/uploads\\\/2013\\\/10\\\/blogqspcuracapipa.jpg\",\"datePublished\":\"2015-11-12T20:32:12+00:00\",\"breadcrumb\":{\"@id\":\"https:\\\/\\\/blogdofarnesio.com.br\\\/?p=132953#breadcrumb\"},\"inLanguage\":\"pt-BR\",\"potentialAction\":[{\"@type\":\"ReadAction\",\"target\":[\"https:\\\/\\\/blogdofarnesio.com.br\\\/?p=132953\"]}]},{\"@type\":\"ImageObject\",\"inLanguage\":\"pt-BR\",\"@id\":\"https:\\\/\\\/blogdofarnesio.com.br\\\/?p=132953#primaryimage\",\"url\":\"http:\\\/\\\/www.quersaberpolitica.com.br\\\/2016\\\/wp-content\\\/uploads\\\/2013\\\/10\\\/blogqspcuracapipa.jpg\",\"contentUrl\":\"http:\\\/\\\/www.quersaberpolitica.com.br\\\/2016\\\/wp-content\\\/uploads\\\/2013\\\/10\\\/blogqspcuracapipa.jpg\"},{\"@type\":\"BreadcrumbList\",\"@id\":\"https:\\\/\\\/blogdofarnesio.com.br\\\/?p=132953#breadcrumb\",\"itemListElement\":[{\"@type\":\"ListItem\",\"position\":1,\"name\":\"In\u00edcio\",\"item\":\"https:\\\/\\\/blogdofarnesio.com.br\\\/\"},{\"@type\":\"ListItem\",\"position\":2,\"name\":\"NA CONTRA M\u00c3O DA SITUA\u00c7\u00c3O, GOVERNO DE PERNAMBUCO RETIRA CARROS PIPA DE \u00c1REAS DE SECA\"}]},{\"@type\":\"WebSite\",\"@id\":\"https:\\\/\\\/blogdofarnesio.com.br\\\/#website\",\"url\":\"https:\\\/\\\/blogdofarnesio.com.br\\\/\",\"name\":\"Blog do Farn\u00e9sio\",\"description\":\"Quer Saber Pol\u00edtica?\",\"publisher\":{\"@id\":\"https:\\\/\\\/blogdofarnesio.com.br\\\/#organization\"},\"potentialAction\":[{\"@type\":\"SearchAction\",\"target\":{\"@type\":\"EntryPoint\",\"urlTemplate\":\"https:\\\/\\\/blogdofarnesio.com.br\\\/?s={search_term_string}\"},\"query-input\":{\"@type\":\"PropertyValueSpecification\",\"valueRequired\":true,\"valueName\":\"search_term_string\"}}],\"inLanguage\":\"pt-BR\"},{\"@type\":\"Organization\",\"@id\":\"https:\\\/\\\/blogdofarnesio.com.br\\\/#organization\",\"name\":\"Blog do Farn\u00e9sio\",\"url\":\"https:\\\/\\\/blogdofarnesio.com.br\\\/\",\"logo\":{\"@type\":\"ImageObject\",\"inLanguage\":\"pt-BR\",\"@id\":\"https:\\\/\\\/blogdofarnesio.com.br\\\/#\\\/schema\\\/logo\\\/image\\\/\",\"url\":\"https:\\\/\\\/blogdofarnesio.com.br\\\/wp-content\\\/uploads\\\/2026\\\/03\\\/cropped-logo_new-1.png\",\"contentUrl\":\"https:\\\/\\\/blogdofarnesio.com.br\\\/wp-content\\\/uploads\\\/2026\\\/03\\\/cropped-logo_new-1.png\",\"width\":881,\"height\":685,\"caption\":\"Blog do Farn\u00e9sio\"},\"image\":{\"@id\":\"https:\\\/\\\/blogdofarnesio.com.br\\\/#\\\/schema\\\/logo\\\/image\\\/\"},\"sameAs\":[\"https:\\\/\\\/www.facebook.com\\\/BlogQuerSaberPolitica\\\/\"]},{\"@type\":\"Person\",\"@id\":\"https:\\\/\\\/blogdofarnesio.com.br\\\/#\\\/schema\\\/person\\\/dd1bf5eba40b687199ba45ca6b97dff9\",\"name\":\"teste\",\"image\":{\"@type\":\"ImageObject\",\"inLanguage\":\"pt-BR\",\"@id\":\"https:\\\/\\\/secure.gravatar.com\\\/avatar\\\/2172498d4914b51e1d89a0f97957b035ac4938723a5cac208135d389b6972a6d?s=96&d=mm&r=g\",\"url\":\"https:\\\/\\\/secure.gravatar.com\\\/avatar\\\/2172498d4914b51e1d89a0f97957b035ac4938723a5cac208135d389b6972a6d?s=96&d=mm&r=g\",\"contentUrl\":\"https:\\\/\\\/secure.gravatar.com\\\/avatar\\\/2172498d4914b51e1d89a0f97957b035ac4938723a5cac208135d389b6972a6d?s=96&d=mm&r=g\",\"caption\":\"teste\"},\"url\":\"https:\\\/\\\/blogdofarnesio.com.br\\\/?author=3\"}]}<\/script>\n<!-- \/ Yoast SEO plugin. -->","yoast_head_json":{"title":"NA CONTRA M\u00c3O DA SITUA\u00c7\u00c3O, GOVERNO DE PERNAMBUCO RETIRA CARROS PIPA DE \u00c1REAS DE SECA - Blog do Farn\u00e9sio","robots":{"index":"index","follow":"follow","max-snippet":"max-snippet:-1","max-image-preview":"max-image-preview:large","max-video-preview":"max-video-preview:-1"},"canonical":"https:\/\/blogdofarnesio.com.br\/?p=132953","og_locale":"pt_BR","og_type":"article","og_title":"NA CONTRA M\u00c3O DA SITUA\u00c7\u00c3O, GOVERNO DE PERNAMBUCO RETIRA CARROS PIPA DE \u00c1REAS DE SECA - Blog do Farn\u00e9sio","og_description":"A crise h\u00eddrica se agrava no Sert\u00e3o do S\u00e3o Francisco. O problema n\u00e3o se limita apenas aos produtores dos per\u00edmetros irrigados. O novo cap\u00edtulo nessa hist\u00f3ria \u00e9 o corte no fornecimento de \u00e1gua com carros-pipa na zona rural, que atinge a popula\u00e7\u00e3o e os agricultores familiares. A gravidade \u00e9 tanta que a distribui\u00e7\u00e3o deixou de ser feita historicamente pelo IPA e est\u00e1 nas m\u00e3os da Defesa Civil. Agora \u00e9 a Codecipe que vai gerir a situa\u00e7\u00e3o de emerg\u00eancia em seis munic\u00edpios da regi\u00e3o. Com a redu\u00e7\u00e3o dos n\u00edveis de \u00e1gua nos reservat\u00f3rios na regi\u00e3o, a ordem \u00e9 prover o estritamente necess\u00e1rio para se viver. A Organiza\u00e7\u00e3o das Na\u00e7\u00f5es Unidas aconselha o consumo per capita de 110 litros por dia. Em&hellip;","og_url":"https:\/\/blogdofarnesio.com.br\/?p=132953","og_site_name":"Blog do Farn\u00e9sio","article_publisher":"https:\/\/www.facebook.com\/BlogQuerSaberPolitica\/","article_published_time":"2015-11-12T20:32:12+00:00","og_image":[{"url":"http:\/\/www.quersaberpolitica.com.br\/2016\/wp-content\/uploads\/2013\/10\/blogqspcuracapipa.jpg","type":"","width":"","height":""}],"author":"teste","twitter_card":"summary_large_image","twitter_misc":{"Escrito por":"teste","Est. tempo de leitura":"1 minuto"},"schema":{"@context":"https:\/\/schema.org","@graph":[{"@type":"Article","@id":"https:\/\/blogdofarnesio.com.br\/?p=132953#article","isPartOf":{"@id":"https:\/\/blogdofarnesio.com.br\/?p=132953"},"author":{"name":"teste","@id":"https:\/\/blogdofarnesio.com.br\/#\/schema\/person\/dd1bf5eba40b687199ba45ca6b97dff9"},"headline":"NA CONTRA M\u00c3O DA SITUA\u00c7\u00c3O, GOVERNO DE PERNAMBUCO RETIRA CARROS PIPA DE \u00c1REAS DE SECA","datePublished":"2015-11-12T20:32:12+00:00","mainEntityOfPage":{"@id":"https:\/\/blogdofarnesio.com.br\/?p=132953"},"wordCount":309,"commentCount":0,"publisher":{"@id":"https:\/\/blogdofarnesio.com.br\/#organization"},"image":{"@id":"https:\/\/blogdofarnesio.com.br\/?p=132953#primaryimage"},"thumbnailUrl":"http:\/\/www.quersaberpolitica.com.br\/2016\/wp-content\/uploads\/2013\/10\/blogqspcuracapipa.jpg","articleSection":["Administra\u00e7\u00e3o","Agricultura"],"inLanguage":"pt-BR","potentialAction":[{"@type":"CommentAction","name":"Comment","target":["https:\/\/blogdofarnesio.com.br\/?p=132953#respond"]}]},{"@type":"WebPage","@id":"https:\/\/blogdofarnesio.com.br\/?p=132953","url":"https:\/\/blogdofarnesio.com.br\/?p=132953","name":"NA CONTRA M\u00c3O DA SITUA\u00c7\u00c3O, GOVERNO DE PERNAMBUCO RETIRA CARROS PIPA DE \u00c1REAS DE SECA - Blog do Farn\u00e9sio","isPartOf":{"@id":"https:\/\/blogdofarnesio.com.br\/#website"},"primaryImageOfPage":{"@id":"https:\/\/blogdofarnesio.com.br\/?p=132953#primaryimage"},"image":{"@id":"https:\/\/blogdofarnesio.com.br\/?p=132953#primaryimage"},"thumbnailUrl":"http:\/\/www.quersaberpolitica.com.br\/2016\/wp-content\/uploads\/2013\/10\/blogqspcuracapipa.jpg","datePublished":"2015-11-12T20:32:12+00:00","breadcrumb":{"@id":"https:\/\/blogdofarnesio.com.br\/?p=132953#breadcrumb"},"inLanguage":"pt-BR","potentialAction":[{"@type":"ReadAction","target":["https:\/\/blogdofarnesio.com.br\/?p=132953"]}]},{"@type":"ImageObject","inLanguage":"pt-BR","@id":"https:\/\/blogdofarnesio.com.br\/?p=132953#primaryimage","url":"http:\/\/www.quersaberpolitica.com.br\/2016\/wp-content\/uploads\/2013\/10\/blogqspcuracapipa.jpg","contentUrl":"http:\/\/www.quersaberpolitica.com.br\/2016\/wp-content\/uploads\/2013\/10\/blogqspcuracapipa.jpg"},{"@type":"BreadcrumbList","@id":"https:\/\/blogdofarnesio.com.br\/?p=132953#breadcrumb","itemListElement":[{"@type":"ListItem","position":1,"name":"In\u00edcio","item":"https:\/\/blogdofarnesio.com.br\/"},{"@type":"ListItem","position":2,"name":"NA CONTRA M\u00c3O DA SITUA\u00c7\u00c3O, GOVERNO DE PERNAMBUCO RETIRA CARROS PIPA DE \u00c1REAS DE SECA"}]},{"@type":"WebSite","@id":"https:\/\/blogdofarnesio.com.br\/#website","url":"https:\/\/blogdofarnesio.com.br\/","name":"Blog do Farn\u00e9sio","description":"Quer Saber Pol\u00edtica?","publisher":{"@id":"https:\/\/blogdofarnesio.com.br\/#organization"},"potentialAction":[{"@type":"SearchAction","target":{"@type":"EntryPoint","urlTemplate":"https:\/\/blogdofarnesio.com.br\/?s={search_term_string}"},"query-input":{"@type":"PropertyValueSpecification","valueRequired":true,"valueName":"search_term_string"}}],"inLanguage":"pt-BR"},{"@type":"Organization","@id":"https:\/\/blogdofarnesio.com.br\/#organization","name":"Blog do Farn\u00e9sio","url":"https:\/\/blogdofarnesio.com.br\/","logo":{"@type":"ImageObject","inLanguage":"pt-BR","@id":"https:\/\/blogdofarnesio.com.br\/#\/schema\/logo\/image\/","url":"https:\/\/blogdofarnesio.com.br\/wp-content\/uploads\/2026\/03\/cropped-logo_new-1.png","contentUrl":"https:\/\/blogdofarnesio.com.br\/wp-content\/uploads\/2026\/03\/cropped-logo_new-1.png","width":881,"height":685,"caption":"Blog do Farn\u00e9sio"},"image":{"@id":"https:\/\/blogdofarnesio.com.br\/#\/schema\/logo\/image\/"},"sameAs":["https:\/\/www.facebook.com\/BlogQuerSaberPolitica\/"]},{"@type":"Person","@id":"https:\/\/blogdofarnesio.com.br\/#\/schema\/person\/dd1bf5eba40b687199ba45ca6b97dff9","name":"teste","image":{"@type":"ImageObject","inLanguage":"pt-BR","@id":"https:\/\/secure.gravatar.com\/avatar\/2172498d4914b51e1d89a0f97957b035ac4938723a5cac208135d389b6972a6d?s=96&d=mm&r=g","url":"https:\/\/secure.gravatar.com\/avatar\/2172498d4914b51e1d89a0f97957b035ac4938723a5cac208135d389b6972a6d?s=96&d=mm&r=g","contentUrl":"https:\/\/secure.gravatar.com\/avatar\/2172498d4914b51e1d89a0f97957b035ac4938723a5cac208135d389b6972a6d?s=96&d=mm&r=g","caption":"teste"},"url":"https:\/\/blogdofarnesio.com.br\/?author=3"}]}},"_links":{"self":[{"href":"https:\/\/blogdofarnesio.com.br\/index.php?rest_route=\/wp\/v2\/posts\/132953","targetHints":{"allow":["GET"]}}],"collection":[{"href":"https:\/\/blogdofarnesio.com.br\/index.php?rest_route=\/wp\/v2\/posts"}],"about":[{"href":"https:\/\/blogdofarnesio.com.br\/index.php?rest_route=\/wp\/v2\/types\/post"}],"author":[{"embeddable":true,"href":"https:\/\/blogdofarnesio.com.br\/index.php?rest_route=\/wp\/v2\/users\/3"}],"replies":[{"embeddable":true,"href":"https:\/\/blogdofarnesio.com.br\/index.php?rest_route=%2Fwp%2Fv2%2Fcomments&post=132953"}],"version-history":[{"count":0,"href":"https:\/\/blogdofarnesio.com.br\/index.php?rest_route=\/wp\/v2\/posts\/132953\/revisions"}],"wp:attachment":[{"href":"https:\/\/blogdofarnesio.com.br\/index.php?rest_route=%2Fwp%2Fv2%2Fmedia&parent=132953"}],"wp:term":[{"taxonomy":"category","embeddable":true,"href":"https:\/\/blogdofarnesio.com.br\/index.php?rest_route=%2Fwp%2Fv2%2Fcategories&post=132953"},{"taxonomy":"post_tag","embeddable":true,"href":"https:\/\/blogdofarnesio.com.br\/index.php?rest_route=%2Fwp%2Fv2%2Ftags&post=132953"}],"curies":[{"name":"wp","href":"https:\/\/api.w.org\/{rel}","templated":true}]}}