{"id":132916,"date":"2015-11-12T15:40:39","date_gmt":"2015-11-12T18:40:39","guid":{"rendered":"http:\/\/www.quersaberpolitica.com.br\/?p=132916"},"modified":"2015-11-12T11:18:28","modified_gmt":"2015-11-12T14:18:28","slug":"sem-acordo-movimento-dos-atingidos-por-barragens-continuam-ocupando-torres-de-transmissao-de-operadoras-em-sento-se","status":"publish","type":"post","link":"https:\/\/blogdofarnesio.com.br\/?p=132916","title":{"rendered":"SEM ACORDO, MOVIMENTO DOS ATINGIDOS POR BARRAGENS CONTINUAM OCUPANDO TORRES DE TRANSMISS\u00c3O DE OPERADORAS EM SENTO S\u00c9"},"content":{"rendered":"<p style=\"text-align: justify\"><a href=\"http:\/\/www.quersaberpolitica.com.br\/2016\/wp-content\/uploads\/2015\/11\/blogqsp-torres-de-celulares.jpg\"><img loading=\"lazy\" decoding=\"async\" class=\"  wp-image-132927 aligncenter\" src=\"http:\/\/www.quersaberpolitica.com.br\/2016\/wp-content\/uploads\/2015\/11\/blogqsp-torres-de-celulares-300x169.jpg\" alt=\"blogqsp-torres-de-celulares\" width=\"414\" height=\"240\" \/><\/a><\/p>\n<p style=\"text-align: justify\">Cerca de 300 manifestantes do Movimento dos Atingidos por Barragens (MAB) continuam ocupando desde o dia 28 de outubro, as torres de transmiss\u00e3o das operadoras OI, VIVO e TIM, localizadas na Serra da Mina do Encaibro, no munic\u00edpio de Sento S\u00e9\/BA.<\/p>\n<p style=\"text-align: justify\">O manifestante Paulo de Souza em contato na manh\u00e3 de hoje (12), com o <em>Programa Bastidores da Not\u00edcia<\/em> disse que houve uma reuni\u00e3o na \u00faltima ter\u00e7a-feira (10) e somente o pessoal do governo do estado que os recebeu. \u201cN\u00e3o conseguimos resolver nada, \u00e9 complicado resolver algo sem a presen\u00e7a do prefeito de Sento S\u00e9 Ednaldo Barros ou os seus representantes. Vamos ficar aqui at\u00e9 o prefeito aparecer, \u00e9 inadmiss\u00edvel ficar sem sinal nas comunidades e as demais cidades circunvizinhas\u201d, disse Souza.<\/p>\n<p style=\"text-align: justify\"><em>Da Reda\u00e7\u00e3o\/BlogQSP<\/em><\/p>\n","protected":false},"excerpt":{"rendered":"<p>Cerca de 300 manifestantes do Movimento dos Atingidos por Barragens (MAB) continuam ocupando desde o dia 28 de outubro, as torres de transmiss\u00e3o das operadoras OI, VIVO e TIM, localizadas na Serra da Mina do Encaibro, no munic\u00edpio de Sento S\u00e9\/BA. O manifestante Paulo de Souza em contato na manh\u00e3 de hoje (12), com o Programa Bastidores da Not\u00edcia disse que houve uma reuni\u00e3o na \u00faltima ter\u00e7a-feira (10) e somente o pessoal do governo do estado que os recebeu. \u201cN\u00e3o conseguimos resolver nada, \u00e9 complicado resolver algo sem a presen\u00e7a do prefeito de Sento S\u00e9 Ednaldo Barros ou os seus representantes. Vamos ficar aqui at\u00e9 o prefeito aparecer, \u00e9 inadmiss\u00edvel ficar sem sinal nas comunidades e as demais cidades circunvizinhas\u201d,&hellip; <\/p>\n","protected":false},"author":7,"featured_media":0,"comment_status":"open","ping_status":"open","sticky":false,"template":"","format":"standard","meta":{"_acf_changed":false,"footnotes":""},"categories":[44],"tags":[],"class_list":["post-132916","post","type-post","status-publish","format-standard","hentry","category-administracao"],"acf":[],"yoast_head":"<!-- This site is optimized with the Yoast SEO plugin v27.4 - https:\/\/yoast.com\/product\/yoast-seo-wordpress\/ -->\n<title>SEM ACORDO, MOVIMENTO DOS ATINGIDOS POR BARRAGENS CONTINUAM OCUPANDO TORRES DE TRANSMISS\u00c3O DE OPERADORAS EM SENTO S\u00c9 - Blog do Farn\u00e9sio<\/title>\n<meta name=\"robots\" content=\"index, follow, max-snippet:-1, max-image-preview:large, max-video-preview:-1\" \/>\n<link rel=\"canonical\" href=\"https:\/\/blogdofarnesio.com.br\/?p=132916\" \/>\n<meta property=\"og:locale\" content=\"pt_BR\" \/>\n<meta property=\"og:type\" content=\"article\" \/>\n<meta property=\"og:title\" content=\"SEM ACORDO, MOVIMENTO DOS ATINGIDOS POR BARRAGENS CONTINUAM OCUPANDO TORRES DE TRANSMISS\u00c3O DE OPERADORAS EM SENTO S\u00c9 - Blog do Farn\u00e9sio\" \/>\n<meta property=\"og:description\" content=\"Cerca de 300 manifestantes do Movimento dos Atingidos por Barragens (MAB) continuam ocupando desde o dia 28 de outubro, as torres de transmiss\u00e3o das operadoras OI, VIVO e TIM, localizadas na Serra da Mina do Encaibro, no munic\u00edpio de Sento S\u00e9\/BA. O manifestante Paulo de Souza em contato na manh\u00e3 de hoje (12), com o Programa Bastidores da Not\u00edcia disse que houve uma reuni\u00e3o na \u00faltima ter\u00e7a-feira (10) e somente o pessoal do governo do estado que os recebeu. \u201cN\u00e3o conseguimos resolver nada, \u00e9 complicado resolver algo sem a presen\u00e7a do prefeito de Sento S\u00e9 Ednaldo Barros ou os seus representantes. Vamos ficar aqui at\u00e9 o prefeito aparecer, \u00e9 inadmiss\u00edvel ficar sem sinal nas comunidades e as demais cidades circunvizinhas\u201d,&hellip;\" \/>\n<meta property=\"og:url\" content=\"https:\/\/blogdofarnesio.com.br\/?p=132916\" \/>\n<meta property=\"og:site_name\" content=\"Blog do Farn\u00e9sio\" \/>\n<meta property=\"article:publisher\" content=\"https:\/\/www.facebook.com\/BlogQuerSaberPolitica\/\" \/>\n<meta property=\"article:published_time\" content=\"2015-11-12T18:40:39+00:00\" \/>\n<meta property=\"og:image\" content=\"http:\/\/www.quersaberpolitica.com.br\/2016\/wp-content\/uploads\/2015\/11\/blogqsp-torres-de-celulares-300x169.jpg\" \/>\n<meta name=\"twitter:card\" content=\"summary_large_image\" \/>\n<meta name=\"twitter:label1\" content=\"Escrito por\" \/>\n\t<meta name=\"twitter:data1\" content=\"\" \/>\n\t<meta name=\"twitter:label2\" content=\"Est. tempo de leitura\" \/>\n\t<meta name=\"twitter:data2\" content=\"1 minuto\" \/>\n<script type=\"application\/ld+json\" class=\"yoast-schema-graph\">{\"@context\":\"https:\\\/\\\/schema.org\",\"@graph\":[{\"@type\":\"Article\",\"@id\":\"https:\\\/\\\/blogdofarnesio.com.br\\\/?p=132916#article\",\"isPartOf\":{\"@id\":\"https:\\\/\\\/blogdofarnesio.com.br\\\/?p=132916\"},\"author\":{\"name\":\"\",\"@id\":\"\"},\"headline\":\"SEM ACORDO, MOVIMENTO DOS ATINGIDOS POR BARRAGENS CONTINUAM OCUPANDO TORRES DE TRANSMISS\u00c3O DE OPERADORAS EM SENTO S\u00c9\",\"datePublished\":\"2015-11-12T18:40:39+00:00\",\"mainEntityOfPage\":{\"@id\":\"https:\\\/\\\/blogdofarnesio.com.br\\\/?p=132916\"},\"wordCount\":147,\"commentCount\":0,\"publisher\":{\"@id\":\"https:\\\/\\\/blogdofarnesio.com.br\\\/#organization\"},\"image\":{\"@id\":\"https:\\\/\\\/blogdofarnesio.com.br\\\/?p=132916#primaryimage\"},\"thumbnailUrl\":\"http:\\\/\\\/www.quersaberpolitica.com.br\\\/2016\\\/wp-content\\\/uploads\\\/2015\\\/11\\\/blogqsp-torres-de-celulares-300x169.jpg\",\"articleSection\":[\"Administra\u00e7\u00e3o\"],\"inLanguage\":\"pt-BR\",\"potentialAction\":[{\"@type\":\"CommentAction\",\"name\":\"Comment\",\"target\":[\"https:\\\/\\\/blogdofarnesio.com.br\\\/?p=132916#respond\"]}]},{\"@type\":\"WebPage\",\"@id\":\"https:\\\/\\\/blogdofarnesio.com.br\\\/?p=132916\",\"url\":\"https:\\\/\\\/blogdofarnesio.com.br\\\/?p=132916\",\"name\":\"SEM ACORDO, MOVIMENTO DOS ATINGIDOS POR BARRAGENS CONTINUAM OCUPANDO TORRES DE TRANSMISS\u00c3O DE OPERADORAS EM SENTO S\u00c9 - Blog do Farn\u00e9sio\",\"isPartOf\":{\"@id\":\"https:\\\/\\\/blogdofarnesio.com.br\\\/#website\"},\"primaryImageOfPage\":{\"@id\":\"https:\\\/\\\/blogdofarnesio.com.br\\\/?p=132916#primaryimage\"},\"image\":{\"@id\":\"https:\\\/\\\/blogdofarnesio.com.br\\\/?p=132916#primaryimage\"},\"thumbnailUrl\":\"http:\\\/\\\/www.quersaberpolitica.com.br\\\/2016\\\/wp-content\\\/uploads\\\/2015\\\/11\\\/blogqsp-torres-de-celulares-300x169.jpg\",\"datePublished\":\"2015-11-12T18:40:39+00:00\",\"breadcrumb\":{\"@id\":\"https:\\\/\\\/blogdofarnesio.com.br\\\/?p=132916#breadcrumb\"},\"inLanguage\":\"pt-BR\",\"potentialAction\":[{\"@type\":\"ReadAction\",\"target\":[\"https:\\\/\\\/blogdofarnesio.com.br\\\/?p=132916\"]}]},{\"@type\":\"ImageObject\",\"inLanguage\":\"pt-BR\",\"@id\":\"https:\\\/\\\/blogdofarnesio.com.br\\\/?p=132916#primaryimage\",\"url\":\"http:\\\/\\\/www.quersaberpolitica.com.br\\\/2016\\\/wp-content\\\/uploads\\\/2015\\\/11\\\/blogqsp-torres-de-celulares-300x169.jpg\",\"contentUrl\":\"http:\\\/\\\/www.quersaberpolitica.com.br\\\/2016\\\/wp-content\\\/uploads\\\/2015\\\/11\\\/blogqsp-torres-de-celulares-300x169.jpg\"},{\"@type\":\"BreadcrumbList\",\"@id\":\"https:\\\/\\\/blogdofarnesio.com.br\\\/?p=132916#breadcrumb\",\"itemListElement\":[{\"@type\":\"ListItem\",\"position\":1,\"name\":\"In\u00edcio\",\"item\":\"https:\\\/\\\/blogdofarnesio.com.br\\\/\"},{\"@type\":\"ListItem\",\"position\":2,\"name\":\"SEM ACORDO, MOVIMENTO DOS ATINGIDOS POR BARRAGENS CONTINUAM OCUPANDO TORRES DE TRANSMISS\u00c3O DE OPERADORAS EM SENTO S\u00c9\"}]},{\"@type\":\"WebSite\",\"@id\":\"https:\\\/\\\/blogdofarnesio.com.br\\\/#website\",\"url\":\"https:\\\/\\\/blogdofarnesio.com.br\\\/\",\"name\":\"Blog do Farn\u00e9sio\",\"description\":\"Quer Saber Pol\u00edtica?\",\"publisher\":{\"@id\":\"https:\\\/\\\/blogdofarnesio.com.br\\\/#organization\"},\"potentialAction\":[{\"@type\":\"SearchAction\",\"target\":{\"@type\":\"EntryPoint\",\"urlTemplate\":\"https:\\\/\\\/blogdofarnesio.com.br\\\/?s={search_term_string}\"},\"query-input\":{\"@type\":\"PropertyValueSpecification\",\"valueRequired\":true,\"valueName\":\"search_term_string\"}}],\"inLanguage\":\"pt-BR\"},{\"@type\":\"Organization\",\"@id\":\"https:\\\/\\\/blogdofarnesio.com.br\\\/#organization\",\"name\":\"Blog do Farn\u00e9sio\",\"url\":\"https:\\\/\\\/blogdofarnesio.com.br\\\/\",\"logo\":{\"@type\":\"ImageObject\",\"inLanguage\":\"pt-BR\",\"@id\":\"https:\\\/\\\/blogdofarnesio.com.br\\\/#\\\/schema\\\/logo\\\/image\\\/\",\"url\":\"https:\\\/\\\/blogdofarnesio.com.br\\\/wp-content\\\/uploads\\\/2026\\\/03\\\/cropped-logo_new-1.png\",\"contentUrl\":\"https:\\\/\\\/blogdofarnesio.com.br\\\/wp-content\\\/uploads\\\/2026\\\/03\\\/cropped-logo_new-1.png\",\"width\":881,\"height\":685,\"caption\":\"Blog do Farn\u00e9sio\"},\"image\":{\"@id\":\"https:\\\/\\\/blogdofarnesio.com.br\\\/#\\\/schema\\\/logo\\\/image\\\/\"},\"sameAs\":[\"https:\\\/\\\/www.facebook.com\\\/BlogQuerSaberPolitica\\\/\"]},{\"@type\":\"Person\",\"@id\":\"\",\"url\":\"https:\\\/\\\/blogdofarnesio.com.br\\\/?author=7\"}]}<\/script>\n<!-- \/ Yoast SEO plugin. -->","yoast_head_json":{"title":"SEM ACORDO, MOVIMENTO DOS ATINGIDOS POR BARRAGENS CONTINUAM OCUPANDO TORRES DE TRANSMISS\u00c3O DE OPERADORAS EM SENTO S\u00c9 - Blog do Farn\u00e9sio","robots":{"index":"index","follow":"follow","max-snippet":"max-snippet:-1","max-image-preview":"max-image-preview:large","max-video-preview":"max-video-preview:-1"},"canonical":"https:\/\/blogdofarnesio.com.br\/?p=132916","og_locale":"pt_BR","og_type":"article","og_title":"SEM ACORDO, MOVIMENTO DOS ATINGIDOS POR BARRAGENS CONTINUAM OCUPANDO TORRES DE TRANSMISS\u00c3O DE OPERADORAS EM SENTO S\u00c9 - Blog do Farn\u00e9sio","og_description":"Cerca de 300 manifestantes do Movimento dos Atingidos por Barragens (MAB) continuam ocupando desde o dia 28 de outubro, as torres de transmiss\u00e3o das operadoras OI, VIVO e TIM, localizadas na Serra da Mina do Encaibro, no munic\u00edpio de Sento S\u00e9\/BA. O manifestante Paulo de Souza em contato na manh\u00e3 de hoje (12), com o Programa Bastidores da Not\u00edcia disse que houve uma reuni\u00e3o na \u00faltima ter\u00e7a-feira (10) e somente o pessoal do governo do estado que os recebeu. \u201cN\u00e3o conseguimos resolver nada, \u00e9 complicado resolver algo sem a presen\u00e7a do prefeito de Sento S\u00e9 Ednaldo Barros ou os seus representantes. Vamos ficar aqui at\u00e9 o prefeito aparecer, \u00e9 inadmiss\u00edvel ficar sem sinal nas comunidades e as demais cidades circunvizinhas\u201d,&hellip;","og_url":"https:\/\/blogdofarnesio.com.br\/?p=132916","og_site_name":"Blog do Farn\u00e9sio","article_publisher":"https:\/\/www.facebook.com\/BlogQuerSaberPolitica\/","article_published_time":"2015-11-12T18:40:39+00:00","og_image":[{"url":"http:\/\/www.quersaberpolitica.com.br\/2016\/wp-content\/uploads\/2015\/11\/blogqsp-torres-de-celulares-300x169.jpg","type":"","width":"","height":""}],"twitter_card":"summary_large_image","twitter_misc":{"Escrito por":"","Est. tempo de leitura":"1 minuto"},"schema":{"@context":"https:\/\/schema.org","@graph":[{"@type":"Article","@id":"https:\/\/blogdofarnesio.com.br\/?p=132916#article","isPartOf":{"@id":"https:\/\/blogdofarnesio.com.br\/?p=132916"},"author":{"name":"","@id":""},"headline":"SEM ACORDO, MOVIMENTO DOS ATINGIDOS POR BARRAGENS CONTINUAM OCUPANDO TORRES DE TRANSMISS\u00c3O DE OPERADORAS EM SENTO S\u00c9","datePublished":"2015-11-12T18:40:39+00:00","mainEntityOfPage":{"@id":"https:\/\/blogdofarnesio.com.br\/?p=132916"},"wordCount":147,"commentCount":0,"publisher":{"@id":"https:\/\/blogdofarnesio.com.br\/#organization"},"image":{"@id":"https:\/\/blogdofarnesio.com.br\/?p=132916#primaryimage"},"thumbnailUrl":"http:\/\/www.quersaberpolitica.com.br\/2016\/wp-content\/uploads\/2015\/11\/blogqsp-torres-de-celulares-300x169.jpg","articleSection":["Administra\u00e7\u00e3o"],"inLanguage":"pt-BR","potentialAction":[{"@type":"CommentAction","name":"Comment","target":["https:\/\/blogdofarnesio.com.br\/?p=132916#respond"]}]},{"@type":"WebPage","@id":"https:\/\/blogdofarnesio.com.br\/?p=132916","url":"https:\/\/blogdofarnesio.com.br\/?p=132916","name":"SEM ACORDO, MOVIMENTO DOS ATINGIDOS POR BARRAGENS CONTINUAM OCUPANDO TORRES DE TRANSMISS\u00c3O DE OPERADORAS EM SENTO S\u00c9 - Blog do Farn\u00e9sio","isPartOf":{"@id":"https:\/\/blogdofarnesio.com.br\/#website"},"primaryImageOfPage":{"@id":"https:\/\/blogdofarnesio.com.br\/?p=132916#primaryimage"},"image":{"@id":"https:\/\/blogdofarnesio.com.br\/?p=132916#primaryimage"},"thumbnailUrl":"http:\/\/www.quersaberpolitica.com.br\/2016\/wp-content\/uploads\/2015\/11\/blogqsp-torres-de-celulares-300x169.jpg","datePublished":"2015-11-12T18:40:39+00:00","breadcrumb":{"@id":"https:\/\/blogdofarnesio.com.br\/?p=132916#breadcrumb"},"inLanguage":"pt-BR","potentialAction":[{"@type":"ReadAction","target":["https:\/\/blogdofarnesio.com.br\/?p=132916"]}]},{"@type":"ImageObject","inLanguage":"pt-BR","@id":"https:\/\/blogdofarnesio.com.br\/?p=132916#primaryimage","url":"http:\/\/www.quersaberpolitica.com.br\/2016\/wp-content\/uploads\/2015\/11\/blogqsp-torres-de-celulares-300x169.jpg","contentUrl":"http:\/\/www.quersaberpolitica.com.br\/2016\/wp-content\/uploads\/2015\/11\/blogqsp-torres-de-celulares-300x169.jpg"},{"@type":"BreadcrumbList","@id":"https:\/\/blogdofarnesio.com.br\/?p=132916#breadcrumb","itemListElement":[{"@type":"ListItem","position":1,"name":"In\u00edcio","item":"https:\/\/blogdofarnesio.com.br\/"},{"@type":"ListItem","position":2,"name":"SEM ACORDO, MOVIMENTO DOS ATINGIDOS POR BARRAGENS CONTINUAM OCUPANDO TORRES DE TRANSMISS\u00c3O DE OPERADORAS EM SENTO S\u00c9"}]},{"@type":"WebSite","@id":"https:\/\/blogdofarnesio.com.br\/#website","url":"https:\/\/blogdofarnesio.com.br\/","name":"Blog do Farn\u00e9sio","description":"Quer Saber Pol\u00edtica?","publisher":{"@id":"https:\/\/blogdofarnesio.com.br\/#organization"},"potentialAction":[{"@type":"SearchAction","target":{"@type":"EntryPoint","urlTemplate":"https:\/\/blogdofarnesio.com.br\/?s={search_term_string}"},"query-input":{"@type":"PropertyValueSpecification","valueRequired":true,"valueName":"search_term_string"}}],"inLanguage":"pt-BR"},{"@type":"Organization","@id":"https:\/\/blogdofarnesio.com.br\/#organization","name":"Blog do Farn\u00e9sio","url":"https:\/\/blogdofarnesio.com.br\/","logo":{"@type":"ImageObject","inLanguage":"pt-BR","@id":"https:\/\/blogdofarnesio.com.br\/#\/schema\/logo\/image\/","url":"https:\/\/blogdofarnesio.com.br\/wp-content\/uploads\/2026\/03\/cropped-logo_new-1.png","contentUrl":"https:\/\/blogdofarnesio.com.br\/wp-content\/uploads\/2026\/03\/cropped-logo_new-1.png","width":881,"height":685,"caption":"Blog do Farn\u00e9sio"},"image":{"@id":"https:\/\/blogdofarnesio.com.br\/#\/schema\/logo\/image\/"},"sameAs":["https:\/\/www.facebook.com\/BlogQuerSaberPolitica\/"]},{"@type":"Person","@id":"","url":"https:\/\/blogdofarnesio.com.br\/?author=7"}]}},"_links":{"self":[{"href":"https:\/\/blogdofarnesio.com.br\/index.php?rest_route=\/wp\/v2\/posts\/132916","targetHints":{"allow":["GET"]}}],"collection":[{"href":"https:\/\/blogdofarnesio.com.br\/index.php?rest_route=\/wp\/v2\/posts"}],"about":[{"href":"https:\/\/blogdofarnesio.com.br\/index.php?rest_route=\/wp\/v2\/types\/post"}],"author":[{"embeddable":true,"href":"https:\/\/blogdofarnesio.com.br\/index.php?rest_route=\/wp\/v2\/users\/7"}],"replies":[{"embeddable":true,"href":"https:\/\/blogdofarnesio.com.br\/index.php?rest_route=%2Fwp%2Fv2%2Fcomments&post=132916"}],"version-history":[{"count":0,"href":"https:\/\/blogdofarnesio.com.br\/index.php?rest_route=\/wp\/v2\/posts\/132916\/revisions"}],"wp:attachment":[{"href":"https:\/\/blogdofarnesio.com.br\/index.php?rest_route=%2Fwp%2Fv2%2Fmedia&parent=132916"}],"wp:term":[{"taxonomy":"category","embeddable":true,"href":"https:\/\/blogdofarnesio.com.br\/index.php?rest_route=%2Fwp%2Fv2%2Fcategories&post=132916"},{"taxonomy":"post_tag","embeddable":true,"href":"https:\/\/blogdofarnesio.com.br\/index.php?rest_route=%2Fwp%2Fv2%2Ftags&post=132916"}],"curies":[{"name":"wp","href":"https:\/\/api.w.org\/{rel}","templated":true}]}}