{"id":132912,"date":"2015-11-12T15:20:48","date_gmt":"2015-11-12T18:20:48","guid":{"rendered":"http:\/\/www.quersaberpolitica.com.br\/?p=132912"},"modified":"2015-11-12T11:16:18","modified_gmt":"2015-11-12T14:16:18","slug":"ptc-realiza-encontro-para-discutir-candidatura-unica-em-juazeiro","status":"publish","type":"post","link":"https:\/\/blogdofarnesio.com.br\/2015\/11\/ptc-realiza-encontro-para-discutir-candidatura-unica-em-juazeiro\/","title":{"rendered":"PTC REALIZA ENCONTRO PARA DISCUTIR CANDIDATURA \u00daNICA EM JUAZEIRO"},"content":{"rendered":"<p style=\"text-align: justify\"><a href=\"http:\/\/www.quersaberpolitica.com.br\/2016\/wp-content\/uploads\/2015\/11\/blogqsptelmamarineide-Foto-Farn\u00e9sio-Silva.jpg\"><img loading=\"lazy\" decoding=\"async\" class=\"  wp-image-132910 aligncenter\" src=\"http:\/\/www.quersaberpolitica.com.br\/2016\/wp-content\/uploads\/2015\/11\/blogqsptelmamarineide-Foto-Farn\u00e9sio-Silva-300x200.jpg\" alt=\"blogqsptelmamarineide   Foto Farn\u00e9sio Silva\" width=\"411\" height=\"279\" \/><\/a><\/p>\n<p style=\"text-align: justify\">O audit\u00f3rio da C\u00e2mara de Vereadores de Juazeiro ser\u00e1 palco no pr\u00f3ximo domingo (15) de um encontro do Partido Trabalhista Crist\u00e3o &#8211; PTC e legendas aliadas, a partir das 9:30 h. A pr\u00e9-candidata pelo PTC, Telma Marineide, durante a sua participa\u00e7\u00e3o na manh\u00e3 de hoje (12), ao <em>Programa Bastidores da Not\u00edcia<\/em> frisou que o objetivo do encontro \u00e9 discutir a constru\u00e7\u00e3o de uma candidatura \u00fanica das oposi\u00e7\u00f5es nas elei\u00e7\u00f5es do pr\u00f3ximo ano em Juazeiro.<\/p>\n<p style=\"text-align: justify\">\u201cO Partido que vem unindo lideran\u00e7as em Juazeiro e trazendo para o cen\u00e1rio pol\u00edtico uma nova esperan\u00e7a, acredito na uni\u00e3o das oposi\u00e7\u00f5es em Juazeiro, na realidade j\u00e1 existem, s\u00f3 falta as pessoas decidirem que vai ser esse candidato, ser\u00e1 apenas um candidato de oposi\u00e7\u00e3o. O encontro ser\u00e1 a uni\u00e3o de for\u00e7as e ideias\u201d, disse Telma.<\/p>\n<p style=\"text-align: justify\">Na ocasi\u00e3o, Telma falou do seu desejo de ser a escolhida para disputar as elei\u00e7\u00f5es de 2016. \u201cTem que saber trabalhar e n\u00e3o esquecer o verdadeiro objetivo que \u00e9 Juazeiro, a pol\u00edtica precisa mudar e tem que mostrar que tem compet\u00eancia, estou preparada e quero sim ser a candidata. O povo est\u00e1 saturado desse atual governo e nos temos que mudar esse quadro pol\u00edtico\u201d.<\/p>\n<p style=\"text-align: justify\">O evento contar\u00e1 com as presen\u00e7as do presidente do PTC Estadual Rivailton Veloso, do deputado federal Uldorico Pinto e de v\u00e1rios dirigentes de legendas aliadas como: Wank Medrado (PMDB), Suzana Ramos (PTdoB), Roque Carneiro (PPS), Marcos Ant\u00f4nio (PMN), Ronivon Andrade (PEN), Sandro (PPL), Vilmar Medrado (PSDC), Leonardo Bandeira e Dr. Sales (PSDB), Dr. Pedro Cordeiro e Amilton Ferreira (DEM), Deputado Roberto Carlos e Dr. Kalber (PDT), Cristina (PHS), Calixto (PRP) e Fonseca Fraga (PV).<\/p>\n<p style=\"text-align: justify\"><em>Da Reda\u00e7\u00e3o\/BlogQSP<\/em><\/p>\n","protected":false},"excerpt":{"rendered":"<p>O audit\u00f3rio da C\u00e2mara de Vereadores de Juazeiro ser\u00e1 palco no pr\u00f3ximo domingo (15) de um encontro do Partido Trabalhista Crist\u00e3o &#8211; PTC e legendas aliadas, a partir das 9:30 h. A pr\u00e9-candidata pelo PTC, Telma Marineide, durante a sua participa\u00e7\u00e3o na manh\u00e3 de hoje (12), ao Programa Bastidores da Not\u00edcia frisou que o objetivo do encontro \u00e9 discutir a constru\u00e7\u00e3o de uma candidatura \u00fanica das oposi\u00e7\u00f5es nas elei\u00e7\u00f5es do pr\u00f3ximo ano em Juazeiro. \u201cO Partido que vem unindo lideran\u00e7as em Juazeiro e trazendo para o cen\u00e1rio pol\u00edtico uma nova esperan\u00e7a, acredito na uni\u00e3o das oposi\u00e7\u00f5es em Juazeiro, na realidade j\u00e1 existem, s\u00f3 falta as pessoas decidirem que vai ser esse candidato, ser\u00e1 apenas um candidato de oposi\u00e7\u00e3o. O encontro&hellip; <\/p>\n","protected":false},"author":7,"featured_media":0,"comment_status":"open","ping_status":"open","sticky":false,"template":"","format":"standard","meta":{"_acf_changed":false,"footnotes":""},"categories":[1],"tags":[],"class_list":["post-132912","post","type-post","status-publish","format-standard","hentry","category-politica"],"acf":[],"yoast_head":"<!-- This site is optimized with the Yoast SEO plugin v27.5 - https:\/\/yoast.com\/product\/yoast-seo-wordpress\/ -->\n<title>PTC REALIZA ENCONTRO PARA DISCUTIR CANDIDATURA \u00daNICA EM JUAZEIRO - Blog do Farn\u00e9sio<\/title>\n<meta name=\"robots\" content=\"index, follow, max-snippet:-1, max-image-preview:large, max-video-preview:-1\" \/>\n<link rel=\"canonical\" href=\"https:\/\/blogdofarnesio.com.br\/2015\/11\/ptc-realiza-encontro-para-discutir-candidatura-unica-em-juazeiro\/\" \/>\n<meta property=\"og:locale\" content=\"pt_BR\" \/>\n<meta property=\"og:type\" content=\"article\" \/>\n<meta property=\"og:title\" content=\"PTC REALIZA ENCONTRO PARA DISCUTIR CANDIDATURA \u00daNICA EM JUAZEIRO - Blog do Farn\u00e9sio\" \/>\n<meta property=\"og:description\" content=\"O audit\u00f3rio da C\u00e2mara de Vereadores de Juazeiro ser\u00e1 palco no pr\u00f3ximo domingo (15) de um encontro do Partido Trabalhista Crist\u00e3o &#8211; PTC e legendas aliadas, a partir das 9:30 h. A pr\u00e9-candidata pelo PTC, Telma Marineide, durante a sua participa\u00e7\u00e3o na manh\u00e3 de hoje (12), ao Programa Bastidores da Not\u00edcia frisou que o objetivo do encontro \u00e9 discutir a constru\u00e7\u00e3o de uma candidatura \u00fanica das oposi\u00e7\u00f5es nas elei\u00e7\u00f5es do pr\u00f3ximo ano em Juazeiro. \u201cO Partido que vem unindo lideran\u00e7as em Juazeiro e trazendo para o cen\u00e1rio pol\u00edtico uma nova esperan\u00e7a, acredito na uni\u00e3o das oposi\u00e7\u00f5es em Juazeiro, na realidade j\u00e1 existem, s\u00f3 falta as pessoas decidirem que vai ser esse candidato, ser\u00e1 apenas um candidato de oposi\u00e7\u00e3o. O encontro&hellip;\" \/>\n<meta property=\"og:url\" content=\"https:\/\/blogdofarnesio.com.br\/2015\/11\/ptc-realiza-encontro-para-discutir-candidatura-unica-em-juazeiro\/\" \/>\n<meta property=\"og:site_name\" content=\"Blog do Farn\u00e9sio\" \/>\n<meta property=\"article:publisher\" content=\"https:\/\/www.facebook.com\/BlogQuerSaberPolitica\/\" \/>\n<meta property=\"article:published_time\" content=\"2015-11-12T18:20:48+00:00\" \/>\n<meta name=\"twitter:card\" content=\"summary_large_image\" \/>\n<meta name=\"twitter:label1\" content=\"Escrito por\" \/>\n\t<meta name=\"twitter:data1\" content=\"\" \/>\n\t<meta name=\"twitter:label2\" content=\"Est. tempo de leitura\" \/>\n\t<meta name=\"twitter:data2\" content=\"1 minuto\" \/>\n<script type=\"application\/ld+json\" class=\"yoast-schema-graph\">{\"@context\":\"https:\\\/\\\/schema.org\",\"@graph\":[{\"@type\":\"Article\",\"@id\":\"https:\\\/\\\/blogdofarnesio.com.br\\\/2015\\\/11\\\/ptc-realiza-encontro-para-discutir-candidatura-unica-em-juazeiro\\\/#article\",\"isPartOf\":{\"@id\":\"https:\\\/\\\/blogdofarnesio.com.br\\\/2015\\\/11\\\/ptc-realiza-encontro-para-discutir-candidatura-unica-em-juazeiro\\\/\"},\"author\":{\"name\":\"\",\"@id\":\"\"},\"headline\":\"PTC REALIZA ENCONTRO PARA DISCUTIR CANDIDATURA \u00daNICA EM JUAZEIRO\",\"datePublished\":\"2015-11-12T18:20:48+00:00\",\"mainEntityOfPage\":{\"@id\":\"https:\\\/\\\/blogdofarnesio.com.br\\\/2015\\\/11\\\/ptc-realiza-encontro-para-discutir-candidatura-unica-em-juazeiro\\\/\"},\"wordCount\":303,\"commentCount\":1,\"publisher\":{\"@id\":\"https:\\\/\\\/blogdofarnesio.com.br\\\/#organization\"},\"articleSection\":[\"Pol\u00edtica\"],\"inLanguage\":\"pt-BR\",\"potentialAction\":[{\"@type\":\"CommentAction\",\"name\":\"Comment\",\"target\":[\"https:\\\/\\\/blogdofarnesio.com.br\\\/2015\\\/11\\\/ptc-realiza-encontro-para-discutir-candidatura-unica-em-juazeiro\\\/#respond\"]}]},{\"@type\":\"WebPage\",\"@id\":\"https:\\\/\\\/blogdofarnesio.com.br\\\/2015\\\/11\\\/ptc-realiza-encontro-para-discutir-candidatura-unica-em-juazeiro\\\/\",\"url\":\"https:\\\/\\\/blogdofarnesio.com.br\\\/2015\\\/11\\\/ptc-realiza-encontro-para-discutir-candidatura-unica-em-juazeiro\\\/\",\"name\":\"PTC REALIZA ENCONTRO PARA DISCUTIR CANDIDATURA \u00daNICA EM JUAZEIRO - Blog do Farn\u00e9sio\",\"isPartOf\":{\"@id\":\"https:\\\/\\\/blogdofarnesio.com.br\\\/#website\"},\"datePublished\":\"2015-11-12T18:20:48+00:00\",\"breadcrumb\":{\"@id\":\"https:\\\/\\\/blogdofarnesio.com.br\\\/2015\\\/11\\\/ptc-realiza-encontro-para-discutir-candidatura-unica-em-juazeiro\\\/#breadcrumb\"},\"inLanguage\":\"pt-BR\",\"potentialAction\":[{\"@type\":\"ReadAction\",\"target\":[\"https:\\\/\\\/blogdofarnesio.com.br\\\/2015\\\/11\\\/ptc-realiza-encontro-para-discutir-candidatura-unica-em-juazeiro\\\/\"]}]},{\"@type\":\"BreadcrumbList\",\"@id\":\"https:\\\/\\\/blogdofarnesio.com.br\\\/2015\\\/11\\\/ptc-realiza-encontro-para-discutir-candidatura-unica-em-juazeiro\\\/#breadcrumb\",\"itemListElement\":[{\"@type\":\"ListItem\",\"position\":1,\"name\":\"In\u00edcio\",\"item\":\"https:\\\/\\\/blogdofarnesio.com.br\\\/\"},{\"@type\":\"ListItem\",\"position\":2,\"name\":\"PTC REALIZA ENCONTRO PARA DISCUTIR CANDIDATURA \u00daNICA EM JUAZEIRO\"}]},{\"@type\":\"WebSite\",\"@id\":\"https:\\\/\\\/blogdofarnesio.com.br\\\/#website\",\"url\":\"https:\\\/\\\/blogdofarnesio.com.br\\\/\",\"name\":\"Blog do Farn\u00e9sio\",\"description\":\"Quer Saber Pol\u00edtica?\",\"publisher\":{\"@id\":\"https:\\\/\\\/blogdofarnesio.com.br\\\/#organization\"},\"potentialAction\":[{\"@type\":\"SearchAction\",\"target\":{\"@type\":\"EntryPoint\",\"urlTemplate\":\"https:\\\/\\\/blogdofarnesio.com.br\\\/?s={search_term_string}\"},\"query-input\":{\"@type\":\"PropertyValueSpecification\",\"valueRequired\":true,\"valueName\":\"search_term_string\"}}],\"inLanguage\":\"pt-BR\"},{\"@type\":\"Organization\",\"@id\":\"https:\\\/\\\/blogdofarnesio.com.br\\\/#organization\",\"name\":\"Blog do Farn\u00e9sio\",\"url\":\"https:\\\/\\\/blogdofarnesio.com.br\\\/\",\"logo\":{\"@type\":\"ImageObject\",\"inLanguage\":\"pt-BR\",\"@id\":\"https:\\\/\\\/blogdofarnesio.com.br\\\/#\\\/schema\\\/logo\\\/image\\\/\",\"url\":\"https:\\\/\\\/blogdofarnesio.com.br\\\/wp-content\\\/uploads\\\/2026\\\/03\\\/cropped-logo_new-1.png\",\"contentUrl\":\"https:\\\/\\\/blogdofarnesio.com.br\\\/wp-content\\\/uploads\\\/2026\\\/03\\\/cropped-logo_new-1.png\",\"width\":881,\"height\":685,\"caption\":\"Blog do Farn\u00e9sio\"},\"image\":{\"@id\":\"https:\\\/\\\/blogdofarnesio.com.br\\\/#\\\/schema\\\/logo\\\/image\\\/\"},\"sameAs\":[\"https:\\\/\\\/www.facebook.com\\\/BlogQuerSaberPolitica\\\/\"]},{\"@type\":\"Person\",\"@id\":\"\",\"url\":\"https:\\\/\\\/blogdofarnesio.com.br\\\/author\\\/\"}]}<\/script>\n<!-- \/ Yoast SEO plugin. -->","yoast_head_json":{"title":"PTC REALIZA ENCONTRO PARA DISCUTIR CANDIDATURA \u00daNICA EM JUAZEIRO - Blog do Farn\u00e9sio","robots":{"index":"index","follow":"follow","max-snippet":"max-snippet:-1","max-image-preview":"max-image-preview:large","max-video-preview":"max-video-preview:-1"},"canonical":"https:\/\/blogdofarnesio.com.br\/2015\/11\/ptc-realiza-encontro-para-discutir-candidatura-unica-em-juazeiro\/","og_locale":"pt_BR","og_type":"article","og_title":"PTC REALIZA ENCONTRO PARA DISCUTIR CANDIDATURA \u00daNICA EM JUAZEIRO - Blog do Farn\u00e9sio","og_description":"O audit\u00f3rio da C\u00e2mara de Vereadores de Juazeiro ser\u00e1 palco no pr\u00f3ximo domingo (15) de um encontro do Partido Trabalhista Crist\u00e3o &#8211; PTC e legendas aliadas, a partir das 9:30 h. A pr\u00e9-candidata pelo PTC, Telma Marineide, durante a sua participa\u00e7\u00e3o na manh\u00e3 de hoje (12), ao Programa Bastidores da Not\u00edcia frisou que o objetivo do encontro \u00e9 discutir a constru\u00e7\u00e3o de uma candidatura \u00fanica das oposi\u00e7\u00f5es nas elei\u00e7\u00f5es do pr\u00f3ximo ano em Juazeiro. \u201cO Partido que vem unindo lideran\u00e7as em Juazeiro e trazendo para o cen\u00e1rio pol\u00edtico uma nova esperan\u00e7a, acredito na uni\u00e3o das oposi\u00e7\u00f5es em Juazeiro, na realidade j\u00e1 existem, s\u00f3 falta as pessoas decidirem que vai ser esse candidato, ser\u00e1 apenas um candidato de oposi\u00e7\u00e3o. O encontro&hellip;","og_url":"https:\/\/blogdofarnesio.com.br\/2015\/11\/ptc-realiza-encontro-para-discutir-candidatura-unica-em-juazeiro\/","og_site_name":"Blog do Farn\u00e9sio","article_publisher":"https:\/\/www.facebook.com\/BlogQuerSaberPolitica\/","article_published_time":"2015-11-12T18:20:48+00:00","twitter_card":"summary_large_image","twitter_misc":{"Escrito por":"","Est. tempo de leitura":"1 minuto"},"schema":{"@context":"https:\/\/schema.org","@graph":[{"@type":"Article","@id":"https:\/\/blogdofarnesio.com.br\/2015\/11\/ptc-realiza-encontro-para-discutir-candidatura-unica-em-juazeiro\/#article","isPartOf":{"@id":"https:\/\/blogdofarnesio.com.br\/2015\/11\/ptc-realiza-encontro-para-discutir-candidatura-unica-em-juazeiro\/"},"author":{"name":"","@id":""},"headline":"PTC REALIZA ENCONTRO PARA DISCUTIR CANDIDATURA \u00daNICA EM JUAZEIRO","datePublished":"2015-11-12T18:20:48+00:00","mainEntityOfPage":{"@id":"https:\/\/blogdofarnesio.com.br\/2015\/11\/ptc-realiza-encontro-para-discutir-candidatura-unica-em-juazeiro\/"},"wordCount":303,"commentCount":1,"publisher":{"@id":"https:\/\/blogdofarnesio.com.br\/#organization"},"articleSection":["Pol\u00edtica"],"inLanguage":"pt-BR","potentialAction":[{"@type":"CommentAction","name":"Comment","target":["https:\/\/blogdofarnesio.com.br\/2015\/11\/ptc-realiza-encontro-para-discutir-candidatura-unica-em-juazeiro\/#respond"]}]},{"@type":"WebPage","@id":"https:\/\/blogdofarnesio.com.br\/2015\/11\/ptc-realiza-encontro-para-discutir-candidatura-unica-em-juazeiro\/","url":"https:\/\/blogdofarnesio.com.br\/2015\/11\/ptc-realiza-encontro-para-discutir-candidatura-unica-em-juazeiro\/","name":"PTC REALIZA ENCONTRO PARA DISCUTIR CANDIDATURA \u00daNICA EM JUAZEIRO - Blog do Farn\u00e9sio","isPartOf":{"@id":"https:\/\/blogdofarnesio.com.br\/#website"},"datePublished":"2015-11-12T18:20:48+00:00","breadcrumb":{"@id":"https:\/\/blogdofarnesio.com.br\/2015\/11\/ptc-realiza-encontro-para-discutir-candidatura-unica-em-juazeiro\/#breadcrumb"},"inLanguage":"pt-BR","potentialAction":[{"@type":"ReadAction","target":["https:\/\/blogdofarnesio.com.br\/2015\/11\/ptc-realiza-encontro-para-discutir-candidatura-unica-em-juazeiro\/"]}]},{"@type":"BreadcrumbList","@id":"https:\/\/blogdofarnesio.com.br\/2015\/11\/ptc-realiza-encontro-para-discutir-candidatura-unica-em-juazeiro\/#breadcrumb","itemListElement":[{"@type":"ListItem","position":1,"name":"In\u00edcio","item":"https:\/\/blogdofarnesio.com.br\/"},{"@type":"ListItem","position":2,"name":"PTC REALIZA ENCONTRO PARA DISCUTIR CANDIDATURA \u00daNICA EM JUAZEIRO"}]},{"@type":"WebSite","@id":"https:\/\/blogdofarnesio.com.br\/#website","url":"https:\/\/blogdofarnesio.com.br\/","name":"Blog do Farn\u00e9sio","description":"Quer Saber Pol\u00edtica?","publisher":{"@id":"https:\/\/blogdofarnesio.com.br\/#organization"},"potentialAction":[{"@type":"SearchAction","target":{"@type":"EntryPoint","urlTemplate":"https:\/\/blogdofarnesio.com.br\/?s={search_term_string}"},"query-input":{"@type":"PropertyValueSpecification","valueRequired":true,"valueName":"search_term_string"}}],"inLanguage":"pt-BR"},{"@type":"Organization","@id":"https:\/\/blogdofarnesio.com.br\/#organization","name":"Blog do Farn\u00e9sio","url":"https:\/\/blogdofarnesio.com.br\/","logo":{"@type":"ImageObject","inLanguage":"pt-BR","@id":"https:\/\/blogdofarnesio.com.br\/#\/schema\/logo\/image\/","url":"https:\/\/blogdofarnesio.com.br\/wp-content\/uploads\/2026\/03\/cropped-logo_new-1.png","contentUrl":"https:\/\/blogdofarnesio.com.br\/wp-content\/uploads\/2026\/03\/cropped-logo_new-1.png","width":881,"height":685,"caption":"Blog do Farn\u00e9sio"},"image":{"@id":"https:\/\/blogdofarnesio.com.br\/#\/schema\/logo\/image\/"},"sameAs":["https:\/\/www.facebook.com\/BlogQuerSaberPolitica\/"]},{"@type":"Person","@id":"","url":"https:\/\/blogdofarnesio.com.br\/author\/"}]}},"_links":{"self":[{"href":"https:\/\/blogdofarnesio.com.br\/wp-json\/wp\/v2\/posts\/132912","targetHints":{"allow":["GET"]}}],"collection":[{"href":"https:\/\/blogdofarnesio.com.br\/wp-json\/wp\/v2\/posts"}],"about":[{"href":"https:\/\/blogdofarnesio.com.br\/wp-json\/wp\/v2\/types\/post"}],"author":[{"embeddable":true,"href":"https:\/\/blogdofarnesio.com.br\/wp-json\/wp\/v2\/users\/7"}],"replies":[{"embeddable":true,"href":"https:\/\/blogdofarnesio.com.br\/wp-json\/wp\/v2\/comments?post=132912"}],"version-history":[{"count":0,"href":"https:\/\/blogdofarnesio.com.br\/wp-json\/wp\/v2\/posts\/132912\/revisions"}],"wp:attachment":[{"href":"https:\/\/blogdofarnesio.com.br\/wp-json\/wp\/v2\/media?parent=132912"}],"wp:term":[{"taxonomy":"category","embeddable":true,"href":"https:\/\/blogdofarnesio.com.br\/wp-json\/wp\/v2\/categories?post=132912"},{"taxonomy":"post_tag","embeddable":true,"href":"https:\/\/blogdofarnesio.com.br\/wp-json\/wp\/v2\/tags?post=132912"}],"curies":[{"name":"wp","href":"https:\/\/api.w.org\/{rel}","templated":true}]}}