{"id":132903,"date":"2015-11-12T16:00:52","date_gmt":"2015-11-12T19:00:52","guid":{"rendered":"http:\/\/www.quersaberpolitica.com.br\/?p=132903"},"modified":"2015-11-12T11:06:24","modified_gmt":"2015-11-12T14:06:24","slug":"pmp-e-pm-discutem-seguranca-de-residenciais-do-mcmv","status":"publish","type":"post","link":"https:\/\/blogdofarnesio.com.br\/?p=132903","title":{"rendered":"PMP E PM DISCUTEM SEGURAN\u00c7A DE RESIDENCIAIS DO MCMV"},"content":{"rendered":"<p style=\"text-align: justify\"><a href=\"http:\/\/www.quersaberpolitica.com.br\/2016\/wp-content\/uploads\/2015\/11\/blogqsp-reuni\u00e3o-seguran\u00e7a-MCMV-Petrolina.jpg\"><img loading=\"lazy\" decoding=\"async\" class=\"  wp-image-132904 aligncenter\" src=\"http:\/\/www.quersaberpolitica.com.br\/2016\/wp-content\/uploads\/2015\/11\/blogqsp-reuni\u00e3o-seguran\u00e7a-MCMV-Petrolina-300x214.jpg\" alt=\"blogqsp-reuni\u00e3o-seguran\u00e7a-MCMV-Petrolina\" width=\"378\" height=\"274\" \/><\/a><\/p>\n<p style=\"text-align: justify\">A Prefeitura de Petrolina e a Pol\u00edcia Militar est\u00e3o se unindo em prol da seguran\u00e7a p\u00fablica nos empreendimentos do Minha Casa Minha Vida (MCMV). Para discutir o tema, o secret\u00e1rio extraordin\u00e1rio de Habita\u00e7\u00e3o, Edinaldo Lima e o comandante do 5\u00b0 BPM, Ricardo Peres realizaram nesta quarta-feira (11) visita em alguns residenciais do programa na cidade.<\/p>\n<p style=\"text-align: justify\">Peres e Lima discutiram a intensifica\u00e7\u00e3o de patrulhamento nos residenciais que j\u00e1 est\u00e3o em funcionamento, bem como um planejamento preventivo, para os empreendimentos que ser\u00e3o entregues nos pr\u00f3ximos meses.<\/p>\n<p style=\"text-align: justify\">\u201cNosso objetivo \u00e9 ter a PM ainda mais pr\u00f3ximo dos moradores para levar mais tranquilidade para quem j\u00e1 est\u00e1 usufruindo de seus im\u00f3veis. J\u00e1 estamos nos antecipando com o planejamento para garantir seguran\u00e7a tamb\u00e9m para os empreendimentos que vamos inaugurar em breve como o Novo Tempo, Cacheado e Vivendas\u201d, argumenta o secret\u00e1rio Edinaldo Lima.<\/p>\n<p style=\"text-align: justify\">Ainda durante a visita aos empreendimentos, o coronel Peres assumiu o compromisso de refor\u00e7ar o atendimento aos empreendimentos, alguns deles identificados como pontos cr\u00edticos, no que se refere a n\u00fameros de ocorr\u00eancias policiais.<\/p>\n<p><em>Texto e fotos: Thirza Santos\u00a0\u00a0\u00a0\u00a0\u00a0\u00a0<\/em><\/p>\n","protected":false},"excerpt":{"rendered":"<p>A Prefeitura de Petrolina e a Pol\u00edcia Militar est\u00e3o se unindo em prol da seguran\u00e7a p\u00fablica nos empreendimentos do Minha Casa Minha Vida (MCMV). Para discutir o tema, o secret\u00e1rio extraordin\u00e1rio de Habita\u00e7\u00e3o, Edinaldo Lima e o comandante do 5\u00b0 BPM, Ricardo Peres realizaram nesta quarta-feira (11) visita em alguns residenciais do programa na cidade. Peres e Lima discutiram a intensifica\u00e7\u00e3o de patrulhamento nos residenciais que j\u00e1 est\u00e3o em funcionamento, bem como um planejamento preventivo, para os empreendimentos que ser\u00e3o entregues nos pr\u00f3ximos meses. \u201cNosso objetivo \u00e9 ter a PM ainda mais pr\u00f3ximo dos moradores para levar mais tranquilidade para quem j\u00e1 est\u00e1 usufruindo de seus im\u00f3veis. J\u00e1 estamos nos antecipando com o planejamento para garantir seguran\u00e7a tamb\u00e9m para os&hellip; <\/p>\n","protected":false},"author":7,"featured_media":0,"comment_status":"open","ping_status":"open","sticky":false,"template":"","format":"standard","meta":{"_acf_changed":false,"footnotes":""},"categories":[44],"tags":[],"class_list":["post-132903","post","type-post","status-publish","format-standard","hentry","category-administracao"],"acf":[],"yoast_head":"<!-- This site is optimized with the Yoast SEO plugin v27.4 - https:\/\/yoast.com\/product\/yoast-seo-wordpress\/ -->\n<title>PMP E PM DISCUTEM SEGURAN\u00c7A DE RESIDENCIAIS DO MCMV - Blog do Farn\u00e9sio<\/title>\n<meta name=\"robots\" content=\"index, follow, max-snippet:-1, max-image-preview:large, max-video-preview:-1\" \/>\n<link rel=\"canonical\" href=\"https:\/\/blogdofarnesio.com.br\/?p=132903\" \/>\n<meta property=\"og:locale\" content=\"pt_BR\" \/>\n<meta property=\"og:type\" content=\"article\" \/>\n<meta property=\"og:title\" content=\"PMP E PM DISCUTEM SEGURAN\u00c7A DE RESIDENCIAIS DO MCMV - Blog do Farn\u00e9sio\" \/>\n<meta property=\"og:description\" content=\"A Prefeitura de Petrolina e a Pol\u00edcia Militar est\u00e3o se unindo em prol da seguran\u00e7a p\u00fablica nos empreendimentos do Minha Casa Minha Vida (MCMV). Para discutir o tema, o secret\u00e1rio extraordin\u00e1rio de Habita\u00e7\u00e3o, Edinaldo Lima e o comandante do 5\u00b0 BPM, Ricardo Peres realizaram nesta quarta-feira (11) visita em alguns residenciais do programa na cidade. Peres e Lima discutiram a intensifica\u00e7\u00e3o de patrulhamento nos residenciais que j\u00e1 est\u00e3o em funcionamento, bem como um planejamento preventivo, para os empreendimentos que ser\u00e3o entregues nos pr\u00f3ximos meses. \u201cNosso objetivo \u00e9 ter a PM ainda mais pr\u00f3ximo dos moradores para levar mais tranquilidade para quem j\u00e1 est\u00e1 usufruindo de seus im\u00f3veis. J\u00e1 estamos nos antecipando com o planejamento para garantir seguran\u00e7a tamb\u00e9m para os&hellip;\" \/>\n<meta property=\"og:url\" content=\"https:\/\/blogdofarnesio.com.br\/?p=132903\" \/>\n<meta property=\"og:site_name\" content=\"Blog do Farn\u00e9sio\" \/>\n<meta property=\"article:publisher\" content=\"https:\/\/www.facebook.com\/BlogQuerSaberPolitica\/\" \/>\n<meta property=\"article:published_time\" content=\"2015-11-12T19:00:52+00:00\" \/>\n<meta name=\"twitter:card\" content=\"summary_large_image\" \/>\n<meta name=\"twitter:label1\" content=\"Escrito por\" \/>\n\t<meta name=\"twitter:data1\" content=\"\" \/>\n\t<meta name=\"twitter:label2\" content=\"Est. tempo de leitura\" \/>\n\t<meta name=\"twitter:data2\" content=\"1 minuto\" \/>\n<script type=\"application\/ld+json\" class=\"yoast-schema-graph\">{\"@context\":\"https:\\\/\\\/schema.org\",\"@graph\":[{\"@type\":\"Article\",\"@id\":\"https:\\\/\\\/blogdofarnesio.com.br\\\/?p=132903#article\",\"isPartOf\":{\"@id\":\"https:\\\/\\\/blogdofarnesio.com.br\\\/?p=132903\"},\"author\":{\"name\":\"\",\"@id\":\"\"},\"headline\":\"PMP E PM DISCUTEM SEGURAN\u00c7A DE RESIDENCIAIS DO MCMV\",\"datePublished\":\"2015-11-12T19:00:52+00:00\",\"mainEntityOfPage\":{\"@id\":\"https:\\\/\\\/blogdofarnesio.com.br\\\/?p=132903\"},\"wordCount\":203,\"commentCount\":0,\"publisher\":{\"@id\":\"https:\\\/\\\/blogdofarnesio.com.br\\\/#organization\"},\"articleSection\":[\"Administra\u00e7\u00e3o\"],\"inLanguage\":\"pt-BR\",\"potentialAction\":[{\"@type\":\"CommentAction\",\"name\":\"Comment\",\"target\":[\"https:\\\/\\\/blogdofarnesio.com.br\\\/?p=132903#respond\"]}]},{\"@type\":\"WebPage\",\"@id\":\"https:\\\/\\\/blogdofarnesio.com.br\\\/?p=132903\",\"url\":\"https:\\\/\\\/blogdofarnesio.com.br\\\/?p=132903\",\"name\":\"PMP E PM DISCUTEM SEGURAN\u00c7A DE RESIDENCIAIS DO MCMV - Blog do Farn\u00e9sio\",\"isPartOf\":{\"@id\":\"https:\\\/\\\/blogdofarnesio.com.br\\\/#website\"},\"datePublished\":\"2015-11-12T19:00:52+00:00\",\"breadcrumb\":{\"@id\":\"https:\\\/\\\/blogdofarnesio.com.br\\\/?p=132903#breadcrumb\"},\"inLanguage\":\"pt-BR\",\"potentialAction\":[{\"@type\":\"ReadAction\",\"target\":[\"https:\\\/\\\/blogdofarnesio.com.br\\\/?p=132903\"]}]},{\"@type\":\"BreadcrumbList\",\"@id\":\"https:\\\/\\\/blogdofarnesio.com.br\\\/?p=132903#breadcrumb\",\"itemListElement\":[{\"@type\":\"ListItem\",\"position\":1,\"name\":\"In\u00edcio\",\"item\":\"https:\\\/\\\/blogdofarnesio.com.br\\\/\"},{\"@type\":\"ListItem\",\"position\":2,\"name\":\"PMP E PM DISCUTEM SEGURAN\u00c7A DE RESIDENCIAIS DO MCMV\"}]},{\"@type\":\"WebSite\",\"@id\":\"https:\\\/\\\/blogdofarnesio.com.br\\\/#website\",\"url\":\"https:\\\/\\\/blogdofarnesio.com.br\\\/\",\"name\":\"Blog do Farn\u00e9sio\",\"description\":\"Quer Saber Pol\u00edtica?\",\"publisher\":{\"@id\":\"https:\\\/\\\/blogdofarnesio.com.br\\\/#organization\"},\"potentialAction\":[{\"@type\":\"SearchAction\",\"target\":{\"@type\":\"EntryPoint\",\"urlTemplate\":\"https:\\\/\\\/blogdofarnesio.com.br\\\/?s={search_term_string}\"},\"query-input\":{\"@type\":\"PropertyValueSpecification\",\"valueRequired\":true,\"valueName\":\"search_term_string\"}}],\"inLanguage\":\"pt-BR\"},{\"@type\":\"Organization\",\"@id\":\"https:\\\/\\\/blogdofarnesio.com.br\\\/#organization\",\"name\":\"Blog do Farn\u00e9sio\",\"url\":\"https:\\\/\\\/blogdofarnesio.com.br\\\/\",\"logo\":{\"@type\":\"ImageObject\",\"inLanguage\":\"pt-BR\",\"@id\":\"https:\\\/\\\/blogdofarnesio.com.br\\\/#\\\/schema\\\/logo\\\/image\\\/\",\"url\":\"https:\\\/\\\/blogdofarnesio.com.br\\\/wp-content\\\/uploads\\\/2026\\\/03\\\/cropped-logo_new-1.png\",\"contentUrl\":\"https:\\\/\\\/blogdofarnesio.com.br\\\/wp-content\\\/uploads\\\/2026\\\/03\\\/cropped-logo_new-1.png\",\"width\":881,\"height\":685,\"caption\":\"Blog do Farn\u00e9sio\"},\"image\":{\"@id\":\"https:\\\/\\\/blogdofarnesio.com.br\\\/#\\\/schema\\\/logo\\\/image\\\/\"},\"sameAs\":[\"https:\\\/\\\/www.facebook.com\\\/BlogQuerSaberPolitica\\\/\"]},{\"@type\":\"Person\",\"@id\":\"\",\"url\":\"https:\\\/\\\/blogdofarnesio.com.br\\\/?author=7\"}]}<\/script>\n<!-- \/ Yoast SEO plugin. -->","yoast_head_json":{"title":"PMP E PM DISCUTEM SEGURAN\u00c7A DE RESIDENCIAIS DO MCMV - Blog do Farn\u00e9sio","robots":{"index":"index","follow":"follow","max-snippet":"max-snippet:-1","max-image-preview":"max-image-preview:large","max-video-preview":"max-video-preview:-1"},"canonical":"https:\/\/blogdofarnesio.com.br\/?p=132903","og_locale":"pt_BR","og_type":"article","og_title":"PMP E PM DISCUTEM SEGURAN\u00c7A DE RESIDENCIAIS DO MCMV - Blog do Farn\u00e9sio","og_description":"A Prefeitura de Petrolina e a Pol\u00edcia Militar est\u00e3o se unindo em prol da seguran\u00e7a p\u00fablica nos empreendimentos do Minha Casa Minha Vida (MCMV). Para discutir o tema, o secret\u00e1rio extraordin\u00e1rio de Habita\u00e7\u00e3o, Edinaldo Lima e o comandante do 5\u00b0 BPM, Ricardo Peres realizaram nesta quarta-feira (11) visita em alguns residenciais do programa na cidade. Peres e Lima discutiram a intensifica\u00e7\u00e3o de patrulhamento nos residenciais que j\u00e1 est\u00e3o em funcionamento, bem como um planejamento preventivo, para os empreendimentos que ser\u00e3o entregues nos pr\u00f3ximos meses. \u201cNosso objetivo \u00e9 ter a PM ainda mais pr\u00f3ximo dos moradores para levar mais tranquilidade para quem j\u00e1 est\u00e1 usufruindo de seus im\u00f3veis. J\u00e1 estamos nos antecipando com o planejamento para garantir seguran\u00e7a tamb\u00e9m para os&hellip;","og_url":"https:\/\/blogdofarnesio.com.br\/?p=132903","og_site_name":"Blog do Farn\u00e9sio","article_publisher":"https:\/\/www.facebook.com\/BlogQuerSaberPolitica\/","article_published_time":"2015-11-12T19:00:52+00:00","twitter_card":"summary_large_image","twitter_misc":{"Escrito por":"","Est. tempo de leitura":"1 minuto"},"schema":{"@context":"https:\/\/schema.org","@graph":[{"@type":"Article","@id":"https:\/\/blogdofarnesio.com.br\/?p=132903#article","isPartOf":{"@id":"https:\/\/blogdofarnesio.com.br\/?p=132903"},"author":{"name":"","@id":""},"headline":"PMP E PM DISCUTEM SEGURAN\u00c7A DE RESIDENCIAIS DO MCMV","datePublished":"2015-11-12T19:00:52+00:00","mainEntityOfPage":{"@id":"https:\/\/blogdofarnesio.com.br\/?p=132903"},"wordCount":203,"commentCount":0,"publisher":{"@id":"https:\/\/blogdofarnesio.com.br\/#organization"},"articleSection":["Administra\u00e7\u00e3o"],"inLanguage":"pt-BR","potentialAction":[{"@type":"CommentAction","name":"Comment","target":["https:\/\/blogdofarnesio.com.br\/?p=132903#respond"]}]},{"@type":"WebPage","@id":"https:\/\/blogdofarnesio.com.br\/?p=132903","url":"https:\/\/blogdofarnesio.com.br\/?p=132903","name":"PMP E PM DISCUTEM SEGURAN\u00c7A DE RESIDENCIAIS DO MCMV - Blog do Farn\u00e9sio","isPartOf":{"@id":"https:\/\/blogdofarnesio.com.br\/#website"},"datePublished":"2015-11-12T19:00:52+00:00","breadcrumb":{"@id":"https:\/\/blogdofarnesio.com.br\/?p=132903#breadcrumb"},"inLanguage":"pt-BR","potentialAction":[{"@type":"ReadAction","target":["https:\/\/blogdofarnesio.com.br\/?p=132903"]}]},{"@type":"BreadcrumbList","@id":"https:\/\/blogdofarnesio.com.br\/?p=132903#breadcrumb","itemListElement":[{"@type":"ListItem","position":1,"name":"In\u00edcio","item":"https:\/\/blogdofarnesio.com.br\/"},{"@type":"ListItem","position":2,"name":"PMP E PM DISCUTEM SEGURAN\u00c7A DE RESIDENCIAIS DO MCMV"}]},{"@type":"WebSite","@id":"https:\/\/blogdofarnesio.com.br\/#website","url":"https:\/\/blogdofarnesio.com.br\/","name":"Blog do Farn\u00e9sio","description":"Quer Saber Pol\u00edtica?","publisher":{"@id":"https:\/\/blogdofarnesio.com.br\/#organization"},"potentialAction":[{"@type":"SearchAction","target":{"@type":"EntryPoint","urlTemplate":"https:\/\/blogdofarnesio.com.br\/?s={search_term_string}"},"query-input":{"@type":"PropertyValueSpecification","valueRequired":true,"valueName":"search_term_string"}}],"inLanguage":"pt-BR"},{"@type":"Organization","@id":"https:\/\/blogdofarnesio.com.br\/#organization","name":"Blog do Farn\u00e9sio","url":"https:\/\/blogdofarnesio.com.br\/","logo":{"@type":"ImageObject","inLanguage":"pt-BR","@id":"https:\/\/blogdofarnesio.com.br\/#\/schema\/logo\/image\/","url":"https:\/\/blogdofarnesio.com.br\/wp-content\/uploads\/2026\/03\/cropped-logo_new-1.png","contentUrl":"https:\/\/blogdofarnesio.com.br\/wp-content\/uploads\/2026\/03\/cropped-logo_new-1.png","width":881,"height":685,"caption":"Blog do Farn\u00e9sio"},"image":{"@id":"https:\/\/blogdofarnesio.com.br\/#\/schema\/logo\/image\/"},"sameAs":["https:\/\/www.facebook.com\/BlogQuerSaberPolitica\/"]},{"@type":"Person","@id":"","url":"https:\/\/blogdofarnesio.com.br\/?author=7"}]}},"_links":{"self":[{"href":"https:\/\/blogdofarnesio.com.br\/index.php?rest_route=\/wp\/v2\/posts\/132903","targetHints":{"allow":["GET"]}}],"collection":[{"href":"https:\/\/blogdofarnesio.com.br\/index.php?rest_route=\/wp\/v2\/posts"}],"about":[{"href":"https:\/\/blogdofarnesio.com.br\/index.php?rest_route=\/wp\/v2\/types\/post"}],"author":[{"embeddable":true,"href":"https:\/\/blogdofarnesio.com.br\/index.php?rest_route=\/wp\/v2\/users\/7"}],"replies":[{"embeddable":true,"href":"https:\/\/blogdofarnesio.com.br\/index.php?rest_route=%2Fwp%2Fv2%2Fcomments&post=132903"}],"version-history":[{"count":0,"href":"https:\/\/blogdofarnesio.com.br\/index.php?rest_route=\/wp\/v2\/posts\/132903\/revisions"}],"wp:attachment":[{"href":"https:\/\/blogdofarnesio.com.br\/index.php?rest_route=%2Fwp%2Fv2%2Fmedia&parent=132903"}],"wp:term":[{"taxonomy":"category","embeddable":true,"href":"https:\/\/blogdofarnesio.com.br\/index.php?rest_route=%2Fwp%2Fv2%2Fcategories&post=132903"},{"taxonomy":"post_tag","embeddable":true,"href":"https:\/\/blogdofarnesio.com.br\/index.php?rest_route=%2Fwp%2Fv2%2Ftags&post=132903"}],"curies":[{"name":"wp","href":"https:\/\/api.w.org\/{rel}","templated":true}]}}