{"id":132667,"date":"2015-11-09T07:23:41","date_gmt":"2015-11-09T10:23:41","guid":{"rendered":"http:\/\/www.quersaberpolitica.com.br\/?p=132667"},"modified":"2015-11-08T16:26:07","modified_gmt":"2015-11-08T19:26:07","slug":"exercito-vai-comecar-estudos-para-revitalizar-o-sao-francisco","status":"publish","type":"post","link":"https:\/\/blogdofarnesio.com.br\/?p=132667","title":{"rendered":"EX\u00c9RCITO VAI COME\u00c7AR ESTUDOS PARA REVITALIZAR O S\u00c3O FRANCISCO"},"content":{"rendered":"<div class=\"box-body\">\n<div class=\"text-center\">\n<div class=\"box-img\"><img decoding=\"async\" class=\"img-center img-responsive aligncenter\" src=\"http:\/\/www.bahianoticias.com.br\/fotos\/principal_noticias\/181286\/xIMAGEM_NOTICIA_5.jpg.pagespeed.ic.efaqkBvETD.jpg\" alt=\"Grupo do Ex\u00e9rcito vai come\u00e7ar estudos para revitalizar Rio S\u00e3o Francisco\" \/><\/p>\n<div class=\"img-legenda\">Foto: Divulga\u00e7\u00e3o<\/div>\n<\/div>\n<\/div>\n<div class=\"text-descricao\">\n<div id=\"cke_pastebin\" style=\"text-align: justify\">O Comando da 6\u00aa Regi\u00e3o Militar foi autorizado a come\u00e7ar os estudos que devem dar origem ao 1\u00ba Batalh\u00e3o Hidrovi\u00e1rio do S\u00e3o Francisco, que tem como objetivo ajudar na revitaliza\u00e7\u00e3o do rio, um dos mais importantes do Brasil.<\/div>\n<div style=\"text-align: justify\"><\/div>\n<div style=\"text-align: justify\">Segundo informa\u00e7\u00f5es da coluna Tempo Presente, do jornal A Tarde, ainda n\u00e3o foi definido em qual trecho do curso d&#8217;\u00e1gua o Batalh\u00e3o ficar\u00e1 instalado. &#8220;Vai ficar num ponto central, ali por Xique-Xique, Ibotirama, Bom Jesus da Lapa ou Barra&#8221;, indicou o secret\u00e1rio de Planejamento Jo\u00e3o Le\u00e3o, ressaltando que a decis\u00e3o final fica nas m\u00e3os do Ex\u00e9rcito.<\/div>\n<div style=\"text-align: justify\"><\/div>\n<div style=\"text-align: justify\">Al\u00e9m de promover a\u00e7\u00f5es para revitalizar o S\u00e3o Francisco, o novo Batalh\u00e3o tamb\u00e9m deve fiscalizar o tr\u00e1fego no rio.<\/div>\n<\/div>\n<\/div>\n","protected":false},"excerpt":{"rendered":"<p>Foto: Divulga\u00e7\u00e3o O Comando da 6\u00aa Regi\u00e3o Militar foi autorizado a come\u00e7ar os estudos que devem dar origem ao 1\u00ba Batalh\u00e3o Hidrovi\u00e1rio do S\u00e3o Francisco, que tem como objetivo ajudar na revitaliza\u00e7\u00e3o do rio, um dos mais importantes do Brasil. Segundo informa\u00e7\u00f5es da coluna Tempo Presente, do jornal A Tarde, ainda n\u00e3o foi definido em qual trecho do curso d&#8217;\u00e1gua o Batalh\u00e3o ficar\u00e1 instalado. &#8220;Vai ficar num ponto central, ali por Xique-Xique, Ibotirama, Bom Jesus da Lapa ou Barra&#8221;, indicou o secret\u00e1rio de Planejamento Jo\u00e3o Le\u00e3o, ressaltando que a decis\u00e3o final fica nas m\u00e3os do Ex\u00e9rcito. Al\u00e9m de promover a\u00e7\u00f5es para revitalizar o S\u00e3o Francisco, o novo Batalh\u00e3o tamb\u00e9m deve fiscalizar o tr\u00e1fego no rio.<\/p>\n","protected":false},"author":3,"featured_media":0,"comment_status":"open","ping_status":"open","sticky":false,"template":"","format":"standard","meta":{"_acf_changed":false,"footnotes":""},"categories":[29],"tags":[],"class_list":["post-132667","post","type-post","status-publish","format-standard","hentry","category-meio-ambiente"],"acf":[],"yoast_head":"<!-- This site is optimized with the Yoast SEO plugin v27.4 - https:\/\/yoast.com\/product\/yoast-seo-wordpress\/ -->\n<title>EX\u00c9RCITO VAI COME\u00c7AR ESTUDOS PARA REVITALIZAR O S\u00c3O FRANCISCO - Blog do Farn\u00e9sio<\/title>\n<meta name=\"robots\" content=\"index, follow, max-snippet:-1, max-image-preview:large, max-video-preview:-1\" \/>\n<link rel=\"canonical\" href=\"https:\/\/blogdofarnesio.com.br\/?p=132667\" \/>\n<meta property=\"og:locale\" content=\"pt_BR\" \/>\n<meta property=\"og:type\" content=\"article\" \/>\n<meta property=\"og:title\" content=\"EX\u00c9RCITO VAI COME\u00c7AR ESTUDOS PARA REVITALIZAR O S\u00c3O FRANCISCO - Blog do Farn\u00e9sio\" \/>\n<meta property=\"og:description\" content=\"Foto: Divulga\u00e7\u00e3o O Comando da 6\u00aa Regi\u00e3o Militar foi autorizado a come\u00e7ar os estudos que devem dar origem ao 1\u00ba Batalh\u00e3o Hidrovi\u00e1rio do S\u00e3o Francisco, que tem como objetivo ajudar na revitaliza\u00e7\u00e3o do rio, um dos mais importantes do Brasil. Segundo informa\u00e7\u00f5es da coluna Tempo Presente, do jornal A Tarde, ainda n\u00e3o foi definido em qual trecho do curso d&#8217;\u00e1gua o Batalh\u00e3o ficar\u00e1 instalado. &#8220;Vai ficar num ponto central, ali por Xique-Xique, Ibotirama, Bom Jesus da Lapa ou Barra&#8221;, indicou o secret\u00e1rio de Planejamento Jo\u00e3o Le\u00e3o, ressaltando que a decis\u00e3o final fica nas m\u00e3os do Ex\u00e9rcito. Al\u00e9m de promover a\u00e7\u00f5es para revitalizar o S\u00e3o Francisco, o novo Batalh\u00e3o tamb\u00e9m deve fiscalizar o tr\u00e1fego no rio.\" \/>\n<meta property=\"og:url\" content=\"https:\/\/blogdofarnesio.com.br\/?p=132667\" \/>\n<meta property=\"og:site_name\" content=\"Blog do Farn\u00e9sio\" \/>\n<meta property=\"article:publisher\" content=\"https:\/\/www.facebook.com\/BlogQuerSaberPolitica\/\" \/>\n<meta property=\"article:published_time\" content=\"2015-11-09T10:23:41+00:00\" \/>\n<meta property=\"og:image\" content=\"http:\/\/www.bahianoticias.com.br\/fotos\/principal_noticias\/181286\/xIMAGEM_NOTICIA_5.jpg.pagespeed.ic.efaqkBvETD.jpg\" \/>\n<meta name=\"author\" content=\"teste\" \/>\n<meta name=\"twitter:card\" content=\"summary_large_image\" \/>\n<meta name=\"twitter:label1\" content=\"Escrito por\" \/>\n\t<meta name=\"twitter:data1\" content=\"teste\" \/>\n\t<meta name=\"twitter:label2\" content=\"Est. tempo de leitura\" \/>\n\t<meta name=\"twitter:data2\" content=\"1 minuto\" \/>\n<script type=\"application\/ld+json\" class=\"yoast-schema-graph\">{\"@context\":\"https:\\\/\\\/schema.org\",\"@graph\":[{\"@type\":\"Article\",\"@id\":\"https:\\\/\\\/blogdofarnesio.com.br\\\/?p=132667#article\",\"isPartOf\":{\"@id\":\"https:\\\/\\\/blogdofarnesio.com.br\\\/?p=132667\"},\"author\":{\"name\":\"teste\",\"@id\":\"https:\\\/\\\/blogdofarnesio.com.br\\\/#\\\/schema\\\/person\\\/dd1bf5eba40b687199ba45ca6b97dff9\"},\"headline\":\"EX\u00c9RCITO VAI COME\u00c7AR ESTUDOS PARA REVITALIZAR O S\u00c3O FRANCISCO\",\"datePublished\":\"2015-11-09T10:23:41+00:00\",\"mainEntityOfPage\":{\"@id\":\"https:\\\/\\\/blogdofarnesio.com.br\\\/?p=132667\"},\"wordCount\":148,\"commentCount\":0,\"publisher\":{\"@id\":\"https:\\\/\\\/blogdofarnesio.com.br\\\/#organization\"},\"image\":{\"@id\":\"https:\\\/\\\/blogdofarnesio.com.br\\\/?p=132667#primaryimage\"},\"thumbnailUrl\":\"http:\\\/\\\/www.bahianoticias.com.br\\\/fotos\\\/principal_noticias\\\/181286\\\/xIMAGEM_NOTICIA_5.jpg.pagespeed.ic.efaqkBvETD.jpg\",\"articleSection\":[\"Meio Ambiente\"],\"inLanguage\":\"pt-BR\",\"potentialAction\":[{\"@type\":\"CommentAction\",\"name\":\"Comment\",\"target\":[\"https:\\\/\\\/blogdofarnesio.com.br\\\/?p=132667#respond\"]}]},{\"@type\":\"WebPage\",\"@id\":\"https:\\\/\\\/blogdofarnesio.com.br\\\/?p=132667\",\"url\":\"https:\\\/\\\/blogdofarnesio.com.br\\\/?p=132667\",\"name\":\"EX\u00c9RCITO VAI COME\u00c7AR ESTUDOS PARA REVITALIZAR O S\u00c3O FRANCISCO - Blog do Farn\u00e9sio\",\"isPartOf\":{\"@id\":\"https:\\\/\\\/blogdofarnesio.com.br\\\/#website\"},\"primaryImageOfPage\":{\"@id\":\"https:\\\/\\\/blogdofarnesio.com.br\\\/?p=132667#primaryimage\"},\"image\":{\"@id\":\"https:\\\/\\\/blogdofarnesio.com.br\\\/?p=132667#primaryimage\"},\"thumbnailUrl\":\"http:\\\/\\\/www.bahianoticias.com.br\\\/fotos\\\/principal_noticias\\\/181286\\\/xIMAGEM_NOTICIA_5.jpg.pagespeed.ic.efaqkBvETD.jpg\",\"datePublished\":\"2015-11-09T10:23:41+00:00\",\"breadcrumb\":{\"@id\":\"https:\\\/\\\/blogdofarnesio.com.br\\\/?p=132667#breadcrumb\"},\"inLanguage\":\"pt-BR\",\"potentialAction\":[{\"@type\":\"ReadAction\",\"target\":[\"https:\\\/\\\/blogdofarnesio.com.br\\\/?p=132667\"]}]},{\"@type\":\"ImageObject\",\"inLanguage\":\"pt-BR\",\"@id\":\"https:\\\/\\\/blogdofarnesio.com.br\\\/?p=132667#primaryimage\",\"url\":\"http:\\\/\\\/www.bahianoticias.com.br\\\/fotos\\\/principal_noticias\\\/181286\\\/xIMAGEM_NOTICIA_5.jpg.pagespeed.ic.efaqkBvETD.jpg\",\"contentUrl\":\"http:\\\/\\\/www.bahianoticias.com.br\\\/fotos\\\/principal_noticias\\\/181286\\\/xIMAGEM_NOTICIA_5.jpg.pagespeed.ic.efaqkBvETD.jpg\"},{\"@type\":\"BreadcrumbList\",\"@id\":\"https:\\\/\\\/blogdofarnesio.com.br\\\/?p=132667#breadcrumb\",\"itemListElement\":[{\"@type\":\"ListItem\",\"position\":1,\"name\":\"In\u00edcio\",\"item\":\"https:\\\/\\\/blogdofarnesio.com.br\\\/\"},{\"@type\":\"ListItem\",\"position\":2,\"name\":\"EX\u00c9RCITO VAI COME\u00c7AR ESTUDOS PARA REVITALIZAR O S\u00c3O FRANCISCO\"}]},{\"@type\":\"WebSite\",\"@id\":\"https:\\\/\\\/blogdofarnesio.com.br\\\/#website\",\"url\":\"https:\\\/\\\/blogdofarnesio.com.br\\\/\",\"name\":\"Blog do Farn\u00e9sio\",\"description\":\"Quer Saber Pol\u00edtica?\",\"publisher\":{\"@id\":\"https:\\\/\\\/blogdofarnesio.com.br\\\/#organization\"},\"potentialAction\":[{\"@type\":\"SearchAction\",\"target\":{\"@type\":\"EntryPoint\",\"urlTemplate\":\"https:\\\/\\\/blogdofarnesio.com.br\\\/?s={search_term_string}\"},\"query-input\":{\"@type\":\"PropertyValueSpecification\",\"valueRequired\":true,\"valueName\":\"search_term_string\"}}],\"inLanguage\":\"pt-BR\"},{\"@type\":\"Organization\",\"@id\":\"https:\\\/\\\/blogdofarnesio.com.br\\\/#organization\",\"name\":\"Blog do Farn\u00e9sio\",\"url\":\"https:\\\/\\\/blogdofarnesio.com.br\\\/\",\"logo\":{\"@type\":\"ImageObject\",\"inLanguage\":\"pt-BR\",\"@id\":\"https:\\\/\\\/blogdofarnesio.com.br\\\/#\\\/schema\\\/logo\\\/image\\\/\",\"url\":\"https:\\\/\\\/blogdofarnesio.com.br\\\/wp-content\\\/uploads\\\/2026\\\/03\\\/cropped-logo_new-1.png\",\"contentUrl\":\"https:\\\/\\\/blogdofarnesio.com.br\\\/wp-content\\\/uploads\\\/2026\\\/03\\\/cropped-logo_new-1.png\",\"width\":881,\"height\":685,\"caption\":\"Blog do Farn\u00e9sio\"},\"image\":{\"@id\":\"https:\\\/\\\/blogdofarnesio.com.br\\\/#\\\/schema\\\/logo\\\/image\\\/\"},\"sameAs\":[\"https:\\\/\\\/www.facebook.com\\\/BlogQuerSaberPolitica\\\/\"]},{\"@type\":\"Person\",\"@id\":\"https:\\\/\\\/blogdofarnesio.com.br\\\/#\\\/schema\\\/person\\\/dd1bf5eba40b687199ba45ca6b97dff9\",\"name\":\"teste\",\"image\":{\"@type\":\"ImageObject\",\"inLanguage\":\"pt-BR\",\"@id\":\"https:\\\/\\\/secure.gravatar.com\\\/avatar\\\/2172498d4914b51e1d89a0f97957b035ac4938723a5cac208135d389b6972a6d?s=96&d=mm&r=g\",\"url\":\"https:\\\/\\\/secure.gravatar.com\\\/avatar\\\/2172498d4914b51e1d89a0f97957b035ac4938723a5cac208135d389b6972a6d?s=96&d=mm&r=g\",\"contentUrl\":\"https:\\\/\\\/secure.gravatar.com\\\/avatar\\\/2172498d4914b51e1d89a0f97957b035ac4938723a5cac208135d389b6972a6d?s=96&d=mm&r=g\",\"caption\":\"teste\"},\"url\":\"https:\\\/\\\/blogdofarnesio.com.br\\\/?author=3\"}]}<\/script>\n<!-- \/ Yoast SEO plugin. -->","yoast_head_json":{"title":"EX\u00c9RCITO VAI COME\u00c7AR ESTUDOS PARA REVITALIZAR O S\u00c3O FRANCISCO - Blog do Farn\u00e9sio","robots":{"index":"index","follow":"follow","max-snippet":"max-snippet:-1","max-image-preview":"max-image-preview:large","max-video-preview":"max-video-preview:-1"},"canonical":"https:\/\/blogdofarnesio.com.br\/?p=132667","og_locale":"pt_BR","og_type":"article","og_title":"EX\u00c9RCITO VAI COME\u00c7AR ESTUDOS PARA REVITALIZAR O S\u00c3O FRANCISCO - Blog do Farn\u00e9sio","og_description":"Foto: Divulga\u00e7\u00e3o O Comando da 6\u00aa Regi\u00e3o Militar foi autorizado a come\u00e7ar os estudos que devem dar origem ao 1\u00ba Batalh\u00e3o Hidrovi\u00e1rio do S\u00e3o Francisco, que tem como objetivo ajudar na revitaliza\u00e7\u00e3o do rio, um dos mais importantes do Brasil. Segundo informa\u00e7\u00f5es da coluna Tempo Presente, do jornal A Tarde, ainda n\u00e3o foi definido em qual trecho do curso d&#8217;\u00e1gua o Batalh\u00e3o ficar\u00e1 instalado. &#8220;Vai ficar num ponto central, ali por Xique-Xique, Ibotirama, Bom Jesus da Lapa ou Barra&#8221;, indicou o secret\u00e1rio de Planejamento Jo\u00e3o Le\u00e3o, ressaltando que a decis\u00e3o final fica nas m\u00e3os do Ex\u00e9rcito. Al\u00e9m de promover a\u00e7\u00f5es para revitalizar o S\u00e3o Francisco, o novo Batalh\u00e3o tamb\u00e9m deve fiscalizar o tr\u00e1fego no rio.","og_url":"https:\/\/blogdofarnesio.com.br\/?p=132667","og_site_name":"Blog do Farn\u00e9sio","article_publisher":"https:\/\/www.facebook.com\/BlogQuerSaberPolitica\/","article_published_time":"2015-11-09T10:23:41+00:00","og_image":[{"url":"http:\/\/www.bahianoticias.com.br\/fotos\/principal_noticias\/181286\/xIMAGEM_NOTICIA_5.jpg.pagespeed.ic.efaqkBvETD.jpg","type":"","width":"","height":""}],"author":"teste","twitter_card":"summary_large_image","twitter_misc":{"Escrito por":"teste","Est. tempo de leitura":"1 minuto"},"schema":{"@context":"https:\/\/schema.org","@graph":[{"@type":"Article","@id":"https:\/\/blogdofarnesio.com.br\/?p=132667#article","isPartOf":{"@id":"https:\/\/blogdofarnesio.com.br\/?p=132667"},"author":{"name":"teste","@id":"https:\/\/blogdofarnesio.com.br\/#\/schema\/person\/dd1bf5eba40b687199ba45ca6b97dff9"},"headline":"EX\u00c9RCITO VAI COME\u00c7AR ESTUDOS PARA REVITALIZAR O S\u00c3O FRANCISCO","datePublished":"2015-11-09T10:23:41+00:00","mainEntityOfPage":{"@id":"https:\/\/blogdofarnesio.com.br\/?p=132667"},"wordCount":148,"commentCount":0,"publisher":{"@id":"https:\/\/blogdofarnesio.com.br\/#organization"},"image":{"@id":"https:\/\/blogdofarnesio.com.br\/?p=132667#primaryimage"},"thumbnailUrl":"http:\/\/www.bahianoticias.com.br\/fotos\/principal_noticias\/181286\/xIMAGEM_NOTICIA_5.jpg.pagespeed.ic.efaqkBvETD.jpg","articleSection":["Meio Ambiente"],"inLanguage":"pt-BR","potentialAction":[{"@type":"CommentAction","name":"Comment","target":["https:\/\/blogdofarnesio.com.br\/?p=132667#respond"]}]},{"@type":"WebPage","@id":"https:\/\/blogdofarnesio.com.br\/?p=132667","url":"https:\/\/blogdofarnesio.com.br\/?p=132667","name":"EX\u00c9RCITO VAI COME\u00c7AR ESTUDOS PARA REVITALIZAR O S\u00c3O FRANCISCO - Blog do Farn\u00e9sio","isPartOf":{"@id":"https:\/\/blogdofarnesio.com.br\/#website"},"primaryImageOfPage":{"@id":"https:\/\/blogdofarnesio.com.br\/?p=132667#primaryimage"},"image":{"@id":"https:\/\/blogdofarnesio.com.br\/?p=132667#primaryimage"},"thumbnailUrl":"http:\/\/www.bahianoticias.com.br\/fotos\/principal_noticias\/181286\/xIMAGEM_NOTICIA_5.jpg.pagespeed.ic.efaqkBvETD.jpg","datePublished":"2015-11-09T10:23:41+00:00","breadcrumb":{"@id":"https:\/\/blogdofarnesio.com.br\/?p=132667#breadcrumb"},"inLanguage":"pt-BR","potentialAction":[{"@type":"ReadAction","target":["https:\/\/blogdofarnesio.com.br\/?p=132667"]}]},{"@type":"ImageObject","inLanguage":"pt-BR","@id":"https:\/\/blogdofarnesio.com.br\/?p=132667#primaryimage","url":"http:\/\/www.bahianoticias.com.br\/fotos\/principal_noticias\/181286\/xIMAGEM_NOTICIA_5.jpg.pagespeed.ic.efaqkBvETD.jpg","contentUrl":"http:\/\/www.bahianoticias.com.br\/fotos\/principal_noticias\/181286\/xIMAGEM_NOTICIA_5.jpg.pagespeed.ic.efaqkBvETD.jpg"},{"@type":"BreadcrumbList","@id":"https:\/\/blogdofarnesio.com.br\/?p=132667#breadcrumb","itemListElement":[{"@type":"ListItem","position":1,"name":"In\u00edcio","item":"https:\/\/blogdofarnesio.com.br\/"},{"@type":"ListItem","position":2,"name":"EX\u00c9RCITO VAI COME\u00c7AR ESTUDOS PARA REVITALIZAR O S\u00c3O FRANCISCO"}]},{"@type":"WebSite","@id":"https:\/\/blogdofarnesio.com.br\/#website","url":"https:\/\/blogdofarnesio.com.br\/","name":"Blog do Farn\u00e9sio","description":"Quer Saber Pol\u00edtica?","publisher":{"@id":"https:\/\/blogdofarnesio.com.br\/#organization"},"potentialAction":[{"@type":"SearchAction","target":{"@type":"EntryPoint","urlTemplate":"https:\/\/blogdofarnesio.com.br\/?s={search_term_string}"},"query-input":{"@type":"PropertyValueSpecification","valueRequired":true,"valueName":"search_term_string"}}],"inLanguage":"pt-BR"},{"@type":"Organization","@id":"https:\/\/blogdofarnesio.com.br\/#organization","name":"Blog do Farn\u00e9sio","url":"https:\/\/blogdofarnesio.com.br\/","logo":{"@type":"ImageObject","inLanguage":"pt-BR","@id":"https:\/\/blogdofarnesio.com.br\/#\/schema\/logo\/image\/","url":"https:\/\/blogdofarnesio.com.br\/wp-content\/uploads\/2026\/03\/cropped-logo_new-1.png","contentUrl":"https:\/\/blogdofarnesio.com.br\/wp-content\/uploads\/2026\/03\/cropped-logo_new-1.png","width":881,"height":685,"caption":"Blog do Farn\u00e9sio"},"image":{"@id":"https:\/\/blogdofarnesio.com.br\/#\/schema\/logo\/image\/"},"sameAs":["https:\/\/www.facebook.com\/BlogQuerSaberPolitica\/"]},{"@type":"Person","@id":"https:\/\/blogdofarnesio.com.br\/#\/schema\/person\/dd1bf5eba40b687199ba45ca6b97dff9","name":"teste","image":{"@type":"ImageObject","inLanguage":"pt-BR","@id":"https:\/\/secure.gravatar.com\/avatar\/2172498d4914b51e1d89a0f97957b035ac4938723a5cac208135d389b6972a6d?s=96&d=mm&r=g","url":"https:\/\/secure.gravatar.com\/avatar\/2172498d4914b51e1d89a0f97957b035ac4938723a5cac208135d389b6972a6d?s=96&d=mm&r=g","contentUrl":"https:\/\/secure.gravatar.com\/avatar\/2172498d4914b51e1d89a0f97957b035ac4938723a5cac208135d389b6972a6d?s=96&d=mm&r=g","caption":"teste"},"url":"https:\/\/blogdofarnesio.com.br\/?author=3"}]}},"_links":{"self":[{"href":"https:\/\/blogdofarnesio.com.br\/index.php?rest_route=\/wp\/v2\/posts\/132667","targetHints":{"allow":["GET"]}}],"collection":[{"href":"https:\/\/blogdofarnesio.com.br\/index.php?rest_route=\/wp\/v2\/posts"}],"about":[{"href":"https:\/\/blogdofarnesio.com.br\/index.php?rest_route=\/wp\/v2\/types\/post"}],"author":[{"embeddable":true,"href":"https:\/\/blogdofarnesio.com.br\/index.php?rest_route=\/wp\/v2\/users\/3"}],"replies":[{"embeddable":true,"href":"https:\/\/blogdofarnesio.com.br\/index.php?rest_route=%2Fwp%2Fv2%2Fcomments&post=132667"}],"version-history":[{"count":0,"href":"https:\/\/blogdofarnesio.com.br\/index.php?rest_route=\/wp\/v2\/posts\/132667\/revisions"}],"wp:attachment":[{"href":"https:\/\/blogdofarnesio.com.br\/index.php?rest_route=%2Fwp%2Fv2%2Fmedia&parent=132667"}],"wp:term":[{"taxonomy":"category","embeddable":true,"href":"https:\/\/blogdofarnesio.com.br\/index.php?rest_route=%2Fwp%2Fv2%2Fcategories&post=132667"},{"taxonomy":"post_tag","embeddable":true,"href":"https:\/\/blogdofarnesio.com.br\/index.php?rest_route=%2Fwp%2Fv2%2Ftags&post=132667"}],"curies":[{"name":"wp","href":"https:\/\/api.w.org\/{rel}","templated":true}]}}