{"id":132665,"date":"2015-11-09T08:03:01","date_gmt":"2015-11-09T11:03:01","guid":{"rendered":"http:\/\/www.quersaberpolitica.com.br\/?p=132665"},"modified":"2015-11-08T15:30:42","modified_gmt":"2015-11-08T18:30:42","slug":"os-canticos-da-terra-seca-pela-evangelho-sanfonado-de-flavio-leandro","status":"publish","type":"post","link":"https:\/\/blogdofarnesio.com.br\/?p=132665","title":{"rendered":"OS C\u00c2NTICOS DA TERRA SECA PEL EVANGELHO SANFONADO DE FLAVIO LEANDRO"},"content":{"rendered":"<p style=\"text-align: justify\">*<span style=\"color: #000000\"><a class=\"profileLink\" style=\"color: #000000\" href=\"https:\/\/www.facebook.com\/sirio.damascqeh\">Marcelo Damasceno Barbosa<\/a><\/span><\/p>\n<p style=\"text-align: justify\"><img decoding=\"async\" src=\"https:\/\/fbcdn-photos-f-a.akamaihd.net\/hphotos-ak-xta1\/v\/t1.0-0\/p110x80\/1611017_1484237788544355_4813227918215049784_n.jpg?oh=07bd84cdc0c971bd1912f6bd098b58be&amp;oe=56BED4D0&amp;__gda__=1455754533_e20fed24b4343cbb4aa9462636f4ebf9\" alt=\"Foto de Marcelo Damasceno Barbosa.\" \/><\/p>\n<p style=\"text-align: justify\">Fl\u00e1vio Leandro nasceu no Araripe, um canto inexplicavelmente diferente e enigm\u00e1tico de Pernambuco esturricado pelo calor e ignorado pela \u00e1gua. Fl\u00e1vio nasceu em Bodoc\u00f3, e a l\u00e9gua para a Exu que deu Luiz Gonzaga ao mundo n\u00e3o \u00e9 t\u00e3o tirana assim.<\/p>\n<div class=\"text_exposed_show\">\n<p style=\"text-align: justify\">Entre Bodoc\u00f3 com suas minas e mist\u00e9rios de pedra, um solo generoso acariciado pelos ventos do Cariri e a Exu de Luiz do bai\u00e3o nosso de cada dia, est\u00e3o os vaqueiros, as rezadeiras, os beatos, a feira de rua, desmantelada por seus mercadores vendendo p\u00e3o e alguma ilus\u00e3o. o poeta Leandro soube ser Fl\u00e1vio para ver tudo isso, sob as b\u00ean\u00e7\u00e3os de dona Izinha, sua m\u00e3e, e, seu Tet\u00e9, seu pai.<\/p>\n<p style=\"text-align: justify\">Fl\u00e1vio Leandro parecia sentenciado a esse \u201cbolsa\u201d, desmedido programa para fam\u00edlias registradas pelo tr\u00f3pico impiedoso da seca. E viu, pensou e carregou na sua timidez, a poesia esticada no academicismo de Jo\u00e3o Cabral de Melo Neto, pensador de escrita Severina, entremeada por hinos de Asa Branca e Assum Preto. A esperan\u00e7a cega dos \u201c\u00f3ios\u201d que nem viu chuva nem recebeu a esmola repudiada por Humberto Teixeira.<\/p>\n<p style=\"text-align: justify\">Fl\u00e1vio Leandro, ainda crian\u00e7a virando agora menino com espinhos nos p\u00e9s e no rosto, n\u00e3o discernia bem a acne, mas, escrevia muito o \u201cch\u00earo de chiqueiro\u201d que pariu o primeiro elep\u00ea com travessuras que virariam muitos outros cd\u2019s. Come\u00e7a o tempo cantado de Fl\u00e1vio, o tempo pensado de Fl\u00e1vio, a sala de aula, o emprego do sustento, a poesia que suportou bem a matem\u00e1tica p\u00fablica e particular que absorveu \u201co tempo de Deus\u201d trazendo brasilidade matuta na sua vida, fazendo parte da nossa vida em sofrimento ac\u00fastico nem que fosse um sobejo iluminado de forr\u00f3.<!--more--><\/p>\n<p style=\"text-align: justify\">Fl\u00e1vio, resgatado pela prote\u00e7\u00e3o da sua casa perfumada de mu\u00e7amb\u00eas e macambiras, estudou sem pretens\u00e3o, mas, o suficiente para ser Auditor de Impostos como impusera sua cria\u00e7\u00e3o com dever de casa.<\/p>\n<p style=\"text-align: justify\">Fl\u00e1vio \u00e9 Leandro cada vez que faz parte do caf\u00e9 com aroma da cozinha sertaneja, com cuscuz, com rubac\u00e3o incendiado de pequi. Fl\u00e1vio \u00e9 essa voz premiada pelo conv\u00edvio s\u00e1bio com Dominguinhos, primeiro ministro encantado de sanfona.<\/p>\n<p style=\"text-align: justify\">Fl\u00e1vio ainda crian\u00e7a, sem lap top, sem celular, sem as frequ\u00eancias moduladas em sua pequena Bodoc\u00f3, sabia bem que uma emissora falava e cantava sua vida, que a torre erguida de Dom Campelo era a voz que sa\u00eda de Petrolina, que era tamb\u00e9m sua legitima voz hoje com 51 anos, a Voz do S\u00e3o Francisco.<\/p>\n<p style=\"text-align: justify\">Foto\/<\/p>\n<p style=\"text-align: justify\">Cantor pernambucano e poeta\/<br \/>\nFLAVIO LEANDRO<\/p>\n<p style=\"text-align: justify\"><strong>*Marcelo Damasceno<\/strong> \u00e9 radialista<\/p>\n<\/div>\n<p>&nbsp;<\/p>\n","protected":false},"excerpt":{"rendered":"<p>*Marcelo Damasceno Barbosa Fl\u00e1vio Leandro nasceu no Araripe, um canto inexplicavelmente diferente e enigm\u00e1tico de Pernambuco esturricado pelo calor e ignorado pela \u00e1gua. Fl\u00e1vio nasceu em Bodoc\u00f3, e a l\u00e9gua para a Exu que deu Luiz Gonzaga ao mundo n\u00e3o \u00e9 t\u00e3o tirana assim. Entre Bodoc\u00f3 com suas minas e mist\u00e9rios de pedra, um solo generoso acariciado pelos ventos do Cariri e a Exu de Luiz do bai\u00e3o nosso de cada dia, est\u00e3o os vaqueiros, as rezadeiras, os beatos, a feira de rua, desmantelada por seus mercadores vendendo p\u00e3o e alguma ilus\u00e3o. o poeta Leandro soube ser Fl\u00e1vio para ver tudo isso, sob as b\u00ean\u00e7\u00e3os de dona Izinha, sua m\u00e3e, e, seu Tet\u00e9, seu pai. Fl\u00e1vio Leandro parecia sentenciado a&hellip; <\/p>\n","protected":false},"author":3,"featured_media":0,"comment_status":"open","ping_status":"open","sticky":false,"template":"","format":"standard","meta":{"_acf_changed":false,"footnotes":""},"categories":[30],"tags":[],"class_list":["post-132665","post","type-post","status-publish","format-standard","hentry","category-artigo"],"acf":[],"yoast_head":"<!-- This site is optimized with the Yoast SEO plugin v27.4 - https:\/\/yoast.com\/product\/yoast-seo-wordpress\/ -->\n<title>OS C\u00c2NTICOS DA TERRA SECA PEL EVANGELHO SANFONADO DE FLAVIO LEANDRO - Blog do Farn\u00e9sio<\/title>\n<meta name=\"robots\" content=\"index, follow, max-snippet:-1, max-image-preview:large, max-video-preview:-1\" \/>\n<link rel=\"canonical\" href=\"https:\/\/blogdofarnesio.com.br\/?p=132665\" \/>\n<meta property=\"og:locale\" content=\"pt_BR\" \/>\n<meta property=\"og:type\" content=\"article\" \/>\n<meta property=\"og:title\" content=\"OS C\u00c2NTICOS DA TERRA SECA PEL EVANGELHO SANFONADO DE FLAVIO LEANDRO - Blog do Farn\u00e9sio\" \/>\n<meta property=\"og:description\" content=\"*Marcelo Damasceno Barbosa Fl\u00e1vio Leandro nasceu no Araripe, um canto inexplicavelmente diferente e enigm\u00e1tico de Pernambuco esturricado pelo calor e ignorado pela \u00e1gua. Fl\u00e1vio nasceu em Bodoc\u00f3, e a l\u00e9gua para a Exu que deu Luiz Gonzaga ao mundo n\u00e3o \u00e9 t\u00e3o tirana assim. Entre Bodoc\u00f3 com suas minas e mist\u00e9rios de pedra, um solo generoso acariciado pelos ventos do Cariri e a Exu de Luiz do bai\u00e3o nosso de cada dia, est\u00e3o os vaqueiros, as rezadeiras, os beatos, a feira de rua, desmantelada por seus mercadores vendendo p\u00e3o e alguma ilus\u00e3o. o poeta Leandro soube ser Fl\u00e1vio para ver tudo isso, sob as b\u00ean\u00e7\u00e3os de dona Izinha, sua m\u00e3e, e, seu Tet\u00e9, seu pai. Fl\u00e1vio Leandro parecia sentenciado a&hellip;\" \/>\n<meta property=\"og:url\" content=\"https:\/\/blogdofarnesio.com.br\/?p=132665\" \/>\n<meta property=\"og:site_name\" content=\"Blog do Farn\u00e9sio\" \/>\n<meta property=\"article:publisher\" content=\"https:\/\/www.facebook.com\/BlogQuerSaberPolitica\/\" \/>\n<meta property=\"article:published_time\" content=\"2015-11-09T11:03:01+00:00\" \/>\n<meta property=\"og:image\" content=\"https:\/\/fbcdn-photos-f-a.akamaihd.net\/hphotos-ak-xta1\/v\/t1.0-0\/p110x80\/1611017_1484237788544355_4813227918215049784_n.jpg?oh=07bd84cdc0c971bd1912f6bd098b58be&amp;oe=56BED4D0&amp;__gda__=1455754533_e20fed24b4343cbb4aa9462636f4ebf9\" \/>\n<meta name=\"author\" content=\"teste\" \/>\n<meta name=\"twitter:card\" content=\"summary_large_image\" \/>\n<meta name=\"twitter:label1\" content=\"Escrito por\" \/>\n\t<meta name=\"twitter:data1\" content=\"teste\" \/>\n\t<meta name=\"twitter:label2\" content=\"Est. tempo de leitura\" \/>\n\t<meta name=\"twitter:data2\" content=\"2 minutos\" \/>\n<script type=\"application\/ld+json\" class=\"yoast-schema-graph\">{\"@context\":\"https:\\\/\\\/schema.org\",\"@graph\":[{\"@type\":\"Article\",\"@id\":\"https:\\\/\\\/blogdofarnesio.com.br\\\/?p=132665#article\",\"isPartOf\":{\"@id\":\"https:\\\/\\\/blogdofarnesio.com.br\\\/?p=132665\"},\"author\":{\"name\":\"teste\",\"@id\":\"https:\\\/\\\/blogdofarnesio.com.br\\\/#\\\/schema\\\/person\\\/dd1bf5eba40b687199ba45ca6b97dff9\"},\"headline\":\"OS C\u00c2NTICOS DA TERRA SECA PEL EVANGELHO SANFONADO DE FLAVIO LEANDRO\",\"datePublished\":\"2015-11-09T11:03:01+00:00\",\"mainEntityOfPage\":{\"@id\":\"https:\\\/\\\/blogdofarnesio.com.br\\\/?p=132665\"},\"wordCount\":467,\"commentCount\":0,\"publisher\":{\"@id\":\"https:\\\/\\\/blogdofarnesio.com.br\\\/#organization\"},\"image\":{\"@id\":\"https:\\\/\\\/blogdofarnesio.com.br\\\/?p=132665#primaryimage\"},\"thumbnailUrl\":\"https:\\\/\\\/fbcdn-photos-f-a.akamaihd.net\\\/hphotos-ak-xta1\\\/v\\\/t1.0-0\\\/p110x80\\\/1611017_1484237788544355_4813227918215049784_n.jpg?oh=07bd84cdc0c971bd1912f6bd098b58be&amp;oe=56BED4D0&amp;__gda__=1455754533_e20fed24b4343cbb4aa9462636f4ebf9\",\"articleSection\":[\"Artigo\"],\"inLanguage\":\"pt-BR\",\"potentialAction\":[{\"@type\":\"CommentAction\",\"name\":\"Comment\",\"target\":[\"https:\\\/\\\/blogdofarnesio.com.br\\\/?p=132665#respond\"]}]},{\"@type\":\"WebPage\",\"@id\":\"https:\\\/\\\/blogdofarnesio.com.br\\\/?p=132665\",\"url\":\"https:\\\/\\\/blogdofarnesio.com.br\\\/?p=132665\",\"name\":\"OS C\u00c2NTICOS DA TERRA SECA PEL EVANGELHO SANFONADO DE FLAVIO LEANDRO - Blog do Farn\u00e9sio\",\"isPartOf\":{\"@id\":\"https:\\\/\\\/blogdofarnesio.com.br\\\/#website\"},\"primaryImageOfPage\":{\"@id\":\"https:\\\/\\\/blogdofarnesio.com.br\\\/?p=132665#primaryimage\"},\"image\":{\"@id\":\"https:\\\/\\\/blogdofarnesio.com.br\\\/?p=132665#primaryimage\"},\"thumbnailUrl\":\"https:\\\/\\\/fbcdn-photos-f-a.akamaihd.net\\\/hphotos-ak-xta1\\\/v\\\/t1.0-0\\\/p110x80\\\/1611017_1484237788544355_4813227918215049784_n.jpg?oh=07bd84cdc0c971bd1912f6bd098b58be&amp;oe=56BED4D0&amp;__gda__=1455754533_e20fed24b4343cbb4aa9462636f4ebf9\",\"datePublished\":\"2015-11-09T11:03:01+00:00\",\"breadcrumb\":{\"@id\":\"https:\\\/\\\/blogdofarnesio.com.br\\\/?p=132665#breadcrumb\"},\"inLanguage\":\"pt-BR\",\"potentialAction\":[{\"@type\":\"ReadAction\",\"target\":[\"https:\\\/\\\/blogdofarnesio.com.br\\\/?p=132665\"]}]},{\"@type\":\"ImageObject\",\"inLanguage\":\"pt-BR\",\"@id\":\"https:\\\/\\\/blogdofarnesio.com.br\\\/?p=132665#primaryimage\",\"url\":\"https:\\\/\\\/fbcdn-photos-f-a.akamaihd.net\\\/hphotos-ak-xta1\\\/v\\\/t1.0-0\\\/p110x80\\\/1611017_1484237788544355_4813227918215049784_n.jpg?oh=07bd84cdc0c971bd1912f6bd098b58be&amp;oe=56BED4D0&amp;__gda__=1455754533_e20fed24b4343cbb4aa9462636f4ebf9\",\"contentUrl\":\"https:\\\/\\\/fbcdn-photos-f-a.akamaihd.net\\\/hphotos-ak-xta1\\\/v\\\/t1.0-0\\\/p110x80\\\/1611017_1484237788544355_4813227918215049784_n.jpg?oh=07bd84cdc0c971bd1912f6bd098b58be&amp;oe=56BED4D0&amp;__gda__=1455754533_e20fed24b4343cbb4aa9462636f4ebf9\"},{\"@type\":\"BreadcrumbList\",\"@id\":\"https:\\\/\\\/blogdofarnesio.com.br\\\/?p=132665#breadcrumb\",\"itemListElement\":[{\"@type\":\"ListItem\",\"position\":1,\"name\":\"In\u00edcio\",\"item\":\"https:\\\/\\\/blogdofarnesio.com.br\\\/\"},{\"@type\":\"ListItem\",\"position\":2,\"name\":\"OS C\u00c2NTICOS DA TERRA SECA PEL EVANGELHO SANFONADO DE FLAVIO LEANDRO\"}]},{\"@type\":\"WebSite\",\"@id\":\"https:\\\/\\\/blogdofarnesio.com.br\\\/#website\",\"url\":\"https:\\\/\\\/blogdofarnesio.com.br\\\/\",\"name\":\"Blog do Farn\u00e9sio\",\"description\":\"Quer Saber Pol\u00edtica?\",\"publisher\":{\"@id\":\"https:\\\/\\\/blogdofarnesio.com.br\\\/#organization\"},\"potentialAction\":[{\"@type\":\"SearchAction\",\"target\":{\"@type\":\"EntryPoint\",\"urlTemplate\":\"https:\\\/\\\/blogdofarnesio.com.br\\\/?s={search_term_string}\"},\"query-input\":{\"@type\":\"PropertyValueSpecification\",\"valueRequired\":true,\"valueName\":\"search_term_string\"}}],\"inLanguage\":\"pt-BR\"},{\"@type\":\"Organization\",\"@id\":\"https:\\\/\\\/blogdofarnesio.com.br\\\/#organization\",\"name\":\"Blog do Farn\u00e9sio\",\"url\":\"https:\\\/\\\/blogdofarnesio.com.br\\\/\",\"logo\":{\"@type\":\"ImageObject\",\"inLanguage\":\"pt-BR\",\"@id\":\"https:\\\/\\\/blogdofarnesio.com.br\\\/#\\\/schema\\\/logo\\\/image\\\/\",\"url\":\"https:\\\/\\\/blogdofarnesio.com.br\\\/wp-content\\\/uploads\\\/2026\\\/03\\\/cropped-logo_new-1.png\",\"contentUrl\":\"https:\\\/\\\/blogdofarnesio.com.br\\\/wp-content\\\/uploads\\\/2026\\\/03\\\/cropped-logo_new-1.png\",\"width\":881,\"height\":685,\"caption\":\"Blog do Farn\u00e9sio\"},\"image\":{\"@id\":\"https:\\\/\\\/blogdofarnesio.com.br\\\/#\\\/schema\\\/logo\\\/image\\\/\"},\"sameAs\":[\"https:\\\/\\\/www.facebook.com\\\/BlogQuerSaberPolitica\\\/\"]},{\"@type\":\"Person\",\"@id\":\"https:\\\/\\\/blogdofarnesio.com.br\\\/#\\\/schema\\\/person\\\/dd1bf5eba40b687199ba45ca6b97dff9\",\"name\":\"teste\",\"image\":{\"@type\":\"ImageObject\",\"inLanguage\":\"pt-BR\",\"@id\":\"https:\\\/\\\/secure.gravatar.com\\\/avatar\\\/2172498d4914b51e1d89a0f97957b035ac4938723a5cac208135d389b6972a6d?s=96&d=mm&r=g\",\"url\":\"https:\\\/\\\/secure.gravatar.com\\\/avatar\\\/2172498d4914b51e1d89a0f97957b035ac4938723a5cac208135d389b6972a6d?s=96&d=mm&r=g\",\"contentUrl\":\"https:\\\/\\\/secure.gravatar.com\\\/avatar\\\/2172498d4914b51e1d89a0f97957b035ac4938723a5cac208135d389b6972a6d?s=96&d=mm&r=g\",\"caption\":\"teste\"},\"url\":\"https:\\\/\\\/blogdofarnesio.com.br\\\/?author=3\"}]}<\/script>\n<!-- \/ Yoast SEO plugin. -->","yoast_head_json":{"title":"OS C\u00c2NTICOS DA TERRA SECA PEL EVANGELHO SANFONADO DE FLAVIO LEANDRO - Blog do Farn\u00e9sio","robots":{"index":"index","follow":"follow","max-snippet":"max-snippet:-1","max-image-preview":"max-image-preview:large","max-video-preview":"max-video-preview:-1"},"canonical":"https:\/\/blogdofarnesio.com.br\/?p=132665","og_locale":"pt_BR","og_type":"article","og_title":"OS C\u00c2NTICOS DA TERRA SECA PEL EVANGELHO SANFONADO DE FLAVIO LEANDRO - Blog do Farn\u00e9sio","og_description":"*Marcelo Damasceno Barbosa Fl\u00e1vio Leandro nasceu no Araripe, um canto inexplicavelmente diferente e enigm\u00e1tico de Pernambuco esturricado pelo calor e ignorado pela \u00e1gua. Fl\u00e1vio nasceu em Bodoc\u00f3, e a l\u00e9gua para a Exu que deu Luiz Gonzaga ao mundo n\u00e3o \u00e9 t\u00e3o tirana assim. Entre Bodoc\u00f3 com suas minas e mist\u00e9rios de pedra, um solo generoso acariciado pelos ventos do Cariri e a Exu de Luiz do bai\u00e3o nosso de cada dia, est\u00e3o os vaqueiros, as rezadeiras, os beatos, a feira de rua, desmantelada por seus mercadores vendendo p\u00e3o e alguma ilus\u00e3o. o poeta Leandro soube ser Fl\u00e1vio para ver tudo isso, sob as b\u00ean\u00e7\u00e3os de dona Izinha, sua m\u00e3e, e, seu Tet\u00e9, seu pai. Fl\u00e1vio Leandro parecia sentenciado a&hellip;","og_url":"https:\/\/blogdofarnesio.com.br\/?p=132665","og_site_name":"Blog do Farn\u00e9sio","article_publisher":"https:\/\/www.facebook.com\/BlogQuerSaberPolitica\/","article_published_time":"2015-11-09T11:03:01+00:00","og_image":[{"url":"https:\/\/fbcdn-photos-f-a.akamaihd.net\/hphotos-ak-xta1\/v\/t1.0-0\/p110x80\/1611017_1484237788544355_4813227918215049784_n.jpg?oh=07bd84cdc0c971bd1912f6bd098b58be&amp;oe=56BED4D0&amp;__gda__=1455754533_e20fed24b4343cbb4aa9462636f4ebf9","type":"","width":"","height":""}],"author":"teste","twitter_card":"summary_large_image","twitter_misc":{"Escrito por":"teste","Est. tempo de leitura":"2 minutos"},"schema":{"@context":"https:\/\/schema.org","@graph":[{"@type":"Article","@id":"https:\/\/blogdofarnesio.com.br\/?p=132665#article","isPartOf":{"@id":"https:\/\/blogdofarnesio.com.br\/?p=132665"},"author":{"name":"teste","@id":"https:\/\/blogdofarnesio.com.br\/#\/schema\/person\/dd1bf5eba40b687199ba45ca6b97dff9"},"headline":"OS C\u00c2NTICOS DA TERRA SECA PEL EVANGELHO SANFONADO DE FLAVIO LEANDRO","datePublished":"2015-11-09T11:03:01+00:00","mainEntityOfPage":{"@id":"https:\/\/blogdofarnesio.com.br\/?p=132665"},"wordCount":467,"commentCount":0,"publisher":{"@id":"https:\/\/blogdofarnesio.com.br\/#organization"},"image":{"@id":"https:\/\/blogdofarnesio.com.br\/?p=132665#primaryimage"},"thumbnailUrl":"https:\/\/fbcdn-photos-f-a.akamaihd.net\/hphotos-ak-xta1\/v\/t1.0-0\/p110x80\/1611017_1484237788544355_4813227918215049784_n.jpg?oh=07bd84cdc0c971bd1912f6bd098b58be&amp;oe=56BED4D0&amp;__gda__=1455754533_e20fed24b4343cbb4aa9462636f4ebf9","articleSection":["Artigo"],"inLanguage":"pt-BR","potentialAction":[{"@type":"CommentAction","name":"Comment","target":["https:\/\/blogdofarnesio.com.br\/?p=132665#respond"]}]},{"@type":"WebPage","@id":"https:\/\/blogdofarnesio.com.br\/?p=132665","url":"https:\/\/blogdofarnesio.com.br\/?p=132665","name":"OS C\u00c2NTICOS DA TERRA SECA PEL EVANGELHO SANFONADO DE FLAVIO LEANDRO - Blog do Farn\u00e9sio","isPartOf":{"@id":"https:\/\/blogdofarnesio.com.br\/#website"},"primaryImageOfPage":{"@id":"https:\/\/blogdofarnesio.com.br\/?p=132665#primaryimage"},"image":{"@id":"https:\/\/blogdofarnesio.com.br\/?p=132665#primaryimage"},"thumbnailUrl":"https:\/\/fbcdn-photos-f-a.akamaihd.net\/hphotos-ak-xta1\/v\/t1.0-0\/p110x80\/1611017_1484237788544355_4813227918215049784_n.jpg?oh=07bd84cdc0c971bd1912f6bd098b58be&amp;oe=56BED4D0&amp;__gda__=1455754533_e20fed24b4343cbb4aa9462636f4ebf9","datePublished":"2015-11-09T11:03:01+00:00","breadcrumb":{"@id":"https:\/\/blogdofarnesio.com.br\/?p=132665#breadcrumb"},"inLanguage":"pt-BR","potentialAction":[{"@type":"ReadAction","target":["https:\/\/blogdofarnesio.com.br\/?p=132665"]}]},{"@type":"ImageObject","inLanguage":"pt-BR","@id":"https:\/\/blogdofarnesio.com.br\/?p=132665#primaryimage","url":"https:\/\/fbcdn-photos-f-a.akamaihd.net\/hphotos-ak-xta1\/v\/t1.0-0\/p110x80\/1611017_1484237788544355_4813227918215049784_n.jpg?oh=07bd84cdc0c971bd1912f6bd098b58be&amp;oe=56BED4D0&amp;__gda__=1455754533_e20fed24b4343cbb4aa9462636f4ebf9","contentUrl":"https:\/\/fbcdn-photos-f-a.akamaihd.net\/hphotos-ak-xta1\/v\/t1.0-0\/p110x80\/1611017_1484237788544355_4813227918215049784_n.jpg?oh=07bd84cdc0c971bd1912f6bd098b58be&amp;oe=56BED4D0&amp;__gda__=1455754533_e20fed24b4343cbb4aa9462636f4ebf9"},{"@type":"BreadcrumbList","@id":"https:\/\/blogdofarnesio.com.br\/?p=132665#breadcrumb","itemListElement":[{"@type":"ListItem","position":1,"name":"In\u00edcio","item":"https:\/\/blogdofarnesio.com.br\/"},{"@type":"ListItem","position":2,"name":"OS C\u00c2NTICOS DA TERRA SECA PEL EVANGELHO SANFONADO DE FLAVIO LEANDRO"}]},{"@type":"WebSite","@id":"https:\/\/blogdofarnesio.com.br\/#website","url":"https:\/\/blogdofarnesio.com.br\/","name":"Blog do Farn\u00e9sio","description":"Quer Saber Pol\u00edtica?","publisher":{"@id":"https:\/\/blogdofarnesio.com.br\/#organization"},"potentialAction":[{"@type":"SearchAction","target":{"@type":"EntryPoint","urlTemplate":"https:\/\/blogdofarnesio.com.br\/?s={search_term_string}"},"query-input":{"@type":"PropertyValueSpecification","valueRequired":true,"valueName":"search_term_string"}}],"inLanguage":"pt-BR"},{"@type":"Organization","@id":"https:\/\/blogdofarnesio.com.br\/#organization","name":"Blog do Farn\u00e9sio","url":"https:\/\/blogdofarnesio.com.br\/","logo":{"@type":"ImageObject","inLanguage":"pt-BR","@id":"https:\/\/blogdofarnesio.com.br\/#\/schema\/logo\/image\/","url":"https:\/\/blogdofarnesio.com.br\/wp-content\/uploads\/2026\/03\/cropped-logo_new-1.png","contentUrl":"https:\/\/blogdofarnesio.com.br\/wp-content\/uploads\/2026\/03\/cropped-logo_new-1.png","width":881,"height":685,"caption":"Blog do Farn\u00e9sio"},"image":{"@id":"https:\/\/blogdofarnesio.com.br\/#\/schema\/logo\/image\/"},"sameAs":["https:\/\/www.facebook.com\/BlogQuerSaberPolitica\/"]},{"@type":"Person","@id":"https:\/\/blogdofarnesio.com.br\/#\/schema\/person\/dd1bf5eba40b687199ba45ca6b97dff9","name":"teste","image":{"@type":"ImageObject","inLanguage":"pt-BR","@id":"https:\/\/secure.gravatar.com\/avatar\/2172498d4914b51e1d89a0f97957b035ac4938723a5cac208135d389b6972a6d?s=96&d=mm&r=g","url":"https:\/\/secure.gravatar.com\/avatar\/2172498d4914b51e1d89a0f97957b035ac4938723a5cac208135d389b6972a6d?s=96&d=mm&r=g","contentUrl":"https:\/\/secure.gravatar.com\/avatar\/2172498d4914b51e1d89a0f97957b035ac4938723a5cac208135d389b6972a6d?s=96&d=mm&r=g","caption":"teste"},"url":"https:\/\/blogdofarnesio.com.br\/?author=3"}]}},"_links":{"self":[{"href":"https:\/\/blogdofarnesio.com.br\/index.php?rest_route=\/wp\/v2\/posts\/132665","targetHints":{"allow":["GET"]}}],"collection":[{"href":"https:\/\/blogdofarnesio.com.br\/index.php?rest_route=\/wp\/v2\/posts"}],"about":[{"href":"https:\/\/blogdofarnesio.com.br\/index.php?rest_route=\/wp\/v2\/types\/post"}],"author":[{"embeddable":true,"href":"https:\/\/blogdofarnesio.com.br\/index.php?rest_route=\/wp\/v2\/users\/3"}],"replies":[{"embeddable":true,"href":"https:\/\/blogdofarnesio.com.br\/index.php?rest_route=%2Fwp%2Fv2%2Fcomments&post=132665"}],"version-history":[{"count":0,"href":"https:\/\/blogdofarnesio.com.br\/index.php?rest_route=\/wp\/v2\/posts\/132665\/revisions"}],"wp:attachment":[{"href":"https:\/\/blogdofarnesio.com.br\/index.php?rest_route=%2Fwp%2Fv2%2Fmedia&parent=132665"}],"wp:term":[{"taxonomy":"category","embeddable":true,"href":"https:\/\/blogdofarnesio.com.br\/index.php?rest_route=%2Fwp%2Fv2%2Fcategories&post=132665"},{"taxonomy":"post_tag","embeddable":true,"href":"https:\/\/blogdofarnesio.com.br\/index.php?rest_route=%2Fwp%2Fv2%2Ftags&post=132665"}],"curies":[{"name":"wp","href":"https:\/\/api.w.org\/{rel}","templated":true}]}}