{"id":132662,"date":"2015-11-09T08:31:37","date_gmt":"2015-11-09T11:31:37","guid":{"rendered":"http:\/\/www.quersaberpolitica.com.br\/?p=132662"},"modified":"2015-11-08T09:53:04","modified_gmt":"2015-11-08T12:53:04","slug":"a-face-oculta","status":"publish","type":"post","link":"https:\/\/blogdofarnesio.com.br\/?p=132662","title":{"rendered":"A FACE OCULTA"},"content":{"rendered":"<p style=\"text-align: justify\"><strong><img loading=\"lazy\" decoding=\"async\" class=\" aligncenter\" src=\"http:\/\/thumbs.dreamstime.com\/z\/nas-sombras-434461.jpg\" alt=\"\" width=\"395\" height=\"337\" \/>Carlos Brickmann<\/strong><\/p>\n<p style=\"text-align: justify\">O grande acordo &#8220;Tira do Meu que Eu Tiro da Sua&#8221; est\u00e1 evidente: Eduardo Cunha evitou que Gilberto Carvalho, Erenice Guerra, Ant\u00f4nio Palocci e um dos filhos de Lula, F\u00e1bio Lu\u00eds, fossem convocados pela CPI do BNDES. Foi o agrado a Lula por ter ordenado ao PT que garantisse amplo direito de defesa a Eduardo Cunha e demais alvos do procurador Rodrigo Janot. A ampla defesa inclui um relator amic\u00edssimo de Cunha e seu antigo seguidor.<\/p>\n<p>J\u00e1 o processo de impeachment contra Dilma est\u00e1 andando, mas em ritmo de discurso de Suplicy. Cunha j\u00e1 podia ter tocado ou rejeitado o processo, o que seria normal, mas preferiu ralentar. E a\u00ed h\u00e1 feriados, recesso parlamentar, festas de fim de ano. Cunha diz que n\u00e3o haver\u00e1 recesso, mas \u00e9 mais f\u00e1cil boi enlatado voar do que esperar parlamentares para votar impeachment no recesso que n\u00e3o haver\u00e1. No ano que vem, depois do Carnaval &#8211; claro! &#8211; o clima j\u00e1 ser\u00e1 outro, de elei\u00e7\u00f5es municipais.<!--more--><br \/>\nOK? N\u00e3o: hoje, mais importante que o jogo do Congresso \u00e9 a face oculta da crise. A greve dos petroleiros tem inesperado \u00edndice de ades\u00e3o. Uma surpresa, considerando que os sindicatos do setor s\u00e3o mais governistas do que Collor, Sarney, Maluf e K\u00e1tia Abreu juntos. E, para amanh\u00e3, segunda, est\u00e1 marcada uma greve explosiva, a dos caminhoneiros. Se der certo, bloqueia estradas, suspende o abastecimento, paralisa a economia, multiplica o efeito da greve dos petroleiros. H\u00e1, entre os caminhoneiros, alguns cujo objetivo \u00e9 derrubar o Governo.<\/p>\n<p>Agora n\u00e3o adianta muito olhar para Bras\u00edlia: \u00e9 preciso olhar para o pa\u00eds.<\/p>\n","protected":false},"excerpt":{"rendered":"<p>Carlos Brickmann O grande acordo &#8220;Tira do Meu que Eu Tiro da Sua&#8221; est\u00e1 evidente: Eduardo Cunha evitou que Gilberto Carvalho, Erenice Guerra, Ant\u00f4nio Palocci e um dos filhos de Lula, F\u00e1bio Lu\u00eds, fossem convocados pela CPI do BNDES. Foi o agrado a Lula por ter ordenado ao PT que garantisse amplo direito de defesa a Eduardo Cunha e demais alvos do procurador Rodrigo Janot. A ampla defesa inclui um relator amic\u00edssimo de Cunha e seu antigo seguidor. J\u00e1 o processo de impeachment contra Dilma est\u00e1 andando, mas em ritmo de discurso de Suplicy. Cunha j\u00e1 podia ter tocado ou rejeitado o processo, o que seria normal, mas preferiu ralentar. E a\u00ed h\u00e1 feriados, recesso parlamentar, festas de fim de&hellip; <\/p>\n","protected":false},"author":3,"featured_media":0,"comment_status":"open","ping_status":"open","sticky":false,"template":"","format":"standard","meta":{"_acf_changed":false,"footnotes":""},"categories":[30],"tags":[],"class_list":["post-132662","post","type-post","status-publish","format-standard","hentry","category-artigo"],"acf":[],"yoast_head":"<!-- This site is optimized with the Yoast SEO plugin v27.4 - https:\/\/yoast.com\/product\/yoast-seo-wordpress\/ -->\n<title>A FACE OCULTA - Blog do Farn\u00e9sio<\/title>\n<meta name=\"robots\" content=\"index, follow, max-snippet:-1, max-image-preview:large, max-video-preview:-1\" \/>\n<link rel=\"canonical\" href=\"https:\/\/blogdofarnesio.com.br\/?p=132662\" \/>\n<meta property=\"og:locale\" content=\"pt_BR\" \/>\n<meta property=\"og:type\" content=\"article\" \/>\n<meta property=\"og:title\" content=\"A FACE OCULTA - Blog do Farn\u00e9sio\" \/>\n<meta property=\"og:description\" content=\"Carlos Brickmann O grande acordo &#8220;Tira do Meu que Eu Tiro da Sua&#8221; est\u00e1 evidente: Eduardo Cunha evitou que Gilberto Carvalho, Erenice Guerra, Ant\u00f4nio Palocci e um dos filhos de Lula, F\u00e1bio Lu\u00eds, fossem convocados pela CPI do BNDES. Foi o agrado a Lula por ter ordenado ao PT que garantisse amplo direito de defesa a Eduardo Cunha e demais alvos do procurador Rodrigo Janot. A ampla defesa inclui um relator amic\u00edssimo de Cunha e seu antigo seguidor. J\u00e1 o processo de impeachment contra Dilma est\u00e1 andando, mas em ritmo de discurso de Suplicy. Cunha j\u00e1 podia ter tocado ou rejeitado o processo, o que seria normal, mas preferiu ralentar. E a\u00ed h\u00e1 feriados, recesso parlamentar, festas de fim de&hellip;\" \/>\n<meta property=\"og:url\" content=\"https:\/\/blogdofarnesio.com.br\/?p=132662\" \/>\n<meta property=\"og:site_name\" content=\"Blog do Farn\u00e9sio\" \/>\n<meta property=\"article:publisher\" content=\"https:\/\/www.facebook.com\/BlogQuerSaberPolitica\/\" \/>\n<meta property=\"article:published_time\" content=\"2015-11-09T11:31:37+00:00\" \/>\n<meta property=\"og:image\" content=\"http:\/\/thumbs.dreamstime.com\/z\/nas-sombras-434461.jpg\" \/>\n<meta name=\"author\" content=\"teste\" \/>\n<meta name=\"twitter:card\" content=\"summary_large_image\" \/>\n<meta name=\"twitter:label1\" content=\"Escrito por\" \/>\n\t<meta name=\"twitter:data1\" content=\"teste\" \/>\n\t<meta name=\"twitter:label2\" content=\"Est. tempo de leitura\" \/>\n\t<meta name=\"twitter:data2\" content=\"1 minuto\" \/>\n<script type=\"application\/ld+json\" class=\"yoast-schema-graph\">{\"@context\":\"https:\\\/\\\/schema.org\",\"@graph\":[{\"@type\":\"Article\",\"@id\":\"https:\\\/\\\/blogdofarnesio.com.br\\\/?p=132662#article\",\"isPartOf\":{\"@id\":\"https:\\\/\\\/blogdofarnesio.com.br\\\/?p=132662\"},\"author\":{\"name\":\"teste\",\"@id\":\"https:\\\/\\\/blogdofarnesio.com.br\\\/#\\\/schema\\\/person\\\/dd1bf5eba40b687199ba45ca6b97dff9\"},\"headline\":\"A FACE OCULTA\",\"datePublished\":\"2015-11-09T11:31:37+00:00\",\"mainEntityOfPage\":{\"@id\":\"https:\\\/\\\/blogdofarnesio.com.br\\\/?p=132662\"},\"wordCount\":277,\"commentCount\":0,\"publisher\":{\"@id\":\"https:\\\/\\\/blogdofarnesio.com.br\\\/#organization\"},\"image\":{\"@id\":\"https:\\\/\\\/blogdofarnesio.com.br\\\/?p=132662#primaryimage\"},\"thumbnailUrl\":\"http:\\\/\\\/thumbs.dreamstime.com\\\/z\\\/nas-sombras-434461.jpg\",\"articleSection\":[\"Artigo\"],\"inLanguage\":\"pt-BR\",\"potentialAction\":[{\"@type\":\"CommentAction\",\"name\":\"Comment\",\"target\":[\"https:\\\/\\\/blogdofarnesio.com.br\\\/?p=132662#respond\"]}]},{\"@type\":\"WebPage\",\"@id\":\"https:\\\/\\\/blogdofarnesio.com.br\\\/?p=132662\",\"url\":\"https:\\\/\\\/blogdofarnesio.com.br\\\/?p=132662\",\"name\":\"A FACE OCULTA - Blog do Farn\u00e9sio\",\"isPartOf\":{\"@id\":\"https:\\\/\\\/blogdofarnesio.com.br\\\/#website\"},\"primaryImageOfPage\":{\"@id\":\"https:\\\/\\\/blogdofarnesio.com.br\\\/?p=132662#primaryimage\"},\"image\":{\"@id\":\"https:\\\/\\\/blogdofarnesio.com.br\\\/?p=132662#primaryimage\"},\"thumbnailUrl\":\"http:\\\/\\\/thumbs.dreamstime.com\\\/z\\\/nas-sombras-434461.jpg\",\"datePublished\":\"2015-11-09T11:31:37+00:00\",\"breadcrumb\":{\"@id\":\"https:\\\/\\\/blogdofarnesio.com.br\\\/?p=132662#breadcrumb\"},\"inLanguage\":\"pt-BR\",\"potentialAction\":[{\"@type\":\"ReadAction\",\"target\":[\"https:\\\/\\\/blogdofarnesio.com.br\\\/?p=132662\"]}]},{\"@type\":\"ImageObject\",\"inLanguage\":\"pt-BR\",\"@id\":\"https:\\\/\\\/blogdofarnesio.com.br\\\/?p=132662#primaryimage\",\"url\":\"http:\\\/\\\/thumbs.dreamstime.com\\\/z\\\/nas-sombras-434461.jpg\",\"contentUrl\":\"http:\\\/\\\/thumbs.dreamstime.com\\\/z\\\/nas-sombras-434461.jpg\"},{\"@type\":\"BreadcrumbList\",\"@id\":\"https:\\\/\\\/blogdofarnesio.com.br\\\/?p=132662#breadcrumb\",\"itemListElement\":[{\"@type\":\"ListItem\",\"position\":1,\"name\":\"In\u00edcio\",\"item\":\"https:\\\/\\\/blogdofarnesio.com.br\\\/\"},{\"@type\":\"ListItem\",\"position\":2,\"name\":\"A FACE OCULTA\"}]},{\"@type\":\"WebSite\",\"@id\":\"https:\\\/\\\/blogdofarnesio.com.br\\\/#website\",\"url\":\"https:\\\/\\\/blogdofarnesio.com.br\\\/\",\"name\":\"Blog do Farn\u00e9sio\",\"description\":\"Quer Saber Pol\u00edtica?\",\"publisher\":{\"@id\":\"https:\\\/\\\/blogdofarnesio.com.br\\\/#organization\"},\"potentialAction\":[{\"@type\":\"SearchAction\",\"target\":{\"@type\":\"EntryPoint\",\"urlTemplate\":\"https:\\\/\\\/blogdofarnesio.com.br\\\/?s={search_term_string}\"},\"query-input\":{\"@type\":\"PropertyValueSpecification\",\"valueRequired\":true,\"valueName\":\"search_term_string\"}}],\"inLanguage\":\"pt-BR\"},{\"@type\":\"Organization\",\"@id\":\"https:\\\/\\\/blogdofarnesio.com.br\\\/#organization\",\"name\":\"Blog do Farn\u00e9sio\",\"url\":\"https:\\\/\\\/blogdofarnesio.com.br\\\/\",\"logo\":{\"@type\":\"ImageObject\",\"inLanguage\":\"pt-BR\",\"@id\":\"https:\\\/\\\/blogdofarnesio.com.br\\\/#\\\/schema\\\/logo\\\/image\\\/\",\"url\":\"https:\\\/\\\/blogdofarnesio.com.br\\\/wp-content\\\/uploads\\\/2026\\\/03\\\/cropped-logo_new-1.png\",\"contentUrl\":\"https:\\\/\\\/blogdofarnesio.com.br\\\/wp-content\\\/uploads\\\/2026\\\/03\\\/cropped-logo_new-1.png\",\"width\":881,\"height\":685,\"caption\":\"Blog do Farn\u00e9sio\"},\"image\":{\"@id\":\"https:\\\/\\\/blogdofarnesio.com.br\\\/#\\\/schema\\\/logo\\\/image\\\/\"},\"sameAs\":[\"https:\\\/\\\/www.facebook.com\\\/BlogQuerSaberPolitica\\\/\"]},{\"@type\":\"Person\",\"@id\":\"https:\\\/\\\/blogdofarnesio.com.br\\\/#\\\/schema\\\/person\\\/dd1bf5eba40b687199ba45ca6b97dff9\",\"name\":\"teste\",\"image\":{\"@type\":\"ImageObject\",\"inLanguage\":\"pt-BR\",\"@id\":\"https:\\\/\\\/secure.gravatar.com\\\/avatar\\\/2172498d4914b51e1d89a0f97957b035ac4938723a5cac208135d389b6972a6d?s=96&d=mm&r=g\",\"url\":\"https:\\\/\\\/secure.gravatar.com\\\/avatar\\\/2172498d4914b51e1d89a0f97957b035ac4938723a5cac208135d389b6972a6d?s=96&d=mm&r=g\",\"contentUrl\":\"https:\\\/\\\/secure.gravatar.com\\\/avatar\\\/2172498d4914b51e1d89a0f97957b035ac4938723a5cac208135d389b6972a6d?s=96&d=mm&r=g\",\"caption\":\"teste\"},\"url\":\"https:\\\/\\\/blogdofarnesio.com.br\\\/?author=3\"}]}<\/script>\n<!-- \/ Yoast SEO plugin. -->","yoast_head_json":{"title":"A FACE OCULTA - Blog do Farn\u00e9sio","robots":{"index":"index","follow":"follow","max-snippet":"max-snippet:-1","max-image-preview":"max-image-preview:large","max-video-preview":"max-video-preview:-1"},"canonical":"https:\/\/blogdofarnesio.com.br\/?p=132662","og_locale":"pt_BR","og_type":"article","og_title":"A FACE OCULTA - Blog do Farn\u00e9sio","og_description":"Carlos Brickmann O grande acordo &#8220;Tira do Meu que Eu Tiro da Sua&#8221; est\u00e1 evidente: Eduardo Cunha evitou que Gilberto Carvalho, Erenice Guerra, Ant\u00f4nio Palocci e um dos filhos de Lula, F\u00e1bio Lu\u00eds, fossem convocados pela CPI do BNDES. Foi o agrado a Lula por ter ordenado ao PT que garantisse amplo direito de defesa a Eduardo Cunha e demais alvos do procurador Rodrigo Janot. A ampla defesa inclui um relator amic\u00edssimo de Cunha e seu antigo seguidor. J\u00e1 o processo de impeachment contra Dilma est\u00e1 andando, mas em ritmo de discurso de Suplicy. Cunha j\u00e1 podia ter tocado ou rejeitado o processo, o que seria normal, mas preferiu ralentar. E a\u00ed h\u00e1 feriados, recesso parlamentar, festas de fim de&hellip;","og_url":"https:\/\/blogdofarnesio.com.br\/?p=132662","og_site_name":"Blog do Farn\u00e9sio","article_publisher":"https:\/\/www.facebook.com\/BlogQuerSaberPolitica\/","article_published_time":"2015-11-09T11:31:37+00:00","og_image":[{"url":"http:\/\/thumbs.dreamstime.com\/z\/nas-sombras-434461.jpg","type":"","width":"","height":""}],"author":"teste","twitter_card":"summary_large_image","twitter_misc":{"Escrito por":"teste","Est. tempo de leitura":"1 minuto"},"schema":{"@context":"https:\/\/schema.org","@graph":[{"@type":"Article","@id":"https:\/\/blogdofarnesio.com.br\/?p=132662#article","isPartOf":{"@id":"https:\/\/blogdofarnesio.com.br\/?p=132662"},"author":{"name":"teste","@id":"https:\/\/blogdofarnesio.com.br\/#\/schema\/person\/dd1bf5eba40b687199ba45ca6b97dff9"},"headline":"A FACE OCULTA","datePublished":"2015-11-09T11:31:37+00:00","mainEntityOfPage":{"@id":"https:\/\/blogdofarnesio.com.br\/?p=132662"},"wordCount":277,"commentCount":0,"publisher":{"@id":"https:\/\/blogdofarnesio.com.br\/#organization"},"image":{"@id":"https:\/\/blogdofarnesio.com.br\/?p=132662#primaryimage"},"thumbnailUrl":"http:\/\/thumbs.dreamstime.com\/z\/nas-sombras-434461.jpg","articleSection":["Artigo"],"inLanguage":"pt-BR","potentialAction":[{"@type":"CommentAction","name":"Comment","target":["https:\/\/blogdofarnesio.com.br\/?p=132662#respond"]}]},{"@type":"WebPage","@id":"https:\/\/blogdofarnesio.com.br\/?p=132662","url":"https:\/\/blogdofarnesio.com.br\/?p=132662","name":"A FACE OCULTA - Blog do Farn\u00e9sio","isPartOf":{"@id":"https:\/\/blogdofarnesio.com.br\/#website"},"primaryImageOfPage":{"@id":"https:\/\/blogdofarnesio.com.br\/?p=132662#primaryimage"},"image":{"@id":"https:\/\/blogdofarnesio.com.br\/?p=132662#primaryimage"},"thumbnailUrl":"http:\/\/thumbs.dreamstime.com\/z\/nas-sombras-434461.jpg","datePublished":"2015-11-09T11:31:37+00:00","breadcrumb":{"@id":"https:\/\/blogdofarnesio.com.br\/?p=132662#breadcrumb"},"inLanguage":"pt-BR","potentialAction":[{"@type":"ReadAction","target":["https:\/\/blogdofarnesio.com.br\/?p=132662"]}]},{"@type":"ImageObject","inLanguage":"pt-BR","@id":"https:\/\/blogdofarnesio.com.br\/?p=132662#primaryimage","url":"http:\/\/thumbs.dreamstime.com\/z\/nas-sombras-434461.jpg","contentUrl":"http:\/\/thumbs.dreamstime.com\/z\/nas-sombras-434461.jpg"},{"@type":"BreadcrumbList","@id":"https:\/\/blogdofarnesio.com.br\/?p=132662#breadcrumb","itemListElement":[{"@type":"ListItem","position":1,"name":"In\u00edcio","item":"https:\/\/blogdofarnesio.com.br\/"},{"@type":"ListItem","position":2,"name":"A FACE OCULTA"}]},{"@type":"WebSite","@id":"https:\/\/blogdofarnesio.com.br\/#website","url":"https:\/\/blogdofarnesio.com.br\/","name":"Blog do Farn\u00e9sio","description":"Quer Saber Pol\u00edtica?","publisher":{"@id":"https:\/\/blogdofarnesio.com.br\/#organization"},"potentialAction":[{"@type":"SearchAction","target":{"@type":"EntryPoint","urlTemplate":"https:\/\/blogdofarnesio.com.br\/?s={search_term_string}"},"query-input":{"@type":"PropertyValueSpecification","valueRequired":true,"valueName":"search_term_string"}}],"inLanguage":"pt-BR"},{"@type":"Organization","@id":"https:\/\/blogdofarnesio.com.br\/#organization","name":"Blog do Farn\u00e9sio","url":"https:\/\/blogdofarnesio.com.br\/","logo":{"@type":"ImageObject","inLanguage":"pt-BR","@id":"https:\/\/blogdofarnesio.com.br\/#\/schema\/logo\/image\/","url":"https:\/\/blogdofarnesio.com.br\/wp-content\/uploads\/2026\/03\/cropped-logo_new-1.png","contentUrl":"https:\/\/blogdofarnesio.com.br\/wp-content\/uploads\/2026\/03\/cropped-logo_new-1.png","width":881,"height":685,"caption":"Blog do Farn\u00e9sio"},"image":{"@id":"https:\/\/blogdofarnesio.com.br\/#\/schema\/logo\/image\/"},"sameAs":["https:\/\/www.facebook.com\/BlogQuerSaberPolitica\/"]},{"@type":"Person","@id":"https:\/\/blogdofarnesio.com.br\/#\/schema\/person\/dd1bf5eba40b687199ba45ca6b97dff9","name":"teste","image":{"@type":"ImageObject","inLanguage":"pt-BR","@id":"https:\/\/secure.gravatar.com\/avatar\/2172498d4914b51e1d89a0f97957b035ac4938723a5cac208135d389b6972a6d?s=96&d=mm&r=g","url":"https:\/\/secure.gravatar.com\/avatar\/2172498d4914b51e1d89a0f97957b035ac4938723a5cac208135d389b6972a6d?s=96&d=mm&r=g","contentUrl":"https:\/\/secure.gravatar.com\/avatar\/2172498d4914b51e1d89a0f97957b035ac4938723a5cac208135d389b6972a6d?s=96&d=mm&r=g","caption":"teste"},"url":"https:\/\/blogdofarnesio.com.br\/?author=3"}]}},"_links":{"self":[{"href":"https:\/\/blogdofarnesio.com.br\/index.php?rest_route=\/wp\/v2\/posts\/132662","targetHints":{"allow":["GET"]}}],"collection":[{"href":"https:\/\/blogdofarnesio.com.br\/index.php?rest_route=\/wp\/v2\/posts"}],"about":[{"href":"https:\/\/blogdofarnesio.com.br\/index.php?rest_route=\/wp\/v2\/types\/post"}],"author":[{"embeddable":true,"href":"https:\/\/blogdofarnesio.com.br\/index.php?rest_route=\/wp\/v2\/users\/3"}],"replies":[{"embeddable":true,"href":"https:\/\/blogdofarnesio.com.br\/index.php?rest_route=%2Fwp%2Fv2%2Fcomments&post=132662"}],"version-history":[{"count":0,"href":"https:\/\/blogdofarnesio.com.br\/index.php?rest_route=\/wp\/v2\/posts\/132662\/revisions"}],"wp:attachment":[{"href":"https:\/\/blogdofarnesio.com.br\/index.php?rest_route=%2Fwp%2Fv2%2Fmedia&parent=132662"}],"wp:term":[{"taxonomy":"category","embeddable":true,"href":"https:\/\/blogdofarnesio.com.br\/index.php?rest_route=%2Fwp%2Fv2%2Fcategories&post=132662"},{"taxonomy":"post_tag","embeddable":true,"href":"https:\/\/blogdofarnesio.com.br\/index.php?rest_route=%2Fwp%2Fv2%2Ftags&post=132662"}],"curies":[{"name":"wp","href":"https:\/\/api.w.org\/{rel}","templated":true}]}}