{"id":132634,"date":"2015-11-07T09:59:29","date_gmt":"2015-11-07T12:59:29","guid":{"rendered":"http:\/\/www.quersaberpolitica.com.br\/?p=132634"},"modified":"2015-11-07T09:59:29","modified_gmt":"2015-11-07T12:59:29","slug":"julio-lossio-detona-proposta-de-colocar-nome-de-osvaldo-coelho-no-pontal","status":"publish","type":"post","link":"https:\/\/blogdofarnesio.com.br\/?p=132634","title":{"rendered":"JULIO LOSSIO &#8220;DETONA&#8221; PROPOSTA DE COLOCAR NOME DE OSVALDO COELHO NO \u00b4PONTAL"},"content":{"rendered":"<h1 class=\"name post-title entry-title\"><\/h1>\n<div class=\"entry\">\n<figure id=\"attachment_126531\" aria-describedby=\"caption-attachment-126531\" style=\"width: 473px\" class=\"wp-caption aligncenter\"><a href=\"http:\/\/www.quersaberpolitica.com.br\/2016\/wp-content\/uploads\/2015\/07\/blogqsposvaldojl-Foto-Farn\u00e9sio-Silva.jpg\"><img loading=\"lazy\" decoding=\"async\" class=\" wp-image-126531\" src=\"http:\/\/www.quersaberpolitica.com.br\/2016\/wp-content\/uploads\/2015\/07\/blogqsposvaldojl-Foto-Farn\u00e9sio-Silva.jpg\" alt=\"Prefeito Julio Lossio  Osvaldo Coelho Foto Farn\u00e9sio Silva\" width=\"473\" height=\"237\" srcset=\"https:\/\/blogdofarnesio.com.br\/wp-content\/uploads\/2015\/07\/blogqsposvaldojl-Foto-Farn\u00e9sio-Silva.jpg 640w, https:\/\/blogdofarnesio.com.br\/wp-content\/uploads\/2015\/07\/blogqsposvaldojl-Foto-Farn\u00e9sio-Silva-300x150.jpg 300w, https:\/\/blogdofarnesio.com.br\/wp-content\/uploads\/2015\/07\/blogqsposvaldojl-Foto-Farn\u00e9sio-Silva-500x250.jpg 500w\" sizes=\"auto, (max-width: 473px) 100vw, 473px\" \/><\/a><figcaption id=\"caption-attachment-126531\" class=\"wp-caption-text\">Prefeito Julio Lossio Osvaldo Coelho Foto Farn\u00e9sio Silva<\/figcaption><\/figure>\n<p>Depois que o Senador Fernando Bezerra apresentou Requerimento de Voto de Pesar pelo falecimento de Osvaldo Coelho e informou\u00a0que vai\u00a0protocolar, projeto de lei para colocar\u00a0o nome do deputado no Projeto de Irriga\u00e7\u00e3o do Pontal, em fase de implanta\u00e7\u00e3o no interior de Petrolina, o prefeito Lossio, que tinha o ex-deputado como guru e conselheiro, escreveu que\u00a0a ideia \u00e9\u00a0\u201cuma verdadeira afronta \u00e0 mem\u00f3ria do deputado Osvaldo Coelho\u201d. Leia o que o prefeito de Petrolina escreveu::<\/p>\n<p><em>S\u00e3o louv\u00e1veis as iniciativas dos deputados federais Gonzaga Patriota e Fernando Filho de prestarem uma justa homenagem ao eterno deputado Osvaldo Coelho, denominando o Campus da Univasf em Petrolina com o seu nome, considerando que Osvaldo foi o grande defensor da Universidade do Vale do S\u00e3o Francisco.<\/em><\/p>\n<p><em>Infelizmente, j\u00e1 n\u00e3o posso dizer o mesmo da ideia de colocar o nome do deputado Osvaldo Coelho no Projeto de Irriga\u00e7\u00e3o do Pontal.\u00a0Ao se manter o atual modelo de PPP no Projeto Pontal que, por sinal, at\u00e9 o presente momento foi completamente fracassado, colocar o nome de Osvaldo n\u00e3o constitui uma homenagem, mas, sim, uma verdadeira afronta \u00e0 mem\u00f3ria e \u00e0s ideias do deputado.<\/em><\/p>\n<p><em>At\u00e9 os seus \u00faltimos momentos de vida, Osvaldo foi um duro cr\u00edtico do modelo de PPP idealizado para o Projeto Pontal que, segundo ele, desvirtuava o modelo original.<\/em><\/p>\n<p><em>Dizia o saudoso deputado que o modelo adotado era uma agress\u00e3o ao povo sertanejo, que o mesmo constitu\u00eda uma reforma agr\u00e1ria ao inverso, porque tirava dos pobres para dar aos ricos.<\/em><\/p>\n<p><em><strong>Prefeito de Petrolina.\u00a0<\/strong><\/em><\/p>\n<\/div>\n","protected":false},"excerpt":{"rendered":"<p>Depois que o Senador Fernando Bezerra apresentou Requerimento de Voto de Pesar pelo falecimento de Osvaldo Coelho e informou\u00a0que vai\u00a0protocolar, projeto de lei para colocar\u00a0o nome do deputado no Projeto de Irriga\u00e7\u00e3o do Pontal, em fase de implanta\u00e7\u00e3o no interior de Petrolina, o prefeito Lossio, que tinha o ex-deputado como guru e conselheiro, escreveu que\u00a0a ideia \u00e9\u00a0\u201cuma verdadeira afronta \u00e0 mem\u00f3ria do deputado Osvaldo Coelho\u201d. Leia o que o prefeito de Petrolina escreveu:: S\u00e3o louv\u00e1veis as iniciativas dos deputados federais Gonzaga Patriota e Fernando Filho de prestarem uma justa homenagem ao eterno deputado Osvaldo Coelho, denominando o Campus da Univasf em Petrolina com o seu nome, considerando que Osvaldo foi o grande defensor da Universidade do Vale do S\u00e3o Francisco.&hellip; <\/p>\n","protected":false},"author":3,"featured_media":0,"comment_status":"open","ping_status":"open","sticky":false,"template":"","format":"standard","meta":{"_acf_changed":false,"footnotes":""},"categories":[1],"tags":[],"class_list":["post-132634","post","type-post","status-publish","format-standard","hentry","category-politica"],"acf":[],"yoast_head":"<!-- This site is optimized with the Yoast SEO plugin v27.4 - https:\/\/yoast.com\/product\/yoast-seo-wordpress\/ -->\n<title>JULIO LOSSIO &quot;DETONA&quot; PROPOSTA DE COLOCAR NOME DE OSVALDO COELHO NO \u00b4PONTAL - Blog do Farn\u00e9sio<\/title>\n<meta name=\"robots\" content=\"index, follow, max-snippet:-1, max-image-preview:large, max-video-preview:-1\" \/>\n<link rel=\"canonical\" href=\"https:\/\/blogdofarnesio.com.br\/?p=132634\" \/>\n<meta property=\"og:locale\" content=\"pt_BR\" \/>\n<meta property=\"og:type\" content=\"article\" \/>\n<meta property=\"og:title\" content=\"JULIO LOSSIO &quot;DETONA&quot; PROPOSTA DE COLOCAR NOME DE OSVALDO COELHO NO \u00b4PONTAL - Blog do Farn\u00e9sio\" \/>\n<meta property=\"og:description\" content=\"Depois que o Senador Fernando Bezerra apresentou Requerimento de Voto de Pesar pelo falecimento de Osvaldo Coelho e informou\u00a0que vai\u00a0protocolar, projeto de lei para colocar\u00a0o nome do deputado no Projeto de Irriga\u00e7\u00e3o do Pontal, em fase de implanta\u00e7\u00e3o no interior de Petrolina, o prefeito Lossio, que tinha o ex-deputado como guru e conselheiro, escreveu que\u00a0a ideia \u00e9\u00a0\u201cuma verdadeira afronta \u00e0 mem\u00f3ria do deputado Osvaldo Coelho\u201d. Leia o que o prefeito de Petrolina escreveu:: S\u00e3o louv\u00e1veis as iniciativas dos deputados federais Gonzaga Patriota e Fernando Filho de prestarem uma justa homenagem ao eterno deputado Osvaldo Coelho, denominando o Campus da Univasf em Petrolina com o seu nome, considerando que Osvaldo foi o grande defensor da Universidade do Vale do S\u00e3o Francisco.&hellip;\" \/>\n<meta property=\"og:url\" content=\"https:\/\/blogdofarnesio.com.br\/?p=132634\" \/>\n<meta property=\"og:site_name\" content=\"Blog do Farn\u00e9sio\" \/>\n<meta property=\"article:publisher\" content=\"https:\/\/www.facebook.com\/BlogQuerSaberPolitica\/\" \/>\n<meta property=\"article:published_time\" content=\"2015-11-07T12:59:29+00:00\" \/>\n<meta name=\"author\" content=\"teste\" \/>\n<meta name=\"twitter:card\" content=\"summary_large_image\" \/>\n<meta name=\"twitter:label1\" content=\"Escrito por\" \/>\n\t<meta name=\"twitter:data1\" content=\"teste\" \/>\n\t<meta name=\"twitter:label2\" content=\"Est. tempo de leitura\" \/>\n\t<meta name=\"twitter:data2\" content=\"1 minuto\" \/>\n<script type=\"application\/ld+json\" class=\"yoast-schema-graph\">{\"@context\":\"https:\\\/\\\/schema.org\",\"@graph\":[{\"@type\":\"Article\",\"@id\":\"https:\\\/\\\/blogdofarnesio.com.br\\\/?p=132634#article\",\"isPartOf\":{\"@id\":\"https:\\\/\\\/blogdofarnesio.com.br\\\/?p=132634\"},\"author\":{\"name\":\"teste\",\"@id\":\"https:\\\/\\\/blogdofarnesio.com.br\\\/#\\\/schema\\\/person\\\/dd1bf5eba40b687199ba45ca6b97dff9\"},\"headline\":\"JULIO LOSSIO &#8220;DETONA&#8221; PROPOSTA DE COLOCAR NOME DE OSVALDO COELHO NO \u00b4PONTAL\",\"datePublished\":\"2015-11-07T12:59:29+00:00\",\"mainEntityOfPage\":{\"@id\":\"https:\\\/\\\/blogdofarnesio.com.br\\\/?p=132634\"},\"wordCount\":291,\"commentCount\":1,\"publisher\":{\"@id\":\"https:\\\/\\\/blogdofarnesio.com.br\\\/#organization\"},\"articleSection\":[\"Pol\u00edtica\"],\"inLanguage\":\"pt-BR\",\"potentialAction\":[{\"@type\":\"CommentAction\",\"name\":\"Comment\",\"target\":[\"https:\\\/\\\/blogdofarnesio.com.br\\\/?p=132634#respond\"]}]},{\"@type\":\"WebPage\",\"@id\":\"https:\\\/\\\/blogdofarnesio.com.br\\\/?p=132634\",\"url\":\"https:\\\/\\\/blogdofarnesio.com.br\\\/?p=132634\",\"name\":\"JULIO LOSSIO \\\"DETONA\\\" PROPOSTA DE COLOCAR NOME DE OSVALDO COELHO NO \u00b4PONTAL - Blog do Farn\u00e9sio\",\"isPartOf\":{\"@id\":\"https:\\\/\\\/blogdofarnesio.com.br\\\/#website\"},\"datePublished\":\"2015-11-07T12:59:29+00:00\",\"breadcrumb\":{\"@id\":\"https:\\\/\\\/blogdofarnesio.com.br\\\/?p=132634#breadcrumb\"},\"inLanguage\":\"pt-BR\",\"potentialAction\":[{\"@type\":\"ReadAction\",\"target\":[\"https:\\\/\\\/blogdofarnesio.com.br\\\/?p=132634\"]}]},{\"@type\":\"BreadcrumbList\",\"@id\":\"https:\\\/\\\/blogdofarnesio.com.br\\\/?p=132634#breadcrumb\",\"itemListElement\":[{\"@type\":\"ListItem\",\"position\":1,\"name\":\"In\u00edcio\",\"item\":\"https:\\\/\\\/blogdofarnesio.com.br\\\/\"},{\"@type\":\"ListItem\",\"position\":2,\"name\":\"JULIO LOSSIO &#8220;DETONA&#8221; PROPOSTA DE COLOCAR NOME DE OSVALDO COELHO NO \u00b4PONTAL\"}]},{\"@type\":\"WebSite\",\"@id\":\"https:\\\/\\\/blogdofarnesio.com.br\\\/#website\",\"url\":\"https:\\\/\\\/blogdofarnesio.com.br\\\/\",\"name\":\"Blog do Farn\u00e9sio\",\"description\":\"Quer Saber Pol\u00edtica?\",\"publisher\":{\"@id\":\"https:\\\/\\\/blogdofarnesio.com.br\\\/#organization\"},\"potentialAction\":[{\"@type\":\"SearchAction\",\"target\":{\"@type\":\"EntryPoint\",\"urlTemplate\":\"https:\\\/\\\/blogdofarnesio.com.br\\\/?s={search_term_string}\"},\"query-input\":{\"@type\":\"PropertyValueSpecification\",\"valueRequired\":true,\"valueName\":\"search_term_string\"}}],\"inLanguage\":\"pt-BR\"},{\"@type\":\"Organization\",\"@id\":\"https:\\\/\\\/blogdofarnesio.com.br\\\/#organization\",\"name\":\"Blog do Farn\u00e9sio\",\"url\":\"https:\\\/\\\/blogdofarnesio.com.br\\\/\",\"logo\":{\"@type\":\"ImageObject\",\"inLanguage\":\"pt-BR\",\"@id\":\"https:\\\/\\\/blogdofarnesio.com.br\\\/#\\\/schema\\\/logo\\\/image\\\/\",\"url\":\"https:\\\/\\\/blogdofarnesio.com.br\\\/wp-content\\\/uploads\\\/2026\\\/03\\\/cropped-logo_new-1.png\",\"contentUrl\":\"https:\\\/\\\/blogdofarnesio.com.br\\\/wp-content\\\/uploads\\\/2026\\\/03\\\/cropped-logo_new-1.png\",\"width\":881,\"height\":685,\"caption\":\"Blog do Farn\u00e9sio\"},\"image\":{\"@id\":\"https:\\\/\\\/blogdofarnesio.com.br\\\/#\\\/schema\\\/logo\\\/image\\\/\"},\"sameAs\":[\"https:\\\/\\\/www.facebook.com\\\/BlogQuerSaberPolitica\\\/\"]},{\"@type\":\"Person\",\"@id\":\"https:\\\/\\\/blogdofarnesio.com.br\\\/#\\\/schema\\\/person\\\/dd1bf5eba40b687199ba45ca6b97dff9\",\"name\":\"teste\",\"image\":{\"@type\":\"ImageObject\",\"inLanguage\":\"pt-BR\",\"@id\":\"https:\\\/\\\/secure.gravatar.com\\\/avatar\\\/2172498d4914b51e1d89a0f97957b035ac4938723a5cac208135d389b6972a6d?s=96&d=mm&r=g\",\"url\":\"https:\\\/\\\/secure.gravatar.com\\\/avatar\\\/2172498d4914b51e1d89a0f97957b035ac4938723a5cac208135d389b6972a6d?s=96&d=mm&r=g\",\"contentUrl\":\"https:\\\/\\\/secure.gravatar.com\\\/avatar\\\/2172498d4914b51e1d89a0f97957b035ac4938723a5cac208135d389b6972a6d?s=96&d=mm&r=g\",\"caption\":\"teste\"},\"url\":\"https:\\\/\\\/blogdofarnesio.com.br\\\/?author=3\"}]}<\/script>\n<!-- \/ Yoast SEO plugin. -->","yoast_head_json":{"title":"JULIO LOSSIO \"DETONA\" PROPOSTA DE COLOCAR NOME DE OSVALDO COELHO NO \u00b4PONTAL - Blog do Farn\u00e9sio","robots":{"index":"index","follow":"follow","max-snippet":"max-snippet:-1","max-image-preview":"max-image-preview:large","max-video-preview":"max-video-preview:-1"},"canonical":"https:\/\/blogdofarnesio.com.br\/?p=132634","og_locale":"pt_BR","og_type":"article","og_title":"JULIO LOSSIO \"DETONA\" PROPOSTA DE COLOCAR NOME DE OSVALDO COELHO NO \u00b4PONTAL - Blog do Farn\u00e9sio","og_description":"Depois que o Senador Fernando Bezerra apresentou Requerimento de Voto de Pesar pelo falecimento de Osvaldo Coelho e informou\u00a0que vai\u00a0protocolar, projeto de lei para colocar\u00a0o nome do deputado no Projeto de Irriga\u00e7\u00e3o do Pontal, em fase de implanta\u00e7\u00e3o no interior de Petrolina, o prefeito Lossio, que tinha o ex-deputado como guru e conselheiro, escreveu que\u00a0a ideia \u00e9\u00a0\u201cuma verdadeira afronta \u00e0 mem\u00f3ria do deputado Osvaldo Coelho\u201d. Leia o que o prefeito de Petrolina escreveu:: S\u00e3o louv\u00e1veis as iniciativas dos deputados federais Gonzaga Patriota e Fernando Filho de prestarem uma justa homenagem ao eterno deputado Osvaldo Coelho, denominando o Campus da Univasf em Petrolina com o seu nome, considerando que Osvaldo foi o grande defensor da Universidade do Vale do S\u00e3o Francisco.&hellip;","og_url":"https:\/\/blogdofarnesio.com.br\/?p=132634","og_site_name":"Blog do Farn\u00e9sio","article_publisher":"https:\/\/www.facebook.com\/BlogQuerSaberPolitica\/","article_published_time":"2015-11-07T12:59:29+00:00","author":"teste","twitter_card":"summary_large_image","twitter_misc":{"Escrito por":"teste","Est. tempo de leitura":"1 minuto"},"schema":{"@context":"https:\/\/schema.org","@graph":[{"@type":"Article","@id":"https:\/\/blogdofarnesio.com.br\/?p=132634#article","isPartOf":{"@id":"https:\/\/blogdofarnesio.com.br\/?p=132634"},"author":{"name":"teste","@id":"https:\/\/blogdofarnesio.com.br\/#\/schema\/person\/dd1bf5eba40b687199ba45ca6b97dff9"},"headline":"JULIO LOSSIO &#8220;DETONA&#8221; PROPOSTA DE COLOCAR NOME DE OSVALDO COELHO NO \u00b4PONTAL","datePublished":"2015-11-07T12:59:29+00:00","mainEntityOfPage":{"@id":"https:\/\/blogdofarnesio.com.br\/?p=132634"},"wordCount":291,"commentCount":1,"publisher":{"@id":"https:\/\/blogdofarnesio.com.br\/#organization"},"articleSection":["Pol\u00edtica"],"inLanguage":"pt-BR","potentialAction":[{"@type":"CommentAction","name":"Comment","target":["https:\/\/blogdofarnesio.com.br\/?p=132634#respond"]}]},{"@type":"WebPage","@id":"https:\/\/blogdofarnesio.com.br\/?p=132634","url":"https:\/\/blogdofarnesio.com.br\/?p=132634","name":"JULIO LOSSIO \"DETONA\" PROPOSTA DE COLOCAR NOME DE OSVALDO COELHO NO \u00b4PONTAL - Blog do Farn\u00e9sio","isPartOf":{"@id":"https:\/\/blogdofarnesio.com.br\/#website"},"datePublished":"2015-11-07T12:59:29+00:00","breadcrumb":{"@id":"https:\/\/blogdofarnesio.com.br\/?p=132634#breadcrumb"},"inLanguage":"pt-BR","potentialAction":[{"@type":"ReadAction","target":["https:\/\/blogdofarnesio.com.br\/?p=132634"]}]},{"@type":"BreadcrumbList","@id":"https:\/\/blogdofarnesio.com.br\/?p=132634#breadcrumb","itemListElement":[{"@type":"ListItem","position":1,"name":"In\u00edcio","item":"https:\/\/blogdofarnesio.com.br\/"},{"@type":"ListItem","position":2,"name":"JULIO LOSSIO &#8220;DETONA&#8221; PROPOSTA DE COLOCAR NOME DE OSVALDO COELHO NO \u00b4PONTAL"}]},{"@type":"WebSite","@id":"https:\/\/blogdofarnesio.com.br\/#website","url":"https:\/\/blogdofarnesio.com.br\/","name":"Blog do Farn\u00e9sio","description":"Quer Saber Pol\u00edtica?","publisher":{"@id":"https:\/\/blogdofarnesio.com.br\/#organization"},"potentialAction":[{"@type":"SearchAction","target":{"@type":"EntryPoint","urlTemplate":"https:\/\/blogdofarnesio.com.br\/?s={search_term_string}"},"query-input":{"@type":"PropertyValueSpecification","valueRequired":true,"valueName":"search_term_string"}}],"inLanguage":"pt-BR"},{"@type":"Organization","@id":"https:\/\/blogdofarnesio.com.br\/#organization","name":"Blog do Farn\u00e9sio","url":"https:\/\/blogdofarnesio.com.br\/","logo":{"@type":"ImageObject","inLanguage":"pt-BR","@id":"https:\/\/blogdofarnesio.com.br\/#\/schema\/logo\/image\/","url":"https:\/\/blogdofarnesio.com.br\/wp-content\/uploads\/2026\/03\/cropped-logo_new-1.png","contentUrl":"https:\/\/blogdofarnesio.com.br\/wp-content\/uploads\/2026\/03\/cropped-logo_new-1.png","width":881,"height":685,"caption":"Blog do Farn\u00e9sio"},"image":{"@id":"https:\/\/blogdofarnesio.com.br\/#\/schema\/logo\/image\/"},"sameAs":["https:\/\/www.facebook.com\/BlogQuerSaberPolitica\/"]},{"@type":"Person","@id":"https:\/\/blogdofarnesio.com.br\/#\/schema\/person\/dd1bf5eba40b687199ba45ca6b97dff9","name":"teste","image":{"@type":"ImageObject","inLanguage":"pt-BR","@id":"https:\/\/secure.gravatar.com\/avatar\/2172498d4914b51e1d89a0f97957b035ac4938723a5cac208135d389b6972a6d?s=96&d=mm&r=g","url":"https:\/\/secure.gravatar.com\/avatar\/2172498d4914b51e1d89a0f97957b035ac4938723a5cac208135d389b6972a6d?s=96&d=mm&r=g","contentUrl":"https:\/\/secure.gravatar.com\/avatar\/2172498d4914b51e1d89a0f97957b035ac4938723a5cac208135d389b6972a6d?s=96&d=mm&r=g","caption":"teste"},"url":"https:\/\/blogdofarnesio.com.br\/?author=3"}]}},"_links":{"self":[{"href":"https:\/\/blogdofarnesio.com.br\/index.php?rest_route=\/wp\/v2\/posts\/132634","targetHints":{"allow":["GET"]}}],"collection":[{"href":"https:\/\/blogdofarnesio.com.br\/index.php?rest_route=\/wp\/v2\/posts"}],"about":[{"href":"https:\/\/blogdofarnesio.com.br\/index.php?rest_route=\/wp\/v2\/types\/post"}],"author":[{"embeddable":true,"href":"https:\/\/blogdofarnesio.com.br\/index.php?rest_route=\/wp\/v2\/users\/3"}],"replies":[{"embeddable":true,"href":"https:\/\/blogdofarnesio.com.br\/index.php?rest_route=%2Fwp%2Fv2%2Fcomments&post=132634"}],"version-history":[{"count":0,"href":"https:\/\/blogdofarnesio.com.br\/index.php?rest_route=\/wp\/v2\/posts\/132634\/revisions"}],"wp:attachment":[{"href":"https:\/\/blogdofarnesio.com.br\/index.php?rest_route=%2Fwp%2Fv2%2Fmedia&parent=132634"}],"wp:term":[{"taxonomy":"category","embeddable":true,"href":"https:\/\/blogdofarnesio.com.br\/index.php?rest_route=%2Fwp%2Fv2%2Fcategories&post=132634"},{"taxonomy":"post_tag","embeddable":true,"href":"https:\/\/blogdofarnesio.com.br\/index.php?rest_route=%2Fwp%2Fv2%2Ftags&post=132634"}],"curies":[{"name":"wp","href":"https:\/\/api.w.org\/{rel}","templated":true}]}}