{"id":132625,"date":"2015-11-07T09:31:31","date_gmt":"2015-11-07T12:31:31","guid":{"rendered":"http:\/\/www.quersaberpolitica.com.br\/?p=132625"},"modified":"2015-11-07T10:11:37","modified_gmt":"2015-11-07T13:11:37","slug":"ministerio-avalia-reducao-extrema-de-agua-em-sbradinho","status":"publish","type":"post","link":"https:\/\/blogdofarnesio.com.br\/?p=132625","title":{"rendered":"MINIST\u00c9RIO AVALIA REDU\u00c7\u00c3O EXTREMA DE \u00c1GUA EM SOBRADINHO"},"content":{"rendered":"<div class=\"box-title\">\n<h2><\/h2>\n<p>por Andr\u00e9 Borges | Estad\u00e3o Conte\u00fado<\/p>\n<\/div>\n<div class=\"box-body\">\n<div class=\"text-center\">\n<div class=\"box-img\"><img loading=\"lazy\" decoding=\"async\" class=\"img-center img-responsive aligncenter\" src=\"http:\/\/www.bahianoticias.com.br\/fotos\/estadao_noticias\/104547\/xIMAGEM_NOTICIA_5.jpg.pagespeed.ic.JGZe5Fbe5D.jpg\" alt=\"Minist\u00e9rio avalia redu\u00e7\u00e3o extrema de \u00e1gua em Sobradinho\" width=\"435\" height=\"324\" \/><\/p>\n<div class=\"img-legenda\">Foto: Reprodu\u00e7\u00e3o \/ Natureza Brasileira<\/div>\n<\/div>\n<\/div>\n<div class=\"text-descricao\" style=\"text-align: justify\">A situa\u00e7\u00e3o alarmante da falta de \u00e1gua do Rio S\u00e3o Francisco levou o Minist\u00e9rio de Minas e Energia (MME) a examinar uma condi\u00e7\u00e3o extrema para garantir o m\u00ednimo de \u00e1gua para o reservat\u00f3rio de Sobradinho, na Bahia.<\/div>\n<div class=\"text-descricao\" style=\"text-align: justify\"><\/div>\n<div class=\"text-descricao\" style=\"text-align: justify\">O ministro Eduardo Braga pediu ao Operador Nacional do Sistema El\u00e9trico (ONS) que avalie a possibilidade de reduzir a libera\u00e7\u00e3o de \u00e1gua de Sobradinho para apenas 400 metros c\u00fabicos por segundo.\u00a0Isso significa menos de um ter\u00e7o do volume m\u00ednimo que Sobradinho teria de entregar em condi\u00e7\u00f5es normais, com 1.300 metros c\u00fabicos por segundo.<\/div>\n<div class=\"text-descricao\" style=\"text-align: justify\"><\/div>\n<div class=\"text-descricao\" style=\"text-align: justify\">Hoje, o maior reservat\u00f3rio da Regi\u00e3o Nordeste est\u00e1 com apenas 3% de sua capacidade plena de armazenamento, \u00edndice nunca visto desde 1979, quando foi fechado no sert\u00e3o baiano. &#8220;A vaz\u00e3o atual est\u00e1 em 900 metros c\u00fabicos, mas j\u00e1 decidimos reduzir para 800 e estamos em estudos para que caia para 700 metros&#8221;, disse Braga.<\/div>\n<div class=\"text-descricao\" style=\"text-align: justify\"><\/div>\n<div class=\"text-descricao\" style=\"text-align: justify\">Segundo o ministro, a previs\u00e3o \u00e9 de que o reservat\u00f3rio chegue a apenas 1% de sua capacidade. &#8220;O pior cen\u00e1rio \u00e9 zerar. Faremos o poss\u00edvel para evitar isso&#8221;, garantiu.<\/div>\n<\/div>\n","protected":false},"excerpt":{"rendered":"<p>por Andr\u00e9 Borges | Estad\u00e3o Conte\u00fado Foto: Reprodu\u00e7\u00e3o \/ Natureza Brasileira A situa\u00e7\u00e3o alarmante da falta de \u00e1gua do Rio S\u00e3o Francisco levou o Minist\u00e9rio de Minas e Energia (MME) a examinar uma condi\u00e7\u00e3o extrema para garantir o m\u00ednimo de \u00e1gua para o reservat\u00f3rio de Sobradinho, na Bahia. O ministro Eduardo Braga pediu ao Operador Nacional do Sistema El\u00e9trico (ONS) que avalie a possibilidade de reduzir a libera\u00e7\u00e3o de \u00e1gua de Sobradinho para apenas 400 metros c\u00fabicos por segundo.\u00a0Isso significa menos de um ter\u00e7o do volume m\u00ednimo que Sobradinho teria de entregar em condi\u00e7\u00f5es normais, com 1.300 metros c\u00fabicos por segundo. Hoje, o maior reservat\u00f3rio da Regi\u00e3o Nordeste est\u00e1 com apenas 3% de sua capacidade plena de armazenamento, \u00edndice nunca&hellip; <\/p>\n","protected":false},"author":3,"featured_media":0,"comment_status":"open","ping_status":"open","sticky":false,"template":"","format":"standard","meta":{"_acf_changed":false,"footnotes":""},"categories":[29],"tags":[],"class_list":["post-132625","post","type-post","status-publish","format-standard","hentry","category-meio-ambiente"],"acf":[],"yoast_head":"<!-- This site is optimized with the Yoast SEO plugin v27.4 - https:\/\/yoast.com\/product\/yoast-seo-wordpress\/ -->\n<title>MINIST\u00c9RIO AVALIA REDU\u00c7\u00c3O EXTREMA DE \u00c1GUA EM SOBRADINHO - Blog do Farn\u00e9sio<\/title>\n<meta name=\"robots\" content=\"index, follow, max-snippet:-1, max-image-preview:large, max-video-preview:-1\" \/>\n<link rel=\"canonical\" href=\"https:\/\/blogdofarnesio.com.br\/?p=132625\" \/>\n<meta property=\"og:locale\" content=\"pt_BR\" \/>\n<meta property=\"og:type\" content=\"article\" \/>\n<meta property=\"og:title\" content=\"MINIST\u00c9RIO AVALIA REDU\u00c7\u00c3O EXTREMA DE \u00c1GUA EM SOBRADINHO - Blog do Farn\u00e9sio\" \/>\n<meta property=\"og:description\" content=\"por Andr\u00e9 Borges | Estad\u00e3o Conte\u00fado Foto: Reprodu\u00e7\u00e3o \/ Natureza Brasileira A situa\u00e7\u00e3o alarmante da falta de \u00e1gua do Rio S\u00e3o Francisco levou o Minist\u00e9rio de Minas e Energia (MME) a examinar uma condi\u00e7\u00e3o extrema para garantir o m\u00ednimo de \u00e1gua para o reservat\u00f3rio de Sobradinho, na Bahia. O ministro Eduardo Braga pediu ao Operador Nacional do Sistema El\u00e9trico (ONS) que avalie a possibilidade de reduzir a libera\u00e7\u00e3o de \u00e1gua de Sobradinho para apenas 400 metros c\u00fabicos por segundo.\u00a0Isso significa menos de um ter\u00e7o do volume m\u00ednimo que Sobradinho teria de entregar em condi\u00e7\u00f5es normais, com 1.300 metros c\u00fabicos por segundo. Hoje, o maior reservat\u00f3rio da Regi\u00e3o Nordeste est\u00e1 com apenas 3% de sua capacidade plena de armazenamento, \u00edndice nunca&hellip;\" \/>\n<meta property=\"og:url\" content=\"https:\/\/blogdofarnesio.com.br\/?p=132625\" \/>\n<meta property=\"og:site_name\" content=\"Blog do Farn\u00e9sio\" \/>\n<meta property=\"article:publisher\" content=\"https:\/\/www.facebook.com\/BlogQuerSaberPolitica\/\" \/>\n<meta property=\"article:published_time\" content=\"2015-11-07T12:31:31+00:00\" \/>\n<meta property=\"article:modified_time\" content=\"2015-11-07T13:11:37+00:00\" \/>\n<meta property=\"og:image\" content=\"http:\/\/www.bahianoticias.com.br\/fotos\/estadao_noticias\/104547\/xIMAGEM_NOTICIA_5.jpg.pagespeed.ic.JGZe5Fbe5D.jpg\" \/>\n<meta name=\"author\" content=\"teste\" \/>\n<meta name=\"twitter:card\" content=\"summary_large_image\" \/>\n<meta name=\"twitter:label1\" content=\"Escrito por\" \/>\n\t<meta name=\"twitter:data1\" content=\"teste\" \/>\n\t<meta name=\"twitter:label2\" content=\"Est. tempo de leitura\" \/>\n\t<meta name=\"twitter:data2\" content=\"1 minuto\" \/>\n<script type=\"application\/ld+json\" class=\"yoast-schema-graph\">{\"@context\":\"https:\\\/\\\/schema.org\",\"@graph\":[{\"@type\":\"Article\",\"@id\":\"https:\\\/\\\/blogdofarnesio.com.br\\\/?p=132625#article\",\"isPartOf\":{\"@id\":\"https:\\\/\\\/blogdofarnesio.com.br\\\/?p=132625\"},\"author\":{\"name\":\"teste\",\"@id\":\"https:\\\/\\\/blogdofarnesio.com.br\\\/#\\\/schema\\\/person\\\/dd1bf5eba40b687199ba45ca6b97dff9\"},\"headline\":\"MINIST\u00c9RIO AVALIA REDU\u00c7\u00c3O EXTREMA DE \u00c1GUA EM SOBRADINHO\",\"datePublished\":\"2015-11-07T12:31:31+00:00\",\"dateModified\":\"2015-11-07T13:11:37+00:00\",\"mainEntityOfPage\":{\"@id\":\"https:\\\/\\\/blogdofarnesio.com.br\\\/?p=132625\"},\"wordCount\":208,\"commentCount\":0,\"publisher\":{\"@id\":\"https:\\\/\\\/blogdofarnesio.com.br\\\/#organization\"},\"image\":{\"@id\":\"https:\\\/\\\/blogdofarnesio.com.br\\\/?p=132625#primaryimage\"},\"thumbnailUrl\":\"http:\\\/\\\/www.bahianoticias.com.br\\\/fotos\\\/estadao_noticias\\\/104547\\\/xIMAGEM_NOTICIA_5.jpg.pagespeed.ic.JGZe5Fbe5D.jpg\",\"articleSection\":[\"Meio Ambiente\"],\"inLanguage\":\"pt-BR\",\"potentialAction\":[{\"@type\":\"CommentAction\",\"name\":\"Comment\",\"target\":[\"https:\\\/\\\/blogdofarnesio.com.br\\\/?p=132625#respond\"]}]},{\"@type\":\"WebPage\",\"@id\":\"https:\\\/\\\/blogdofarnesio.com.br\\\/?p=132625\",\"url\":\"https:\\\/\\\/blogdofarnesio.com.br\\\/?p=132625\",\"name\":\"MINIST\u00c9RIO AVALIA REDU\u00c7\u00c3O EXTREMA DE \u00c1GUA EM SOBRADINHO - Blog do Farn\u00e9sio\",\"isPartOf\":{\"@id\":\"https:\\\/\\\/blogdofarnesio.com.br\\\/#website\"},\"primaryImageOfPage\":{\"@id\":\"https:\\\/\\\/blogdofarnesio.com.br\\\/?p=132625#primaryimage\"},\"image\":{\"@id\":\"https:\\\/\\\/blogdofarnesio.com.br\\\/?p=132625#primaryimage\"},\"thumbnailUrl\":\"http:\\\/\\\/www.bahianoticias.com.br\\\/fotos\\\/estadao_noticias\\\/104547\\\/xIMAGEM_NOTICIA_5.jpg.pagespeed.ic.JGZe5Fbe5D.jpg\",\"datePublished\":\"2015-11-07T12:31:31+00:00\",\"dateModified\":\"2015-11-07T13:11:37+00:00\",\"breadcrumb\":{\"@id\":\"https:\\\/\\\/blogdofarnesio.com.br\\\/?p=132625#breadcrumb\"},\"inLanguage\":\"pt-BR\",\"potentialAction\":[{\"@type\":\"ReadAction\",\"target\":[\"https:\\\/\\\/blogdofarnesio.com.br\\\/?p=132625\"]}]},{\"@type\":\"ImageObject\",\"inLanguage\":\"pt-BR\",\"@id\":\"https:\\\/\\\/blogdofarnesio.com.br\\\/?p=132625#primaryimage\",\"url\":\"http:\\\/\\\/www.bahianoticias.com.br\\\/fotos\\\/estadao_noticias\\\/104547\\\/xIMAGEM_NOTICIA_5.jpg.pagespeed.ic.JGZe5Fbe5D.jpg\",\"contentUrl\":\"http:\\\/\\\/www.bahianoticias.com.br\\\/fotos\\\/estadao_noticias\\\/104547\\\/xIMAGEM_NOTICIA_5.jpg.pagespeed.ic.JGZe5Fbe5D.jpg\"},{\"@type\":\"BreadcrumbList\",\"@id\":\"https:\\\/\\\/blogdofarnesio.com.br\\\/?p=132625#breadcrumb\",\"itemListElement\":[{\"@type\":\"ListItem\",\"position\":1,\"name\":\"In\u00edcio\",\"item\":\"https:\\\/\\\/blogdofarnesio.com.br\\\/\"},{\"@type\":\"ListItem\",\"position\":2,\"name\":\"MINIST\u00c9RIO AVALIA REDU\u00c7\u00c3O EXTREMA DE \u00c1GUA EM SOBRADINHO\"}]},{\"@type\":\"WebSite\",\"@id\":\"https:\\\/\\\/blogdofarnesio.com.br\\\/#website\",\"url\":\"https:\\\/\\\/blogdofarnesio.com.br\\\/\",\"name\":\"Blog do Farn\u00e9sio\",\"description\":\"Quer Saber Pol\u00edtica?\",\"publisher\":{\"@id\":\"https:\\\/\\\/blogdofarnesio.com.br\\\/#organization\"},\"potentialAction\":[{\"@type\":\"SearchAction\",\"target\":{\"@type\":\"EntryPoint\",\"urlTemplate\":\"https:\\\/\\\/blogdofarnesio.com.br\\\/?s={search_term_string}\"},\"query-input\":{\"@type\":\"PropertyValueSpecification\",\"valueRequired\":true,\"valueName\":\"search_term_string\"}}],\"inLanguage\":\"pt-BR\"},{\"@type\":\"Organization\",\"@id\":\"https:\\\/\\\/blogdofarnesio.com.br\\\/#organization\",\"name\":\"Blog do Farn\u00e9sio\",\"url\":\"https:\\\/\\\/blogdofarnesio.com.br\\\/\",\"logo\":{\"@type\":\"ImageObject\",\"inLanguage\":\"pt-BR\",\"@id\":\"https:\\\/\\\/blogdofarnesio.com.br\\\/#\\\/schema\\\/logo\\\/image\\\/\",\"url\":\"https:\\\/\\\/blogdofarnesio.com.br\\\/wp-content\\\/uploads\\\/2026\\\/03\\\/cropped-logo_new-1.png\",\"contentUrl\":\"https:\\\/\\\/blogdofarnesio.com.br\\\/wp-content\\\/uploads\\\/2026\\\/03\\\/cropped-logo_new-1.png\",\"width\":881,\"height\":685,\"caption\":\"Blog do Farn\u00e9sio\"},\"image\":{\"@id\":\"https:\\\/\\\/blogdofarnesio.com.br\\\/#\\\/schema\\\/logo\\\/image\\\/\"},\"sameAs\":[\"https:\\\/\\\/www.facebook.com\\\/BlogQuerSaberPolitica\\\/\"]},{\"@type\":\"Person\",\"@id\":\"https:\\\/\\\/blogdofarnesio.com.br\\\/#\\\/schema\\\/person\\\/dd1bf5eba40b687199ba45ca6b97dff9\",\"name\":\"teste\",\"image\":{\"@type\":\"ImageObject\",\"inLanguage\":\"pt-BR\",\"@id\":\"https:\\\/\\\/secure.gravatar.com\\\/avatar\\\/2172498d4914b51e1d89a0f97957b035ac4938723a5cac208135d389b6972a6d?s=96&d=mm&r=g\",\"url\":\"https:\\\/\\\/secure.gravatar.com\\\/avatar\\\/2172498d4914b51e1d89a0f97957b035ac4938723a5cac208135d389b6972a6d?s=96&d=mm&r=g\",\"contentUrl\":\"https:\\\/\\\/secure.gravatar.com\\\/avatar\\\/2172498d4914b51e1d89a0f97957b035ac4938723a5cac208135d389b6972a6d?s=96&d=mm&r=g\",\"caption\":\"teste\"},\"url\":\"https:\\\/\\\/blogdofarnesio.com.br\\\/?author=3\"}]}<\/script>\n<!-- \/ Yoast SEO plugin. -->","yoast_head_json":{"title":"MINIST\u00c9RIO AVALIA REDU\u00c7\u00c3O EXTREMA DE \u00c1GUA EM SOBRADINHO - Blog do Farn\u00e9sio","robots":{"index":"index","follow":"follow","max-snippet":"max-snippet:-1","max-image-preview":"max-image-preview:large","max-video-preview":"max-video-preview:-1"},"canonical":"https:\/\/blogdofarnesio.com.br\/?p=132625","og_locale":"pt_BR","og_type":"article","og_title":"MINIST\u00c9RIO AVALIA REDU\u00c7\u00c3O EXTREMA DE \u00c1GUA EM SOBRADINHO - Blog do Farn\u00e9sio","og_description":"por Andr\u00e9 Borges | Estad\u00e3o Conte\u00fado Foto: Reprodu\u00e7\u00e3o \/ Natureza Brasileira A situa\u00e7\u00e3o alarmante da falta de \u00e1gua do Rio S\u00e3o Francisco levou o Minist\u00e9rio de Minas e Energia (MME) a examinar uma condi\u00e7\u00e3o extrema para garantir o m\u00ednimo de \u00e1gua para o reservat\u00f3rio de Sobradinho, na Bahia. O ministro Eduardo Braga pediu ao Operador Nacional do Sistema El\u00e9trico (ONS) que avalie a possibilidade de reduzir a libera\u00e7\u00e3o de \u00e1gua de Sobradinho para apenas 400 metros c\u00fabicos por segundo.\u00a0Isso significa menos de um ter\u00e7o do volume m\u00ednimo que Sobradinho teria de entregar em condi\u00e7\u00f5es normais, com 1.300 metros c\u00fabicos por segundo. Hoje, o maior reservat\u00f3rio da Regi\u00e3o Nordeste est\u00e1 com apenas 3% de sua capacidade plena de armazenamento, \u00edndice nunca&hellip;","og_url":"https:\/\/blogdofarnesio.com.br\/?p=132625","og_site_name":"Blog do Farn\u00e9sio","article_publisher":"https:\/\/www.facebook.com\/BlogQuerSaberPolitica\/","article_published_time":"2015-11-07T12:31:31+00:00","article_modified_time":"2015-11-07T13:11:37+00:00","og_image":[{"url":"http:\/\/www.bahianoticias.com.br\/fotos\/estadao_noticias\/104547\/xIMAGEM_NOTICIA_5.jpg.pagespeed.ic.JGZe5Fbe5D.jpg","type":"","width":"","height":""}],"author":"teste","twitter_card":"summary_large_image","twitter_misc":{"Escrito por":"teste","Est. tempo de leitura":"1 minuto"},"schema":{"@context":"https:\/\/schema.org","@graph":[{"@type":"Article","@id":"https:\/\/blogdofarnesio.com.br\/?p=132625#article","isPartOf":{"@id":"https:\/\/blogdofarnesio.com.br\/?p=132625"},"author":{"name":"teste","@id":"https:\/\/blogdofarnesio.com.br\/#\/schema\/person\/dd1bf5eba40b687199ba45ca6b97dff9"},"headline":"MINIST\u00c9RIO AVALIA REDU\u00c7\u00c3O EXTREMA DE \u00c1GUA EM SOBRADINHO","datePublished":"2015-11-07T12:31:31+00:00","dateModified":"2015-11-07T13:11:37+00:00","mainEntityOfPage":{"@id":"https:\/\/blogdofarnesio.com.br\/?p=132625"},"wordCount":208,"commentCount":0,"publisher":{"@id":"https:\/\/blogdofarnesio.com.br\/#organization"},"image":{"@id":"https:\/\/blogdofarnesio.com.br\/?p=132625#primaryimage"},"thumbnailUrl":"http:\/\/www.bahianoticias.com.br\/fotos\/estadao_noticias\/104547\/xIMAGEM_NOTICIA_5.jpg.pagespeed.ic.JGZe5Fbe5D.jpg","articleSection":["Meio Ambiente"],"inLanguage":"pt-BR","potentialAction":[{"@type":"CommentAction","name":"Comment","target":["https:\/\/blogdofarnesio.com.br\/?p=132625#respond"]}]},{"@type":"WebPage","@id":"https:\/\/blogdofarnesio.com.br\/?p=132625","url":"https:\/\/blogdofarnesio.com.br\/?p=132625","name":"MINIST\u00c9RIO AVALIA REDU\u00c7\u00c3O EXTREMA DE \u00c1GUA EM SOBRADINHO - Blog do Farn\u00e9sio","isPartOf":{"@id":"https:\/\/blogdofarnesio.com.br\/#website"},"primaryImageOfPage":{"@id":"https:\/\/blogdofarnesio.com.br\/?p=132625#primaryimage"},"image":{"@id":"https:\/\/blogdofarnesio.com.br\/?p=132625#primaryimage"},"thumbnailUrl":"http:\/\/www.bahianoticias.com.br\/fotos\/estadao_noticias\/104547\/xIMAGEM_NOTICIA_5.jpg.pagespeed.ic.JGZe5Fbe5D.jpg","datePublished":"2015-11-07T12:31:31+00:00","dateModified":"2015-11-07T13:11:37+00:00","breadcrumb":{"@id":"https:\/\/blogdofarnesio.com.br\/?p=132625#breadcrumb"},"inLanguage":"pt-BR","potentialAction":[{"@type":"ReadAction","target":["https:\/\/blogdofarnesio.com.br\/?p=132625"]}]},{"@type":"ImageObject","inLanguage":"pt-BR","@id":"https:\/\/blogdofarnesio.com.br\/?p=132625#primaryimage","url":"http:\/\/www.bahianoticias.com.br\/fotos\/estadao_noticias\/104547\/xIMAGEM_NOTICIA_5.jpg.pagespeed.ic.JGZe5Fbe5D.jpg","contentUrl":"http:\/\/www.bahianoticias.com.br\/fotos\/estadao_noticias\/104547\/xIMAGEM_NOTICIA_5.jpg.pagespeed.ic.JGZe5Fbe5D.jpg"},{"@type":"BreadcrumbList","@id":"https:\/\/blogdofarnesio.com.br\/?p=132625#breadcrumb","itemListElement":[{"@type":"ListItem","position":1,"name":"In\u00edcio","item":"https:\/\/blogdofarnesio.com.br\/"},{"@type":"ListItem","position":2,"name":"MINIST\u00c9RIO AVALIA REDU\u00c7\u00c3O EXTREMA DE \u00c1GUA EM SOBRADINHO"}]},{"@type":"WebSite","@id":"https:\/\/blogdofarnesio.com.br\/#website","url":"https:\/\/blogdofarnesio.com.br\/","name":"Blog do Farn\u00e9sio","description":"Quer Saber Pol\u00edtica?","publisher":{"@id":"https:\/\/blogdofarnesio.com.br\/#organization"},"potentialAction":[{"@type":"SearchAction","target":{"@type":"EntryPoint","urlTemplate":"https:\/\/blogdofarnesio.com.br\/?s={search_term_string}"},"query-input":{"@type":"PropertyValueSpecification","valueRequired":true,"valueName":"search_term_string"}}],"inLanguage":"pt-BR"},{"@type":"Organization","@id":"https:\/\/blogdofarnesio.com.br\/#organization","name":"Blog do Farn\u00e9sio","url":"https:\/\/blogdofarnesio.com.br\/","logo":{"@type":"ImageObject","inLanguage":"pt-BR","@id":"https:\/\/blogdofarnesio.com.br\/#\/schema\/logo\/image\/","url":"https:\/\/blogdofarnesio.com.br\/wp-content\/uploads\/2026\/03\/cropped-logo_new-1.png","contentUrl":"https:\/\/blogdofarnesio.com.br\/wp-content\/uploads\/2026\/03\/cropped-logo_new-1.png","width":881,"height":685,"caption":"Blog do Farn\u00e9sio"},"image":{"@id":"https:\/\/blogdofarnesio.com.br\/#\/schema\/logo\/image\/"},"sameAs":["https:\/\/www.facebook.com\/BlogQuerSaberPolitica\/"]},{"@type":"Person","@id":"https:\/\/blogdofarnesio.com.br\/#\/schema\/person\/dd1bf5eba40b687199ba45ca6b97dff9","name":"teste","image":{"@type":"ImageObject","inLanguage":"pt-BR","@id":"https:\/\/secure.gravatar.com\/avatar\/2172498d4914b51e1d89a0f97957b035ac4938723a5cac208135d389b6972a6d?s=96&d=mm&r=g","url":"https:\/\/secure.gravatar.com\/avatar\/2172498d4914b51e1d89a0f97957b035ac4938723a5cac208135d389b6972a6d?s=96&d=mm&r=g","contentUrl":"https:\/\/secure.gravatar.com\/avatar\/2172498d4914b51e1d89a0f97957b035ac4938723a5cac208135d389b6972a6d?s=96&d=mm&r=g","caption":"teste"},"url":"https:\/\/blogdofarnesio.com.br\/?author=3"}]}},"_links":{"self":[{"href":"https:\/\/blogdofarnesio.com.br\/index.php?rest_route=\/wp\/v2\/posts\/132625","targetHints":{"allow":["GET"]}}],"collection":[{"href":"https:\/\/blogdofarnesio.com.br\/index.php?rest_route=\/wp\/v2\/posts"}],"about":[{"href":"https:\/\/blogdofarnesio.com.br\/index.php?rest_route=\/wp\/v2\/types\/post"}],"author":[{"embeddable":true,"href":"https:\/\/blogdofarnesio.com.br\/index.php?rest_route=\/wp\/v2\/users\/3"}],"replies":[{"embeddable":true,"href":"https:\/\/blogdofarnesio.com.br\/index.php?rest_route=%2Fwp%2Fv2%2Fcomments&post=132625"}],"version-history":[{"count":0,"href":"https:\/\/blogdofarnesio.com.br\/index.php?rest_route=\/wp\/v2\/posts\/132625\/revisions"}],"wp:attachment":[{"href":"https:\/\/blogdofarnesio.com.br\/index.php?rest_route=%2Fwp%2Fv2%2Fmedia&parent=132625"}],"wp:term":[{"taxonomy":"category","embeddable":true,"href":"https:\/\/blogdofarnesio.com.br\/index.php?rest_route=%2Fwp%2Fv2%2Fcategories&post=132625"},{"taxonomy":"post_tag","embeddable":true,"href":"https:\/\/blogdofarnesio.com.br\/index.php?rest_route=%2Fwp%2Fv2%2Ftags&post=132625"}],"curies":[{"name":"wp","href":"https:\/\/api.w.org\/{rel}","templated":true}]}}